{"id":15231,"date":"2016-10-27T13:36:53","date_gmt":"2016-10-27T11:36:53","guid":{"rendered":"http:\/\/sdk.mk\/\/?p=15231"},"modified":"2016-10-27T13:36:53","modified_gmt":"2016-10-27T11:36:53","slug":"ne-varreza-jane-vjedhur-7-pllaka-varri-te-mermerta-te-renda-gjysem-ton-buteli-refuzon-te-demshperbleje","status":"publish","type":"post","link":"https:\/\/sdk.mk\/index.php\/ngrije-zerin-per-avokatin-e-popullit\/ne-varreza-jane-vjedhur-7-pllaka-varri-te-mermerta-te-renda-gjysem-ton-buteli-refuzon-te-demshperbleje\/","title":{"rendered":"N\u00cb VARREZA JAN\u00cb VJEDHUR 7 PLLAKA VARRI T\u00cb MERMERTA,T\u00cb R\u00cbNDA GJYS\u00cbM TON &#8211; \u201cBUTELI\u201d REFUZON T\u00cb D\u00cbMSHP\u00cbRBLEJ\u00cb"},"content":{"rendered":"<div class=\"f52428582a4b906b2d2e2a7d733c7d27\" data-index=\"7\" style=\"float: none; margin:10px 0 10px 0; text-align:center;\">\n<!-- MSP Ads Asynchronous JS Tag - Generated with Revive Adserver v5.4.1 -->\r\n<ins data-revive-zoneid=\"167\" data-revive-id=\"060fdb01f6430ec164d3519234aa4967\"><\/ins>\r\n<script async src=\"\/\/panel.ads.com.mk\/www\/delivery\/asyncjs.php\"><\/script>\n<\/div>\n<p><span style=\"font-weight: 400;\">Avokati i Popullit do t\u00eb hetoj\u00eb rastin e vjedhjes s\u00eb pllakave t\u00eb mermerta t\u00eb varrit n\u00eb varrezat e SHA \u201cButel\u201d, n\u00eb lagjen Gjor\u00e7e Petrov, pasi i c\u00ebnuari Zoran Minarkov ka ngritur parashtres\u00eb kund\u00ebr SHA \u201cButel\u201d, duke e quajtur p\u00ebrgjegj\u00ebse p\u00ebr mbrojtjen e p\u00ebrmendoreve. <\/span><span style=\"font-weight: 400;\">N\u00eb gusht t\u00eb k\u00ebtij viti, n\u00ebn rrethana t\u00eb \u00e7uditshme, brenda nj\u00eb nate t\u00eb vetme, jan\u00eb vjedhur 7 pllaka varri, n\u00eb ve\u00e7anti ato t\u00eb mermerit t\u00eb zi, i cili \u00ebsht\u00eb m\u00eb i shtrenjt\u00eb. Mes tyre, ka qen\u00eb<\/span><span style=\"font-weight: 400;\"> dhe pllaka e varrit t\u00eb n\u00ebn\u00ebs s\u00eb ndjer\u00eb t\u00eb Minarkovit, pllak\u00eb e cila \u00ebsht\u00eb \u00a0bler\u00eb nga SHA \u201cButel.<\/span><\/p>\n<p><span style=\"font-weight: 400;\">Minarkov p\u00ebr SAKAMDAKAZAM.MK thot\u00eb q\u00eb, duke marr\u00eb parasysh q\u00eb SHA \u201cButel\u201d i menaxhon varrezat dhe se p\u00ebr sh\u00ebrbimet e saj klient\u00ebt paguajn\u00eb taks\u00eb, \u00ebsht\u00eb detyrim i firm\u00ebs q\u00eb t\u00eb p\u00ebrkujdeset p\u00ebr to. <\/span><\/p>\n<p><span style=\"font-weight: 400;\">\u201cB\u00ebhet fjal\u00eb p\u00ebr nj\u00eb pap\u00ebrgjegj\u00ebsi t\u00eb madhe, mjafton t\u00eb thuhet fakti q\u00eb askush nga SHA \u201dButel\u201d nuk m\u00eb lajm\u00ebroi p\u00ebr vjedhjen. \u00cbsht\u00eb m\u00eb se e qart\u00eb q\u00eb \u00ebsht\u00eb e pamundur t\u00eb zhduken 7 pllaka varri, t\u00eb r\u00ebnda 300 kg deri n\u00eb gjysm\u00eb ton, pa nj\u00eb organizim paraprak t\u00eb mir\u00eb t\u00eb vjedh\u00ebsve apo pa ndihm\u00ebn nga t\u00eb pun\u00ebsuarit e nd\u00ebrmarrjes. Duke marr\u00eb parasysh pesh\u00ebn e pllakave t\u00eb mermerit, do t\u00eb thot\u00eb q\u00eb n\u00eb vjedhje kan\u00eb marr\u00eb pjes\u00eb m\u00eb s\u00eb paku gjasht\u00eb persona. Pllakat duhet t\u00eb jen\u00eb mbartur me kamion dhe \u00a0m\u00eb tragjikja nga t\u00eb gjitha \u00ebsht\u00eb se kan\u00eb kaluar n\u00ebp\u00ebr hyrjet e varrezave, t\u00eb cilat normalisht, jan\u00eb t\u00eb mbrojtura nga rojtar\u00ebt e SHA \u201cButel\u201d, thot\u00eb Minarkov, i cili dyshon q\u00eb vjedhja e r\u00ebnd\u00eb nuk ka mundur t\u00eb zhvillohet pa dijen dhe logjistik\u00ebn e t\u00eb pun\u00ebsuarve t\u00eb nd\u00ebrmarrjes. <\/span><\/p>\n<p><span style=\"font-weight: 400;\">Paraqit\u00ebsi i parashtres\u00ebs tek Avokati i Popullit ka theksuar q\u00eb kamioni dhe automjetet me kampsht\u00ebpiza kan\u00eb qasje vet\u00ebm tek dy nga portat e varrezave. Ato, thot\u00eb ai, mbrohen nga rojtar\u00ebt e nd\u00ebrmarrjes. <\/span><\/p>\n<p><span style=\"font-weight: 400;\">Minarkov thot\u00eb q\u00eb p\u00ebr pes\u00eb vjet ka paguar taksa me shum\u00eb prej 1.500 deri 2.000 denar\u00eb. Thekson q\u00eb n\u00eb k\u00ebto varreza n\u00eb Gjor\u00e7e Petrov vazhdimisht ka vjedhje.<\/span><\/p>\n<p><span style=\"font-weight: 400;\">\u201cT\u00eb pakt\u00ebn t\u00eb d\u00ebmshp\u00ebrblehem nga SHA \u201cButel\u201d. Pllaka e varrit t\u00eb cil\u00ebn e bleva pik\u00ebrisht nga kjo nd\u00ebrmarrje kushton 57.700 denar\u00eb. Jam i fyer, mbi t\u00eb gjitha, si un\u00eb ashtu dhe familja ime nga kjo q\u00eb ndodhi. Q\u00eb mundit t\u00eb njer\u00ebzve t\u2019i b\u00ebhet nj\u00eb d\u00ebm i k\u00ebtill\u00eb, mbi t\u00eb gjitha, \u00ebsht\u00eb johumane. Planifikoj t\u00eb ngre edhe nj\u00eb padi penale kund\u00ebr kompetent\u00ebve t\u00eb SHA \u201cButel\u201d, thot\u00eb Minarkov, i revoltuar. <\/span><\/p>\n<p><span style=\"font-weight: 400;\">K\u00ebshilltari shtet\u00ebror i Avokatit t\u00eb Popullit, Zoran Billbillovski, thot\u00eb q\u00eb ka d\u00ebrguar shkres\u00eb deri te SHA\u201dButel\u201d q\u00eb ta informoj\u00eb p\u00ebr parashtres\u00ebn dhe i ka k\u00ebrkuar q\u00eb t\u00eb jap\u00eb opinionin e saj p\u00ebr rastin. Poashtu, e ka lajm\u00ebruar q\u00eb paraqit\u00ebsi i parashtres\u00ebs k\u00ebrkon d\u00ebmshp\u00ebrblim. <\/span><\/p>\n<p><span style=\"font-weight: 400;\">\u201cKa shum\u00eb raste t\u00eb k\u00ebtilla t\u00eb vjedhjes s\u00eb pllakave t\u00eb shtrenjta t\u00eb mermerit dhe t\u00eb bronzit n\u00ebp\u00ebr varreza, por asnj\u00eb deri tani nuk ka ardhur te zyra e Avokatit t\u00eb Popullit\u201d, thot\u00eb Billbillovski. <\/span><\/p>\n<p><span style=\"font-weight: 400;\">SAKAMDAKAZAM.MK e kontaktoi SHA\u201dButel\u201d n\u00eb lidhje me dyshimet e t\u00eb d\u00ebmtuarit Minarkov p\u00ebr nj\u00eb vjedhje t\u00eb organizuar. Mir\u00ebpo, nga SHA \u201cButel\u201d mohojn\u00eb \u00e7do lloj p\u00ebrgjegj\u00ebsie dhe detyrimi p\u00ebr d\u00ebmshp\u00ebrblim. <\/span><\/p>\n<p><span style=\"font-weight: 400;\">\u201cKishte p\u00ebrdhosje, rastin e paraqit\u00ebm n\u00eb MPB. \u00cbsht\u00eb kryer nj\u00eb k\u00ebqyrje dhe procedura p\u00ebr zbulimin e fajtor\u00ebve akoma vazhdon. Pronar\u00ebt e varrezave vit p\u00ebr vit paguajn\u00eb taks\u00eb prej 320 denar\u00ebve p\u00ebr mir\u00ebmbajtjen e varrezave, por kjo \u00ebsht\u00eb vet\u00ebm p\u00ebr mbledhjen e mbeturinave rreth varrezave. Kjo nuk do t\u00eb thot\u00eb q\u00eb n\u00ebse ka ndonj\u00eb d\u00ebm si p\u00ebrdhosje t\u00eb varrezave dhe vjedhje, prona t\u00eb jet\u00eb e siguruar. N\u00ebse MPB i gjen fajtor\u00ebt, at\u00ebher\u00eb t\u00eb c\u00ebnuarit dhe vjedh\u00ebsit mund t\u00eb paditen mes vete, thot\u00eb Aneta Stefanovska, udh\u00ebheq\u00ebse e sh\u00ebrbimit administrativ n\u00eb SHA \u201cButel\u201d.\u00a0 <\/span><\/p>\n<p><span style=\"font-weight: 400;\">Ajo thot\u00eb q\u00eb SHA \u201cButel\u201d kryen hetim n\u00eb rastet kur varri d\u00ebmtohet para varrimit t\u00eb t\u00eb ndjerit ose gjat\u00eb procesit t\u00eb nd\u00ebrtimit. <\/span><\/p>\n<p><span style=\"font-weight: 400;\"> \u201cNe nuk do t\u00eb d\u00ebmshp\u00ebrblejm\u00eb\u201d, thot\u00eb Stefanovska, n\u00eb m\u00ebnyr\u00eb kategorike. <\/span><\/p>\n<p><span style=\"font-weight: 400;\">P\u00ebrktheu: Fjolla Zllatku <\/span><\/p>\n\n<div style=\"font-size: 0px; height: 0px; line-height: 0px; margin: 0; padding: 0; clear: both;\"><\/div>","protected":false},"excerpt":{"rendered":"<p>Avokati i Popullit do t\u00eb hetoj\u00eb rastin e vjedhjes s\u00eb pllakave t\u00eb mermerta t\u00eb varrit n\u00eb varrezat e SHA \u201cButel\u201d, [&hellip;]<\/p>\n","protected":false},"author":9,"featured_media":14920,"comment_status":"closed","ping_status":"closed","sticky":false,"template":"","format":"standard","meta":{"_mo_disable_npp":"","inline_featured_image":false},"categories":[3087,3083],"tags":[],"imageURL":"https:\/\/sdk.mk\/wp-content\/uploads\/2016\/10\/grobista-gjorce-12-650x410.jpg","thumbURL":"https:\/\/sdk.mk\/wp-content\/uploads\/2016\/10\/grobista-gjorce-12-250x158.jpg","categoryNames":["Maqedonia","Ngrije z\u00ebrin p\u00ebr Avokatin e Popullit"],"feature_caption":"","subtitle":"a:3:{s:16:\"td_post_template\";s:23:\"single_template_british\";s:11:\"td_subtitle\";s:457:\"NgavarrezateSHA\u201cButel\u201d,n\u00eblagjenGjor\u00e7ePetrov,n\u00ebgushtt\u00ebk\u00ebtijviti,n\u00ebnrrethanat\u00eb\u00e7uditshme,brendanj\u00ebnatet\u00ebvetme,jan\u00ebvjedhur7pllakavarri,n\u00ebve\u00e7antiatot\u00ebmermeritt\u00ebzi,icili\u00ebsht\u00ebm\u00ebishtrenjt\u00eb.AvokatiiPopullitdotahetoj\u00ebrastinpasparashtres\u00ebss\u00ebnj\u00ebshkupjanit\u00ebc\u00ebnuar,icilidyshonq\u00ebvjedhjaer\u00ebnd\u00ebnukkamundurt\u00ebndodh\u00ebpadijendhelogjistik\u00ebnet\u00ebpun\u00ebsuarvet\u00ebnd\u00ebrmarrjes.\";s:9:\"td_source\";s:45:\"\u0421\u043a\u043e\u043f\u0458\u0435,(\u0421\u0410\u041a\u0410\u041c\u0414\u0410\u041a\u0410\u0416\u0410\u041c.\u041c\u041a)","views":"4259","source":"","yoast_head":"<!-- This site is optimized with the Yoast SEO Premium plugin v15.0 - https:\/\/yoast.com\/wordpress\/plugins\/seo\/ -->\n<title>N\u00cb VARREZA JAN\u00cb VJEDHUR 7 PLLAKA VARRI T\u00cb MERMERTA,T\u00cb R\u00cbNDA GJYS\u00cbM TON - \u201cBUTELI\u201d REFUZON T\u00cb D\u00cbMSHP\u00cbRBLEJ\u00cb - \u0421\u0430\u043a\u0430\u043c \u0414\u0430 \u041a\u0430\u0436\u0430\u043c<\/title>\n<meta name=\"robots\" content=\"index, follow, max-snippet:-1, max-image-preview:large, max-video-preview:-1\" \/>\n<link rel=\"canonical\" href=\"https:\/\/sdk.mk\/index.php\/ngrije-zerin-per-avokatin-e-popullit\/ne-varreza-jane-vjedhur-7-pllaka-varri-te-mermerta-te-renda-gjysem-ton-buteli-refuzon-te-demshperbleje\/\" \/>\n<meta property=\"og:locale\" content=\"mk_MK\" \/>\n<meta property=\"og:type\" content=\"article\" \/>\n<meta property=\"og:title\" content=\"N\u00cb VARREZA JAN\u00cb VJEDHUR 7 PLLAKA VARRI T\u00cb MERMERTA,T\u00cb R\u00cbNDA GJYS\u00cbM TON - \u201cBUTELI\u201d REFUZON T\u00cb D\u00cbMSHP\u00cbRBLEJ\u00cb - \u0421\u0430\u043a\u0430\u043c \u0414\u0430 \u041a\u0430\u0436\u0430\u043c\" \/>\n<meta property=\"og:description\" content=\"Avokati i Popullit do t\u00eb hetoj\u00eb rastin e vjedhjes s\u00eb pllakave t\u00eb mermerta t\u00eb varrit n\u00eb varrezat e SHA \u201cButel\u201d, [&hellip;]\" \/>\n<meta property=\"og:url\" content=\"https:\/\/sdk.mk\/index.php\/ngrije-zerin-per-avokatin-e-popullit\/ne-varreza-jane-vjedhur-7-pllaka-varri-te-mermerta-te-renda-gjysem-ton-buteli-refuzon-te-demshperbleje\/\" \/>\n<meta property=\"og:site_name\" content=\"\u0421\u0430\u043a\u0430\u043c \u0414\u0430 \u041a\u0430\u0436\u0430\u043c\" \/>\n<meta property=\"article:published_time\" content=\"2016-10-27T11:36:53+00:00\" \/>\n<meta property=\"og:image\" content=\"https:\/\/sdk.mk\/wp-content\/uploads\/2016\/10\/grobista-gjorce-12.jpg\" \/>\n\t<meta property=\"og:image:width\" content=\"800\" \/>\n\t<meta property=\"og:image:height\" content=\"505\" \/>\n<meta property=\"fb:app_id\" content=\"2407985809428537\" \/>\n<meta name=\"twitter:card\" content=\"summary\" \/>\n<script type=\"application\/ld+json\" class=\"yoast-schema-graph\">{\"@context\":\"https:\/\/schema.org\",\"@graph\":[{\"@type\":\"WebSite\",\"@id\":\"https:\/\/sdk.mk\/#website\",\"url\":\"https:\/\/sdk.mk\/\",\"name\":\"\\u0421\\u0430\\u043a\\u0430\\u043c \\u0414\\u0430 \\u041a\\u0430\\u0436\\u0430\\u043c\",\"description\":\"\\u0417\\u0430 \\u0441\\u043b\\u043e\\u0431\\u043e\\u0434\\u043e\\u0443\\u043c\\u043d\\u0438\",\"potentialAction\":[{\"@type\":\"SearchAction\",\"target\":\"https:\/\/sdk.mk\/?s={search_term_string}\",\"query-input\":\"required name=search_term_string\"}],\"inLanguage\":\"mk-MK\"},{\"@type\":\"ImageObject\",\"@id\":\"https:\/\/sdk.mk\/index.php\/ngrije-zerin-per-avokatin-e-popullit\/ne-varreza-jane-vjedhur-7-pllaka-varri-te-mermerta-te-renda-gjysem-ton-buteli-refuzon-te-demshperbleje\/#primaryimage\",\"inLanguage\":\"mk-MK\",\"url\":\"https:\/\/sdk.mk\/wp-content\/uploads\/2016\/10\/grobista-gjorce-12.jpg\",\"width\":800,\"height\":505,\"caption\":\"\\u201e\\u041f\\u043e\\u0432\\u0435\\u045c\\u0435 \\u043e\\u0434 \\u0458\\u0430\\u0441\\u043d\\u043e \\u0435 \\u0434\\u0435\\u043a\\u0430 \\u043d\\u0435\\u0432\\u043e\\u0437\\u043c\\u043e\\u0436\\u043d\\u043e \\u0435 \\u0434\\u0430 \\u0438\\u0441\\u0447\\u0435\\u0437\\u043d\\u0430\\u0442 7 \\u043d\\u0430\\u0434\\u0433\\u0440\\u043e\\u0431\\u043d\\u0438 \\u043f\\u043b\\u043e\\u0447\\u0438 \\u0442\\u0435\\u0448\\u043a\\u0438 \\u043e\\u0434 300 \\u043a\\u0438\\u043b\\u043e\\u0433\\u0440\\u0430\\u043c\\u0438 \\u0434\\u043e \\u043f\\u043e\\u043b\\u043e\\u0432\\u0438\\u043d\\u0430 \\u0442\\u043e\\u043d, \\u0431\\u0435\\u0437 \\u043f\\u0440\\u0435\\u0442\\u0445\\u043e\\u0434\\u043d\\u043e \\u043a\\u0440\\u0430\\u0434\\u0446\\u0438\\u0442\\u0435 \\u0434\\u0430 \\u0431\\u0438\\u043b\\u0435 \\u0434\\u043e\\u0431\\u0440\\u043e \\u043e\\u0440\\u0433\\u0430\\u043d\\u0438\\u0437\\u0438\\u0440\\u0430\\u043d\\u0438, \\u0430 \\u043c\\u043e\\u0436\\u0435\\u0431\\u0438 \\u0438 \\u043f\\u043e\\u043c\\u043e\\u0433\\u043d\\u0430\\u0442\\u0438 \\u043e\\u0434 \\u0432\\u0440\\u0430\\u0431\\u043e\\u0442\\u0435\\u043d\\u0438 \\u0432\\u043e \\u043f\\u0440\\u0435\\u0442\\u043f\\u0440\\u0438\\u0458\\u0430\\u0442\\u0438\\u0435\\u0442\\u043e. \\u0421\\u043e \\u043e\\u0433\\u043b\\u0435\\u0434 \\u043d\\u0430 \\u0442\\u0435\\u0436\\u0438\\u043d\\u0430\\u0442\\u0430 \\u043d\\u0430 \\u043c\\u0435\\u0440\\u043c\\u0435\\u0440\\u043d\\u0438\\u0442\\u0435 \\u043f\\u043b\\u043e\\u0447\\u0438, \\u0437\\u043d\\u0430\\u0447\\u0438 \\u0434\\u0435\\u043a\\u0430 \\u0432\\u043e \\u043a\\u0440\\u0430\\u0436\\u0431\\u0430\\u0442\\u0430 \\u0443\\u0447\\u0435\\u0441\\u0442\\u0432\\u0443\\u0432\\u0430\\u043b\\u0435 \\u043d\\u0430\\u0458\\u043c\\u0430\\u043b\\u043a\\u0443 \\u0448\\u0435\\u0441\\u0442 \\u043b\\u0438\\u0446\\u0430. \\u041d\\u0430\\u0442\\u0430\\u043c\\u0443, \\u043f\\u043b\\u043e\\u0447\\u0438\\u0442\\u0435 \\u043c\\u043e\\u0440\\u0430\\u043b\\u0435 \\u0434\\u0430 \\u0431\\u0438\\u0434\\u0430\\u0442 \\u0442\\u043e\\u0432\\u0430\\u0440\\u0435\\u043d\\u0438 \\u0438 \\u0438\\u0437\\u043d\\u0435\\u0441\\u0435\\u043d\\u0438 \\u0441\\u043e \\u043a\\u0430\\u043c\\u0438\\u043e\\u043d \\u0438 \\u0448\\u0442\\u043e \\u0435 \\u043d\\u0430\\u0458\\u0442\\u0440\\u0430\\u0433\\u0438\\u0447\\u043d\\u043e, \\u0438\\u0437\\u043d\\u0435\\u0441\\u0435\\u043d\\u0438 \\u043e\\u0434 \\u0432\\u043b\\u0435\\u0437\\u043e\\u0432\\u0438\\u0442\\u0435 \\u043d\\u0430 \\u0433\\u0440\\u043e\\u0431\\u0438\\u0448\\u0442\\u0430\\u0442\\u0430, \\u043a\\u043e\\u0438 \\u043d\\u0430\\u0432\\u043e\\u0434\\u043d\\u043e, \\u0441\\u0435 \\u043e\\u0431\\u0435\\u0437\\u0431\\u0435\\u0434\\u0435\\u043d\\u0438 \\u043e\\u0434 \\u0447\\u0443\\u0432\\u0430\\u0440\\u0438 \\u043e\\u0434 \\u0410\\u0414 \\u2018\\u0411\\u0443\\u0442\\u0435\\u043b\\u2019\\u201c, \\u0440\\u0435\\u0447\\u0435 \\u043e\\u0448\\u0442\\u0435\\u0442\\u0435\\u043d\\u0438\\u043e\\u0442 \\u0417\\u043e\\u0440\\u0430\\u043d \\u041c\\u0438\\u043d\\u0430\\u0440\\u043a\\u043e\\u0432, \\u043a\\u043e\\u0458 \\u043f\\u043e\\u0434\\u043d\\u0435\\u0441\\u0435 \\u043f\\u0440\\u0435\\u0442\\u0441\\u0442\\u0430\\u0432\\u043a\\u0430 \\u0434\\u043e \\u041e\\u043c\\u0431\\u0443\\u0434\\u0441\\u043c\\u0430\\u043d\\u043e\\u0442, \\u043f\\u043e \\u0448\\u0442\\u043e \\u041c\\u0412\\u0420 \\u0458\\u0430 \\u0440\\u0430\\u0437\\u043e\\u0442\\u043a\\u0440\\u0438 \\u043a\\u0440\\u0430\\u0436\\u0431\\u0430\\u0442\\u0430 (\\u0424\\u043e\\u0442\\u043e: \\u0421\\u0414\\u041a.\\u041c\\u041a)\"},{\"@type\":\"WebPage\",\"@id\":\"https:\/\/sdk.mk\/index.php\/ngrije-zerin-per-avokatin-e-popullit\/ne-varreza-jane-vjedhur-7-pllaka-varri-te-mermerta-te-renda-gjysem-ton-buteli-refuzon-te-demshperbleje\/#webpage\",\"url\":\"https:\/\/sdk.mk\/index.php\/ngrije-zerin-per-avokatin-e-popullit\/ne-varreza-jane-vjedhur-7-pllaka-varri-te-mermerta-te-renda-gjysem-ton-buteli-refuzon-te-demshperbleje\/\",\"name\":\"N\\u00cb VARREZA JAN\\u00cb VJEDHUR 7 PLLAKA VARRI T\\u00cb MERMERTA,T\\u00cb R\\u00cbNDA GJYS\\u00cbM TON - \\u201cBUTELI\\u201d REFUZON T\\u00cb D\\u00cbMSHP\\u00cbRBLEJ\\u00cb - \\u0421\\u0430\\u043a\\u0430\\u043c \\u0414\\u0430 \\u041a\\u0430\\u0436\\u0430\\u043c\",\"isPartOf\":{\"@id\":\"https:\/\/sdk.mk\/#website\"},\"primaryImageOfPage\":{\"@id\":\"https:\/\/sdk.mk\/index.php\/ngrije-zerin-per-avokatin-e-popullit\/ne-varreza-jane-vjedhur-7-pllaka-varri-te-mermerta-te-renda-gjysem-ton-buteli-refuzon-te-demshperbleje\/#primaryimage\"},\"datePublished\":\"2016-10-27T11:36:53+00:00\",\"dateModified\":\"2016-10-27T11:36:53+00:00\",\"author\":{\"@id\":\"https:\/\/sdk.mk\/#\/schema\/person\/3e8217f71bc38bd7c592f30c69e10e5a\"},\"inLanguage\":\"mk-MK\",\"potentialAction\":[{\"@type\":\"ReadAction\",\"target\":[\"https:\/\/sdk.mk\/index.php\/ngrije-zerin-per-avokatin-e-popullit\/ne-varreza-jane-vjedhur-7-pllaka-varri-te-mermerta-te-renda-gjysem-ton-buteli-refuzon-te-demshperbleje\/\"]}]},{\"@type\":\"Person\",\"@id\":\"https:\/\/sdk.mk\/#\/schema\/person\/3e8217f71bc38bd7c592f30c69e10e5a\",\"name\":\"\\u041c\\u0438\\u0440\\u043e\\u0441\\u043b\\u0430\\u0432 \\u0418\\u043b\\u0438\\u043e\\u0441\\u043a\\u0438\"}]}<\/script>\n<!-- \/ Yoast SEO Premium plugin. -->","_links":{"self":[{"href":"https:\/\/sdk.mk\/index.php\/wp-json\/wp\/v2\/posts\/15231"}],"collection":[{"href":"https:\/\/sdk.mk\/index.php\/wp-json\/wp\/v2\/posts"}],"about":[{"href":"https:\/\/sdk.mk\/index.php\/wp-json\/wp\/v2\/types\/post"}],"author":[{"embeddable":true,"href":"https:\/\/sdk.mk\/index.php\/wp-json\/wp\/v2\/users\/9"}],"replies":[{"embeddable":true,"href":"https:\/\/sdk.mk\/index.php\/wp-json\/wp\/v2\/comments?post=15231"}],"version-history":[{"count":0,"href":"https:\/\/sdk.mk\/index.php\/wp-json\/wp\/v2\/posts\/15231\/revisions"}],"wp:featuredmedia":[{"embeddable":true,"href":"https:\/\/sdk.mk\/index.php\/wp-json\/wp\/v2\/media\/14920"}],"wp:attachment":[{"href":"https:\/\/sdk.mk\/index.php\/wp-json\/wp\/v2\/media?parent=15231"}],"wp:term":[{"taxonomy":"category","embeddable":true,"href":"https:\/\/sdk.mk\/index.php\/wp-json\/wp\/v2\/categories?post=15231"},{"taxonomy":"post_tag","embeddable":true,"href":"https:\/\/sdk.mk\/index.php\/wp-json\/wp\/v2\/tags?post=15231"}],"curies":[{"name":"wp","href":"https:\/\/api.w.org\/{rel}","templated":true}]}}