{"id":15290,"date":"2016-10-28T12:17:31","date_gmt":"2016-10-28T10:17:31","guid":{"rendered":"http:\/\/sdk.mk\/\/?p=15290"},"modified":"2016-10-28T12:17:31","modified_gmt":"2016-10-28T10:17:31","slug":"grate-nga-fshatrat-e-tetoves-kane-fituar-transport-falas-per-ekzaminim-parandalues-te-gjirit","status":"publish","type":"post","link":"https:\/\/sdk.mk\/index.php\/rrjeti-i-korrespondenteve\/grate-nga-fshatrat-e-tetoves-kane-fituar-transport-falas-per-ekzaminim-parandalues-te-gjirit\/","title":{"rendered":"GRAT\u00cb NGA FSHATRAT E TETOV\u00cbS KAN\u00cb FITUAR TRANSPORT FALAS P\u00cbR EKZAMINIM PARANDALUES T\u00cb GJIRIT"},"content":{"rendered":"<div class=\"f52428582a4b906b2d2e2a7d733c7d27\" data-index=\"7\" style=\"float: none; margin:10px 0 10px 0; text-align:center;\">\n<!-- MSP Ads Asynchronous JS Tag - Generated with Revive Adserver v5.4.1 -->\r\n<ins data-revive-zoneid=\"167\" data-revive-id=\"060fdb01f6430ec164d3519234aa4967\"><\/ins>\r\n<script async src=\"\/\/panel.ads.com.mk\/www\/delivery\/asyncjs.php\"><\/script>\n<\/div>\n<p>Grat\u00eb nga viset rurale t\u00eb rajonit t\u00eb Tetov\u00ebs, t\u00eb cilat duan t\u00eb b\u00ebjn\u00eb in\u00e7izim t\u00eb gjirit, tani do t\u00eb mund t\u00eb shfryt\u00ebzojn\u00eb transport nga fshati i tyre deri te qendra klinike n\u00eb Tetov\u00eb. Ky aksion, t\u00eb cilin e organizon komuna e Tetov\u00ebs n\u00eb bashk\u00ebpunim me qendr\u00ebn klinike t\u00eb qytetit u mund\u00ebsohet grave 40 vje\u00e7are dhe do t\u00eb zgjas\u00eb nj\u00eb vit. Q\u00ebllimi i aksionit \u00ebsht\u00eb q\u00eb te grat\u00eb t\u00eb ngrihet vet\u00ebdija p\u00ebr ekzaminime t\u00eb rregullta p\u00ebr zbulimin e kancerit n\u00eb gji. N\u00eb lidhje me k\u00ebt\u00eb, n\u00eb komun\u00eb \u00ebsht\u00eb hapur linj\u00eb telefonike (044511930), ku grat\u00eb mund t\u00eb paraqiten dhe t\u00eb caktojn\u00eb ekzaminim dhe me k\u00ebt\u00eb t\u2019u sigurohet dhe transport falas deri te qendra klinike.<\/p>\n<p><span style=\"font-weight: 400;\"> \u201cKanceri n\u00eb gji nuk \u00ebsht\u00eb lajm i mir\u00eb dhe \u00ebsht\u00eb normale q\u00eb ndryshon jet\u00ebn e nj\u00eb gruaje. Mir\u00ebpo, kjo nuk do t\u00eb thot\u00eb q\u00eb nuk ka m\u00ebnyra se si ai t\u00eb mundet. Edhe un\u00eb b\u00ebj pjes\u00eb n\u00eb nj\u00eb grup grash q\u00eb e kan\u00eb kaluar dhe p\u00ebrjetuar at\u00eb proces t\u00eb r\u00ebnd\u00eb. P\u00ebr k\u00ebt\u00eb arsye, u b\u00ebj thirrje t\u00eb gjitha grave q\u00eb t\u2019i p\u00ebrdorin k\u00ebto mund\u00ebsi q\u00eb i ofron qendra klinike dhe t\u00eb paraqiten n\u00eb koh\u00eb p\u00ebr in\u00e7izime pa pasur asnj\u00eb lloj frike. K\u00ebshtu, do t\u00eb kontribuojn\u00eb m\u00eb shum\u00eb p\u00ebr cil\u00ebsin\u00eb e jet\u00ebs s\u00eb tyre\u201d, deklaroi kryetarja e Tetov\u00ebs, Teuta Arifi gjat\u00eb vizit\u00ebs s\u00eb departamentit t\u00eb diagnostikimit t\u00eb gjirit n\u00eb qendr\u00ebn klinike n\u00eb Tetov\u00eb. <\/span><\/p>\n<p><span style=\"font-weight: 400;\">Arifi \u00ebsht\u00eb nj\u00eb nga personalitetet e pakta publike q\u00eb t\u00eb flas\u00eb publikisht p\u00ebr luft\u00ebn e saj me kancerin e gjirit.<\/span><\/p>\n<p><span style=\"font-weight: 400;\">Pas problemeve t\u00eb departamentit p\u00ebr diagnostikim t\u00eb gjirit vitin e kaluar, kur hap\u00ebsirat e tyre u p\u00ebrmbyt\u00ebn dhe nj\u00eb pjes\u00eb e pajisjeve u d\u00ebmtuan, gjasht\u00eb muajt e fundit \u00a0ai punon duke shfryt\u00ebzuar kapacitetin e tij t\u00eb plot\u00eb. Vitin e kaluar kryheshin vet\u00ebm in\u00e7izime ekzaminimi por me kompletimin e pajisjeve tani kryen edhe mamografi si dhe eho dhe ekzaminime. \u00a0<\/span><\/p>\n<p><span style=\"font-weight: 400;\"> \u201c\u00cbsht\u00eb e nevojshme q\u00eb grat\u00eb t\u00eb b\u00ebjn\u00eb ekzaminim t\u00eb rregullt p\u00ebr shkak se kanceri n\u00eb gji \u00ebsht\u00eb nj\u00eb s\u00ebmundje e cila mund t\u00eb sh\u00ebrohet n\u00ebse zbulohet n\u00eb faz\u00eb t\u00eb hershme. Qendra klinike tani \u00ebsht\u00eb e pajisur p\u00ebr diagnostikime t\u00eb vazhdueshme dhe grat\u00eb e rajonit ton\u00eb tanim\u00eb nuk duhet t\u00eb shkojn\u00eb deri n\u00eb Shkup p\u00ebr nj\u00eb ekzaminim t\u00eb till\u00eb, por mund ta kryejn\u00eb k\u00ebtu. P\u00ebr k\u00ebt\u00eb arsye rritet interesi p\u00ebr ekzaminime t\u00eb k\u00ebtilla edhe te grat\u00eb e qytetit por edhe te grat\u00eb e viseve rurale, mbi t\u00eb gjitha p\u00ebr shkak t\u00eb faktit q\u00eb gruaja e sotme \u00ebsht\u00eb e informuar mir\u00eb dhe d\u00ebshiron t\u00eb kujdeset p\u00ebr sh\u00ebndetin e saj. N\u00eb departamentin ton\u00eb brenda dit\u00ebs ekzaminohen prej 10 deri n\u00eb 12 pacient\u00eb, nd\u00ebrsa ka edhe prej atyre q\u00eb vijn\u00eb me udh\u00ebzime prioritare\u201d, thot\u00eb dr. Marija Efkoska, udh\u00ebheq\u00ebse e departamentit p\u00ebr diagnostikim t\u00eb gjirit n\u00eb qendr\u00ebn klinike n\u00eb Tetov\u00eb. <\/span><\/p>\n<p><span style=\"font-weight: 400;\">P\u00ebr aksionin e ngritjes s\u00eb vet\u00ebdijes te grat\u00eb p\u00ebr parandalimin e kancerit n\u00eb gji jan\u00eb printuar fletushka n\u00eb maqedonisht dhe shqip, p\u00ebrmes s\u00eb cilave ato \u00a0informohen se si mund t\u00eb b\u00ebjn\u00eb vet\u00eb nj\u00eb ekzaminim q\u00eb t\u2019i zbulojn\u00eb ndryshimet eventuale n\u00eb gji. <\/span><\/p>\n<p><span style=\"font-weight: 400;\">P\u00ebrktheu: Fjolla Zllatku <\/span><\/p>\n\n<div style=\"font-size: 0px; height: 0px; line-height: 0px; margin: 0; padding: 0; clear: both;\"><\/div>","protected":false},"excerpt":{"rendered":"<p>Grat\u00eb nga viset rurale t\u00eb rajonit t\u00eb Tetov\u00ebs, t\u00eb cilat duan t\u00eb b\u00ebjn\u00eb in\u00e7izim t\u00eb gjirit, tani do t\u00eb mund [&hellip;]<\/p>\n","protected":false},"author":9,"featured_media":15243,"comment_status":"closed","ping_status":"closed","sticky":false,"template":"","format":"standard","meta":{"_mo_disable_npp":"","inline_featured_image":false},"categories":[3095],"tags":[],"imageURL":"https:\/\/sdk.mk\/wp-content\/uploads\/2016\/10\/Pregled-na-dojka-2-650x365.jpg","thumbURL":"https:\/\/sdk.mk\/wp-content\/uploads\/2016\/10\/Pregled-na-dojka-2-250x140.jpg","categoryNames":["Rrjeti i korrespondent\u00ebve"],"feature_caption":"","subtitle":"a:2:{s:16:\"td_post_template\";s:22:\"single_template_civica\";s:9:\"td_source\";s:45:\"\u0422\u0435\u0442\u043e\u0432\u043e,(\u0421\u0410\u041a\u0410\u041c\u0414\u0410\u041a\u0410\u0416\u0410\u041c.\u041c\u041a)","views":"3859","source":"","yoast_head":"<!-- This site is optimized with the Yoast SEO Premium plugin v15.0 - https:\/\/yoast.com\/wordpress\/plugins\/seo\/ -->\n<title>GRAT\u00cb NGA FSHATRAT E TETOV\u00cbS KAN\u00cb FITUAR TRANSPORT FALAS P\u00cbR EKZAMINIM PARANDALUES T\u00cb GJIRIT - \u0421\u0430\u043a\u0430\u043c \u0414\u0430 \u041a\u0430\u0436\u0430\u043c<\/title>\n<meta name=\"robots\" content=\"index, follow, max-snippet:-1, max-image-preview:large, max-video-preview:-1\" \/>\n<link rel=\"canonical\" href=\"https:\/\/sdk.mk\/index.php\/rrjeti-i-korrespondenteve\/grate-nga-fshatrat-e-tetoves-kane-fituar-transport-falas-per-ekzaminim-parandalues-te-gjirit\/\" \/>\n<meta property=\"og:locale\" content=\"mk_MK\" \/>\n<meta property=\"og:type\" content=\"article\" \/>\n<meta property=\"og:title\" content=\"GRAT\u00cb NGA FSHATRAT E TETOV\u00cbS KAN\u00cb FITUAR TRANSPORT FALAS P\u00cbR EKZAMINIM PARANDALUES T\u00cb GJIRIT - \u0421\u0430\u043a\u0430\u043c \u0414\u0430 \u041a\u0430\u0436\u0430\u043c\" \/>\n<meta property=\"og:description\" content=\"Grat\u00eb nga viset rurale t\u00eb rajonit t\u00eb Tetov\u00ebs, t\u00eb cilat duan t\u00eb b\u00ebjn\u00eb in\u00e7izim t\u00eb gjirit, tani do t\u00eb mund [&hellip;]\" \/>\n<meta property=\"og:url\" content=\"https:\/\/sdk.mk\/index.php\/rrjeti-i-korrespondenteve\/grate-nga-fshatrat-e-tetoves-kane-fituar-transport-falas-per-ekzaminim-parandalues-te-gjirit\/\" \/>\n<meta property=\"og:site_name\" content=\"\u0421\u0430\u043a\u0430\u043c \u0414\u0430 \u041a\u0430\u0436\u0430\u043c\" \/>\n<meta property=\"article:published_time\" content=\"2016-10-28T10:17:31+00:00\" \/>\n<meta property=\"og:image\" content=\"https:\/\/sdk.mk\/wp-content\/uploads\/2016\/10\/Pregled-na-dojka-2.jpg\" \/>\n\t<meta property=\"og:image:width\" content=\"2050\" \/>\n\t<meta property=\"og:image:height\" content=\"1150\" \/>\n<meta property=\"fb:app_id\" content=\"2407985809428537\" \/>\n<meta name=\"twitter:card\" content=\"summary\" \/>\n<script type=\"application\/ld+json\" class=\"yoast-schema-graph\">{\"@context\":\"https:\/\/schema.org\",\"@graph\":[{\"@type\":\"WebSite\",\"@id\":\"https:\/\/sdk.mk\/#website\",\"url\":\"https:\/\/sdk.mk\/\",\"name\":\"\\u0421\\u0430\\u043a\\u0430\\u043c \\u0414\\u0430 \\u041a\\u0430\\u0436\\u0430\\u043c\",\"description\":\"\\u0417\\u0430 \\u0441\\u043b\\u043e\\u0431\\u043e\\u0434\\u043e\\u0443\\u043c\\u043d\\u0438\",\"potentialAction\":[{\"@type\":\"SearchAction\",\"target\":\"https:\/\/sdk.mk\/?s={search_term_string}\",\"query-input\":\"required name=search_term_string\"}],\"inLanguage\":\"mk-MK\"},{\"@type\":\"ImageObject\",\"@id\":\"https:\/\/sdk.mk\/index.php\/rrjeti-i-korrespondenteve\/grate-nga-fshatrat-e-tetoves-kane-fituar-transport-falas-per-ekzaminim-parandalues-te-gjirit\/#primaryimage\",\"inLanguage\":\"mk-MK\",\"url\":\"https:\/\/sdk.mk\/wp-content\/uploads\/2016\/10\/Pregled-na-dojka-2.jpg\",\"width\":2050,\"height\":1150,\"caption\":\"\\u0413\\u0440\\u0430\\u0434\\u043e\\u043d\\u0430\\u0447\\u0430\\u043b\\u043d\\u0438\\u0447\\u043a\\u0430\\u0442\\u0430 \\u043d\\u0430 \\u0422\\u0435\\u0442\\u043e\\u0432\\u043e \\u0422\\u0435\\u0443\\u0442\\u0430 \\u0410\\u0440\\u0438\\u0444\\u0438, \\u043a\\u043e\\u0458\\u0430 \\u0458\\u0430\\u0432\\u043d\\u043e \\u0437\\u0431\\u043e\\u0440\\u0443\\u0432\\u0430\\u0448\\u0435 \\u0437\\u0430 \\u0441\\u0432\\u043e\\u0458\\u0430\\u0442\\u0430 \\u0431\\u043e\\u0440\\u0431\\u0430 \\u0441\\u043e \\u0440\\u0430\\u043a\\u043e\\u0442 \\u043d\\u0430 \\u0434\\u043e\\u0458\\u043a\\u0430\\u0442\\u0430, \\u0458\\u0430 \\u043d\\u0430\\u0458\\u0430\\u0432\\u0438 \\u043e\\u043f\\u0448\\u0442\\u0438\\u043d\\u0441\\u043a\\u0430\\u0442\\u0430 \\u0430\\u043a\\u0446\\u0438\\u0458\\u0430 \\u0432\\u043e \\u043e\\u0434\\u0434\\u0435\\u043b\\u043e\\u0442 \\u0437\\u0430 \\u0434\\u0438\\u0458\\u0430\\u0433\\u043d\\u043e\\u0441\\u0442\\u0438\\u043a\\u0430 \\u043d\\u0430 \\u0434\\u043e\\u0458\\u043a\\u0430\\u0442\\u0430 \\u043f\\u0440\\u0438 \\u041a\\u043b\\u0438\\u043d\\u0438\\u0447\\u043a\\u0438\\u043e\\u0442 \\u0446\\u0435\\u043d\\u0442\\u0430\\u0440 \\u0432\\u043e \\u0422\\u0435\\u0442\\u043e\\u0432\\u043e (\\u0424\\u043e\\u0442\\u043e: \\u0421\\u0414\\u041a.\\u041c\\u041a).\"},{\"@type\":\"WebPage\",\"@id\":\"https:\/\/sdk.mk\/index.php\/rrjeti-i-korrespondenteve\/grate-nga-fshatrat-e-tetoves-kane-fituar-transport-falas-per-ekzaminim-parandalues-te-gjirit\/#webpage\",\"url\":\"https:\/\/sdk.mk\/index.php\/rrjeti-i-korrespondenteve\/grate-nga-fshatrat-e-tetoves-kane-fituar-transport-falas-per-ekzaminim-parandalues-te-gjirit\/\",\"name\":\"GRAT\\u00cb NGA FSHATRAT E TETOV\\u00cbS KAN\\u00cb FITUAR TRANSPORT FALAS P\\u00cbR EKZAMINIM PARANDALUES T\\u00cb GJIRIT - \\u0421\\u0430\\u043a\\u0430\\u043c \\u0414\\u0430 \\u041a\\u0430\\u0436\\u0430\\u043c\",\"isPartOf\":{\"@id\":\"https:\/\/sdk.mk\/#website\"},\"primaryImageOfPage\":{\"@id\":\"https:\/\/sdk.mk\/index.php\/rrjeti-i-korrespondenteve\/grate-nga-fshatrat-e-tetoves-kane-fituar-transport-falas-per-ekzaminim-parandalues-te-gjirit\/#primaryimage\"},\"datePublished\":\"2016-10-28T10:17:31+00:00\",\"dateModified\":\"2016-10-28T10:17:31+00:00\",\"author\":{\"@id\":\"https:\/\/sdk.mk\/#\/schema\/person\/3e8217f71bc38bd7c592f30c69e10e5a\"},\"inLanguage\":\"mk-MK\",\"potentialAction\":[{\"@type\":\"ReadAction\",\"target\":[\"https:\/\/sdk.mk\/index.php\/rrjeti-i-korrespondenteve\/grate-nga-fshatrat-e-tetoves-kane-fituar-transport-falas-per-ekzaminim-parandalues-te-gjirit\/\"]}]},{\"@type\":\"Person\",\"@id\":\"https:\/\/sdk.mk\/#\/schema\/person\/3e8217f71bc38bd7c592f30c69e10e5a\",\"name\":\"\\u041c\\u0438\\u0440\\u043e\\u0441\\u043b\\u0430\\u0432 \\u0418\\u043b\\u0438\\u043e\\u0441\\u043a\\u0438\"}]}<\/script>\n<!-- \/ Yoast SEO Premium plugin. -->","_links":{"self":[{"href":"https:\/\/sdk.mk\/index.php\/wp-json\/wp\/v2\/posts\/15290"}],"collection":[{"href":"https:\/\/sdk.mk\/index.php\/wp-json\/wp\/v2\/posts"}],"about":[{"href":"https:\/\/sdk.mk\/index.php\/wp-json\/wp\/v2\/types\/post"}],"author":[{"embeddable":true,"href":"https:\/\/sdk.mk\/index.php\/wp-json\/wp\/v2\/users\/9"}],"replies":[{"embeddable":true,"href":"https:\/\/sdk.mk\/index.php\/wp-json\/wp\/v2\/comments?post=15290"}],"version-history":[{"count":0,"href":"https:\/\/sdk.mk\/index.php\/wp-json\/wp\/v2\/posts\/15290\/revisions"}],"wp:featuredmedia":[{"embeddable":true,"href":"https:\/\/sdk.mk\/index.php\/wp-json\/wp\/v2\/media\/15243"}],"wp:attachment":[{"href":"https:\/\/sdk.mk\/index.php\/wp-json\/wp\/v2\/media?parent=15290"}],"wp:term":[{"taxonomy":"category","embeddable":true,"href":"https:\/\/sdk.mk\/index.php\/wp-json\/wp\/v2\/categories?post=15290"},{"taxonomy":"post_tag","embeddable":true,"href":"https:\/\/sdk.mk\/index.php\/wp-json\/wp\/v2\/tags?post=15290"}],"curies":[{"name":"wp","href":"https:\/\/api.w.org\/{rel}","templated":true}]}}