{"id":15308,"date":"2016-10-28T16:17:34","date_gmt":"2016-10-28T14:17:34","guid":{"rendered":"http:\/\/sdk.mk\/\/?p=15308"},"modified":"2016-10-28T16:17:34","modified_gmt":"2016-10-28T14:17:34","slug":"neper-burgje-njerezit-po-vdesin-sepse-qeveria-tre-vjet-me-radhe-e-ndal-reformen","status":"publish","type":"post","link":"https:\/\/sdk.mk\/index.php\/ngrije-zerin-per-avokatin-e-popullit\/neper-burgje-njerezit-po-vdesin-sepse-qeveria-tre-vjet-me-radhe-e-ndal-reformen\/","title":{"rendered":"N\u00cbP\u00cbR BURGJE NJER\u00cbZIT PO VDESIN SEPSE QEVERIA TRE VJET ME RADH\u00cb E NDAL REFORM\u00cbN"},"content":{"rendered":"<div class=\"f52428582a4b906b2d2e2a7d733c7d27\" data-index=\"7\" style=\"float: none; margin:10px 0 10px 0; text-align:center;\">\n<!-- MSP Ads Asynchronous JS Tag - Generated with Revive Adserver v5.4.1 -->\r\n<ins data-revive-zoneid=\"167\" data-revive-id=\"060fdb01f6430ec164d3519234aa4967\"><\/ins>\r\n<script async src=\"\/\/panel.ads.com.mk\/www\/delivery\/asyncjs.php\"><\/script>\n<\/div>\n<p>T\u00eb gjykuar t\u00eb l\u00ebn\u00eb pa mjek, pa ila\u00e7e dhe pa ambulanca t\u00eb burgut, pa pajisje mjek\u00ebsore t\u00eb duhura, gj\u00ebra t\u00eb cilat Avokati i Popullit i ka theksuar me vite. Problemi me sistemin e keq dhe jofunksional t\u00eb mbrojtjes sh\u00ebndet\u00ebsore n\u00eb burgje u aktualizua p\u00ebrs\u00ebri k\u00ebto dit\u00eb, q\u00eb kur vdiq\u00ebn dy t\u00eb burgosur brenda 8 dit\u00ebve n\u00eb burgun e Idrizov\u00ebs. Nj\u00ebri vdiq n\u00eb burg, nd\u00ebrsa familja e tij thot\u00eb q\u00eb n\u00eb momentin kritik atij nuk i \u00ebsht\u00eb dh\u00ebn\u00eb asnj\u00eb lloj ndihme sh\u00ebndet\u00ebsore dhe thjesht e kan\u00eb l\u00ebn\u00eb t\u00eb vdes\u00eb. Akoma nuk \u00ebsht\u00eb kryer hetimi mbi k\u00ebt\u00eb rast, nd\u00ebrsa para dy dit\u00ebve n\u00eb klinikat e Shkupit ka vdekur nj\u00eb tjet\u00ebr i burgosur, i cili vuante nga ciroza.<\/p>\n<p><span style=\"font-weight: 400;\">Avokati i Popullit, Ixhet Memeti, pas k\u00ebtyre ngjarjeve deklaroi q\u00eb \u00ebsht\u00eb viti i tret\u00eb me radh\u00eb q\u00eb rregullat ligjore vazhdojn\u00eb t\u00eb mos zbatohen. K\u00ebto rregulla, t\u00eb cilat erdh\u00ebn me ndryshimet e ligjit p\u00ebr kryerjen e sanksioneve t\u00eb vitit 2013, parashikojn\u00eb q\u00eb mbrojtja sh\u00ebndet\u00ebsore n\u00eb burgje t\u00eb kaloj\u00eb n\u00ebn kompetencat e Ministris\u00eb s\u00eb sh\u00ebndet\u00ebsis\u00eb, m\u00eb sakt\u00eb n\u00ebn sh\u00ebndetin publik, i cili duhet t\u00eb siguroj\u00eb nivel primar t\u00eb mbrojtjes sh\u00ebndet\u00ebsore. <\/span><\/p>\n<p><span style=\"font-weight: 400;\"> \u201cN\u00eb lidhje me ngjarjet e fundit, gjegj\u00ebsisht vdekjes s\u00eb dy t\u00eb burgosurve, Avokati i Popullit shpreh nj\u00eb shqet\u00ebsim t\u00eb madh p\u00ebr heshtjen e institucioneve n\u00eb lidhje me v\u00ebrejtjet e tija, v\u00ebretjtje t\u00eb cilat shprehin nevoj\u00ebn p\u00ebr t\u2019u reformuar urgjentisht sistemi sh\u00ebndet\u00ebsor n\u00eb burgje. Ato jan\u00eb t\u00eb sh\u00ebnuara n\u00eb raportin e Komisionit Evropian p\u00ebr p\u00ebrparimin e Republik\u00ebs s\u00eb Maqedonis\u00eb\u201d, thon\u00eb nga zyra e Avokatit t\u00eb Popullit. \u00a0<\/span><\/p>\n<p><span style=\"font-weight: 400;\">N\u00eb fillim t\u00eb vitit, n\u00eb Qendr\u00ebn p\u00ebr urgjenca n\u00eb Shkup, vdiq nj\u00eb i gjykuar 29 vje\u00e7ar, nd\u00ebrsa vitin e kaluar n\u00eb shtator, n\u00eb Idrizov\u00eb vdiq nj\u00eb tjet\u00ebr i gjykuar 25 vje\u00e7ar. N\u00eb shtator t\u00eb viti 2014 n\u00eb Idrizov\u00eb brenda dy jav\u00ebve vdiq\u00ebn tre t\u00eb gjykuar t\u00eb s\u00ebmur\u00eb. <\/span><\/p>\n<p><span style=\"font-weight: 400;\">\u201d\u00cbsht\u00eb e palejueshme, jonjer\u00ebzore dhe shum\u00eb johumane q\u00eb personat q\u00eb ndodhen n\u00eb burgim t\u00eb lihen pa mbrojtje sh\u00ebndet\u00ebsore, gj\u00eb e cila iu garantohet me konvencionet nd\u00ebrkomb\u00ebtare, por edhe me ligjet e shtetit\u201d, thot\u00eb Avokati i Popullit, Ixhet Memeti. <\/span><\/p>\n<p><span style=\"font-weight: 400;\">Mir\u00ebpo ver\u00ebs, p\u00ebrs\u00ebri, burgu m\u00eb i madh i shtetit, Idrizova, mbeti pa mjek, sepse mjekja e vetme e cila punon vet\u00ebm n\u00eb nd\u00ebrrimin e par\u00eb ishte n\u00eb pushim mjek\u00ebsor. Si\u00e7 publikoi SAKAMDAKAZAM.MK edhe at\u00ebher\u00eb, nj\u00eb pjes\u00eb e t\u00eb burgosurve u ankuan q\u00eb problemet e tyre sh\u00ebndet\u00ebsore ose nuk zgjidhen ose n\u00eb rastin m\u00eb t\u00eb mir\u00eb thirret Ndihma e shpejt\u00eb, e cila rrall\u00eb her\u00eb vjen. <\/span><\/p>\n<p><span style=\"font-weight: 400;\">Avokati i Popullit, k\u00ebt\u00eb ver\u00eb, reagoi edhe n\u00eb lidhje me gjendjen n\u00eb departamentin e femrave n\u00eb Idrizov\u00eb, ku t\u00eb gjykuarat jan\u00eb ankuar se terapin\u00eb e tyre nuk e ndan nj\u00eb mjek, por nj\u00eb nga t\u00eb burgosurat, e gjykuar p\u00ebr kontraband\u00eb kokaine. Gjithashtu, ato jan\u00eb ankuar p\u00ebr faktin se kjo e brugosur n\u00eb vend t\u00eb hapave, iu ndan koktej qet\u00ebsuesish.<\/span><\/p>\n<p><span style=\"font-weight: 400;\">\u201cGjendja me kujdesin mjek\u00ebsor n\u00eb burgje \u00ebsht\u00eb alarmuese. N\u00ebse m\u00eb her\u00ebt mund t\u00eb flitej p\u00ebr ekzistenc\u00ebn e nj\u00eb lloj sistemi p\u00ebr mbrojtje sh\u00ebndet\u00ebsore, tani lirisht mund t\u00eb themi se ai nuk ekziston\u201d, deklaron Ixhet Memeti. <\/span><\/p>\n<p><span style=\"font-weight: 400;\">SAKAMDAKAZAM.MK i ka pyetur Ministrin\u00eb e sh\u00ebndet\u00ebsis\u00eb, Ministrin\u00eb e drejt\u00ebsis\u00eb, Fondin p\u00ebr sigurim sh\u00ebndet\u00ebsor dhe Drejtorin\u00eb p\u00ebr ekzekutimin e sanksioneve se p\u00ebrse tre vjet me radh\u00eb nuk zbatohen ndryshimet ligjore dhe se kur do t\u00eb filloj\u00eb t\u00eb ndodh\u00eb kjo gj\u00eb. P\u00ebrgjegj\u00ebsin\u00eb p\u00ebr moszbatimin e urdhrave ligjore, t\u00eb cilat \u00ebsht\u00eb dashur t\u00eb zbatohen 30 dit\u00eb pas sjelljes s\u00eb tyre, institucionet kompetente ia hedhin nj\u00ebri-tjetrit dhe thon\u00eb q\u00eb p\u00ebrgatitjet p\u00ebr zbatimin e tyre jan\u00eb n\u00eb proces e sip\u00ebr. <\/span><\/p>\n<p><b>DREJTORIA P\u00cbR EKSEKUTIMIN E SANKSIONEVE NUK TREGON SE SA MJEK\u00cb KUJDESEN P\u00cbR T\u00cb BURGOSURIT <\/b><\/p>\n<p><span style=\"font-weight: 400;\">Drejtoria p\u00ebr ekzekutimin e sanksioneve nuk tregoi se sa t\u00eb gjykuar gjithsej ka n\u00eb burgjet e shtetit p\u00ebr momentin dhe se sa mjek\u00eb jan\u00eb t\u00eb pun\u00ebsuar n\u00eb burgje. Lidija Gavrillova, drejtoresh\u00eb n\u00eb Drejtorin\u00eb p\u00ebr ekzekutimin e sanksioneve, n\u00eb disa deklarata tha se po punojn\u00eb drejt k\u00ebtij q\u00ebllimi dhe se do t\u2019i ken\u00eb p\u00ebrgjigjet e k\u00ebrkuara, por q\u00eb p\u00ebr momentin jan\u00eb shum\u00eb t\u00eb z\u00ebn\u00eb dhe nuk mund t\u00eb thon\u00eb se kur do t\u00eb ndodh\u00eb kjo. <\/span><\/p>\n<p><span style=\"font-weight: 400;\">Sipas raportit vjetor t\u00eb Drejtoris\u00eb p\u00ebr ekzekutimin e sanksioneve t\u00eb vitit 2014, me afat deri n\u00eb 31.12.2014, n\u00eb sektorin p\u00ebr mbrojtje sh\u00ebndet\u00ebsore kan\u00eb qen\u00eb t\u00eb pun\u00ebsuar 21 persona, nga t\u00eb cil\u00ebt 8 jan\u00eb me shkoll\u00eb fillore, nj\u00eb person me shkoll\u00eb t\u00eb lart\u00eb, dhe 12 persona me arsim t\u00eb lart\u00eb. Sipas k\u00ebtij raporti, n\u00eb fund t\u00eb vitit 2014 n\u00eb burgjet e shtetit ka pasur 3.016 t\u00eb burgosur. <\/span><\/p>\n<p><span style=\"font-weight: 400;\">N\u00eb Strategjin\u00eb nacionale t\u00eb sistemit penitenciar 2015-2019 t\u00eb Ministris\u00eb s\u00eb drejt\u00ebsis\u00eb thuhet q\u00eb n\u00eb burgjet e Maqedonis\u00eb, n\u00eb sektorin e mbrojtjes sh\u00ebndet\u00ebsore, jan\u00eb t\u00eb angazhuar 22 persona, gjegj\u00ebsisht 6 persona n\u00eb burgun Idrizov\u00eb, 4 n\u00eb burgun n\u00eb Shtip, nj\u00eb person n\u00eb burgun e hapur n\u00eb Strug\u00eb, 5 n\u00eb burgun n\u00eb Shkup, nga dy persona n\u00eb burgun e Tetov\u00ebs dhe at\u00eb t\u00eb Manastirit, dhe nga nj\u00eb person n\u00eb burgun n\u00eb Prilep dhe n\u00eb Entin edukues p\u00ebrmir\u00ebsues n\u00eb Tetov\u00eb. Sipas t\u00eb dh\u00ebnave n\u00eb Strategji, n\u00eb k\u00ebt\u00eb periudh\u00eb n\u00eb burgjet e Strumic\u00ebs, Gjevgjelis\u00eb, Ohrit dhe Kumanov\u00ebs me repartin e hapur n\u00eb Kriva Pallank\u00eb nuk ka \u0430snj\u00eb t\u00eb pun\u00ebsuar n\u00eb sektorin e mbrojtjes sh\u00ebndet\u00ebsore. <\/span><\/p>\n<p><span style=\"font-weight: 400;\">Sipas t\u00eb dh\u00ebnave t\u00eb Avokatit t\u00eb Popullit, deri n\u00eb qershor dhe korrik t\u00eb k\u00ebtij viti, n\u00eb burgjet e Strumic\u00ebs, Kumanov\u00ebs, Ohrit dhe Gjevgjelis\u00eb nuk ka mjek t\u00eb pun\u00ebsuar, nd\u00ebrsa n\u00eb burgun e Strug\u00ebs, mjeku punon me marr\u00ebveshje. <\/span><\/p>\n<p><span style=\"font-weight: 400;\">P\u00ebrktheu: Fjolla Zllatku <\/span><\/p>\n\n<div style=\"font-size: 0px; height: 0px; line-height: 0px; margin: 0; padding: 0; clear: both;\"><\/div>","protected":false},"excerpt":{"rendered":"<p>T\u00eb gjykuar t\u00eb l\u00ebn\u00eb pa mjek, pa ila\u00e7e dhe pa ambulanca t\u00eb burgut, pa pajisje mjek\u00ebsore t\u00eb duhura, gj\u00ebra t\u00eb [&hellip;]<\/p>\n","protected":false},"author":9,"featured_media":15284,"comment_status":"closed","ping_status":"closed","sticky":false,"template":"","format":"standard","meta":{"_mo_disable_npp":"","inline_featured_image":false},"categories":[3085,3083],"tags":[],"imageURL":"https:\/\/sdk.mk\/wp-content\/uploads\/2016\/10\/idrizovo1-650x393.jpg","thumbURL":"https:\/\/sdk.mk\/wp-content\/uploads\/2016\/10\/idrizovo1-250x151.jpg","categoryNames":["Histori t\u00eb parr\u00ebfyera","Ngrije z\u00ebrin p\u00ebr Avokatin e Popullit"],"feature_caption":"","subtitle":"a:3:{s:16:\"td_post_template\";s:23:\"single_template_british\";s:11:\"td_subtitle\";s:424:\"\u201c\u00cbsht\u00ebepalejueshmeq\u00ebmejet\u00ebtenjer\u00ebzve\u00a0t\u00ebpaguhetfaktiq\u00ebpastrevjet\u00ebshakomanukzbatohetligjiiriivitit2013p\u00ebrekzekutiminesanksioneve,met\u00ebcilinmbrojtjash\u00ebndet\u00ebsoren\u00ebburgjebien\u00ebnkompetencateMinistris\u00ebs\u00ebsh\u00ebndet\u00ebsis\u00eb,m\u00ebsakt\u00ebsishtn\u00ebnsh\u00ebndetinpublik,iciliduhett\u00ebsiguroj\u00ebnivelprimart\u00ebmbrojtjessh\u00ebndet\u00ebsore\u201d,alarmonAvokatiiPopullit,IxhetMemeti\";s:9:\"td_source\";s:45:\"\u0421\u043a\u043e\u043f\u0458\u0435,(\u0421\u0410\u041a\u0410\u041c\u0414\u0410\u041a\u0410\u0416\u0410\u041c.\u041c\u041a)","views":"3276","source":"","yoast_head":"<!-- This site is optimized with the Yoast SEO Premium plugin v15.0 - https:\/\/yoast.com\/wordpress\/plugins\/seo\/ -->\n<title>N\u00cbP\u00cbR BURGJE NJER\u00cbZIT PO VDESIN SEPSE QEVERIA TRE VJET ME RADH\u00cb E NDAL REFORM\u00cbN - \u0421\u0430\u043a\u0430\u043c \u0414\u0430 \u041a\u0430\u0436\u0430\u043c<\/title>\n<meta name=\"robots\" content=\"index, follow, max-snippet:-1, max-image-preview:large, max-video-preview:-1\" \/>\n<link rel=\"canonical\" href=\"https:\/\/sdk.mk\/index.php\/ngrije-zerin-per-avokatin-e-popullit\/neper-burgje-njerezit-po-vdesin-sepse-qeveria-tre-vjet-me-radhe-e-ndal-reformen\/\" \/>\n<meta property=\"og:locale\" content=\"mk_MK\" \/>\n<meta property=\"og:type\" content=\"article\" \/>\n<meta property=\"og:title\" content=\"N\u00cbP\u00cbR BURGJE NJER\u00cbZIT PO VDESIN SEPSE QEVERIA TRE VJET ME RADH\u00cb E NDAL REFORM\u00cbN - \u0421\u0430\u043a\u0430\u043c \u0414\u0430 \u041a\u0430\u0436\u0430\u043c\" \/>\n<meta property=\"og:description\" content=\"T\u00eb gjykuar t\u00eb l\u00ebn\u00eb pa mjek, pa ila\u00e7e dhe pa ambulanca t\u00eb burgut, pa pajisje mjek\u00ebsore t\u00eb duhura, gj\u00ebra t\u00eb [&hellip;]\" \/>\n<meta property=\"og:url\" content=\"https:\/\/sdk.mk\/index.php\/ngrije-zerin-per-avokatin-e-popullit\/neper-burgje-njerezit-po-vdesin-sepse-qeveria-tre-vjet-me-radhe-e-ndal-reformen\/\" \/>\n<meta property=\"og:site_name\" content=\"\u0421\u0430\u043a\u0430\u043c \u0414\u0430 \u041a\u0430\u0436\u0430\u043c\" \/>\n<meta property=\"article:published_time\" content=\"2016-10-28T14:17:34+00:00\" \/>\n<meta property=\"og:image\" content=\"https:\/\/sdk.mk\/wp-content\/uploads\/2016\/10\/idrizovo1.jpg\" \/>\n\t<meta property=\"og:image:width\" content=\"690\" \/>\n\t<meta property=\"og:image:height\" content=\"417\" \/>\n<meta property=\"fb:app_id\" content=\"2407985809428537\" \/>\n<meta name=\"twitter:card\" content=\"summary\" \/>\n<script type=\"application\/ld+json\" class=\"yoast-schema-graph\">{\"@context\":\"https:\/\/schema.org\",\"@graph\":[{\"@type\":\"WebSite\",\"@id\":\"https:\/\/sdk.mk\/#website\",\"url\":\"https:\/\/sdk.mk\/\",\"name\":\"\\u0421\\u0430\\u043a\\u0430\\u043c \\u0414\\u0430 \\u041a\\u0430\\u0436\\u0430\\u043c\",\"description\":\"\\u0417\\u0430 \\u0441\\u043b\\u043e\\u0431\\u043e\\u0434\\u043e\\u0443\\u043c\\u043d\\u0438\",\"potentialAction\":[{\"@type\":\"SearchAction\",\"target\":\"https:\/\/sdk.mk\/?s={search_term_string}\",\"query-input\":\"required name=search_term_string\"}],\"inLanguage\":\"mk-MK\"},{\"@type\":\"ImageObject\",\"@id\":\"https:\/\/sdk.mk\/index.php\/ngrije-zerin-per-avokatin-e-popullit\/neper-burgje-njerezit-po-vdesin-sepse-qeveria-tre-vjet-me-radhe-e-ndal-reformen\/#primaryimage\",\"inLanguage\":\"mk-MK\",\"url\":\"https:\/\/sdk.mk\/wp-content\/uploads\/2016\/10\/idrizovo1.jpg\",\"width\":690,\"height\":417,\"caption\":\"(\\u0424\\u043e\\u0442\\u043e: \\u0403. \\u041b\\u0438\\u0447\\u043e\\u0432\\u0441\\u043a\\u0438)\"},{\"@type\":\"WebPage\",\"@id\":\"https:\/\/sdk.mk\/index.php\/ngrije-zerin-per-avokatin-e-popullit\/neper-burgje-njerezit-po-vdesin-sepse-qeveria-tre-vjet-me-radhe-e-ndal-reformen\/#webpage\",\"url\":\"https:\/\/sdk.mk\/index.php\/ngrije-zerin-per-avokatin-e-popullit\/neper-burgje-njerezit-po-vdesin-sepse-qeveria-tre-vjet-me-radhe-e-ndal-reformen\/\",\"name\":\"N\\u00cbP\\u00cbR BURGJE NJER\\u00cbZIT PO VDESIN SEPSE QEVERIA TRE VJET ME RADH\\u00cb E NDAL REFORM\\u00cbN - \\u0421\\u0430\\u043a\\u0430\\u043c \\u0414\\u0430 \\u041a\\u0430\\u0436\\u0430\\u043c\",\"isPartOf\":{\"@id\":\"https:\/\/sdk.mk\/#website\"},\"primaryImageOfPage\":{\"@id\":\"https:\/\/sdk.mk\/index.php\/ngrije-zerin-per-avokatin-e-popullit\/neper-burgje-njerezit-po-vdesin-sepse-qeveria-tre-vjet-me-radhe-e-ndal-reformen\/#primaryimage\"},\"datePublished\":\"2016-10-28T14:17:34+00:00\",\"dateModified\":\"2016-10-28T14:17:34+00:00\",\"author\":{\"@id\":\"https:\/\/sdk.mk\/#\/schema\/person\/3e8217f71bc38bd7c592f30c69e10e5a\"},\"inLanguage\":\"mk-MK\",\"potentialAction\":[{\"@type\":\"ReadAction\",\"target\":[\"https:\/\/sdk.mk\/index.php\/ngrije-zerin-per-avokatin-e-popullit\/neper-burgje-njerezit-po-vdesin-sepse-qeveria-tre-vjet-me-radhe-e-ndal-reformen\/\"]}]},{\"@type\":\"Person\",\"@id\":\"https:\/\/sdk.mk\/#\/schema\/person\/3e8217f71bc38bd7c592f30c69e10e5a\",\"name\":\"\\u041c\\u0438\\u0440\\u043e\\u0441\\u043b\\u0430\\u0432 \\u0418\\u043b\\u0438\\u043e\\u0441\\u043a\\u0438\"}]}<\/script>\n<!-- \/ Yoast SEO Premium plugin. -->","_links":{"self":[{"href":"https:\/\/sdk.mk\/index.php\/wp-json\/wp\/v2\/posts\/15308"}],"collection":[{"href":"https:\/\/sdk.mk\/index.php\/wp-json\/wp\/v2\/posts"}],"about":[{"href":"https:\/\/sdk.mk\/index.php\/wp-json\/wp\/v2\/types\/post"}],"author":[{"embeddable":true,"href":"https:\/\/sdk.mk\/index.php\/wp-json\/wp\/v2\/users\/9"}],"replies":[{"embeddable":true,"href":"https:\/\/sdk.mk\/index.php\/wp-json\/wp\/v2\/comments?post=15308"}],"version-history":[{"count":0,"href":"https:\/\/sdk.mk\/index.php\/wp-json\/wp\/v2\/posts\/15308\/revisions"}],"wp:featuredmedia":[{"embeddable":true,"href":"https:\/\/sdk.mk\/index.php\/wp-json\/wp\/v2\/media\/15284"}],"wp:attachment":[{"href":"https:\/\/sdk.mk\/index.php\/wp-json\/wp\/v2\/media?parent=15308"}],"wp:term":[{"taxonomy":"category","embeddable":true,"href":"https:\/\/sdk.mk\/index.php\/wp-json\/wp\/v2\/categories?post=15308"},{"taxonomy":"post_tag","embeddable":true,"href":"https:\/\/sdk.mk\/index.php\/wp-json\/wp\/v2\/tags?post=15308"}],"curies":[{"name":"wp","href":"https:\/\/api.w.org\/{rel}","templated":true}]}}