{"id":15353,"date":"2016-10-29T15:39:43","date_gmt":"2016-10-29T13:39:43","guid":{"rendered":"http:\/\/sdk.mk\/\/?p=15353"},"modified":"2016-10-29T15:39:43","modified_gmt":"2016-10-29T13:39:43","slug":"vangja-dhe-kali","status":"publish","type":"post","link":"https:\/\/sdk.mk\/index.php\/dua-te-them\/vangja-dhe-kali\/","title":{"rendered":"VANGJA DHE KALI"},"content":{"rendered":"<div class=\"f52428582a4b906b2d2e2a7d733c7d27\" data-index=\"7\" style=\"float: none; margin:10px 0 10px 0; text-align:center;\">\n<!-- MSP Ads Asynchronous JS Tag - Generated with Revive Adserver v5.4.1 -->\r\n<ins data-revive-zoneid=\"167\" data-revive-id=\"060fdb01f6430ec164d3519234aa4967\"><\/ins>\r\n<script async src=\"\/\/panel.ads.com.mk\/www\/delivery\/asyncjs.php\"><\/script>\n<\/div>\n<p><strong><span class=\"dropcap dropcap3\">1<\/span>\u00a0<\/strong>Nd\u00ebrkoh\u00eb q\u00eb Amerika akoma flinte e Japonia po p\u00ebrgatitej p\u00ebr gjum\u00eb, un\u00eb u zgjova n\u00eb Maqedoni, nj\u00eb nd\u00ebr shtetet m\u00eb t\u00eb zhvilluara t\u00eb bot\u00ebs. K\u00ebshtu shkruante n\u00eb njoftimet e lajmeve n\u00eb televizion.<\/p>\n<p>Ka ardhur koha q\u00eb Maqedonia ta ngadal\u00ebsoj\u00eb tempon e zhvillimit. Sepse, n\u00ebse vazhdojm\u00eb k\u00ebshtu, Pjongjangu do t\u2019i kthej\u00eb raketat luftarake drejt Shkupit. Ashtu i lajn\u00eb hesapet me m\u00eb t\u00eb zhvilluarit se ata.<\/p>\n<p>Realisht, \u00e7far\u00eb mendoni kur n\u00eb lajme ju thon\u00eb q\u00eb Maqedonia \u00ebsht\u00eb nj\u00eb nga shtetet m\u00eb t\u00eb zhvilluara t\u00eb bot\u00ebs? A mendoni: \u201cEh, kush e di si e kan\u00eb shtetet e pazhvilluara\u201d.<\/p>\n<p><span class=\"dropcap dropcap3\"><strong>2\u00a0<\/strong><\/span>Nga prokuroria e Zv\u00ebrlevskit shkruajt\u00ebn let\u00ebr, i shisnin mend Katica Janev\u00ebs n\u00eb latinisht, por ama harruan t\u00eb n\u00ebnshkruanin. P\u00ebr fat t\u00eb keq. Sepse k\u00ebshtu, pa n\u00ebnshkrim, nuk do t\u00eb dim\u00eb se cil\u00ebt na qenkan k\u00ebta prokuror\u00eb aq profesionist\u00eb q\u00eb \u0435 vler\u00ebsuan Katic\u00ebn si joprofesioniste.<\/p>\n<p>Shum\u00eb i interesuar jam ta di n\u00ebse k\u00ebta prokuror\u00eb t\u00eb pan\u00ebnshkruar jan\u00eb t\u00eb nivelit t\u00eb profesionist\u00ebve q\u00eb gjysm\u00eb viti tashm\u00eb nuk po arrijn\u00eb t\u00eb dekodojn\u00eb celularin e d\u00ebshmitarit t\u00eb PSP-s\u00eb, Kosta K\u00ebrpa\u00e7? Ose k\u00ebta jan\u00eb ata profesionist\u00eb q\u00eb pas aksidentit, e gjet\u00ebn trupin e gazetarit Nikolla Mlladenov me an\u00eb t\u00eb sinjalit t\u00eb celularit, por vet\u00eb celularin, nuk e gjet\u00ebn? T\u00eb cil\u00ebt, p\u00ebr dallim nga joprofesionistja Katica, akoma b\u00ebjn\u00eb hetim profesional mbi personin q\u00eb sulmoi Komun\u00ebn e Qendr\u00ebs para tre vjet\u00ebsh. N\u00eb lidhje me sulmin e qendr\u00ebs LGBT, m\u00eb mir\u00eb t\u00eb mos flasim fare. Atje, sulmuesit ishin me kapu\u00e7a, \u00ebsht\u00eb hetim i komplikuar ai.<\/p>\n<p>Ngaq\u00eb ishin aq profesionist\u00eb k\u00ebta prokuror\u00eb, e gjith\u00eb bota u ngrit q\u00eb ta nxjerr\u00eb Maqedonin\u00eb nga kriza, e duhej t\u00eb formohej Prokurori joprofesionale speciale.<\/p>\n<p><span class=\"dropcap dropcap3\"><strong>3\u00a0<\/strong><\/span>Edhe profesionist\u00ebt e Gjykat\u00ebs penale u ankuan p\u00ebr joprofesionalizmin e Prokuroris\u00eb speciale publike. Lajm\u00ebruan q\u00eb Gjykata nuk d\u00ebshiron t\u00eb marr\u00eb pjes\u00eb n\u00eb spektaklet e PSP-s\u00eb dhe t\u00eb shkel\u00eb prezumcionin e pafaj\u00ebsis\u00eb, por \u201cnga tani do ta informoj\u00eb publikun me precizitet dhe n\u00eb koh\u00ebn e duhur, n\u00ebp\u00ebrmjet lajm\u00ebrimeve, p\u00ebr t\u00eb gjitha vendimet e marra\u201d.<\/p>\n<p>Do me th\u00ebn\u00eb, Katica kishte t\u00eb drejt\u00eb kur tha se i ka tollovitur gjykat\u00ebsit. Pasi k\u00ebta thon\u00eb q\u00eb nga tani do t\u00eb nisin me k\u00ebng\u00eb t\u00eb re, gj\u00eb q\u00eb do t\u00eb thot\u00eb q\u00eb deri tani kan\u00eb stonuar. Dhe paskan pritur deri n\u00eb k\u00ebt\u00eb moment q\u00eb t\u2019i hidh\u00ebrohen nj\u00eb prokurori q\u00eb b\u00ebn pun\u00ebn e vet.<\/p>\n<p>Se deri tani, nuk u paskan penguar prokuror\u00ebt.<\/p>\n<p><strong>\u00a0<\/strong>Gjykat\u00ebsve q\u00eb iu duket gj\u00eb spektakolare kur Katica, para port\u00ebs s\u00eb MPB thot\u00eb: \u201cHape, hape!\u201d, q\u00eb t\u00eb zbatoj\u00eb urdh\u00ebr gjykate, nuk iu duken mjaftuesh\u00ebm spektakolare parakalimet para Gjykat\u00ebs kur i \u00e7onin p\u00ebr marrje n\u00eb pyetje gazetarin Tomisllav Kezharovski, mjekun dhe liderin sindikal Dejan Stavriq dhe pun\u00ebtor\u00ebt e pagesave rrugore t\u00eb Syrit t\u00eb gjarprit. Edhe mjek\u00ebt e dyshuar p\u00ebr ryshfet dhe profesor\u00ebt e fakultetit ekonomik. Edhe koleg\u00ebt e tyre \u2013 gjykat\u00ebsit p\u00ebr kund\u00ebrvajtje.<\/p>\n<p>Tani Katic\u00ebn e mbron dinjiteti i pushtetit gjyq\u00ebsor. \u00a0Nuk u kontestohej dinjiteti kur shfryt\u00ebzonin lidhjet dhe blinin \u201cSvarovski\u201d q\u00eb t\u00eb hyn\u00eb n\u00eb defterin e Goc\u00ebs dhe t\u00eb lexohen te sekretaresha e kryeministrit.<\/p>\n<p><span class=\"dropcap dropcap3\"><strong>4\u00a0<\/strong><\/span>N\u00eb lajme u shfaq\u00ebn disa tituj t\u00eb dal\u00eb nga brifingu i zyr\u00ebs s\u00eb BE-s\u00eb n\u00eb Shkup, t\u00eb cil\u00ebt sugjerojn\u00eb q\u00eb \u201cdiplomat\u00ebt konsiderojn\u00eb q\u00eb do t\u00eb ishte mir\u00eb n\u00ebse Prokurorja speciale do t\u00eb ishte m\u00eb pak aktive gjat\u00eb fushat\u00ebs zgjedhore q\u00eb t\u00eb mos ndikoj\u00eb n\u00eb rezultatet e zgjedhjeve\u201d.<\/p>\n<p>Demek, Katica u dashka t\u00eb qet\u00ebsohet pak. \u00c7far\u00eb do t\u00eb thot\u00eb kjo? Q\u00eb PSP-ja duhet t\u2019i ngrij\u00eb hetimet deri n\u00eb zgjedhje q\u00eb t\u00eb mos ndikoj\u00eb n\u00eb rezultatin zgjedhor? Hetime, mes t\u00eb cilave ka edhe mashtrime zgjedhore t\u00eb 7 vjet\u00ebve t\u00eb fundit. E kjo, \u00e7far\u00eb do t\u00eb thot\u00eb? Q\u00eb dikush q\u00eb d\u00ebshiron t\u00eb shkoj\u00eb n\u00eb zgjedhje ka frik\u00eb se mos mbaroj\u00eb n\u00eb burg p\u00ebr shkak t\u00eb hetimeve t\u00eb PSP-s\u00eb, sepse ka vjedhur n\u00eb zgjedhje? Epo kjo gj\u00eb, me t\u00eb v\u00ebrtet\u00eb do t\u00eb ndikonte n\u00eb rezultatin zgjedhor.<\/p>\n<p>Nejse. Diplomat\u00ebt fol\u00ebn, kurse LSDM-ja hesht. A do t\u00eb thot\u00eb kjo q\u00eb atyre iu konvenon q\u00eb PSP-ja t\u2019i nd\u00ebrpres\u00eb hetimet? E n\u00ebse \u00ebsht\u00eb k\u00ebshtu, a do t\u00eb thot\u00eb q\u00eb m\u00eb kot jemi marr\u00eb dy vjet me bombat? Q\u00eb ajo q\u00eb d\u00ebgjuam nuk \u00ebsht\u00eb krim q\u00eb vlen t\u00eb hetohet sepse tani kemi zgjedhje?<\/p>\n<p>Epo, n\u00ebse PSP-ja e Katica Janev\u00ebs nuk duhet t\u00eb punoj\u00eb sepse do t\u2019i ndikoj\u00eb zgjedhjet, at\u00ebher\u00eb deri n\u00eb 11 dhjetor nuk duhet t\u00eb punoj\u00eb as Prokuroria e Marko Zv\u00ebrlevskit.<\/p>\n<p>Q\u00eb do t\u00eb thot\u00eb se, n\u00eb k\u00ebt\u00eb shtet ligj dhe drejt\u00ebsi do t\u00eb ket\u00eb aq sa do t\u00eb merren vesh Zaevi dhe Gruevski. Del q\u00eb, n\u00eb realitet, n\u00ebse VMRO-DPMNE-ja dhe LSDM-ja bien dakord, mund t\u00eb mos vlej\u00eb as edhe Kushtetuta. K\u00ebshtu-ashtu, institucionet m\u00eb t\u00eb larta t\u00eb shtetit jan\u00eb Ligji i partis\u00eb, Klubi i deputet\u00ebve dhe Rezidenca e BE-s\u00eb n\u00eb P\u00ebrzhino. Dhe k\u00ebshtu, shteti dhe parashteti u b\u00ebn\u00eb nj\u00eb. Kurse ne, naiv\u00ebt, le t\u00eb besojm\u00eb n\u00eb drejt\u00ebsi, ligj, interes publik, transparenc\u00eb, moral, p\u00ebrgjegj\u00ebsi&#8230;.Tra-la-la&#8230;<\/p>\n<p><strong><span class=\"dropcap dropcap3\">5<\/span>\u00a0<\/strong>T\u2019i kthehemi realitetit n\u00eb fillim t\u00eb k\u00ebtij teksti, at\u00ebher\u00eb kur u zgjova n\u00eb nj\u00eb nd\u00ebr ekonomit\u00eb m\u00eb t\u00eb zhvilluara t\u00eb bot\u00ebs. Se sa t\u00eb zhvilluar jemi ishte e dukshme akoma dhe te shembulli i Strumic\u00ebs, nj\u00eb nga tri komunat n\u00eb t\u00eb cilat pushtetin e ka opozita.<\/p>\n<p>Strumica realizoi dy suksese brenda nj\u00eb jave. S\u00eb pari, vazhdoi me nd\u00ebrtimin e stacionit t\u00eb pastrimit q\u00eb kan\u00eb filluar ta nd\u00ebrtojn\u00eb para 20 vjet\u00ebve, por e kan\u00eb nd\u00ebrprer\u00eb sepse nuk kan\u00eb pasur para. Tani kan\u00eb fituar para nga BE-ja. Dhe kan\u00eb q\u00eb kan\u00eb para, soll\u00ebn vendim t\u00eb ngren\u00eb nj\u00eb p\u00ebrmendore t\u00eb Baba Vangj\u00ebs. Pse? Sepse k\u00ebshilltar\u00ebt e komun\u00ebs kan\u00eb mbajtur tubim n\u00eb dit\u00ebn e Sh\u00ebn Petk\u00ebs, kurse Sh\u00ebn Petka paska qen\u00eb mbrojt\u00ebse e Baba Vangj\u00ebs. \u00a0Logjik\u00eb e past\u00ebr. E pabesueshme, por e v\u00ebrtet\u00eb. Me siguri Baba Vangja ka parashikuar q\u00eb p\u00ebr 20 vjet do t\u00eb vazhdojn\u00eb me nd\u00ebrtimin e stacionit t\u00eb pastrimit. Se a do ta mbaronin, k\u00ebt\u00eb nuk e ka par\u00eb as ajo.<\/p>\n<p>LSDM-ja n\u00eb dit\u00ebn e Sh\u00ebn Petk\u00ebs ishte n\u00eb pun\u00eb. Q\u00eb t\u00eb shes\u00eb populiz\u00ebm, si\u00e7 b\u00ebn VMRO-DPMNE-ja.<\/p>\n<p>N\u00eb koh\u00ebn e qeverisjes s\u00eb VMRO-DPMNE-s\u00eb, nj\u00ebsia mat\u00ebse p\u00ebr harxhimin e paarsyesh\u00ebm ishte koqja e kalit t\u00eb Aleksandrit. P\u00ebr shembull, sa t\u00eb s\u00ebmur\u00eb mund t\u00eb sh\u00ebrohen me vler\u00ebn e nj\u00eb koqeje? N\u00ebse vjen deri te ndryshimet, ndoshta nj\u00ebsia p\u00ebr matjen e harxhimit t\u00eb paarsyesh\u00ebm do t\u00eb ndryshoj\u00eb. E k\u00ebshtu, gjith\u00e7ka do t\u00eb masim me vler\u00ebn e syrit qorr t\u00eb Baba Vangj\u00ebs.<\/p>\n<p><span class=\"dropcap dropcap3\"><strong>6<\/strong><\/span><\/p>\n<p>N\u00eb Oh\u00ebr mbahet nj\u00eb konferenc\u00eb gjyq\u00ebsore me titull \u201cGjykat\u00eb e pavarur\u201d. E kan\u00eb q\u00eblluar tamam, si tem\u00ebn ashtu dhe qytetin. Vet\u00ebm se, e kam pak t\u00eb v\u00ebshtir\u00eb ta kuptoj se cili \u00ebsht\u00eb zhanri i konferenc\u00ebs. Fantashkenc\u00eb? Ose komedi? Ose prap\u00eb se prap\u00eb, tragjedi.<\/p>\n<p><em>P\u00ebrktheu: Fjolla Zllatku<\/em><\/p>\n<p>&nbsp;<\/p>\n\n<div style=\"font-size: 0px; height: 0px; line-height: 0px; margin: 0; padding: 0; clear: both;\"><\/div>","protected":false},"excerpt":{"rendered":"<p>1\u00a0Nd\u00ebrkoh\u00eb q\u00eb Amerika akoma flinte e Japonia po p\u00ebrgatitej p\u00ebr gjum\u00eb, un\u00eb u zgjova n\u00eb Maqedoni, nj\u00eb nd\u00ebr shtetet m\u00eb [&hellip;]<\/p>\n","protected":false},"author":1,"featured_media":0,"comment_status":"closed","ping_status":"closed","sticky":false,"template":"","format":"standard","meta":{"_mo_disable_npp":"","inline_featured_image":false},"categories":[1825],"tags":[],"imageURL":false,"thumbURL":false,"categoryNames":["DUA T\u00cb THEM"],"feature_caption":"","subtitle":"a:1:{s:11:\"td_subtitle\";s:66:\"\u00cbsht\u00ebfantashkenc\u00eb?Osekomedi?Oseprap\u00ebseprap\u00eb,tragjedi.","views":"3047","source":"","yoast_head":"<!-- This site is optimized with the Yoast SEO Premium plugin v15.0 - https:\/\/yoast.com\/wordpress\/plugins\/seo\/ -->\n<title>VANGJA DHE KALI - \u0421\u0430\u043a\u0430\u043c \u0414\u0430 \u041a\u0430\u0436\u0430\u043c<\/title>\n<meta name=\"robots\" content=\"index, follow, max-snippet:-1, max-image-preview:large, max-video-preview:-1\" \/>\n<link rel=\"canonical\" href=\"https:\/\/sdk.mk\/index.php\/dua-te-them\/vangja-dhe-kali\/\" \/>\n<meta property=\"og:locale\" content=\"mk_MK\" \/>\n<meta property=\"og:type\" content=\"article\" \/>\n<meta property=\"og:title\" content=\"VANGJA DHE KALI - \u0421\u0430\u043a\u0430\u043c \u0414\u0430 \u041a\u0430\u0436\u0430\u043c\" \/>\n<meta property=\"og:description\" content=\"1\u00a0Nd\u00ebrkoh\u00eb q\u00eb Amerika akoma flinte e Japonia po p\u00ebrgatitej p\u00ebr gjum\u00eb, un\u00eb u zgjova n\u00eb Maqedoni, nj\u00eb nd\u00ebr shtetet m\u00eb [&hellip;]\" \/>\n<meta property=\"og:url\" content=\"https:\/\/sdk.mk\/index.php\/dua-te-them\/vangja-dhe-kali\/\" \/>\n<meta property=\"og:site_name\" content=\"\u0421\u0430\u043a\u0430\u043c \u0414\u0430 \u041a\u0430\u0436\u0430\u043c\" \/>\n<meta property=\"article:published_time\" content=\"2016-10-29T13:39:43+00:00\" \/>\n<meta property=\"og:image\" content=\"https:\/\/sdk.mk\/wp-content\/uploads\/2015\/12\/goran-mihailovski2.jpg\" \/>\n\t<meta property=\"og:image:width\" content=\"400\" \/>\n\t<meta property=\"og:image:height\" content=\"313\" \/>\n<meta property=\"fb:app_id\" content=\"2407985809428537\" \/>\n<meta name=\"twitter:card\" content=\"summary\" \/>\n<script type=\"application\/ld+json\" class=\"yoast-schema-graph\">{\"@context\":\"https:\/\/schema.org\",\"@graph\":[{\"@type\":\"WebSite\",\"@id\":\"https:\/\/sdk.mk\/#website\",\"url\":\"https:\/\/sdk.mk\/\",\"name\":\"\\u0421\\u0430\\u043a\\u0430\\u043c \\u0414\\u0430 \\u041a\\u0430\\u0436\\u0430\\u043c\",\"description\":\"\\u0417\\u0430 \\u0441\\u043b\\u043e\\u0431\\u043e\\u0434\\u043e\\u0443\\u043c\\u043d\\u0438\",\"potentialAction\":[{\"@type\":\"SearchAction\",\"target\":\"https:\/\/sdk.mk\/?s={search_term_string}\",\"query-input\":\"required name=search_term_string\"}],\"inLanguage\":\"mk-MK\"},{\"@type\":\"WebPage\",\"@id\":\"https:\/\/sdk.mk\/index.php\/dua-te-them\/vangja-dhe-kali\/#webpage\",\"url\":\"https:\/\/sdk.mk\/index.php\/dua-te-them\/vangja-dhe-kali\/\",\"name\":\"VANGJA DHE KALI - \\u0421\\u0430\\u043a\\u0430\\u043c \\u0414\\u0430 \\u041a\\u0430\\u0436\\u0430\\u043c\",\"isPartOf\":{\"@id\":\"https:\/\/sdk.mk\/#website\"},\"datePublished\":\"2016-10-29T13:39:43+00:00\",\"dateModified\":\"2016-10-29T13:39:43+00:00\",\"author\":{\"@id\":\"https:\/\/sdk.mk\/#\/schema\/person\/be7cfa6655c47f7195bfdd0ba8144aa2\"},\"inLanguage\":\"mk-MK\",\"potentialAction\":[{\"@type\":\"ReadAction\",\"target\":[\"https:\/\/sdk.mk\/index.php\/dua-te-them\/vangja-dhe-kali\/\"]}]},{\"@type\":\"Person\",\"@id\":\"https:\/\/sdk.mk\/#\/schema\/person\/be7cfa6655c47f7195bfdd0ba8144aa2\",\"name\":\"\\u0413\\u043e\\u0440\\u0430\\u043d \\u041c\\u0438\\u0445\\u0430\\u0458\\u043b\\u043e\\u0432\\u0441\\u043a\\u0438\"}]}<\/script>\n<!-- \/ Yoast SEO Premium plugin. -->","_links":{"self":[{"href":"https:\/\/sdk.mk\/index.php\/wp-json\/wp\/v2\/posts\/15353"}],"collection":[{"href":"https:\/\/sdk.mk\/index.php\/wp-json\/wp\/v2\/posts"}],"about":[{"href":"https:\/\/sdk.mk\/index.php\/wp-json\/wp\/v2\/types\/post"}],"author":[{"embeddable":true,"href":"https:\/\/sdk.mk\/index.php\/wp-json\/wp\/v2\/users\/1"}],"replies":[{"embeddable":true,"href":"https:\/\/sdk.mk\/index.php\/wp-json\/wp\/v2\/comments?post=15353"}],"version-history":[{"count":0,"href":"https:\/\/sdk.mk\/index.php\/wp-json\/wp\/v2\/posts\/15353\/revisions"}],"wp:attachment":[{"href":"https:\/\/sdk.mk\/index.php\/wp-json\/wp\/v2\/media?parent=15353"}],"wp:term":[{"taxonomy":"category","embeddable":true,"href":"https:\/\/sdk.mk\/index.php\/wp-json\/wp\/v2\/categories?post=15353"},{"taxonomy":"post_tag","embeddable":true,"href":"https:\/\/sdk.mk\/index.php\/wp-json\/wp\/v2\/tags?post=15353"}],"curies":[{"name":"wp","href":"https:\/\/api.w.org\/{rel}","templated":true}]}}