{"id":15570,"date":"2016-11-02T14:11:29","date_gmt":"2016-11-02T13:11:29","guid":{"rendered":"http:\/\/sdk.mk\/\/?p=15570"},"modified":"2016-11-02T14:11:29","modified_gmt":"2016-11-02T13:11:29","slug":"burgu-idrizove-ndaloi-qe-te-gjykarat-te-japin-ilace-dhe-metadon-pas-reagimit-te-ombudsmanit","status":"publish","type":"post","link":"https:\/\/sdk.mk\/index.php\/ngrije-zerin-per-avokatin-e-popullit\/burgu-idrizove-ndaloi-qe-te-gjykarat-te-japin-ilace-dhe-metadon-pas-reagimit-te-ombudsmanit\/","title":{"rendered":"BURGU \u201cIDRIZOV\u00cb\u201d NDALOI Q\u00cb T\u00cb GJYKARAT T\u00cb JAPIN ILA\u00c7E DHE METADON, PAS REAGIMIT T\u00cb OMBUDSMANIT"},"content":{"rendered":"<div class=\"f52428582a4b906b2d2e2a7d733c7d27\" data-index=\"7\" style=\"float: none; margin:10px 0 10px 0; text-align:center;\">\n<!-- MSP Ads Asynchronous JS Tag - Generated with Revive Adserver v5.4.1 -->\r\n<ins data-revive-zoneid=\"167\" data-revive-id=\"060fdb01f6430ec164d3519234aa4967\"><\/ins>\r\n<script async src=\"\/\/panel.ads.com.mk\/www\/delivery\/asyncjs.php\"><\/script>\n<\/div>\n<p>Burgu \u201cIdrizov\u00eb\u201d ua ndaloi t\u00eb gjykuarave t\u00eb japin terapin\u00eb ditore me hapa dhe metadon, pas nd\u00ebrhyrjes s\u00eb Avokatit t\u00eb Popullit, Ixhet Memeti. Ombudsmani, n\u00eb 20 korrik reagoi n\u00eb lidhje me faktin q\u00eb tashm\u00eb nj\u00eb vit n\u00eb repartin e femrave n\u00eb burgun e Idrizov\u00ebs, terapia ndahej nga nj\u00eb e gjykuar kontrabandiste e kokain\u00ebs, nd\u00ebrsa z\u00ebvend\u00ebse e kishte nj\u00eb t\u00eb gjykuar tjet\u00ebr p\u00ebr vrasje. Vendimin p\u00ebr ndalim e ka sjell\u00eb drejtori i burgut \u201cIdrizov\u00eb\u201d, Zhivko Pejkovski, n\u00eb 26 tetor.<\/p>\n<p><span style=\"font-weight: 400;\">Sipas urdh\u00ebrit t\u00eb Pejkovskit, vet\u00ebm an\u00ebtaret e policis\u00eb s\u00eb burgut do t\u00eb ken\u00eb qasje te terapia e parapregatitur ditore apo ajo e rregullt javore. Hapat do t\u00eb ndahen n\u00eb baz\u00eb ditore, rrept\u00ebsisht, sipas udh\u00ebzimeve t\u00eb mjekut. \u00a0<\/span><\/p>\n<p><span style=\"font-weight: 400;\">Si\u00e7 publikoi SAKAMDAKAZAM.MK n\u00eb 26 gusht, Avokati i Popullit ka zbuluar mbi rastin e ndarjes s\u00eb terapis\u00eb n\u00eb repartin e femrave n\u00eb burgun \u201cIdrizov\u00eb\u201d n\u00ebp\u00ebmjet parashtresave anonime t\u00eb t\u00eb burgosurave. <\/span><\/p>\n<p><a href=\"http:\/\/sdk.mk\/\/index.php\/ngrije-zerin-per-avokatin-e-popullit\/e-denuara-kontrabandiste-e-kokaines-mjekon-te-burgosurat-ne-idrizove\/\"><span style=\"font-weight: 400;\">KONTRABANDISTJA E GJYKUAR P\u00cbR KOKAIN\u00cb I MJEKON T\u00cb BURGOSURAT N\u00cb IDRIZOV\u00cb <\/span><\/a><\/p>\n<p><span style=\"font-weight: 400;\">Ato jan\u00eb ankuar q\u00eb n\u00eb vend t\u00eb mjekesh\u00ebs, motr\u00ebs medicinale apo personave t\u00eb tjer\u00eb publik\u00eb, n\u00eb institucion, hapat ua ka ndar\u00eb e gjykuara, e cila n\u00eb fillim i ka bluar n\u00eb form\u00eb pluhuri, ka b\u00ebr\u00eb kokteje dhe pastaj ua ka dh\u00ebn\u00eb t\u00eb burgosurave. N\u00eb rastet kur kan\u00eb munguar hapat q\u00eb \u00ebsht\u00eb dashur t\u2019i marrin, dy t\u00eb burgosura n\u00eb rolin e mjekut kan\u00eb kryer nd\u00ebrrimin e ila\u00e7eve. Sipas parashtreasve anonime t\u00eb cilat kan\u00eb ardhur nga Avokati i Popullit, po e nj\u00ebjta e gjykuar p\u00ebr drog\u00eb, n\u00eb rastet e l\u00ebndimeve m\u00eb t\u00eb vogla, ka b\u00ebr\u00eb edhe lidhje me fasho. <\/span><\/p>\n<p><span style=\"font-weight: 400;\">Avokati i Popullit ka qen\u00eb i lajm\u00ebruar q\u00eb n\u00eb burgun e Idrizov\u00ebs jan\u00eb marr\u00eb masa me t\u00eb cilat do t\u00eb rregullohet distribuimi i ila\u00e7eve p\u00ebr trajtime me terapi ditore, si dhe p\u00ebr terapin\u00eb e rregullt t\u00eb t\u00eb gjykuarve me probleme sh\u00ebndet\u00ebsore kronike, t\u00eb cilat e kan\u00eb t\u00eb domosdoshme terapin\u00eb e vazhdueshme, sipas nj\u00eb udh\u00ebzimi paraprak nga mjeku i burgut ose mjeku-specialist. Rekomandimi yn\u00eb kishte t\u00eb b\u00ebnte me m\u00ebnyr\u00ebn e p\u00ebrgatitjes dhe ndarjes s\u00eb terapis\u00eb si dhe dh\u00ebnies s\u00eb sh\u00ebrbimeve sh\u00ebndet\u00ebsore nga sh\u00ebndeti primar dhe sekondar. Pas k\u00ebtij rekomandimi, nga Enti nd\u00ebshkues p\u00ebrmir\u00ebsues, mor\u00ebm lajm\u00ebrim q\u00eb pranohet rekomandimi dhe q\u00eb jan\u00eb marr\u00eb masa p\u00ebr trajtimin e rregullt me terapi dhe p\u00ebr mbrojtjen sh\u00ebndet\u00ebsore t\u00eb k\u00ebtyre personave\u201d, deklaroi p\u00ebr SAKAMDAKAZAM.MK, z\u00ebvend\u00ebs Avokati i Popullit, Vaska Bajramovska \u2013 Mustafa, e cila e udh\u00ebhiqte k\u00ebt\u00eb rast. <\/span><\/p>\n<p><span style=\"font-weight: 400;\">N\u00eb k\u00ebt\u00eb kontekst, thot\u00eb ajo, drejtori i ENP \u201cIdrizov\u00eb\u201d, ka dh\u00ebn\u00eb urdh\u00ebr me t\u00eb cilin ekzaminimet sh\u00ebndet\u00ebsore t\u00eb t\u00eb gjykuarave do t\u2019i kryej\u00eb mjeku, n\u00eb ambulanc\u00ebn e repartit fem\u00ebror, t\u00eb pakt\u00ebn nj\u00eb her\u00eb n\u00eb jav\u00eb. Sipas urdh\u00ebrit, n\u00eb rast nevoje p\u00ebr ekzaminime plot\u00ebsuese jasht\u00eb termineve t\u00eb p\u00ebrcaktuara me orar mujor t\u00eb pun\u00ebs s\u00eb sh\u00ebrbimit mjek\u00ebsor, ekzaminimet do t\u00eb kryhen me koordinim paraprak t\u00eb sh\u00ebrbimeve t\u00eb policis\u00eb s\u00eb burgut dhe sh\u00ebrbimit sh\u00ebndet\u00ebsor. <\/span><\/p>\n<p><span style=\"font-weight: 400;\">\u201cEkzaminimet e t\u00eb gjykuarave i kryen mjeku am\u00eb, i cili ka p\u00ebrgjegj\u00ebsin\u00eb e t\u00eb dh\u00ebnit sh\u00ebrbime mjek\u00ebsore n\u00eb fush\u00ebn e mbrojtjes primare sh\u00ebndet\u00ebsore. Me pranimin e nj\u00eb personi t\u00eb ri t\u00eb gjykuar, mjeku \u00ebsht\u00eb i detyruar t\u00eb realizoj\u00eb ekzaminim sh\u00ebndet\u00ebsor sistematik n\u00eb afat 24 or\u00ebsh. Psikiatri i Entit do t\u00eb ordinoj\u00eb n\u00eb repartin fem\u00ebror \u00e7do t\u00eb h\u00ebn\u00eb\u201d, thot\u00eb Bajramovska \u2013 Mustafa p\u00ebr ndryshimet q\u00eb po b\u00ebhen n\u00eb sistemin sh\u00ebndet\u00ebsor n\u00eb repartin e femrave n\u00eb Idrizov\u00eb, pas ndr\u00ebhyrjes s\u00eb Ombudsmanit. <\/span><\/p>\n<p><span style=\"font-weight: 400;\">P\u00ebr shkak t\u00eb sistemit t\u00eb keq dhe jofunksional t\u00eb mbrojtjes sh\u00ebndet\u00ebsore n\u00eb burgje, gj\u00eb p\u00ebr t\u00eb cil\u00ebn Avokati i Popullit ka alarmuar me vite, ai lajm\u00ebron se do ta ndjek\u00eb edhe m\u00eb tej gjendjen n\u00eb ENP \u201cIdrizov\u00eb\u201d dhe zbatimin e urdh\u00ebrit t\u00eb drejtorit Pejovski. <\/span><\/p>\n<p><span style=\"font-weight: 400;\">Pas parashtres\u00ebs anonime t\u00eb t\u00eb burgosorave, Avokati i Popullit, menj\u00ebher\u00eb e ka lajm\u00ebruar Drejtorin\u00eb p\u00ebr ekzekutimin e sanksioneve n\u00eb lidhje me keqp\u00ebrdoprimin, nga e cila ka k\u00ebrkuar q\u00eb t\u00eb kryej\u00eb kontroll\u00eb mbi pohimet e t\u00eb burgosurave dhe Drejtoria ka vepruar urgjentisht. Sipas <\/span><span style=\"font-weight: 400;\">procesit verbal \u00a0<\/span><span style=\"font-weight: 400;\">t\u00eb Drejtoris\u00eb nga mbikqyrja profesionale, jan\u00eb v\u00ebrtetuar t\u00eb gjitha pohimet e t\u00eb gjykuarave p\u00ebr pak\u00ebnaq\u00ebsin\u00eb e sh\u00ebrbimit sh\u00ebndet\u00ebsor n\u00eb burg. <\/span><\/p>\n<p><span style=\"font-weight: 400;\">Avokati i Popullit k\u00ebrkon t\u00eb kryhet reforma sh\u00ebndet\u00ebsore n\u00eb institucionet nd\u00ebshkuese p\u00ebrmir\u00ebsuese n\u00eb Maqedoni dhe n\u00eb Entin nd\u00ebshkues- p\u00ebrmir\u00ebsues \u201cTetov\u00eb\u201d, e cila para tre vjet\u00ebsh ka hyr\u00eb n\u00eb Ligjin p\u00ebr ekzekutimin e sanksioneve, por nuk \u00ebsht\u00eb zbatuar. \u00a0Kjo reform\u00eb duhet t\u00eb duket n\u00eb repartin mashkullor n\u00eb burgun e Idrizov\u00ebs si dhe n\u00eb t\u00eb gjitha burgjet tjera n\u00eb Maqedoni dhe n\u00eb Entin NP \u201cTetov\u00eb\u201d, ashtu si\u00e7 tani planifikohet t\u00eb zbatohet n\u00eb repartin fem\u00ebror n\u00eb \u201cIdrizov\u00eb\u201d, pas nd\u00ebrhyrjes s\u00eb Ombudsmanit. <\/span><\/p>\n<p><span style=\"font-weight: 400;\">Muajin e shkuar vdiq\u00ebn dy t\u00eb burgosur n\u00eb burgun m\u00eb t\u00eb madh, \u201cIdrizov\u00eb\u201d, i cili p\u00ebr momentin num\u00ebron 1.950 t\u00eb burgosur, ka vet\u00ebm nj\u00eb mjek, nuk ka nd\u00ebrrim t\u00eb dyt\u00eb dhe as kujdestari t\u00eb mjek\u00ebve gjat\u00eb nat\u00ebs. N\u00eb shtator t\u00eb vitit t\u00eb kaluar, n\u00eb \u201cIdrizov\u00eb\u201d vdiq i gjykuari 25 vje\u00e7ar, nd\u00ebrsa sivjet n\u00eb qendr\u00ebn p\u00ebr urgjenca n\u00eb klinikat e Shkupit ka vdekur nj\u00eb i gjykuar 29 vje\u00e7ar. Rekordin tragjik mban shtatori i vitit 2014, kur brenda nj\u00eb jave n\u00eb \u201cIdrizov\u00eb\u201d vdiq\u00ebn tre t\u00eb burgosur t\u00eb s\u00ebmur\u00eb. <\/span><\/p>\n<p><span style=\"font-weight: 400;\">Avokati i Popullit deklaroi q\u00eb n\u00eb qoft\u00eb se pas obduksionit t\u00eb dy t\u00eb burgosurve t\u00eb fundit v\u00ebrtetohet \u00a0pakujdesia mjek\u00ebsore dhe mospasja e mbrojtjes sh\u00ebndet\u00ebsore, do t\u00eb k\u00ebrkoj\u00eb p\u00ebrgjegj\u00ebsi penale nga ai q\u00eb nuk e ka zbatuar reform\u00ebn sh\u00ebndet\u00ebsore, m\u00eb sakt\u00eb nga Ministria e sh\u00ebndet\u00ebsis\u00eb. <\/span><\/p>\n<p><span style=\"font-weight: 400;\">P\u00ebrktheu: Fjolla Zllatku <\/span><\/p>\n\n<div style=\"font-size: 0px; height: 0px; line-height: 0px; margin: 0; padding: 0; clear: both;\"><\/div>","protected":false},"excerpt":{"rendered":"<p>Burgu \u201cIdrizov\u00eb\u201d ua ndaloi t\u00eb gjykuarave t\u00eb japin terapin\u00eb ditore me hapa dhe metadon, pas nd\u00ebrhyrjes s\u00eb Avokatit t\u00eb Popullit, [&hellip;]<\/p>\n","protected":false},"author":9,"featured_media":10969,"comment_status":"closed","ping_status":"closed","sticky":false,"template":"","format":"standard","meta":{"_mo_disable_npp":"","inline_featured_image":false},"categories":[3087,3083],"tags":[],"imageURL":"https:\/\/sdk.mk\/wp-content\/uploads\/2016\/08\/idrizivo-4-650x384.jpg","thumbURL":"https:\/\/sdk.mk\/wp-content\/uploads\/2016\/08\/idrizivo-4-250x148.jpg","categoryNames":["Maqedonia","Ngrije z\u00ebrin p\u00ebr Avokatin e Popullit"],"feature_caption":"","subtitle":"a:2:{s:16:\"td_post_template\";s:23:\"single_template_british\";s:9:\"td_source\";s:45:\"\u0421\u043a\u043e\u043f\u0458\u0435,(\u0421\u0410\u041a\u0410\u041c\u0414\u0410\u041a\u0410\u0416\u0410\u041c.\u041c\u041a)","views":"3140","source":"","yoast_head":"<!-- This site is optimized with the Yoast SEO Premium plugin v15.0 - https:\/\/yoast.com\/wordpress\/plugins\/seo\/ -->\n<title>BURGU \u201cIDRIZOV\u00cb\u201d NDALOI Q\u00cb T\u00cb GJYKARAT T\u00cb JAPIN ILA\u00c7E DHE METADON, PAS REAGIMIT T\u00cb OMBUDSMANIT - \u0421\u0430\u043a\u0430\u043c \u0414\u0430 \u041a\u0430\u0436\u0430\u043c<\/title>\n<meta name=\"robots\" content=\"index, follow, max-snippet:-1, max-image-preview:large, max-video-preview:-1\" \/>\n<link rel=\"canonical\" href=\"https:\/\/sdk.mk\/index.php\/ngrije-zerin-per-avokatin-e-popullit\/burgu-idrizove-ndaloi-qe-te-gjykarat-te-japin-ilace-dhe-metadon-pas-reagimit-te-ombudsmanit\/\" \/>\n<meta property=\"og:locale\" content=\"mk_MK\" \/>\n<meta property=\"og:type\" content=\"article\" \/>\n<meta property=\"og:title\" content=\"BURGU \u201cIDRIZOV\u00cb\u201d NDALOI Q\u00cb T\u00cb GJYKARAT T\u00cb JAPIN ILA\u00c7E DHE METADON, PAS REAGIMIT T\u00cb OMBUDSMANIT - \u0421\u0430\u043a\u0430\u043c \u0414\u0430 \u041a\u0430\u0436\u0430\u043c\" \/>\n<meta property=\"og:description\" content=\"Burgu \u201cIdrizov\u00eb\u201d ua ndaloi t\u00eb gjykuarave t\u00eb japin terapin\u00eb ditore me hapa dhe metadon, pas nd\u00ebrhyrjes s\u00eb Avokatit t\u00eb Popullit, [&hellip;]\" \/>\n<meta property=\"og:url\" content=\"https:\/\/sdk.mk\/index.php\/ngrije-zerin-per-avokatin-e-popullit\/burgu-idrizove-ndaloi-qe-te-gjykarat-te-japin-ilace-dhe-metadon-pas-reagimit-te-ombudsmanit\/\" \/>\n<meta property=\"og:site_name\" content=\"\u0421\u0430\u043a\u0430\u043c \u0414\u0430 \u041a\u0430\u0436\u0430\u043c\" \/>\n<meta property=\"article:published_time\" content=\"2016-11-02T13:11:29+00:00\" \/>\n<meta property=\"og:image\" content=\"https:\/\/sdk.mk\/wp-content\/uploads\/2016\/08\/idrizivo-4.jpg\" \/>\n\t<meta property=\"og:image:width\" content=\"690\" \/>\n\t<meta property=\"og:image:height\" content=\"408\" \/>\n<meta property=\"fb:app_id\" content=\"2407985809428537\" \/>\n<meta name=\"twitter:card\" content=\"summary\" \/>\n<script type=\"application\/ld+json\" class=\"yoast-schema-graph\">{\"@context\":\"https:\/\/schema.org\",\"@graph\":[{\"@type\":\"WebSite\",\"@id\":\"https:\/\/sdk.mk\/#website\",\"url\":\"https:\/\/sdk.mk\/\",\"name\":\"\\u0421\\u0430\\u043a\\u0430\\u043c \\u0414\\u0430 \\u041a\\u0430\\u0436\\u0430\\u043c\",\"description\":\"\\u0417\\u0430 \\u0441\\u043b\\u043e\\u0431\\u043e\\u0434\\u043e\\u0443\\u043c\\u043d\\u0438\",\"potentialAction\":[{\"@type\":\"SearchAction\",\"target\":\"https:\/\/sdk.mk\/?s={search_term_string}\",\"query-input\":\"required name=search_term_string\"}],\"inLanguage\":\"mk-MK\"},{\"@type\":\"ImageObject\",\"@id\":\"https:\/\/sdk.mk\/index.php\/ngrije-zerin-per-avokatin-e-popullit\/burgu-idrizove-ndaloi-qe-te-gjykarat-te-japin-ilace-dhe-metadon-pas-reagimit-te-ombudsmanit\/#primaryimage\",\"inLanguage\":\"mk-MK\",\"url\":\"https:\/\/sdk.mk\/wp-content\/uploads\/2016\/08\/idrizivo-4.jpg\",\"width\":690,\"height\":408,\"caption\":\"\\u041e\\u043c\\u0431\\u0443\\u0434\\u0441\\u043c\\u0430\\u043d\\u043e\\u0442 \\u0440\\u0435\\u0430\\u0433\\u0438\\u0440\\u0430\\u0448\\u0435 \\u043d\\u0430 \\u0442\\u043e\\u0430 \\u0448\\u0442\\u043e \\u0432\\u0435\\u045c\\u0435 \\u0435\\u0434\\u043d\\u0430 \\u0433\\u043e\\u0434\\u0438\\u043d\\u0430 \\u0432\\u043e \\u0436\\u0435\\u043d\\u0441\\u043a\\u0438\\u043e\\u0442 \\u043e\\u0434\\u0434\\u0435\\u043b \\u0432\\u043e \\u0437\\u0430\\u0442\\u0432\\u043e\\u0440\\u043e\\u0442 \\u0418\\u0434\\u0440\\u0438\\u0437\\u043e\\u0432\\u043e \\u0442\\u0435\\u0440\\u0430\\u043f\\u0438\\u0458\\u0430\\u0442\\u0430 \\u0458\\u0430 \\u0434\\u0435\\u043b\\u0435\\u0448\\u0435 \\u043e\\u0441\\u0443\\u0434\\u0435\\u043d\\u0430 \\u0448\\u0432\\u0435\\u0440\\u0446\\u0435\\u0440\\u043a\\u0430 \\u043d\\u0430 \\u043a\\u043e\\u043a\\u0430\\u0438\\u043d, \\u0430 \\u0437\\u0430\\u043c\\u0435\\u043d\\u0430 \\u045d \\u0431\\u0435\\u0448\\u0435 \\u0434\\u0440\\u0443\\u0433\\u0430 \\u043e\\u0441\\u0443\\u0434\\u0435\\u043d\\u0438\\u0447\\u043a\\u0430 \\u0437\\u0430 \\u0443\\u0431\\u0438\\u0441\\u0442\\u0432\\u043e (\\u0424\\u043e\\u0442\\u043e: \\u0403. \\u041b\\u0438\\u0447\\u043e\\u0432\\u0441\\u043a\\u0438 \\u0437\\u0430 \\u0421\\u0414\\u041a.\\u041c\\u041a)\"},{\"@type\":\"WebPage\",\"@id\":\"https:\/\/sdk.mk\/index.php\/ngrije-zerin-per-avokatin-e-popullit\/burgu-idrizove-ndaloi-qe-te-gjykarat-te-japin-ilace-dhe-metadon-pas-reagimit-te-ombudsmanit\/#webpage\",\"url\":\"https:\/\/sdk.mk\/index.php\/ngrije-zerin-per-avokatin-e-popullit\/burgu-idrizove-ndaloi-qe-te-gjykarat-te-japin-ilace-dhe-metadon-pas-reagimit-te-ombudsmanit\/\",\"name\":\"BURGU \\u201cIDRIZOV\\u00cb\\u201d NDALOI Q\\u00cb T\\u00cb GJYKARAT T\\u00cb JAPIN ILA\\u00c7E DHE METADON, PAS REAGIMIT T\\u00cb OMBUDSMANIT - \\u0421\\u0430\\u043a\\u0430\\u043c \\u0414\\u0430 \\u041a\\u0430\\u0436\\u0430\\u043c\",\"isPartOf\":{\"@id\":\"https:\/\/sdk.mk\/#website\"},\"primaryImageOfPage\":{\"@id\":\"https:\/\/sdk.mk\/index.php\/ngrije-zerin-per-avokatin-e-popullit\/burgu-idrizove-ndaloi-qe-te-gjykarat-te-japin-ilace-dhe-metadon-pas-reagimit-te-ombudsmanit\/#primaryimage\"},\"datePublished\":\"2016-11-02T13:11:29+00:00\",\"dateModified\":\"2016-11-02T13:11:29+00:00\",\"author\":{\"@id\":\"https:\/\/sdk.mk\/#\/schema\/person\/3e8217f71bc38bd7c592f30c69e10e5a\"},\"inLanguage\":\"mk-MK\",\"potentialAction\":[{\"@type\":\"ReadAction\",\"target\":[\"https:\/\/sdk.mk\/index.php\/ngrije-zerin-per-avokatin-e-popullit\/burgu-idrizove-ndaloi-qe-te-gjykarat-te-japin-ilace-dhe-metadon-pas-reagimit-te-ombudsmanit\/\"]}]},{\"@type\":\"Person\",\"@id\":\"https:\/\/sdk.mk\/#\/schema\/person\/3e8217f71bc38bd7c592f30c69e10e5a\",\"name\":\"\\u041c\\u0438\\u0440\\u043e\\u0441\\u043b\\u0430\\u0432 \\u0418\\u043b\\u0438\\u043e\\u0441\\u043a\\u0438\"}]}<\/script>\n<!-- \/ Yoast SEO Premium plugin. -->","_links":{"self":[{"href":"https:\/\/sdk.mk\/index.php\/wp-json\/wp\/v2\/posts\/15570"}],"collection":[{"href":"https:\/\/sdk.mk\/index.php\/wp-json\/wp\/v2\/posts"}],"about":[{"href":"https:\/\/sdk.mk\/index.php\/wp-json\/wp\/v2\/types\/post"}],"author":[{"embeddable":true,"href":"https:\/\/sdk.mk\/index.php\/wp-json\/wp\/v2\/users\/9"}],"replies":[{"embeddable":true,"href":"https:\/\/sdk.mk\/index.php\/wp-json\/wp\/v2\/comments?post=15570"}],"version-history":[{"count":0,"href":"https:\/\/sdk.mk\/index.php\/wp-json\/wp\/v2\/posts\/15570\/revisions"}],"wp:featuredmedia":[{"embeddable":true,"href":"https:\/\/sdk.mk\/index.php\/wp-json\/wp\/v2\/media\/10969"}],"wp:attachment":[{"href":"https:\/\/sdk.mk\/index.php\/wp-json\/wp\/v2\/media?parent=15570"}],"wp:term":[{"taxonomy":"category","embeddable":true,"href":"https:\/\/sdk.mk\/index.php\/wp-json\/wp\/v2\/categories?post=15570"},{"taxonomy":"post_tag","embeddable":true,"href":"https:\/\/sdk.mk\/index.php\/wp-json\/wp\/v2\/tags?post=15570"}],"curies":[{"name":"wp","href":"https:\/\/api.w.org\/{rel}","templated":true}]}}