{"id":160128,"date":"2021-11-22T11:50:42","date_gmt":"2021-11-22T10:50:42","guid":{"rendered":"https:\/\/sdk.mk\/?p=160128"},"modified":"2021-11-22T11:55:18","modified_gmt":"2021-11-22T10:55:18","slug":"kurren-e-kurres","status":"publish","type":"post","link":"https:\/\/sdk.mk\/index.php\/dua-te-them\/kurren-e-kurres\/","title":{"rendered":"KURR\u00cbN E KURR\u00cbS"},"content":{"rendered":"<div class=\"f52428582a4b906b2d2e2a7d733c7d27\" data-index=\"7\" style=\"float: none; margin:10px 0 10px 0; text-align:center;\">\n<!-- MSP Ads Asynchronous JS Tag - Generated with Revive Adserver v5.4.1 -->\r\n<ins data-revive-zoneid=\"167\" data-revive-id=\"060fdb01f6430ec164d3519234aa4967\"><\/ins>\r\n<script async src=\"\/\/panel.ads.com.mk\/www\/delivery\/asyncjs.php\"><\/script>\n<\/div>\n<p><span class=\"dropcap color firstcharacter\">1 <\/span> Kemi dram\u00eb t\u00eb dyfisht\u00eb. K\u00ebto lajm\u00ebrime p\u00ebr nj\u00eb shumic\u00eb t\u00eb re parlamentare u b\u00ebn\u00eb t\u00eb nj\u00ebjta si me dat\u00ebn p\u00ebr fillim t\u00eb bisedimeve me BE-n\u00eb dhe veton nga Bullgaria. Ja, sot do t\u00eb b\u00ebhet, nes\u00ebr do t\u00eb b\u00ebhet, sapo u b\u00eb, por jav\u00ebn tjet\u00ebr do t\u00eb dihet&#8230;<br \/>\nT\u00eb merremi vesh. Ve\u00e7mas p\u00ebrrallave t\u00eb m\u00ebdha p\u00ebr perspektivat euroatlantike p\u00ebr paqe n\u00eb vend dhe n\u00eb bot\u00eb, b\u00ebhet fjal\u00eb p\u00ebr bisedimet q\u00eb sa vende drejtuese dhe t\u00eb ministrive t\u2019u jepen partner\u00ebve t\u00eb rinj t\u00eb koalicionit. Dhe n\u00ebse Ali Ahmeti n\u00eb em\u00ebr t\u00eb perspektiv\u00ebs euroatlantike, t\u00eb cil\u00ebn e ka shum\u00eb t\u00eb r\u00ebnd\u00ebsishme, \u00ebsht\u00eb i gatsh\u00ebm q\u00eb BDI t\u00eb heq\u00eb dor\u00eb nga ndonj\u00eb pozicion. Ose do ta shantazhoj\u00eb Zaevin n\u00eb em\u00ebr t\u00eb perspektiv\u00ebs euroatlantike, LSDM t\u00eb heq\u00eb dor\u00eb nga vendet e saja.<\/p>\n<p>N\u00eb t\u00eb v\u00ebrtete, \u201cbashkimi i progresit\u201d \u00ebsht\u00eb bashkimi i vendeve t\u00eb ministrive. Dhe k\u00ebto do t\u00eb ndahen relativisht leht\u00eb. Por, drama do t\u00eb duhet t\u00eb vazhdoj\u00eb jav\u00ebn tjet\u00ebr, rreth bisedimeve p\u00ebr vendet drejtuese. Nuk shkat\u00ebrrohet progresi, kuturu, p\u00ebr dy-tre vende drejtori.<\/p>\n<p><span class=\"dropcap color firstcharacter\">2 <\/span> Kryetarja e re e qytetit t\u00eb Shkupit Danella Arskovska ndaloi s\u00eb luajturi rolin e nj\u00eb kandidateje t\u00eb pavarur e p\u00ebrkrahur nga VMRO-DPMNE vet\u00ebm 3 dit\u00eb pasi u fut n\u00eb funksion. Akoma nuk jam i sigurt se ideja q\u00eb t\u00eb mos shfaqet n\u00eb ndarjen e \u00e7mimit \u201c13 n\u00ebntori\u201d ka qen\u00eb e saj, ose e partis\u00eb q\u00eb e p\u00ebrkrahu. Po t\u00eb ishte vet\u00ebm e saj, nuk do t\u00eb shfaqej as n\u00eb vendosjen e luleve n\u00eb p\u00ebrmendoren e \u00e7lirimtar\u00ebve t\u00eb Shkupit. Shpjegimi p\u00ebr mosshfaqjen n\u00eb ndarjen e \u00e7mimeve, q\u00eb ngjarja ka qen\u00eb organizim i Petre Shilegov-it, eh bash ashtu \u2013 n\u00eb stil t\u00eb VMRO-s\u00eb edhe do t\u00eb \u00e7ojm\u00eb inate edhe do t\u00eb p\u00ebshtyjm\u00eb gjith\u00e7ka, akoma edhe fituesit e \u00e7mimit dhe do ta \u00e7ojm\u00eb n\u00eb stilin \u201cgjith\u00e7ka fillon nga ne\u201d. Sepse, Petre Shilegovi e shpiku \u00e7mimin.<br \/>\nAsgj\u00eb nuk e ndaloi Danell\u00ebn q\u00eb n\u00eb fillim t\u00eb mandatit u nis me m\u00ebnyrat partiake edhe at\u00eb n\u00eb ngjarjen m\u00eb protokolare. E ka zgjedhur momentin e duhur. Dit\u00ebn e \u00e7lirimit t\u00eb Shkupit nga okupatori fashist.<\/p>\n<p>Dhe k\u00ebshtu, shum\u00eb shpejt mbaroi shfaqja \u201cGruaja e par\u00eb n\u00eb krye t\u00eb Shkupit pas Vera Aceva-s\u201d Me mosrespektimin e fest\u00ebs s\u00eb \u00e7lirimit t\u00eb Shkupit, Danella Arsovska e ofendoi mu p\u00ebrmendoren e t\u00eb vetmes kryetare fem\u00ebr t\u00eb Shkupit, partizanen Vera Aceva.<\/p>\n<p><span class=\"dropcap color firstcharacter\">3<\/span> Lideri i VMRO-DPMNE-s\u00eb Hristijan Mickovski n\u00eb intervist\u00ebn e tij t\u00eb fundit p\u00ebr Telma tha q\u00eb \u201ce drejta e zgjedhjes \u00ebsht\u00eb e garantuar me Kushtetut\u00eb q\u00eb dikush t\u00eb vaksinohet apo jo dhe k\u00ebshtu t\u00eb imunizohet\u201d dhe se \u201cdikush vendos t\u00eb mos imunizohet me vaksin\u00eb dhe ta kaloj\u00eb k\u00ebt\u00eb virus, k\u00ebshtu duke fituar imunitet\u201d.<br \/>\nAi tha q\u00eb nuk i interesojn\u00eb kushtetutat e Greqis\u00eb, Gjermanis\u00eb dhe Austris\u00eb ku kufizohen t\u00eb drejtat e pavaksinuarve.<\/p>\n<p>Nuk besoj q\u00eb cilado Kushtetut\u00eb lejon t\u00eb infektosh njer\u00ebzit e tjer\u00eb me s\u00ebmundje ngjit\u00ebse. Edhe at\u00eb me s\u00ebmundje p\u00ebr t\u00eb cil\u00ebn nuk ka ila\u00e7, por ka vaksin\u00eb. Sepse edhe te kushtetuta jon\u00eb, neni 39 \u00ebsht\u00eb shkruar q\u00eb \u201c Qytetari ka t\u00eb drejt\u00eb dhe detyrim ta ruaj\u00eb dhe ta zhvilloj\u00eb sh\u00ebndetin e vet dhe sh\u00ebndetin e tjer\u00ebve\u201d. Q\u00eb do t\u00eb thot\u00eb se e drejta q\u00eb dikush t\u00eb \u201cimunizohet\u201d me s\u00ebmundje ngjit\u00ebse \u00ebsht\u00eb n\u00eb kund\u00ebrshtim me t\u00eb drejt\u00ebn q\u00eb tjetri t\u00eb mbetet i sh\u00ebndosh\u00eb. E drejta e dikujt q\u00eb ka vendosur me imunizim natyral ta okupoj\u00eb stafin mjek\u00ebsor dhe t\u00eb bllokoj\u00eb spitale \u00ebsht\u00eb n\u00eb kund\u00ebrshtim me t\u00eb drejt\u00ebn e tjetrit t\u00eb ket\u00eb akses deri te i nj\u00ebjti staf mjek\u00ebsor dhe spitale. Sepse, sigurim sh\u00ebndet\u00ebsor paguajn\u00eb edhe ata q\u00eb kan\u00eb t\u00eb drejt\u00eb t\u00eb infektohen, por edhe ata q\u00eb duhan t\u00eb mbeten t\u00eb sh\u00ebndosh\u00eb.<\/p>\n<p>Nuk e di si arrit\u00ebm deri n\u00eb k\u00ebt\u00eb gjendje q\u00eb k\u00ebt\u00eb ta debatojm\u00eb me liderin e partis\u00eb m\u00eb t\u00eb madhe n\u00eb opozit\u00eb. Si politikan, Mickovski p\u00ebr gjith\u00e7ka ka q\u00ebndrim t\u00eb kund\u00ebrt, dhe nga populizmi i past\u00ebr thot\u00eb q\u00eb \u00e7dokush ka t\u00eb drejt\u00eb t\u00eb infektohet me nj\u00eb s\u00ebmundje ngjit\u00ebse dhe t\u00eb vdes\u00eb n\u00ebse fatin e ka pasur t\u00eb till\u00eb. Mir\u00ebpo, kjo duhet t\u2019i shpjegohet profesorit Mickovski, i cili \u00ebsht\u00eb nj\u00eb inteligjenc\u00eb teknologjike. Shum\u00eb m\u00eb intereson \u00e7far\u00eb mendon profesori Mickovski p\u00ebr politikanin Mickovski, deri sa p\u00ebrpiqet t\u00eb bind\u00eb secilin q\u00eb ka t\u00eb drejt\u00eb t\u00eb v\u00eb n\u00eb rrezik jo vet\u00ebm jet\u00ebn e vet, por edhe jet\u00ebn e t\u00eb tjer\u00ebve p\u00ebrreth.<\/p>\n<p><span class=\"dropcap color firstcharacter\">4<\/span> N\u00eb Bullgari, te zgjedhjet presidenciale dhe parlamentare, n\u00eb pikat zgjedhore n\u00eb Maqedoni kan\u00eb votuar 650 votues. Nga 130.000 qytetar\u00eb maqedonas p\u00ebr t\u00eb cil\u00ebt bullgar\u00ebt thon\u00eb q\u00eb kan\u00eb pasaport\u00eb bullgare, te zgjedhjet kan\u00eb votuar 0.5 %. P\u00ebrve\u00e7 n\u00ebse t\u00eb tjer\u00ebt nuk kan\u00eb shkuar t\u00eb votojn\u00eb n\u00eb Petri\u00e7 dhe n\u00eb adres\u00ebn dhe shtyll\u00ebn n\u00eb Qystendil, ku Karaka\u00e7anov ua v\u00ebrtetonte vendbanimet n\u00eb Agjencin\u00eb e bullgar\u00ebve q\u00eb jetojn\u00eb jasht\u00eb vendit.<\/p>\n<p><span class=\"dropcap color firstcharacter\">5<\/span> Ministri p\u00ebr transport Bllagoj Bo\u00e7varski tha q\u00eb pun\u00ebt te autostrada Shkup \u2013 Bllac\u00eb jan\u00eb t\u00eb kryera deri n\u00eb gjys\u00ebm. Ndarja \u00ebsht\u00eb e gjat\u00eb dy kilometra.<\/p>\n<p>E gjith\u00eb autostrada duhet t\u00eb jet\u00eb e gjat\u00eb 12 km. Dy kilometrat e para duhej t\u00eb ishin gati ver\u00ebn q\u00eb iku. Ministri Bo\u00e7varski thot\u00eb q\u00eb do t\u00eb jen\u00eb deri ver\u00ebn e ardhme. Duke pasur parasysh me tempon me t\u00eb cil\u00ebn po nd\u00ebrtohen rrug\u00ebt n\u00ebp\u00ebr shtet, me shum\u00eb siguri 10 kilometrat e ardhme do t\u00eb jen\u00eb gati kur t\u00eb mbaroj\u00eb autostrada nga K\u00ebr\u00e7ova deri n\u00eb Oh\u00ebr. Kurr\u00ebn e kurr\u00ebs.<\/p>\n<p><em><strong>P\u00ebrktheu: Fjolla Zllatku\u00a0<\/strong><\/em><\/p>\n\n<div style=\"font-size: 0px; height: 0px; line-height: 0px; margin: 0; padding: 0; clear: both;\"><\/div>","protected":false},"excerpt":{"rendered":"<p>Kemi dram\u00eb t\u00eb dyfisht\u00eb. K\u00ebto lajm\u00ebrime p\u00ebr nj\u00eb shumic\u00eb t\u00eb re parlamentare u b\u00ebn\u00eb t\u00eb nj\u00ebjta si me dat\u00ebn p\u00ebr [&hellip;]<\/p>\n","protected":false},"author":25,"featured_media":0,"comment_status":"closed","ping_status":"closed","sticky":false,"template":"","format":"standard","meta":{"_mo_disable_npp":"no","inline_featured_image":false},"categories":[1825],"tags":[],"imageURL":false,"thumbURL":false,"categoryNames":["DUA T\u00cb THEM"],"feature_caption":"","subtitle":"Nuk shkat\u00ebrrohet progresi ashtu, kuturu, p\u00ebr dy-tri vende drejtorie.","views":"32","source":"Shkup, (SAKAMDAKAZAM.MK)","yoast_head":"<!-- This site is optimized with the Yoast SEO Premium plugin v15.0 - https:\/\/yoast.com\/wordpress\/plugins\/seo\/ -->\n<title>KURR\u00cbN E KURR\u00cbS - \u0421\u0430\u043a\u0430\u043c \u0414\u0430 \u041a\u0430\u0436\u0430\u043c<\/title>\n<meta name=\"robots\" content=\"index, follow, max-snippet:-1, max-image-preview:large, max-video-preview:-1\" \/>\n<link rel=\"canonical\" href=\"https:\/\/sdk.mk\/index.php\/dua-te-them\/kurren-e-kurres\/\" \/>\n<meta property=\"og:locale\" content=\"mk_MK\" \/>\n<meta property=\"og:type\" content=\"article\" \/>\n<meta property=\"og:title\" content=\"KURR\u00cbN E KURR\u00cbS - \u0421\u0430\u043a\u0430\u043c \u0414\u0430 \u041a\u0430\u0436\u0430\u043c\" \/>\n<meta property=\"og:description\" content=\"Kemi dram\u00eb t\u00eb dyfisht\u00eb. K\u00ebto lajm\u00ebrime p\u00ebr nj\u00eb shumic\u00eb t\u00eb re parlamentare u b\u00ebn\u00eb t\u00eb nj\u00ebjta si me dat\u00ebn p\u00ebr [&hellip;]\" \/>\n<meta property=\"og:url\" content=\"https:\/\/sdk.mk\/index.php\/dua-te-them\/kurren-e-kurres\/\" \/>\n<meta property=\"og:site_name\" content=\"\u0421\u0430\u043a\u0430\u043c \u0414\u0430 \u041a\u0430\u0436\u0430\u043c\" \/>\n<meta property=\"article:published_time\" content=\"2021-11-22T10:50:42+00:00\" \/>\n<meta property=\"article:modified_time\" content=\"2021-11-22T10:55:18+00:00\" \/>\n<meta property=\"og:image\" content=\"https:\/\/sdk.mk\/wp-content\/uploads\/2015\/12\/goran-mihailovski2.jpg\" \/>\n\t<meta property=\"og:image:width\" content=\"400\" \/>\n\t<meta property=\"og:image:height\" content=\"313\" \/>\n<meta property=\"fb:app_id\" content=\"2407985809428537\" \/>\n<meta name=\"twitter:card\" content=\"summary\" \/>\n<script type=\"application\/ld+json\" class=\"yoast-schema-graph\">{\"@context\":\"https:\/\/schema.org\",\"@graph\":[{\"@type\":\"WebSite\",\"@id\":\"https:\/\/sdk.mk\/#website\",\"url\":\"https:\/\/sdk.mk\/\",\"name\":\"\\u0421\\u0430\\u043a\\u0430\\u043c \\u0414\\u0430 \\u041a\\u0430\\u0436\\u0430\\u043c\",\"description\":\"\\u0417\\u0430 \\u0441\\u043b\\u043e\\u0431\\u043e\\u0434\\u043e\\u0443\\u043c\\u043d\\u0438\",\"potentialAction\":[{\"@type\":\"SearchAction\",\"target\":\"https:\/\/sdk.mk\/?s={search_term_string}\",\"query-input\":\"required name=search_term_string\"}],\"inLanguage\":\"mk-MK\"},{\"@type\":\"WebPage\",\"@id\":\"https:\/\/sdk.mk\/index.php\/dua-te-them\/kurren-e-kurres\/#webpage\",\"url\":\"https:\/\/sdk.mk\/index.php\/dua-te-them\/kurren-e-kurres\/\",\"name\":\"KURR\\u00cbN E KURR\\u00cbS - \\u0421\\u0430\\u043a\\u0430\\u043c \\u0414\\u0430 \\u041a\\u0430\\u0436\\u0430\\u043c\",\"isPartOf\":{\"@id\":\"https:\/\/sdk.mk\/#website\"},\"datePublished\":\"2021-11-22T10:50:42+00:00\",\"dateModified\":\"2021-11-22T10:55:18+00:00\",\"author\":{\"@id\":\"https:\/\/sdk.mk\/#\/schema\/person\/737021aeacbe893f7e2c347186c5c7a1\"},\"inLanguage\":\"mk-MK\",\"potentialAction\":[{\"@type\":\"ReadAction\",\"target\":[\"https:\/\/sdk.mk\/index.php\/dua-te-them\/kurren-e-kurres\/\"]}]},{\"@type\":\"Person\",\"@id\":\"https:\/\/sdk.mk\/#\/schema\/person\/737021aeacbe893f7e2c347186c5c7a1\",\"name\":\"\\u0424\\u0458\\u043e\\u043b\\u0430 \\u0417\\u043b\\u0430\\u0442\\u043a\\u0443\"}]}<\/script>\n<!-- \/ Yoast SEO Premium plugin. -->","_links":{"self":[{"href":"https:\/\/sdk.mk\/index.php\/wp-json\/wp\/v2\/posts\/160128"}],"collection":[{"href":"https:\/\/sdk.mk\/index.php\/wp-json\/wp\/v2\/posts"}],"about":[{"href":"https:\/\/sdk.mk\/index.php\/wp-json\/wp\/v2\/types\/post"}],"author":[{"embeddable":true,"href":"https:\/\/sdk.mk\/index.php\/wp-json\/wp\/v2\/users\/25"}],"replies":[{"embeddable":true,"href":"https:\/\/sdk.mk\/index.php\/wp-json\/wp\/v2\/comments?post=160128"}],"version-history":[{"count":0,"href":"https:\/\/sdk.mk\/index.php\/wp-json\/wp\/v2\/posts\/160128\/revisions"}],"wp:attachment":[{"href":"https:\/\/sdk.mk\/index.php\/wp-json\/wp\/v2\/media?parent=160128"}],"wp:term":[{"taxonomy":"category","embeddable":true,"href":"https:\/\/sdk.mk\/index.php\/wp-json\/wp\/v2\/categories?post=160128"},{"taxonomy":"post_tag","embeddable":true,"href":"https:\/\/sdk.mk\/index.php\/wp-json\/wp\/v2\/tags?post=160128"}],"curies":[{"name":"wp","href":"https:\/\/api.w.org\/{rel}","templated":true}]}}