{"id":164831,"date":"2022-01-27T15:18:58","date_gmt":"2022-01-27T14:18:58","guid":{"rendered":"https:\/\/sdk.mk\/?p=164831"},"modified":"2022-01-27T15:18:58","modified_gmt":"2022-01-27T14:18:58","slug":"ne-maqedoni-nuk-mbahet-evidenca-e-numrit-te-femijeve-te-mbetur-jetime-per-shkak-te-kovidit","status":"publish","type":"post","link":"https:\/\/sdk.mk\/index.php\/histori-te-parrefyera\/ne-maqedoni-nuk-mbahet-evidenca-e-numrit-te-femijeve-te-mbetur-jetime-per-shkak-te-kovidit\/","title":{"rendered":"N\u00cb MAQEDONI NUK MBAHET EVIDENCA E NUMRIT T\u00cb F\u00cbMIJ\u00cbVE T\u00cb MBETUR JETIM\u00cb P\u00cbR SHKAK T\u00cb KOVIDIT"},"content":{"rendered":"<div class=\"f52428582a4b906b2d2e2a7d733c7d27\" data-index=\"7\" style=\"float: none; margin:10px 0 10px 0; text-align:center;\">\n<!-- MSP Ads Asynchronous JS Tag - Generated with Revive Adserver v5.4.1 -->\r\n<ins data-revive-zoneid=\"167\" data-revive-id=\"060fdb01f6430ec164d3519234aa4967\"><\/ins>\r\n<script async src=\"\/\/panel.ads.com.mk\/www\/delivery\/asyncjs.php\"><\/script>\n<\/div>\n<p>N\u00eb Maqedoni nuk mbahet evidenc\u00eb precize se sa f\u00ebmij\u00eb kan\u00eb ngelur pa kujdesin e prind\u00ebrve p\u00ebr shkak t\u00eb kovid -19, si rrjedhoj\u00eb e \u00e7kaje u jan\u00eb p\u00ebrcaktuar kujdestar\u00eb apo jan\u00eb strehuar n\u00eb jetimore ose familje kujdestare. Nga Ministria p\u00ebr pun\u00eb dhe politik\u00eb sociale thon\u00eb se nuk mbahet nj\u00eb evidenc\u00eb e ve\u00e7ant\u00eb e arsyeve p\u00ebr shkak t\u00eb t\u00eb cilave k\u00ebta f\u00ebmij\u00eb kan\u00eb mbetur pa prind\u00ebr, duke marr\u00eb parasysh se t\u00eb gjith\u00eb f\u00ebmij\u00ebt kan\u00eb t\u00eb drejt\u00ebn p\u00ebr trajtimin dhe kujdesin e nj\u00ebjt\u00eb nga institucionet kompetente p\u00ebr \u00e7\u00ebshtjen n\u00eb fjal\u00eb. Gjithashtu, edhe nga Instituti i sh\u00ebndetit publik, thon\u00eb se p\u00ebr anketimin e personave pozitiv\u00eb me kovid p\u00ebrdorin anket\u00eb nga Organizata bot\u00ebrore e sh\u00ebndetit. (OBSH)<\/p>\n<p>\u201cQendrat p\u00ebr pun\u00eb sociale veprojn\u00eb nj\u00eblloj p\u00ebr t\u00eb gjith\u00eb f\u00ebmij\u00ebt pa prind\u00ebr dhe pa kujdes prind\u00ebror, pa marr\u00eb parasysh arsyet e humbjes s\u00eb dy prind\u00ebrve. Nuk mbahet nj\u00eb evidenc\u00eb e ve\u00e7ant\u00eb p\u00ebr arsyet, duke marr\u00eb parasysh se t\u00eb gjith\u00eb f\u00ebmij\u00ebt kan\u00eb t\u00eb drejt\u00ebn e trajtimit t\u00eb nj\u00ebjt\u00eb nga insitucionet kompetente p\u00ebr \u00e7\u00ebshtjen n\u00eb fjal\u00eb. Procedura p\u00ebr marrjen e f\u00ebmij\u00ebve n\u00ebn kujdestari dhe p\u00ebrcaktimin e nj\u00eb kujdestari p\u00ebr ta nga qendrat p\u00ebr pun\u00eb sociale \u00ebsht\u00eb e nj\u00ebjt\u00eb p\u00ebr t\u00eb gjith\u00eb\u201d, thon\u00eb nga Ministria.<\/p>\n<p>Q\u00eb aty shpjegojn\u00eb se n\u00eb p\u00ebrputhje me Ligjin p\u00ebr familje, n\u00ebse nj\u00eb nga prind\u00ebrit ka nd\u00ebrruar jet\u00eb, f\u00ebmija vazhdon t\u00eb mbetet me prindin tjet\u00ebr, pa detyrimin p\u00ebr t\u2019u evidentuar n\u00eb qendr\u00ebn p\u00ebr pun\u00eb sociale. P\u00ebr f\u00ebmij\u00ebt q\u00eb kan\u00eb humbur prind\u00ebrit, n\u00ebse nuk ka se kush t\u00eb p\u00ebrkujdeset p\u00ebr ta, k\u00ebt\u00eb p\u00ebrgjegj\u00ebsi e merr Qendra p\u00ebr pun\u00eb sociale. K\u00ebshtu, atyre u p\u00ebrcaktohet kujdestar i cili do t\u2019i mbroj\u00eb t\u00eb drejtat dhe interesat e tyre. N\u00ebse f\u00ebmija nuk jeton me kujdestarin, sigurohet nj\u00eb familje e cila \u00ebsht\u00eb forma m\u00eb e duhur p\u00ebr mbrojtjen e f\u00ebmij\u00ebs.<\/p>\n<p>Nga departamenti i epidemiologjis\u00eb t\u00eb s\u00ebmundjeve ngjit\u00ebse n\u00eb Institutin e sh\u00ebndetit publik thon\u00eb se nuk mbajn\u00eb evidenc\u00eb p\u00ebr at\u00eb se sa i madh \u00ebsht\u00eb numri i f\u00ebmij\u00ebve t\u00eb cil\u00ebt kan\u00eb mbetur pa kujdes prind\u00ebror p\u00ebr shkak t\u00eb kovid-19.<\/p>\n<p>\u201cP\u00ebr anketimin e personave pozitiv\u00eb p\u00ebrdoret anketa e p\u00ebrpunuar nga OBSH. N\u00eb k\u00ebt\u00eb anket\u00eb nuk ekziston nj\u00eb pyetje e till\u00eb, nga ku mund t\u00eb nxjerrim t\u00eb dh\u00ebna dhe gjithsesi, kjo nuk i p\u00ebrket fush\u00ebs s\u00eb p\u00ebrpunimit t\u00eb s\u00ebmundjeve ngjit\u00ebse\u201d, thon\u00eb nga Instituti i sh\u00ebndetit publik.<\/p>\n<p>P\u00ebr faktin n\u00ebse dhe kush mban evidenc\u00eb p\u00ebr f\u00ebmij\u00ebt jetim\u00eb nga kovidi dhe n\u00ebse ka plane p\u00ebr nj\u00eb ndihm\u00eb t\u00eb ve\u00e7ant\u00eb p\u00ebr k\u00ebta f\u00ebmij\u00eb n\u00eb shtet, nuk kemi marr\u00eb asnj\u00eb t\u00eb dh\u00ebn\u00eb as nga zyra lokale e UNICEF-it.<\/p>\n<p>Sipas llogaritjes s\u00eb studimit t\u00eb gazet\u00ebs mjek\u00ebsore \u201cLanset\u201d, nga marsi 2020 deri n\u00eb prill 2021, p\u00ebr shkak t\u00eb koronavirusit, nj\u00eb milion e 134 mij\u00eb f\u00ebmij\u00eb n\u00eb bot\u00eb kan\u00eb mbetur pa t\u00eb pakt\u00ebn nj\u00eb prind apo kujdestar. Numrin m\u00eb t\u00eb madh t\u00eb f\u00ebmij\u00ebve jetim\u00eb nga virusi ka Peruja, e m\u00eb pas Afrika e Jugut, Meksika, Brazili, Kolumbia, Irani, SHBA, Argjentina dhe Rusia. Numri i f\u00ebmij\u00ebve q\u00eb kan\u00eb mbetur jetime tejkalon numrin e t\u00eb vdekurve n\u00eb mosh\u00eb nga 15-50 vjet.<\/p>\n<p>Sipas evidentimit n\u00eb SHBA, mbi 167.000 f\u00ebmij\u00eb kan\u00eb humbur t\u00eb pakt\u00ebn nj\u00eb prind apo kujdestar p\u00ebr shkak t\u00eb kovidit. Dr. Charles Nelson, profesor i pediatris\u00eb dhe psikologjis\u00eb n\u00eb Fakultetin e mjek\u00ebsis\u00eb n\u00eb Harvard, i quan k\u00ebta f\u00ebmij\u00eb jetim\u00eb nga kovidi dhe k\u00ebt\u00eb e konsideron si nj\u00eb \u00e7mim t\u00eb fshehur q\u00eb e paguan pandemia.<\/p>\n<p>\u201cN\u00ebse f\u00ebmij\u00ebt vajtojn\u00eb p\u00ebr humbjen e prind\u00ebrve t\u00eb tyre dhe n\u00ebse kjo humbje nuk sh\u00ebrohet, efektet afatshkurta mund t\u00eb shnd\u00ebrrohen n\u00eb efekte afatgjata. Nga momenti kur humbin nj\u00eb f\u00ebmij\u00eb, f\u00ebmij\u00ebt ndjehen se e gjith\u00eb bota e tyre \u00ebsht\u00eb p\u00ebrmbysur. U nevojitet mb\u00ebshtetje dhe ndjenj\u00eb sigurie nga nj\u00eb i moshuar, i cili \u00ebsht\u00eb aty p\u00ebr ta n\u00eb \u00e7do koh\u00eb. Ajo gj\u00eb p\u00ebr t\u00eb cil\u00ebn kemi nevoj\u00eb \u00ebsht\u00eb nj\u00eb rrjet mbrojt\u00ebs q\u00eb do ta mb\u00ebshtjell\u00eb f\u00ebmij\u00ebn sa m\u00eb shpejt\u201d, thot\u00eb dr. Nelson.<\/p>\n<p>Nga Ministria p\u00ebr sh\u00ebndetin e grave dhe f\u00ebmij\u00ebve n\u00eb Indi, nj\u00eb vend i cili ishte shum\u00eb i goditur nga lloji Delta, n\u00eb fund t\u00eb vitit 2021 publikuan se n\u00eb periudh\u00ebn mes 1 prillit dhe 25 majit, 577 f\u00ebmij\u00eb kan\u00eb humbur t\u00eb dy prind\u00ebrit nga koronavirusi, andaj Qeveria ka shpallur masa t\u00eb reja p\u00ebr t\u2019i ndihmuar f\u00ebmij\u00ebt jetim\u00eb, me nj\u00eb fond prejt 13.970 dollar\u00ebve t\u00eb ndar\u00eb p\u00ebr \u00e7do f\u00ebmij\u00eb, para t\u00eb cilat do t\u2019u jepen si burs\u00eb, kur t\u00eb ken\u00eb 18 deri 23 vjet. Disa shtete, si Peruja, e cila ka 33 milion\u00eb banor\u00eb dhe mbi 93.000 kovid-jetim\u00eb, f\u00ebmij\u00ebve u japin nga 50 dollar\u00eb pension mujor kovidi.<\/p>\n<p><strong><em>ZH. ZDRAVKOVSKA.<\/em><\/strong><\/p>\n<p>&nbsp;<\/p>\n\n<div style=\"font-size: 0px; height: 0px; line-height: 0px; margin: 0; padding: 0; clear: both;\"><\/div>","protected":false},"excerpt":{"rendered":"<p>N\u00eb Maqedoni nuk mbahet evidenc\u00eb precize se sa f\u00ebmij\u00eb kan\u00eb ngelur pa kujdesin e prind\u00ebrve p\u00ebr shkak t\u00eb kovid -19, [&hellip;]<\/p>\n","protected":false},"author":25,"featured_media":141189,"comment_status":"closed","ping_status":"closed","sticky":false,"template":"","format":"standard","meta":{"_mo_disable_npp":"no","inline_featured_image":false},"categories":[3085],"tags":[],"imageURL":"https:\/\/sdk.mk\/wp-content\/uploads\/2021\/03\/infektivna-klinika-prevoz-na-mrtovci-5-650x465.jpg","thumbURL":"https:\/\/sdk.mk\/wp-content\/uploads\/2021\/03\/infektivna-klinika-prevoz-na-mrtovci-5-250x179.jpg","categoryNames":["Histori t\u00eb parr\u00ebfyera"],"feature_caption":"Mbi 1,5 milion\u00eb f\u00ebmij\u00eb kan\u00eb mbetur pa t\u00eb pakt\u00ebn nj\u00eb prind ose kujdestar gjat\u00eb vitit t\u00eb par\u00eb t\u00eb pandemis\u00eb. (Foto: SDK.MK)","subtitle":"","views":"97","source":"Shkup, (SAKAMDAKAZAM.MK)","yoast_head":"<!-- This site is optimized with the Yoast SEO Premium plugin v15.0 - https:\/\/yoast.com\/wordpress\/plugins\/seo\/ -->\n<title>N\u00cb MAQEDONI NUK MBAHET EVIDENCA E NUMRIT T\u00cb F\u00cbMIJ\u00cbVE T\u00cb MBETUR JETIM\u00cb P\u00cbR SHKAK T\u00cb KOVIDIT - \u0421\u0430\u043a\u0430\u043c \u0414\u0430 \u041a\u0430\u0436\u0430\u043c<\/title>\n<meta name=\"robots\" content=\"index, follow, max-snippet:-1, max-image-preview:large, max-video-preview:-1\" \/>\n<link rel=\"canonical\" href=\"https:\/\/sdk.mk\/index.php\/histori-te-parrefyera\/ne-maqedoni-nuk-mbahet-evidenca-e-numrit-te-femijeve-te-mbetur-jetime-per-shkak-te-kovidit\/\" \/>\n<meta property=\"og:locale\" content=\"mk_MK\" \/>\n<meta property=\"og:type\" content=\"article\" \/>\n<meta property=\"og:title\" content=\"N\u00cb MAQEDONI NUK MBAHET EVIDENCA E NUMRIT T\u00cb F\u00cbMIJ\u00cbVE T\u00cb MBETUR JETIM\u00cb P\u00cbR SHKAK T\u00cb KOVIDIT - \u0421\u0430\u043a\u0430\u043c \u0414\u0430 \u041a\u0430\u0436\u0430\u043c\" \/>\n<meta property=\"og:description\" content=\"N\u00eb Maqedoni nuk mbahet evidenc\u00eb precize se sa f\u00ebmij\u00eb kan\u00eb ngelur pa kujdesin e prind\u00ebrve p\u00ebr shkak t\u00eb kovid -19, [&hellip;]\" \/>\n<meta property=\"og:url\" content=\"https:\/\/sdk.mk\/index.php\/histori-te-parrefyera\/ne-maqedoni-nuk-mbahet-evidenca-e-numrit-te-femijeve-te-mbetur-jetime-per-shkak-te-kovidit\/\" \/>\n<meta property=\"og:site_name\" content=\"\u0421\u0430\u043a\u0430\u043c \u0414\u0430 \u041a\u0430\u0436\u0430\u043c\" \/>\n<meta property=\"article:published_time\" content=\"2022-01-27T14:18:58+00:00\" \/>\n<meta property=\"og:image\" content=\"https:\/\/sdk.mk\/wp-content\/uploads\/2021\/03\/infektivna-klinika-prevoz-na-mrtovci-5.jpg\" \/>\n\t<meta property=\"og:image:width\" content=\"1800\" \/>\n\t<meta property=\"og:image:height\" content=\"1287\" \/>\n<meta property=\"fb:app_id\" content=\"2407985809428537\" \/>\n<meta name=\"twitter:card\" content=\"summary\" \/>\n<script type=\"application\/ld+json\" class=\"yoast-schema-graph\">{\"@context\":\"https:\/\/schema.org\",\"@graph\":[{\"@type\":\"WebSite\",\"@id\":\"https:\/\/sdk.mk\/#website\",\"url\":\"https:\/\/sdk.mk\/\",\"name\":\"\\u0421\\u0430\\u043a\\u0430\\u043c \\u0414\\u0430 \\u041a\\u0430\\u0436\\u0430\\u043c\",\"description\":\"\\u0417\\u0430 \\u0441\\u043b\\u043e\\u0431\\u043e\\u0434\\u043e\\u0443\\u043c\\u043d\\u0438\",\"potentialAction\":[{\"@type\":\"SearchAction\",\"target\":\"https:\/\/sdk.mk\/?s={search_term_string}\",\"query-input\":\"required name=search_term_string\"}],\"inLanguage\":\"mk-MK\"},{\"@type\":\"ImageObject\",\"@id\":\"https:\/\/sdk.mk\/index.php\/histori-te-parrefyera\/ne-maqedoni-nuk-mbahet-evidenca-e-numrit-te-femijeve-te-mbetur-jetime-per-shkak-te-kovidit\/#primaryimage\",\"inLanguage\":\"mk-MK\",\"url\":\"https:\/\/sdk.mk\/wp-content\/uploads\/2021\/03\/infektivna-klinika-prevoz-na-mrtovci-5.jpg\",\"width\":1800,\"height\":1287},{\"@type\":\"WebPage\",\"@id\":\"https:\/\/sdk.mk\/index.php\/histori-te-parrefyera\/ne-maqedoni-nuk-mbahet-evidenca-e-numrit-te-femijeve-te-mbetur-jetime-per-shkak-te-kovidit\/#webpage\",\"url\":\"https:\/\/sdk.mk\/index.php\/histori-te-parrefyera\/ne-maqedoni-nuk-mbahet-evidenca-e-numrit-te-femijeve-te-mbetur-jetime-per-shkak-te-kovidit\/\",\"name\":\"N\\u00cb MAQEDONI NUK MBAHET EVIDENCA E NUMRIT T\\u00cb F\\u00cbMIJ\\u00cbVE T\\u00cb MBETUR JETIM\\u00cb P\\u00cbR SHKAK T\\u00cb KOVIDIT - \\u0421\\u0430\\u043a\\u0430\\u043c \\u0414\\u0430 \\u041a\\u0430\\u0436\\u0430\\u043c\",\"isPartOf\":{\"@id\":\"https:\/\/sdk.mk\/#website\"},\"primaryImageOfPage\":{\"@id\":\"https:\/\/sdk.mk\/index.php\/histori-te-parrefyera\/ne-maqedoni-nuk-mbahet-evidenca-e-numrit-te-femijeve-te-mbetur-jetime-per-shkak-te-kovidit\/#primaryimage\"},\"datePublished\":\"2022-01-27T14:18:58+00:00\",\"dateModified\":\"2022-01-27T14:18:58+00:00\",\"author\":{\"@id\":\"https:\/\/sdk.mk\/#\/schema\/person\/737021aeacbe893f7e2c347186c5c7a1\"},\"inLanguage\":\"mk-MK\",\"potentialAction\":[{\"@type\":\"ReadAction\",\"target\":[\"https:\/\/sdk.mk\/index.php\/histori-te-parrefyera\/ne-maqedoni-nuk-mbahet-evidenca-e-numrit-te-femijeve-te-mbetur-jetime-per-shkak-te-kovidit\/\"]}]},{\"@type\":\"Person\",\"@id\":\"https:\/\/sdk.mk\/#\/schema\/person\/737021aeacbe893f7e2c347186c5c7a1\",\"name\":\"\\u0424\\u0458\\u043e\\u043b\\u0430 \\u0417\\u043b\\u0430\\u0442\\u043a\\u0443\"}]}<\/script>\n<!-- \/ Yoast SEO Premium plugin. -->","_links":{"self":[{"href":"https:\/\/sdk.mk\/index.php\/wp-json\/wp\/v2\/posts\/164831"}],"collection":[{"href":"https:\/\/sdk.mk\/index.php\/wp-json\/wp\/v2\/posts"}],"about":[{"href":"https:\/\/sdk.mk\/index.php\/wp-json\/wp\/v2\/types\/post"}],"author":[{"embeddable":true,"href":"https:\/\/sdk.mk\/index.php\/wp-json\/wp\/v2\/users\/25"}],"replies":[{"embeddable":true,"href":"https:\/\/sdk.mk\/index.php\/wp-json\/wp\/v2\/comments?post=164831"}],"version-history":[{"count":0,"href":"https:\/\/sdk.mk\/index.php\/wp-json\/wp\/v2\/posts\/164831\/revisions"}],"wp:featuredmedia":[{"embeddable":true,"href":"https:\/\/sdk.mk\/index.php\/wp-json\/wp\/v2\/media\/141189"}],"wp:attachment":[{"href":"https:\/\/sdk.mk\/index.php\/wp-json\/wp\/v2\/media?parent=164831"}],"wp:term":[{"taxonomy":"category","embeddable":true,"href":"https:\/\/sdk.mk\/index.php\/wp-json\/wp\/v2\/categories?post=164831"},{"taxonomy":"post_tag","embeddable":true,"href":"https:\/\/sdk.mk\/index.php\/wp-json\/wp\/v2\/tags?post=164831"}],"curies":[{"name":"wp","href":"https:\/\/api.w.org\/{rel}","templated":true}]}}