{"id":165429,"date":"2022-02-06T11:53:37","date_gmt":"2022-02-06T10:53:37","guid":{"rendered":"https:\/\/sdk.mk\/?p=165429"},"modified":"2022-02-06T11:53:37","modified_gmt":"2022-02-06T10:53:37","slug":"be-ja-e-goces","status":"publish","type":"post","link":"https:\/\/sdk.mk\/index.php\/dua-te-them\/be-ja-e-goces\/","title":{"rendered":"BE-JA E GOCES"},"content":{"rendered":"<div class=\"f52428582a4b906b2d2e2a7d733c7d27\" data-index=\"7\" style=\"float: none; margin:10px 0 10px 0; text-align:center;\">\n<!-- MSP Ads Asynchronous JS Tag - Generated with Revive Adserver v5.4.1 -->\r\n<ins data-revive-zoneid=\"167\" data-revive-id=\"060fdb01f6430ec164d3519234aa4967\"><\/ins>\r\n<script async src=\"\/\/panel.ads.com.mk\/www\/delivery\/asyncjs.php\"><\/script>\n<\/div>\n<p><span class=\"dropcap color firstcharacter\">1<\/span> Festuam 150 vjet nga lindja e Goce Del\u00e7evit. Figura historike e lindur n\u00eb shek.19, q\u00eb u b\u00eb penges\u00eb e p\u00ebrparimit t\u00eb Maqedonis\u00eb drejt BE-s\u00eb sepse nj\u00ebfar\u00eb komisioni i p\u00ebrbashk\u00ebt maqedonas-bullgar i shek.21 nuk ia del t\u00eb bjer\u00eb dakord se cil\u00ebs pal\u00eb i p\u00ebrket m\u00eb shum\u00eb ai. Po,po\u2026k\u00ebshtu \u00ebsht\u00eb. Nuk po \u00ebnd\u00ebrrojm\u00eb. Nuk po fantazojm\u00eb. E as t\u00eb droguar s\u2019jemi. \u00cbsht\u00eb e v\u00ebrtet\u00eb se nj\u00eb shtet-an\u00ebtar i BE-s\u00eb i v\u00eb veto p\u00ebr fillimin e negociatave nj\u00eb shteti fqinj, sepse konteston ndjenj\u00ebn personale t\u00eb p\u00ebrkat\u00ebsis\u00eb etnike t\u00eb dikujt q\u00eb ka lindur para 150 vjet\u00ebve. E p\u00ebr m\u00eb tep\u00ebr, jo vet\u00ebm q\u00eb nuk e pranon si maqedonas Goce Dell\u00e7evin, q\u00eb ka vdekur para pothuajs 120 vjet\u00ebve, por as ne q\u00eb jemi gjall\u00eb nuk na pranon si t\u00eb till\u00eb.<\/p>\n<p>Goce Dell\u00e7evi para m\u00eb shum\u00eb se nj\u00eb shekulli ka \u00ebnd\u00ebrruar p\u00ebr nj\u00eb lloj bote q\u00eb do t\u00eb ishte si nj\u00eb gar\u00eb kulturore. Edhe ne \u00ebnd\u00ebrrojm\u00eb p\u00ebr nj\u00eb lloj bote ku do t\u00eb realizohet ideja e tij e progresit, andaj zgjodh\u00ebm rrug\u00ebn drejt BE-s\u00eb. Pik\u00ebrisht sepse besojm\u00eb n\u00eb vlerat e qytet\u00ebrurara t\u00eb cilat edhe Bashkimi Evropian i trajton si t\u00eb pakonstestueshme. Mir\u00eb ama, pam\u00eb se n\u00eb at\u00eb BE t\u00eb zhvilluar dhe progresive, sjellja e nj\u00eb shteti-an\u00ebtar q\u00eb nuk e percepton bot\u00ebn si nj\u00eb fush\u00eb p\u00ebr gar\u00eb kulturore, por si nj\u00eb fush\u00eb p\u00ebr t\u00eb treguar se kush \u00ebsht\u00eb m\u00eb i fort\u00eb, kalon pa u qortuar. Imagjino, ne po luftojm\u00eb q\u00eb BE-ja t\u00eb na e pranoj\u00eb gjuh\u00ebn q\u00eb flasim.<\/p>\n<p>Bota p\u00ebr t\u00eb cil\u00ebn ka \u00ebnd\u00ebrruar Goce Del\u00e7evi, thjesht \u2013 nuk ekziston.<\/p>\n<p><span class=\"dropcap color firstcharacter\">2<\/span> Dhjet\u00eb prind\u00ebr t\u00eb nj\u00eb shkolle n\u00eb Gostivar kan\u00eb n\u00ebnshkruar k\u00ebrkes\u00eb se nuk duan q\u00eb f\u00ebmij\u00ebt e tyre t\u00eb m\u00ebsojn\u00eb bashk\u00eb me nj\u00eb vajz\u00eb q\u00eb ka sindrom\u00ebn Daun. E shkolla \u00e7far\u00eb ka b\u00ebr\u00eb? E ka shp\u00ebrngulur vajz\u00ebn n\u00eb nj\u00eb hap\u00ebsir\u00eb t\u00eb ve\u00e7ant\u00eb ku t\u00eb m\u00ebsoj\u00eb vet\u00ebm, e t\u00eb mos p\u00ebrzihet me f\u00ebmij\u00ebt e tjer\u00eb.<br \/>\nE hajde tani, t\u00eb b\u00ebjm\u00eb pak moral. Sa t\u00eb k\u00ebqinj jan\u00eb prind\u00ebrit, sa johuman\u00eb, sa popull katil q\u00eb jemi, t\u00eb pashpirt\u00eb, vetjak\u00eb, thjeshtak\u00eb, pa edukat\u00eb, t\u00eb parsimuar\u2026<\/p>\n<p>\u00cbsht\u00eb i tmerr\u00ebsh\u00ebm fakti q\u00eb ekzistojn\u00eb njer\u00ebz t\u00eb till\u00eb q\u00eb jan\u00eb organizuar p\u00ebr t\u00eb shkruar nj\u00eb k\u00ebrkes\u00eb me q\u00ebllim q\u00eb \u201ct\u2019i mbrojn\u00eb\u201d f\u00ebmij\u00ebt e tyre me \u201cnevoja normale\u201d nga nj\u00eb vajz\u00eb e cila q\u00eb \u00ebsht\u00eb bashk\u00ebmoshatarja e tyre por ka nevoja t\u00eb ve\u00e7anta. Por edhe m\u00eb i tmerrsh\u00ebm \u00ebsht\u00eb fakti q\u00eb kjo k\u00ebrkes\u00eb ka kaluar n\u00eb sistem. Nuk \u00ebsht\u00eb problem te k\u00ebrkesa dhe ta ata q\u00eb e kan\u00eb shkruar at\u00eb, pasi k\u00ebrkesa do t\u00eb ishte e pavlefshme n\u00ebse sistemi do t\u00eb ishte funksional. A nuk ka nj\u00eb kushtetut\u00eb? A nuk ka nj\u00eb ligj? A nuk ka ajo shkoll\u00eb drejtor\u00eb, inspektor\u00eb t\u00eb arsimit, k\u00ebshill t\u00eb arsimtar\u00ebve, pedagog, psikolog, k\u00ebshill prind\u00ebror, kujdestar t\u00eb p\u00ebrcaktuar nga drejtori\u2026Ekziston nj\u00eb hierarki dhe infrastruktur\u00eb e t\u00ebr\u00eb e njer\u00ebzve n\u00eb institucione q\u00eb thjesht nuk e kan\u00eb ushtruar pun\u00ebn e tyre. Ata kan\u00eb lejuar q\u00eb kjo k\u00ebrkes\u00eb e prind\u00ebrve t\u00eb b\u00ebhet ligj, nd\u00ebrsa f\u00ebmij\u00ebs nuk ia kan\u00eb mbrojtur t\u00eb drejtat e arsimimit.<\/p>\n<p>N\u00eb rastin e vog\u00eblushes s\u00eb Gostivarit, \u00cbmbla, fuqish\u00ebm dol\u00ebn z\u00ebrat e njer\u00ebzve q\u00eb nuk i pranojn\u00eb dallimet, me arsyetimin se shteti paska ngecur. N\u00ebse do t\u00eb kishte pasur institucione dhe njer\u00ebz t\u00eb kualifikuar n\u00eb k\u00ebto institucione q\u00eb thjesht duhet t\u00eb kishin b\u00ebr\u00eb pun\u00ebn q\u00eb iu takon sipas ligjit, ata prind\u00ebr q\u00eb nuk respektojn\u00eb dallimet nuk do t\u00eb kishin fare z\u00eb.<\/p>\n<p>Ky rast edhe nj\u00ebher\u00eb na vuri fare mir\u00eb para realitetit ton\u00eb \u2013 se institucionet nuk jan\u00eb k\u00ebtu p\u00ebr ne. Nuk ka r\u00ebnd\u00ebsi n\u00ebse je me nevoja t\u00eb ve\u00e7anta, apo me nevoja normale. Nuk b\u00ebn dallim n\u00ebse duhet t\u00eb realizosh t\u00eb drejt\u00ebn p\u00ebr mjekim apo t\u00eb drejt\u00ebn p\u00ebr t\u2019u arsimuar. Nuk b\u00ebn dallim n\u00ebse do t\u00eb fitosh nj\u00eb orar p\u00ebr analiz\u00eb gjaku p\u00ebr kovid-19 n\u00ebse ke simptoma apo n\u00ebse do t\u00eb shtyhesh me drejtor shkolle n\u00ebse ke f\u00ebmij\u00eb me nevoja t\u00eb ve\u00e7anta. Institucionet thjesht nuk jan\u00eb aty ku ti ke nevoj\u00eb p\u00ebr to. Je krejt\u00ebsisht vet\u00ebm.<\/p>\n<p>Duhet t\u00eb b\u00ebhesh lajm p\u00ebr television q\u00eb t\u00eb zgjidhet problem. E ja q\u00eb, nuk mund t\u00eb dalim t\u00eb gjith\u00eb n\u00eb lajme.<\/p>\n<p><span class=\"dropcap color firstcharacter\">3<\/span> \u00cbsht\u00eb tragjike q\u00eb me kaq entuziaz\u00ebm fillestar p\u00ebr ndryshime dhe mb\u00ebshtetje p\u00ebr t\u00eb eliminuar korrupsionin, pas gjasht\u00eb vjet\u00ebve, t\u00eb vij\u00eb koha kur z\u00ebri m\u00eb i fuqish\u00ebm p\u00ebr evidentimin e korrupsionit t\u00eb na jet\u00eb VMRO-DPMNE-ja, partia q\u00eb nuk na k\u00ebrkoi falje p\u00ebr vjedhuen e p\u00ebrmasave epike q\u00eb b\u00ebri gjat\u00eb koh\u00ebs s\u00eb qeverisjes 11 vje\u00e7are.<br \/>\nPor, ajo q\u00eb \u00ebsht\u00eb m\u00eb tragjike se kaq \u00ebsht\u00eb se LSDM-ja vazhdimisht i llogarit si armiq ata q\u00eb jan\u00eb neutral\u00eb e q\u00eb nuk dol\u00ebn p\u00ebr t\u2019i votuar n\u00eb zgjedhjet lokale. I faj\u00ebsojn\u00eb ata p\u00ebr disfat\u00ebn e tyre dhe vazhdojn\u00eb t\u00eb mbajn\u00eb inat duke iu th\u00ebn\u00eb \u2013 ja, e shikoni se kush fiton ngaq\u00eb ju nuk votoni? Nuk e pranojn\u00eb se ndoshta kan\u00eb faj edhe ata vet\u00eb, sidomos nga qeveris\u00ebsit e tyre t\u00eb pakualifikuar, se kur arrit\u00ebn ta rivitalizojn\u00eb VMRO-DPMNE-n\u00eb. Po, VMRO-DPMNE-ja tani ua num\u00ebron at\u00eb q\u00eb han\u00eb e pin\u00eb n\u00ebp\u00ebr kafene nga lart\u00ebsit\u00eb e tyre morale, duke i shitur si korrupsion.<\/p>\n<p>Po, madje edhe lideri Hristijan Mickoski deklaron se \u201cmbaroi koha kur n\u00eb politik\u00eb njer\u00ebzit futen si leckaman\u00eb, e dalin si milioner\u00eb\u201d. Kur, vall\u00eb, p\u00ebrfundoi kjo koh\u00eb? N\u00eb 13 n\u00ebntor 2018, kur lideri, me gjith\u00eb milionat q\u00eb i vodhi vet\u00eb, u shfaq n\u00eb FB me fjalin\u00eb: \u201cUn\u00eb tani jam n\u00eb Budapest\u201d. Apo dita kur Mickoski si asistent i Fakultetit t\u00eb maqineris\u00eb u b\u00eb shef i hidrocentraleve?<\/p>\n<p><span class=\"dropcap color firstcharacter\">4<\/span> VMRO-DPMNE-ja komunkoi se Mickoski \u00ebsht\u00eb takuar me ambasadorin rus Sergej Bazdnikin dhe i ka k\u00ebrkuar falje p\u00ebr faktin se Maqedonia \u201cpo ngec n\u00eb aspektet politike dhe ekonomike n\u00eb raport me q\u00ebllimet e saj strategjike p\u00ebr an\u00ebtar\u00ebsi n\u00eb Bashkimin evropian\u201d.<br \/>\n\u00c7far\u00eb mund t\u00eb ket\u00eb kujtuar ambasadori i Rusis\u00eb, vall\u00eb, kur lideri i partis\u00eb\u00a0 m\u00eb t\u00eb madhe opozitare t\u00eb nj\u00eb shteti-an\u00ebtar t\u00eb NATO-s i ankohet se nuk mund t\u00eb hym\u00eb n\u00eb BE? E ka gjetur vendin e duhur p\u00ebr t\u2019u ankuar Mickoski. Bazdnikin me siguri e ka ngush\u00eblluar n\u00eb frym\u00ebn e klasik\u00ebve rus\u00eb. Me siguri i ka th\u00ebn\u00eb: \u201cPo at\u00eb q\u00eb e k\u00ebrkuat n\u00eb NATO, e gjet\u00ebt, vall\u00eb?\u201d<\/p>\n<p><em><strong>P\u00ebrktheu: Fjolla Zllatku<\/strong><\/em><\/p>\n<p>&nbsp;<\/p>\n<p>&nbsp;<\/p>\n\n<div style=\"font-size: 0px; height: 0px; line-height: 0px; margin: 0; padding: 0; clear: both;\"><\/div>","protected":false},"excerpt":{"rendered":"<p>Festuam 150 vjet nga lindja e Goce Del\u00e7evit. Figura historike e lindur n\u00eb shek.19, q\u00eb u b\u00eb penges\u00eb e p\u00ebrparimit [&hellip;]<\/p>\n","protected":false},"author":25,"featured_media":0,"comment_status":"closed","ping_status":"closed","sticky":false,"template":"","format":"standard","meta":{"_mo_disable_npp":"no","inline_featured_image":false},"categories":[1825],"tags":[],"imageURL":false,"thumbURL":false,"categoryNames":["DUA T\u00cb THEM"],"feature_caption":"","subtitle":"Bota t\u00eb cil\u00ebn e ka \u00ebnd\u00ebrruar Goce Dell\u00e7evi thjesht - nuk ekziston. ","views":"109","source":"Shkup, (SAKAMDAKAZAM.MK)","yoast_head":"<!-- This site is optimized with the Yoast SEO Premium plugin v15.0 - https:\/\/yoast.com\/wordpress\/plugins\/seo\/ -->\n<title>BE-JA E GOCES - \u0421\u0430\u043a\u0430\u043c \u0414\u0430 \u041a\u0430\u0436\u0430\u043c<\/title>\n<meta name=\"robots\" content=\"index, follow, max-snippet:-1, max-image-preview:large, max-video-preview:-1\" \/>\n<link rel=\"canonical\" href=\"https:\/\/sdk.mk\/index.php\/dua-te-them\/be-ja-e-goces\/\" \/>\n<meta property=\"og:locale\" content=\"mk_MK\" \/>\n<meta property=\"og:type\" content=\"article\" \/>\n<meta property=\"og:title\" content=\"BE-JA E GOCES - \u0421\u0430\u043a\u0430\u043c \u0414\u0430 \u041a\u0430\u0436\u0430\u043c\" \/>\n<meta property=\"og:description\" content=\"Festuam 150 vjet nga lindja e Goce Del\u00e7evit. Figura historike e lindur n\u00eb shek.19, q\u00eb u b\u00eb penges\u00eb e p\u00ebrparimit [&hellip;]\" \/>\n<meta property=\"og:url\" content=\"https:\/\/sdk.mk\/index.php\/dua-te-them\/be-ja-e-goces\/\" \/>\n<meta property=\"og:site_name\" content=\"\u0421\u0430\u043a\u0430\u043c \u0414\u0430 \u041a\u0430\u0436\u0430\u043c\" \/>\n<meta property=\"article:published_time\" content=\"2022-02-06T10:53:37+00:00\" \/>\n<meta property=\"og:image\" content=\"https:\/\/sdk.mk\/wp-content\/uploads\/2015\/12\/goran-mihailovski2.jpg\" \/>\n\t<meta property=\"og:image:width\" content=\"400\" \/>\n\t<meta property=\"og:image:height\" content=\"313\" \/>\n<meta property=\"fb:app_id\" content=\"2407985809428537\" \/>\n<meta name=\"twitter:card\" content=\"summary\" \/>\n<script type=\"application\/ld+json\" class=\"yoast-schema-graph\">{\"@context\":\"https:\/\/schema.org\",\"@graph\":[{\"@type\":\"WebSite\",\"@id\":\"https:\/\/sdk.mk\/#website\",\"url\":\"https:\/\/sdk.mk\/\",\"name\":\"\\u0421\\u0430\\u043a\\u0430\\u043c \\u0414\\u0430 \\u041a\\u0430\\u0436\\u0430\\u043c\",\"description\":\"\\u0417\\u0430 \\u0441\\u043b\\u043e\\u0431\\u043e\\u0434\\u043e\\u0443\\u043c\\u043d\\u0438\",\"potentialAction\":[{\"@type\":\"SearchAction\",\"target\":\"https:\/\/sdk.mk\/?s={search_term_string}\",\"query-input\":\"required name=search_term_string\"}],\"inLanguage\":\"mk-MK\"},{\"@type\":\"WebPage\",\"@id\":\"https:\/\/sdk.mk\/index.php\/dua-te-them\/be-ja-e-goces\/#webpage\",\"url\":\"https:\/\/sdk.mk\/index.php\/dua-te-them\/be-ja-e-goces\/\",\"name\":\"BE-JA E GOCES - \\u0421\\u0430\\u043a\\u0430\\u043c \\u0414\\u0430 \\u041a\\u0430\\u0436\\u0430\\u043c\",\"isPartOf\":{\"@id\":\"https:\/\/sdk.mk\/#website\"},\"datePublished\":\"2022-02-06T10:53:37+00:00\",\"dateModified\":\"2022-02-06T10:53:37+00:00\",\"author\":{\"@id\":\"https:\/\/sdk.mk\/#\/schema\/person\/737021aeacbe893f7e2c347186c5c7a1\"},\"inLanguage\":\"mk-MK\",\"potentialAction\":[{\"@type\":\"ReadAction\",\"target\":[\"https:\/\/sdk.mk\/index.php\/dua-te-them\/be-ja-e-goces\/\"]}]},{\"@type\":\"Person\",\"@id\":\"https:\/\/sdk.mk\/#\/schema\/person\/737021aeacbe893f7e2c347186c5c7a1\",\"name\":\"\\u0424\\u0458\\u043e\\u043b\\u0430 \\u0417\\u043b\\u0430\\u0442\\u043a\\u0443\"}]}<\/script>\n<!-- \/ Yoast SEO Premium plugin. -->","_links":{"self":[{"href":"https:\/\/sdk.mk\/index.php\/wp-json\/wp\/v2\/posts\/165429"}],"collection":[{"href":"https:\/\/sdk.mk\/index.php\/wp-json\/wp\/v2\/posts"}],"about":[{"href":"https:\/\/sdk.mk\/index.php\/wp-json\/wp\/v2\/types\/post"}],"author":[{"embeddable":true,"href":"https:\/\/sdk.mk\/index.php\/wp-json\/wp\/v2\/users\/25"}],"replies":[{"embeddable":true,"href":"https:\/\/sdk.mk\/index.php\/wp-json\/wp\/v2\/comments?post=165429"}],"version-history":[{"count":0,"href":"https:\/\/sdk.mk\/index.php\/wp-json\/wp\/v2\/posts\/165429\/revisions"}],"wp:attachment":[{"href":"https:\/\/sdk.mk\/index.php\/wp-json\/wp\/v2\/media?parent=165429"}],"wp:term":[{"taxonomy":"category","embeddable":true,"href":"https:\/\/sdk.mk\/index.php\/wp-json\/wp\/v2\/categories?post=165429"},{"taxonomy":"post_tag","embeddable":true,"href":"https:\/\/sdk.mk\/index.php\/wp-json\/wp\/v2\/tags?post=165429"}],"curies":[{"name":"wp","href":"https:\/\/api.w.org\/{rel}","templated":true}]}}