{"id":166466,"date":"2022-02-21T11:46:52","date_gmt":"2022-02-21T10:46:52","guid":{"rendered":"https:\/\/sdk.mk\/?p=166466"},"modified":"2022-02-21T11:46:52","modified_gmt":"2022-02-21T10:46:52","slug":"menaxhment-radikal","status":"publish","type":"post","link":"https:\/\/sdk.mk\/index.php\/dua-te-them\/menaxhment-radikal\/","title":{"rendered":"MENAXHMENT RADIKAL"},"content":{"rendered":"<div class=\"f52428582a4b906b2d2e2a7d733c7d27\" data-index=\"7\" style=\"float: none; margin:10px 0 10px 0; text-align:center;\">\n<!-- MSP Ads Asynchronous JS Tag - Generated with Revive Adserver v5.4.1 -->\r\n<ins data-revive-zoneid=\"167\" data-revive-id=\"060fdb01f6430ec164d3519234aa4967\"><\/ins>\r\n<script async src=\"\/\/panel.ads.com.mk\/www\/delivery\/asyncjs.php\"><\/script>\n<\/div>\n<p><span class=\"dropcap color firstcharacter\">1 <\/span> Kryetarja e Shkupit Danella Arskovska, nga pozicioni i kryetares s\u00eb ZELS e k\u00ebrc\u00ebnoi Qeverin\u00eb se kryetar\u00ebt e komunave do t\u00eb radikalizohen n\u00ebse ajo nuk u jep para p\u00ebr t\u2019i paguar faturat komunale t\u00eb rrym\u00ebs. Si do t\u00eb radikalizohen? Do ta sulmojn\u00eb Qeverin\u00eb? Do t\u00eb protestojn\u00eb dhe do t\u2019i bllokojn\u00eb rrug\u00ebt? Nuk do t\u2019i mbledhin mbeturinat? Do ta ndalin ujin? Do ta nd\u00ebrpresin ndri\u00e7imin rrugor dhe do t\u00eb na l\u00ebshojn\u00eb qent\u00eb e pastreh\u00eb t\u00eb na han\u00eb nat\u00ebn? Apo n\u00eb frym\u00ebn e menaxhimit radikal \u2013 thjesht, nuk do t\u00eb paguajn\u00eb rrym\u00ebn?<br \/>\nMe r\u00ebnd\u00ebsi, parkimi n\u00eb Shkup do t\u00eb jet\u00eb m\u00eb i lir\u00eb p\u00ebr 25 p\u00ebrqind. Dhe do t\u00eb ket\u00eb transport t\u00eb lir\u00eb autobusi. Si\u00e7 do t\u00eb kishte th\u00ebn\u00eb Zoran Stavreski, mbikqyr\u00ebsi i VMRO-DPMNE-s\u00eb p\u00ebr projektet e kryetar\u00ebve t\u00eb komunave t\u00eb tyre \u2013 \u201cNe jemi t\u00eb \u00e7mendur. Nuk kemi p\u00ebr buk\u00eb, e harxhojm\u00eb p\u00ebr \u00e7okollat\u00eb\u201d.<\/p>\n<p>N\u00eb fund t\u00eb fundit, \u00e7far\u00ebdo q\u00eb t\u00eb ket\u00eb premtuar menaxherja e Qytetit t\u00eb Shkupit n\u00eb fushat\u00ebn zgjedhore, ajo gj\u00eb nuk vlen n\u00ebse ka kriz\u00eb. Kriz\u00ebs le t\u2019ia mendoj\u00eb Qeveria, ajo ka projektet e saj. N\u00eb mes t\u00eb nj\u00eb krize energjetike ul \u00e7mimin e parkingut dhe inkuadron transportin e lir\u00eb p\u00ebr pensionist\u00ebt. Megaparku \u00ebsht\u00eb shum\u00eb m\u00eb i r\u00ebnd\u00ebsish\u00ebm p\u00ebr t\u00eb se sa mbulimi i harxhimeve t\u00eb ngrohjes p\u00ebr shkupjan\u00ebt. Qeveria duheshka t\u2019i jap\u00eb asaj para q\u00eb t\u00eb mund t\u00eb vazhdoj\u00eb me projektet populiste. Pensionist\u00ebt ta duan at\u00eb, nd\u00ebrsa t\u00eb gjitha ta urrejn\u00eb Qeverin\u00eb se po futet n\u00eb borxh. Pse? Vet\u00ebm sepse partia q\u00eb e mb\u00ebshteti gjat\u00eb zgjedhjeve nuk \u00ebsht\u00eb partia qeveris\u00ebse.<\/p>\n<p>\u00cbsht\u00eb nj\u00eb \u00e7\u00ebshtje menaxhieriale kjo p\u00ebrshtatja me kushtet n\u00eb nj\u00eb situat\u00eb krizash. N\u00ebse kompania \u00ebsht\u00eb n\u00eb kriz\u00eb, ti shikon se si mund ta nxjerr\u00ebsh at\u00eb, t\u00eb ul\u00ebsh harxhimet e panevojshme, t\u00eb kursesh, t\u00eb k\u00ebrkosh burime t\u00eb tjera t\u00eb financimit, t\u2019i ul\u00ebsh vendet e pun\u00ebs. Nuk \u00ebsht\u00eb aspak\u00a0 menaxheriale t\u00eb ankohesh n\u00ebp\u00ebr televizione se t\u00eb gjith\u00eb po t\u00eb sulmojn\u00eb dhe se nuk ka para p\u00ebr t\u00eb paguar rrym\u00ebn. Le t\u00eb ankohet, por gjithashtu le t\u00eb b\u00ebj\u00eb di\u00e7ka p\u00ebr k\u00ebt\u00eb kriz\u00eb ku ndodhemi, sepse n\u00eb k\u00ebt\u00eb m\u00ebnyr\u00eb Danella tregohet jo si dikush q\u00eb \u00ebsht\u00eb p\u00ebrzgjedhur p\u00ebr t\u00eb zgjedhur problemet e qytetar\u00ebve, por si dikush q\u00eb proteston n\u00eb em\u00ebr t\u00eb qytetar\u00ebve.<\/p>\n<p>Kollaj e ka Hristijan Mickoski q\u00eb t\u00eb rrij\u00eb ulur n\u00eb pallatin e tij t\u00eb bardh\u00eb dhe \u00e7do dit\u00eb nga tri-kat\u00ebr her\u00eb t\u00eb k\u00ebrkoj\u00eb zgjedhje t\u00eb parakohshme e t\u00eb ankohet, sepse nga ai pozicion ai nuk ka p\u00ebrgjegj\u00ebsi udh\u00ebheqjeje. Por, Danella ka nj\u00eb kryeqytet p\u00ebr t\u00eb udh\u00ebhequr. Ajo ka buxhetin e Shkupit, jo Mickoski. Dhe ka detyra konkrete q\u00eb qyteti t\u00eb funksionoj\u00eb edhe n\u00eb kushte t\u00eb kriz\u00ebs. Pa marr\u00eb parasysh q\u00eb shkupjan\u00ebt e p\u00ebrzgjodh\u00ebn si t\u00eb pavarur, por t\u00eb mb\u00ebshtetur nga VMRO-DPMNE-ja, kjo nuk do t\u00eb thot\u00eb se duhet t\u00eb shkoj\u00eb sipas mendjes s\u00eb Mickoskit. Ashtu si ka nisur t\u00eb bllokoj\u00eb \u00e7do gj\u00eb\u00a0 vet\u00ebm e vet\u00ebm se nuk \u00ebsht\u00eb n\u00eb pushtet \u2013 n\u00eb fund do t\u00eb dal\u00eb se \u2013 jo transport falas, por as p\u00ebr transport t\u00eb thjesht\u00eb nuk do t\u00eb ket\u00eb fare.<\/p>\n<p><span class=\"dropcap color firstcharacter\">2<\/span> Mes dy deklaratave p\u00ebr zgjedhje t\u00eb parakohshme parlamentare, Mickoski k\u00ebrkoi q\u00eb Qeveria t\u2019i jap\u00eb m\u00eb shum\u00eb para nga buxheti shtet\u00ebror komunave dhe n\u00eb t\u00eb nj\u00ebjt\u00ebn koh\u00eb komunkoi se do t\u00eb k\u00ebrkoj\u00eb edhe uljen e \u00e7mimit t\u00eb aksioneve. Pse? Nga do t\u00eb mblidhen parat\u00eb e buxhetit?<br \/>\nE pastaj do t\u00eb akuzoj\u00eb se \u201cadministratori\u201d dhe \u201cpiuni\u201d Kova\u00e7evski aq shum\u00eb e ka futur n\u00eb borxh shtetin dhe po e \u00e7on at\u00eb n\u00eb nj\u00eb drejtim t\u00eb gabuar. E nd\u00ebrkoh\u00eb, eksperti i tij i ekonomis\u00eb, Trajko Sllaveski do t\u00eb analizoj\u00eb se si jemi futur n\u00eb borxh disa gjenerata para. \u00c7\u2019fat i madh q\u00eb kur ai ishte minist\u00ebr i financave, Qeveria e Gruevskit nuk futej aq shum\u00eb n\u00eb borxhe. Dhe \u00e7\u2019fat edhe m\u00eb i madh q\u00eb n\u00eb m\u00ebnyr\u00eb aq produktive i harxhonin parat\u00eb p\u00ebr p\u00ebrmendore.<\/p>\n<p><span class=\"dropcap color firstcharacter\">3<\/span> P\u00ebr nj\u00eb \u00e7ast m\u00eb erdhi p\u00ebr t\u00eb qeshur kur VMRO-DPMNE-ja me an\u00eb t\u00eb komunikat\u00ebs k\u00ebrkoi p\u00ebrgjegj\u00ebsi nga qeveria p\u00ebr faktin se \u00ebsht\u00eb ndalur rryma n\u00eb Shkup, n\u00eb at\u00eb moment kur Mickoski qenka shprehur n\u00eb lidhje me pun\u00ebn q\u00eb kan\u00eb b\u00ebr\u00eb kryetar\u00ebt e partis\u00eb s\u00eb tij p\u00ebrgjat\u00eb 100 dit\u00ebve t\u00eb tyre n\u00eb pushtet. Kjo \u00ebsht\u00eb partia e nj\u00ebjt\u00eb t\u00eb cil\u00ebn e d\u00ebgjonim n\u00eb bomba, se si thoshte: \u201cle t\u00eb ndalet rryma\u201d q\u00eb t\u00eb mos mund t\u00eb shkoj\u00eb asnj\u00eb emision n\u00eb televizion. \u00cbsht\u00eb po ajo parti, ministri i s\u00eb cil\u00ebs k\u00ebrkonte nga Kontrolli i fluturimeve dhe nga aeroporti q\u00eb t\u2019i mbajn\u00eb avionat n\u00eb aj\u00ebr, t\u00eb mos i lejojn\u00eb t\u00eb aterojn\u00eb n\u00eb koh\u00eb qytetar\u00ebt q\u00eb vinin p\u00ebr t\u00eb votuar n\u00eb zgjedhje. K\u00ebshtu q\u00eb \u00ebsht\u00eb plot\u00ebsisht normale q\u00eb p\u00ebr k\u00ebt\u00eb parti refleksi i par\u00eb t\u00eb jet\u00eb q\u00eb t\u00eb mendojn\u00eb se qeveria ua ka nd\u00ebrprer\u00eb rrym\u00ebn me q\u00ebllim gjat\u00eb koh\u00ebs kur Mickoski ka qen\u00eb duke i p\u00ebrmendur sukseset e shumta.<\/p>\n<p><span class=\"dropcap color firstcharacter\">4 <\/span> Nuk e di se pse publiku u emocionua kaq shum\u00eb q\u00eb n\u00eb nj\u00eb seanc\u00eb t\u00eb mbyllur, Qeveria paska vendosur q\u00eb p\u00ebr konzull gjeneral n\u00eb Njujork ta d\u00ebrgoj\u00eb TV prezantuesen 28 vje\u00e7are. Dhe \u00e7far\u00eb \u00ebsht\u00eb kaq e tmerrshme nga fakti se nj\u00eb kandidate p\u00ebr konzull \u00ebsht\u00eb TV prezantuese. \u00c7\u2019faj ka ajo n\u00ebse e konsideron veten t\u00eb aft\u00eb p\u00ebr t\u00eb qen\u00eb konzull? \u00cbsht\u00eb ambicioze, \u00ebsht\u00eb b\u00ebr\u00eb pjes\u00eb e partis\u00eb, partia e ka mb\u00ebshtetur n\u00eb Qeveri, e Qeveria e ka p\u00ebrzgjedhur. P\u00ebrse kaq shum\u00eb mllef drejtuar asaj, e jo ndaj Qeveris\u00eb q\u00eb e ka p\u00ebrzgjedhur n\u00eb nj\u00eb seanc\u00eb t\u00eb mbyllur duke i shkelur k\u00ebshtu ligjet e sh\u00ebrbimit diplomatik, e m\u00eb pas t\u00eb p\u00ebrpiqet ta fsheh\u00eb at\u00eb? Secili mund t\u00eb d\u00ebshiroj\u00eb \u00e7\u2019t\u00eb doj\u00eb.<\/p>\n<p>K\u00ebshtu \u00ebsht\u00eb te ne. Duke nisur nga nivelet m\u00eb t\u00eb ul\u00ebta t\u00eb punonj\u00ebsve komunal\u00eb, drejtor\u00ebve t\u00eb nd\u00ebrmarrjeve t\u00eb ndryshme, t\u00eb shkollave, \u00e7erdheve, teatrove, spitaleve, e deri te konzujt gjeneral\u00eb e ambasador\u00ebt. P\u00ebr \u00e7do profesionist, ka dhe nj\u00eb person i futur n\u00eb baz\u00eb t\u00eb partis\u00eb, nepotizmit apo edhe seksit, nd\u00ebrkoh\u00eb q\u00eb ne ua paguajn\u00eb d\u00ebshirat kuadrove partiake. Te ne administrata prej koh\u00ebsh nuk \u00ebsht\u00eb partizuar. Kemi nj\u00eb administrat\u00eb klasike partiake n\u00eb barr\u00eb t\u00eb shtetit.<\/p>\n<p><span class=\"dropcap color firstcharacter\">5 <\/span> Eurodeputeti i Bullgaris\u00eb\u00a0Aleksandar Xhambaski, i njohur p\u00ebr nga q\u00ebndrimet e tij antimaqedonase dhe nj\u00eb prej mb\u00ebshtet\u00ebsve kryesor\u00eb t\u00eb vetos p\u00ebr fillimin e negociatave t\u00eb Maqedonis\u00eb me BE-n\u00eb, n\u00eb mes t\u00eb parlamentit evropian n\u00eb Strasburg b\u00ebri p\u00ebrsh\u00ebndetjen naciste.<\/p>\n<p>Pastaj arsyetohej se ajo nuk ka qen\u00eb p\u00ebrsh\u00ebndetje naciste, por nj\u00eb p\u00ebrsh\u00ebndetje e thjesht\u00eb.<\/p>\n<p>Eurodeputeti e vinte Ohrin n\u00eb videon e tij parazgjedhore me premtimin se \u201cOhri do t\u00eb b\u00ebhet probullgar\u201d dhe me thirrjen \u201cMaqedonia \u00ebsht\u00eb bullgare, Bullgaria mbi t\u00eb gjith\u00eb\u201d.<\/p>\n<p>P\u00ebrsh\u00ebndetja e tij e thjesht\u00eb nuk \u00ebsht\u00eb p\u00ebrsh\u00ebndetje naciste. Por nj\u00eb p\u00ebrsh\u00ebndetje administrative. Ashtu p\u00ebrsh\u00ebndesnin edhe administrator\u00ebt e Maqedonis\u00eb nga 1941 deri 1942.<\/p>\n<p><strong><em>P\u00ebrktheu: Fjolla Zllatku <\/em><\/strong><\/p>\n<p>&nbsp;<\/p>\n\n<div style=\"font-size: 0px; height: 0px; line-height: 0px; margin: 0; padding: 0; clear: both;\"><\/div>","protected":false},"excerpt":{"rendered":"<p>Kryetarja e Shkupit Danella Arskovska, nga pozicioni i kryetares s\u00eb ZELS e k\u00ebrc\u00ebnoi Qeverin\u00eb se kryetar\u00ebt e komunave do t\u00eb [&hellip;]<\/p>\n","protected":false},"author":25,"featured_media":184,"comment_status":"closed","ping_status":"closed","sticky":false,"template":"","format":"standard","meta":{"_mo_disable_npp":"no","inline_featured_image":false},"categories":[1825],"tags":[],"imageURL":"https:\/\/sdk.mk\/wp-content\/uploads\/2015\/12\/goran-mihailovski2.jpg","thumbURL":"https:\/\/sdk.mk\/wp-content\/uploads\/2015\/12\/goran-mihailovski2-250x196.jpg","categoryNames":["DUA T\u00cb THEM"],"feature_caption":"","subtitle":"P\u00ebrsh\u00ebndetja e tij e thjesht\u00eb nuk \u00ebsht\u00eb p\u00ebrsh\u00ebndetje naciste. Por nj\u00eb p\u00ebrsh\u00ebndetje administrative. Ashtu p\u00ebrsh\u00ebndesnin edhe administruesit e Maqedonis\u00eb nga 1941 deri 1942.","views":"19","source":"Shkup, (SAKAMDAKAZAM.MK)","yoast_head":"<!-- This site is optimized with the Yoast SEO Premium plugin v15.0 - https:\/\/yoast.com\/wordpress\/plugins\/seo\/ -->\n<title>MENAXHMENT RADIKAL - \u0421\u0430\u043a\u0430\u043c \u0414\u0430 \u041a\u0430\u0436\u0430\u043c<\/title>\n<meta name=\"robots\" content=\"index, follow, max-snippet:-1, max-image-preview:large, max-video-preview:-1\" \/>\n<link rel=\"canonical\" href=\"https:\/\/sdk.mk\/index.php\/dua-te-them\/menaxhment-radikal\/\" \/>\n<meta property=\"og:locale\" content=\"mk_MK\" \/>\n<meta property=\"og:type\" content=\"article\" \/>\n<meta property=\"og:title\" content=\"MENAXHMENT RADIKAL - \u0421\u0430\u043a\u0430\u043c \u0414\u0430 \u041a\u0430\u0436\u0430\u043c\" \/>\n<meta property=\"og:description\" content=\"Kryetarja e Shkupit Danella Arskovska, nga pozicioni i kryetares s\u00eb ZELS e k\u00ebrc\u00ebnoi Qeverin\u00eb se kryetar\u00ebt e komunave do t\u00eb [&hellip;]\" \/>\n<meta property=\"og:url\" content=\"https:\/\/sdk.mk\/index.php\/dua-te-them\/menaxhment-radikal\/\" \/>\n<meta property=\"og:site_name\" content=\"\u0421\u0430\u043a\u0430\u043c \u0414\u0430 \u041a\u0430\u0436\u0430\u043c\" \/>\n<meta property=\"article:published_time\" content=\"2022-02-21T10:46:52+00:00\" \/>\n<meta property=\"og:image\" content=\"https:\/\/sdk.mk\/wp-content\/uploads\/2015\/12\/goran-mihailovski2.jpg\" \/>\n\t<meta property=\"og:image:width\" content=\"400\" \/>\n\t<meta property=\"og:image:height\" content=\"313\" \/>\n<meta property=\"fb:app_id\" content=\"2407985809428537\" \/>\n<meta name=\"twitter:card\" content=\"summary\" \/>\n<script type=\"application\/ld+json\" class=\"yoast-schema-graph\">{\"@context\":\"https:\/\/schema.org\",\"@graph\":[{\"@type\":\"WebSite\",\"@id\":\"https:\/\/sdk.mk\/#website\",\"url\":\"https:\/\/sdk.mk\/\",\"name\":\"\\u0421\\u0430\\u043a\\u0430\\u043c \\u0414\\u0430 \\u041a\\u0430\\u0436\\u0430\\u043c\",\"description\":\"\\u0417\\u0430 \\u0441\\u043b\\u043e\\u0431\\u043e\\u0434\\u043e\\u0443\\u043c\\u043d\\u0438\",\"potentialAction\":[{\"@type\":\"SearchAction\",\"target\":\"https:\/\/sdk.mk\/?s={search_term_string}\",\"query-input\":\"required name=search_term_string\"}],\"inLanguage\":\"mk-MK\"},{\"@type\":\"ImageObject\",\"@id\":\"https:\/\/sdk.mk\/index.php\/dua-te-them\/menaxhment-radikal\/#primaryimage\",\"inLanguage\":\"mk-MK\",\"url\":\"https:\/\/sdk.mk\/wp-content\/uploads\/2015\/12\/goran-mihailovski2.jpg\",\"width\":400,\"height\":313},{\"@type\":\"WebPage\",\"@id\":\"https:\/\/sdk.mk\/index.php\/dua-te-them\/menaxhment-radikal\/#webpage\",\"url\":\"https:\/\/sdk.mk\/index.php\/dua-te-them\/menaxhment-radikal\/\",\"name\":\"MENAXHMENT RADIKAL - \\u0421\\u0430\\u043a\\u0430\\u043c \\u0414\\u0430 \\u041a\\u0430\\u0436\\u0430\\u043c\",\"isPartOf\":{\"@id\":\"https:\/\/sdk.mk\/#website\"},\"primaryImageOfPage\":{\"@id\":\"https:\/\/sdk.mk\/index.php\/dua-te-them\/menaxhment-radikal\/#primaryimage\"},\"datePublished\":\"2022-02-21T10:46:52+00:00\",\"dateModified\":\"2022-02-21T10:46:52+00:00\",\"author\":{\"@id\":\"https:\/\/sdk.mk\/#\/schema\/person\/737021aeacbe893f7e2c347186c5c7a1\"},\"inLanguage\":\"mk-MK\",\"potentialAction\":[{\"@type\":\"ReadAction\",\"target\":[\"https:\/\/sdk.mk\/index.php\/dua-te-them\/menaxhment-radikal\/\"]}]},{\"@type\":\"Person\",\"@id\":\"https:\/\/sdk.mk\/#\/schema\/person\/737021aeacbe893f7e2c347186c5c7a1\",\"name\":\"\\u0424\\u0458\\u043e\\u043b\\u0430 \\u0417\\u043b\\u0430\\u0442\\u043a\\u0443\"}]}<\/script>\n<!-- \/ Yoast SEO Premium plugin. -->","_links":{"self":[{"href":"https:\/\/sdk.mk\/index.php\/wp-json\/wp\/v2\/posts\/166466"}],"collection":[{"href":"https:\/\/sdk.mk\/index.php\/wp-json\/wp\/v2\/posts"}],"about":[{"href":"https:\/\/sdk.mk\/index.php\/wp-json\/wp\/v2\/types\/post"}],"author":[{"embeddable":true,"href":"https:\/\/sdk.mk\/index.php\/wp-json\/wp\/v2\/users\/25"}],"replies":[{"embeddable":true,"href":"https:\/\/sdk.mk\/index.php\/wp-json\/wp\/v2\/comments?post=166466"}],"version-history":[{"count":0,"href":"https:\/\/sdk.mk\/index.php\/wp-json\/wp\/v2\/posts\/166466\/revisions"}],"wp:featuredmedia":[{"embeddable":true,"href":"https:\/\/sdk.mk\/index.php\/wp-json\/wp\/v2\/media\/184"}],"wp:attachment":[{"href":"https:\/\/sdk.mk\/index.php\/wp-json\/wp\/v2\/media?parent=166466"}],"wp:term":[{"taxonomy":"category","embeddable":true,"href":"https:\/\/sdk.mk\/index.php\/wp-json\/wp\/v2\/categories?post=166466"},{"taxonomy":"post_tag","embeddable":true,"href":"https:\/\/sdk.mk\/index.php\/wp-json\/wp\/v2\/tags?post=166466"}],"curies":[{"name":"wp","href":"https:\/\/api.w.org\/{rel}","templated":true}]}}