{"id":16761,"date":"2016-11-23T13:09:04","date_gmt":"2016-11-23T12:09:04","guid":{"rendered":"http:\/\/sdk.mk\/\/?p=16761"},"modified":"2016-11-23T13:09:04","modified_gmt":"2016-11-23T12:09:04","slug":"viktimat-e-dhunes-familjare-nuk-kane-ku-te-fshihen-ne-maqedonine-perendimore","status":"publish","type":"post","link":"https:\/\/sdk.mk\/index.php\/histori-te-parrefyera\/viktimat-e-dhunes-familjare-nuk-kane-ku-te-fshihen-ne-maqedonine-perendimore\/","title":{"rendered":"VIKTIMAT E DHUN\u00cbS FAMILJARE NUK KAN\u00cb KU T\u00cb FSHIHEN N\u00cb MAQEDONIN\u00cb PER\u00cbNDIMORE"},"content":{"rendered":"<div class=\"f52428582a4b906b2d2e2a7d733c7d27\" data-index=\"7\" style=\"float: none; margin:10px 0 10px 0; text-align:center;\">\n<!-- MSP Ads Asynchronous JS Tag - Generated with Revive Adserver v5.4.1 -->\r\n<ins data-revive-zoneid=\"167\" data-revive-id=\"060fdb01f6430ec164d3519234aa4967\"><\/ins>\r\n<script async src=\"\/\/panel.ads.com.mk\/www\/delivery\/asyncjs.php\"><\/script>\n<\/div>\n<p><span style=\"font-weight: 400;\">\u00a0<\/span>Dhuna familjare n\u00eb rajonin e Tetov\u00ebs dhe Gostivarit \u00ebsht\u00eb n\u00eb rritje e sip\u00ebr, por Qendra p\u00ebr Ndihm\u00eb Juridike, e cila punon si pjes\u00eb p\u00ebrb\u00ebr\u00ebse e organizat\u00ebs joqeveritare t\u00eb Forumit t\u00eb Gruas n\u00eb Tetov\u00eb, \u00ebsht\u00eb vendi i vet\u00ebm ku viktimat e pjes\u00ebs per\u00ebndimore t\u00eb Maqedonis\u00eb mund t\u00eb drejtohen p\u00ebr ndihm\u00eb.<\/p>\n<p><span style=\"font-weight: 400;\"> \u201cBurri im me vite m\u00eb keqtrajtonte fizikisht dhe psiqikisht. Vazhdimisht m\u00eb b\u00ebrtiste dhe m\u00eb faj\u00ebsonte p\u00ebr \u00e7do gj\u00eb. Shpesh her\u00eb m\u00eb rrihte edhe p\u00ebr imt\u00ebsin\u00eb m\u00eb t\u00eb vog\u00ebl, duke m\u00eb goditur ku t\u00eb mb\u00ebrrinte. E t\u00ebra me t\u00eb nxira, e thyer, m\u00eb duhej q\u00eb t\u00eb duroja, sepse nuk dija se \u00e7\u2019t\u00eb b\u00ebja tjet\u00ebr\u201d, rr\u00ebfen historin\u00eb e vet jet\u00ebsore nj\u00eb grua e re, nj\u00eb prej shum\u00eb viktimave t\u00eb dhun\u00ebs familjare n\u00eb rajonin e Tetov\u00ebs dhe Gostivarit. <\/span><span style=\"font-weight: 400;\"><br \/>\n<\/span><span style=\"font-weight: 400;\">\u201cKam lindur n\u00eb Shqip\u00ebri dhe u martova k\u00ebtu duke menduar se do t\u00eb kem nj\u00eb jet\u00eb m\u00eb t\u00eb mir\u00eb, por m\u00eb doli nj\u00eb ferr. Humba kontakt me familjen n\u00eb Shqip\u00ebri, k\u00ebtu nuk kisha para, as pron\u00eb, isha krejt\u00ebsisht pa ndihm\u00eb. Nuk mund t\u00eb shkoja as n\u00eb polici q\u00eb ta paraqisja, sepse nuk kisha t\u00eb holla p\u00ebr transport deri n\u00eb qytet. Heshtja dhe duroja, duke menduar q\u00eb ndoshta pun\u00ebt do t\u00eb p\u00ebrmir\u00ebsohen dhe burri do t\u00eb kuptoj\u00eb q\u00eb nuk mund t\u00eb sillet m\u00eb k\u00ebshtu kundrejt meje. Por gjendja ime dita dit\u00ebs p\u00ebrkeq\u00ebsohej. K\u00ebshtu, pas nj\u00eb z\u00ebnke t\u00eb madhe, ai m\u00eb rrahu p\u00ebrs\u00ebri dhe m\u00eb nxori n\u00eb rrug\u00eb. M\u00eb hodhi vet\u00ebm dy qese najloni me gj\u00ebrat m\u00eb t\u00eb domosdoshme personale. Q\u00ebndrova gjat\u00eb koh\u00eb ashtu n\u00eb rrug\u00eb, duke qar\u00eb dhe duke mos ditur se \u00e7far\u00eb t\u00eb b\u00ebja. Mendoja q\u00eb gjith\u00eb bota po shkat\u00ebrrohej sip\u00ebr meje. At\u00ebher\u00eb erdhi fqinja ime dhe m\u00eb tha se do t\u00eb m\u00eb ndihmonte dhe s\u00eb bashku erdh\u00ebm n\u00eb k\u00ebt\u00eb Qend\u00ebr. K\u00ebta njer\u00ebz m\u00eb pranuan mir\u00eb dhe ia arrit\u00ebn disi t\u00eb m\u00eb vendosnin\u201d, thot\u00eb gruaja. <\/span><\/p>\n<p><span style=\"font-weight: 400;\">Sllagjana Josifovska, koordinatore n\u00eb Qendr\u00ebn p\u00ebr ndihm\u00eb ligjore pa pages\u00eb n\u00eb Tetov\u00eb, thot\u00eb q\u00eb ky rast me gruan nga Shqip\u00ebria \u00ebsht\u00eb rast karakteristik i dhun\u00ebs familjare. <\/span><\/p>\n<p><span style=\"font-weight: 400;\">\u201cKur gruaja erdhi te ne ishte e d\u00ebshp\u00ebruar. Ishte e gatshme edhe t\u00eb flej\u00eb n\u00eb rrug\u00eb, vet\u00ebm q\u00eb t\u00eb mos kthehet te i shoqi dhunues. Ne mor\u00ebm masa menj\u00ebher\u00eb dhe n\u00ebp\u00ebrmjet kontakteve me organizatat partnere n\u00eb Shkup, p\u00ebr nj\u00eb koh\u00eb t\u00eb shkurt\u00ebr, arrit\u00ebm t\u2019i siguronim vendosje n\u00eb Qendr\u00ebn p\u00ebr kriza n\u00eb Shkup, nd\u00ebrsa pastaj edhe n\u00eb Qendr\u00ebn Shelter, e cila edhe pse e mbushur plot, i mund\u00ebsoi nj\u00eb vendosje k\u00ebsaj gruaje. Meq\u00eb nuk kishte kushte p\u00ebr t\u2019u kthyer te familja e saj, gruaja mbeti n\u00eb Qendr\u00ebn Shelter p\u00ebr nj\u00eb muaj e gjysm\u00eb, e pastaj ne p\u00ebrs\u00ebri u angazhuam dhe n\u00eb bashk\u00ebpunim me Qendr\u00ebn p\u00ebr pun\u00eb sociale dhe familje mor\u00ebm masa q\u00eb gruaja t\u00eb ngelej edhe m\u00eb tej n\u00eb qendr\u00ebn pranuese\u201d, thot\u00eb Josifovska. <\/span><\/p>\n<p><span style=\"font-weight: 400;\">N\u00eb QNJ m\u00eb s\u00eb shpeshti paraqiten viktima t\u00eb dhun\u00ebs psiqike dhe fizike, nd\u00ebrsa ka edhe raste t\u00eb dhun\u00ebs seksuale dhe ekonomike. P\u00ebr fat t\u00eb keq, p\u00ebrve\u00e7 ndihm\u00ebs ligjore pa pages\u00eb, kjo qend\u00ebr nuk mund t\u2019u ofroj\u00eb ndonj\u00eb lloj tjet\u00ebr mbrojtjeje viktimave t\u00eb dhun\u00ebs familjare, thot\u00eb Josifovska. <\/span><\/p>\n<p><span style=\"font-weight: 400;\">\u201cN\u00eb t\u00ebr\u00eb rajonin per\u00ebndimor t\u00eb Maqedonis\u00eb nuk ekziston asnj\u00eb lloj sh\u00ebrbimi p\u00ebr viktimat e dhun\u00ebs familjare, p\u00ebrve\u00e7 Qendr\u00ebs p\u00ebr ndihm\u00eb juridike pa pages\u00eb n\u00eb Shoqat\u00ebn Forumi i Gruas n\u00eb Tetov\u00eb. Nuk ka qend\u00ebr shelter, nuk ka linj\u00eb SOS, nuk ka k\u00ebshillimore psikosociale. Nj\u00eb problem tjet\u00ebr mbi t\u00eb cilin duhet punuar \u00ebsht\u00eb sigurimi i mir\u00ebmbajtjes n\u00eb Qend\u00ebr. Ajo tani financohet vet\u00ebm prej donacioneve t\u00eb huaja dhe pun\u00ebs vullnetare t\u00eb avokates dhe koordinatores. Besoni, numri i rasteve t\u00eb paraqitura t\u00eb dhun\u00ebs familjare me siguri do t\u00eb ishte m\u00eb i madh n\u00eb rast se do t\u00eb kishim linj\u00eb telefonike SOS dhe vend t\u00eb ve\u00e7ant\u00eb p\u00ebr vendosjen e viktimave t\u00eb dhun\u00ebs familjare\u201d, thot\u00eb Xhane Kreshova, kryetarja e organizat\u00ebs joqeveritare Forumi i Gruas, e cila nj\u00eb pjes\u00eb t\u00eb madhe t\u00eb aktivitetit t\u00eb saj ia dedikon ndihm\u00ebs s\u00eb viktimave t\u00eb dhun\u00ebs familjare. <\/span><\/p>\n<p><span style=\"font-weight: 400;\">EDHE BURRI \u00cbSHT\u00cb VIKTIM\u00cb<\/span><\/p>\n<p><span style=\"font-weight: 400;\">N\u00eb vitin 2015 n\u00eb Qend\u00ebr ishin t\u00eb paraqitura 32 raste t\u00eb dhun\u00ebs familjare, nd\u00ebrsa n\u00eb gjysm\u00ebn e par\u00eb t\u00eb vitit 2016 kishte 11 raste, nga t\u00eb cilat 10 ishin t\u00eb viktimave gra, nd\u00ebrsa n\u00eb nj\u00eb rast, viktima e dhun\u00ebs familjare ishte burr\u00eb. <\/span><\/p>\n<p><span style=\"font-weight: 400;\"> \u201cParaqitja e dhun\u00ebs familjare \u00ebsht\u00eb ngritur n\u00eb nivel shum\u00eb m\u00eb t\u00eb lart\u00eb, p\u00ebr dallim nga fillimet, para dhjet\u00eb vjet\u00ebsh, kur QNJ-ja filloi me pun\u00eb. Kjo nuk do t\u00eb thot\u00eb q\u00eb kemi rritje t\u00eb dhun\u00ebs familjare, por q\u00eb \u00ebsht\u00eb ngritur vet\u00ebdija te viktimat n\u00eb lidhje me k\u00ebt\u00eb fenomen. Fatkeq\u00ebsisht, ende ekzistojn\u00eb barriera q\u00eb i kufizojn\u00eb grat\u00eb p\u00ebr t\u00eb paraqitur dhun\u00ebn, sidomos grat\u00eb e viseve rurale, si paragjykimet, stereotipet, turpi nga rrethi, frika nga dhunuesi, edukimi patriarkal, var\u00ebsia e plot\u00eb ekonomike nga burri, pabesueshm\u00ebria ndaj institucioneve. M\u00eb tragjikja nga t\u00eb gjitha \u00ebsht\u00eb q\u00eb, edhe ato q\u00eb kan\u00eb guxuar t\u00eb paraqesin rastin e tyre, k\u00ebt\u00eb gj\u00eb e kan\u00eb b\u00ebr\u00eb pas keqtrajtimit t\u00eb gjat\u00eb q\u00eb ka zgjatur me muaj apo edhe me vite\u201d, thot\u00eb Verica Timosieska, avokate n\u00eb Qendr\u00ebn p\u00ebr ndihm\u00eb juridike. <\/span><\/p>\n<p><span style=\"font-weight: 400;\">P\u00ebr faktin q\u00eb dhuna familjare n\u00eb Tetov\u00eb dhe Gostivar \u00ebsht\u00eb m\u00eb e pranishme tregojn\u00eb edhe statistikat policore. Sipas SPB-s\u00eb n\u00eb Tetov\u00eb, gjat\u00eb shtat\u00eb muajve t\u00eb fundit, n\u00eb Tetov\u00eb dhe n\u00eb rajonin e Tetov\u00ebs jan\u00eb ngritur 41 padi penale p\u00ebr raste m\u00eb serioze t\u00eb dhun\u00ebs familjare, me shkaktim t\u00eb l\u00ebndimeve trupore, k\u00ebrc\u00ebnim t\u00eb siguris\u00eb dhe detyrim me dhun\u00eb. \u00a0Shkaktar\u00ebt m\u00eb t\u00eb shpesht\u00eb jan\u00eb bashk\u00ebshort\u00ebt, nd\u00ebrsa viktimat m\u00eb t\u00eb shpeshta bashk\u00ebshortet, grat\u00eb e martuara m\u00eb her\u00ebt ose grat\u00eb e pamartuara, baballar\u00ebt, n\u00ebnat dhe f\u00ebmij\u00ebt. <\/span><\/p>\n<p><span style=\"font-weight: 400;\">Gjat\u00eb gjasht\u00eb muajve t\u00eb vitit, n\u00eb krahin\u00ebn e Gostivarit jan\u00eb p\u00ebrgatitur 29 padi penale p\u00ebr dhun\u00eb familjare. Edhe k\u00ebtu, viktimat m\u00eb t\u00eb shpeshta jan\u00eb bashk\u00ebshortet, n\u00eb 16 raste. <\/span><\/p>\n<p><span style=\"font-weight: 400;\">P\u00ebrktheu: Fjolla Zllatku <\/span><\/p>\n\n<div style=\"font-size: 0px; height: 0px; line-height: 0px; margin: 0; padding: 0; clear: both;\"><\/div>","protected":false},"excerpt":{"rendered":"<p>\u00a0Dhuna familjare n\u00eb rajonin e Tetov\u00ebs dhe Gostivarit \u00ebsht\u00eb n\u00eb rritje e sip\u00ebr, por Qendra p\u00ebr Ndihm\u00eb Juridike, e cila [&hellip;]<\/p>\n","protected":false},"author":9,"featured_media":15566,"comment_status":"closed","ping_status":"closed","sticky":false,"template":"","format":"standard","meta":{"_mo_disable_npp":"","inline_featured_image":false},"categories":[3085,3095],"tags":[],"imageURL":"https:\/\/sdk.mk\/wp-content\/uploads\/2016\/11\/Semejno-nasilstvo-06-650x362.jpg","thumbURL":"https:\/\/sdk.mk\/wp-content\/uploads\/2016\/11\/Semejno-nasilstvo-06-250x139.jpg","categoryNames":["Histori t\u00eb parr\u00ebfyera","Rrjeti i korrespondent\u00ebve"],"feature_caption":"","subtitle":"a:3:{s:16:\"td_post_template\";s:22:\"single_template_civica\";s:11:\"td_subtitle\";s:290:\"Qendrap\u00ebrndihm\u00ebjuridiken\u00ebTetov\u00eb\u00ebsht\u00ebvendiivet\u00ebmkuviktimatedhun\u00ebspsiqike,fizike,seksualedheekonomiket\u00ebpjes\u00ebsper\u00ebndimoret\u00ebMaqedonis\u00ebmundt\u00ebdrejtohenp\u00ebrndihm\u00eb.\u00a0Por,p\u00ebrve\u00e7sendihm\u00ebsjuridikefalas,nukmundt\u2019uofrohetllojtjet\u00ebrmbrojtjeje.\";s:9:\"td_source\";s:45:\"\u0422\u0435\u0442\u043e\u0432\u043e,(\u0421\u0410\u041a\u0410\u041c\u0414\u0410\u041a\u0410\u0416\u0410\u041c.\u041c\u041a)","views":"2835","source":"","yoast_head":"<!-- This site is optimized with the Yoast SEO Premium plugin v15.0 - https:\/\/yoast.com\/wordpress\/plugins\/seo\/ -->\n<title>VIKTIMAT E DHUN\u00cbS FAMILJARE NUK KAN\u00cb KU T\u00cb FSHIHEN N\u00cb MAQEDONIN\u00cb PER\u00cbNDIMORE - \u0421\u0430\u043a\u0430\u043c \u0414\u0430 \u041a\u0430\u0436\u0430\u043c<\/title>\n<meta name=\"robots\" content=\"index, follow, max-snippet:-1, max-image-preview:large, max-video-preview:-1\" \/>\n<link rel=\"canonical\" href=\"https:\/\/sdk.mk\/index.php\/histori-te-parrefyera\/viktimat-e-dhunes-familjare-nuk-kane-ku-te-fshihen-ne-maqedonine-perendimore\/\" \/>\n<meta property=\"og:locale\" content=\"mk_MK\" \/>\n<meta property=\"og:type\" content=\"article\" \/>\n<meta property=\"og:title\" content=\"VIKTIMAT E DHUN\u00cbS FAMILJARE NUK KAN\u00cb KU T\u00cb FSHIHEN N\u00cb MAQEDONIN\u00cb PER\u00cbNDIMORE - \u0421\u0430\u043a\u0430\u043c \u0414\u0430 \u041a\u0430\u0436\u0430\u043c\" \/>\n<meta property=\"og:description\" content=\"\u00a0Dhuna familjare n\u00eb rajonin e Tetov\u00ebs dhe Gostivarit \u00ebsht\u00eb n\u00eb rritje e sip\u00ebr, por Qendra p\u00ebr Ndihm\u00eb Juridike, e cila [&hellip;]\" \/>\n<meta property=\"og:url\" content=\"https:\/\/sdk.mk\/index.php\/histori-te-parrefyera\/viktimat-e-dhunes-familjare-nuk-kane-ku-te-fshihen-ne-maqedonine-perendimore\/\" \/>\n<meta property=\"og:site_name\" content=\"\u0421\u0430\u043a\u0430\u043c \u0414\u0430 \u041a\u0430\u0436\u0430\u043c\" \/>\n<meta property=\"article:published_time\" content=\"2016-11-23T12:09:04+00:00\" \/>\n<meta property=\"og:image\" content=\"https:\/\/sdk.mk\/wp-content\/uploads\/2016\/11\/Semejno-nasilstvo-06.jpg\" \/>\n\t<meta property=\"og:image:width\" content=\"1913\" \/>\n\t<meta property=\"og:image:height\" content=\"1066\" \/>\n<meta property=\"fb:app_id\" content=\"2407985809428537\" \/>\n<meta name=\"twitter:card\" content=\"summary\" \/>\n<script type=\"application\/ld+json\" class=\"yoast-schema-graph\">{\"@context\":\"https:\/\/schema.org\",\"@graph\":[{\"@type\":\"WebSite\",\"@id\":\"https:\/\/sdk.mk\/#website\",\"url\":\"https:\/\/sdk.mk\/\",\"name\":\"\\u0421\\u0430\\u043a\\u0430\\u043c \\u0414\\u0430 \\u041a\\u0430\\u0436\\u0430\\u043c\",\"description\":\"\\u0417\\u0430 \\u0441\\u043b\\u043e\\u0431\\u043e\\u0434\\u043e\\u0443\\u043c\\u043d\\u0438\",\"potentialAction\":[{\"@type\":\"SearchAction\",\"target\":\"https:\/\/sdk.mk\/?s={search_term_string}\",\"query-input\":\"required name=search_term_string\"}],\"inLanguage\":\"mk-MK\"},{\"@type\":\"ImageObject\",\"@id\":\"https:\/\/sdk.mk\/index.php\/histori-te-parrefyera\/viktimat-e-dhunes-familjare-nuk-kane-ku-te-fshihen-ne-maqedonine-perendimore\/#primaryimage\",\"inLanguage\":\"mk-MK\",\"url\":\"https:\/\/sdk.mk\/wp-content\/uploads\/2016\/11\/Semejno-nasilstvo-06.jpg\",\"width\":1913,\"height\":1066,\"caption\":\"\\u0421\\u043f\\u043e\\u0440\\u0435\\u0434 \\u043f\\u043e\\u043b\\u0438\\u0446\\u0438\\u0441\\u043a\\u0430\\u0442\\u0430 \\u0441\\u0442\\u0430\\u0442\\u0438\\u0441\\u0442\\u0438\\u043a\\u0430 \\u0432\\u043e \\u0442\\u0435\\u0442\\u043e\\u0432\\u0441\\u043a\\u043e-\\u0433\\u043e\\u0441\\u0442\\u0438\\u0432\\u0430\\u0440\\u0441\\u043a\\u0438\\u043e\\u0442 \\u0440\\u0435\\u0433\\u0438\\u043e\\u043d, \\u043d\\u0430\\u0458\\u0447\\u0435\\u0441\\u0442\\u0438 \\u0441\\u0442\\u043e\\u0440\\u0438\\u0442\\u0435\\u043b\\u0438 \\u043d\\u0430 \\u0441\\u0435\\u043c\\u0435\\u0458\\u043d\\u043e \\u043d\\u0430\\u0441\\u0438\\u043b\\u0441\\u0442\\u0432\\u043e \\u0441\\u0435 \\u0441\\u043e\\u043f\\u0440\\u0443\\u0437\\u0438, \\u0430 \\u043d\\u0430\\u0458\\u0447\\u0435\\u0441\\u0442\\u0438 \\u0436\\u0440\\u0442\\u0432\\u0438 \\u0441\\u0435 \\u0441\\u043e\\u043f\\u0440\\u0443\\u0433\\u0438\\u0442\\u0435, \\u0442\\u0430\\u0442\\u043a\\u043e\\u0432\\u0446\\u0438, \\u043c\\u0430\\u0458\\u043a\\u0438 \\u0438 \\u0434\\u0435\\u0446\\u0430 (\\u0424\\u043e\\u0442\\u043e: \\u0421\\u0414\\u041a.\\u041c\\u041a)\"},{\"@type\":\"WebPage\",\"@id\":\"https:\/\/sdk.mk\/index.php\/histori-te-parrefyera\/viktimat-e-dhunes-familjare-nuk-kane-ku-te-fshihen-ne-maqedonine-perendimore\/#webpage\",\"url\":\"https:\/\/sdk.mk\/index.php\/histori-te-parrefyera\/viktimat-e-dhunes-familjare-nuk-kane-ku-te-fshihen-ne-maqedonine-perendimore\/\",\"name\":\"VIKTIMAT E DHUN\\u00cbS FAMILJARE NUK KAN\\u00cb KU T\\u00cb FSHIHEN N\\u00cb MAQEDONIN\\u00cb PER\\u00cbNDIMORE - \\u0421\\u0430\\u043a\\u0430\\u043c \\u0414\\u0430 \\u041a\\u0430\\u0436\\u0430\\u043c\",\"isPartOf\":{\"@id\":\"https:\/\/sdk.mk\/#website\"},\"primaryImageOfPage\":{\"@id\":\"https:\/\/sdk.mk\/index.php\/histori-te-parrefyera\/viktimat-e-dhunes-familjare-nuk-kane-ku-te-fshihen-ne-maqedonine-perendimore\/#primaryimage\"},\"datePublished\":\"2016-11-23T12:09:04+00:00\",\"dateModified\":\"2016-11-23T12:09:04+00:00\",\"author\":{\"@id\":\"https:\/\/sdk.mk\/#\/schema\/person\/3e8217f71bc38bd7c592f30c69e10e5a\"},\"inLanguage\":\"mk-MK\",\"potentialAction\":[{\"@type\":\"ReadAction\",\"target\":[\"https:\/\/sdk.mk\/index.php\/histori-te-parrefyera\/viktimat-e-dhunes-familjare-nuk-kane-ku-te-fshihen-ne-maqedonine-perendimore\/\"]}]},{\"@type\":\"Person\",\"@id\":\"https:\/\/sdk.mk\/#\/schema\/person\/3e8217f71bc38bd7c592f30c69e10e5a\",\"name\":\"\\u041c\\u0438\\u0440\\u043e\\u0441\\u043b\\u0430\\u0432 \\u0418\\u043b\\u0438\\u043e\\u0441\\u043a\\u0438\"}]}<\/script>\n<!-- \/ Yoast SEO Premium plugin. -->","_links":{"self":[{"href":"https:\/\/sdk.mk\/index.php\/wp-json\/wp\/v2\/posts\/16761"}],"collection":[{"href":"https:\/\/sdk.mk\/index.php\/wp-json\/wp\/v2\/posts"}],"about":[{"href":"https:\/\/sdk.mk\/index.php\/wp-json\/wp\/v2\/types\/post"}],"author":[{"embeddable":true,"href":"https:\/\/sdk.mk\/index.php\/wp-json\/wp\/v2\/users\/9"}],"replies":[{"embeddable":true,"href":"https:\/\/sdk.mk\/index.php\/wp-json\/wp\/v2\/comments?post=16761"}],"version-history":[{"count":0,"href":"https:\/\/sdk.mk\/index.php\/wp-json\/wp\/v2\/posts\/16761\/revisions"}],"wp:featuredmedia":[{"embeddable":true,"href":"https:\/\/sdk.mk\/index.php\/wp-json\/wp\/v2\/media\/15566"}],"wp:attachment":[{"href":"https:\/\/sdk.mk\/index.php\/wp-json\/wp\/v2\/media?parent=16761"}],"wp:term":[{"taxonomy":"category","embeddable":true,"href":"https:\/\/sdk.mk\/index.php\/wp-json\/wp\/v2\/categories?post=16761"},{"taxonomy":"post_tag","embeddable":true,"href":"https:\/\/sdk.mk\/index.php\/wp-json\/wp\/v2\/tags?post=16761"}],"curies":[{"name":"wp","href":"https:\/\/api.w.org\/{rel}","templated":true}]}}