{"id":169322,"date":"2022-04-04T16:42:59","date_gmt":"2022-04-04T14:42:59","guid":{"rendered":"https:\/\/sdk.mk\/?p=169322"},"modified":"2022-04-04T16:42:59","modified_gmt":"2022-04-04T14:42:59","slug":"hape-deren","status":"publish","type":"post","link":"https:\/\/sdk.mk\/index.php\/dua-te-them\/hape-deren\/","title":{"rendered":"HAPE DER\u00cbN"},"content":{"rendered":"<div class=\"f52428582a4b906b2d2e2a7d733c7d27\" data-index=\"7\" style=\"float: none; margin:10px 0 10px 0; text-align:center;\">\n<!-- MSP Ads Asynchronous JS Tag - Generated with Revive Adserver v5.4.1 -->\r\n<ins data-revive-zoneid=\"167\" data-revive-id=\"060fdb01f6430ec164d3519234aa4967\"><\/ins>\r\n<script async src=\"\/\/panel.ads.com.mk\/www\/delivery\/asyncjs.php\"><\/script>\n<\/div>\n<p><span class=\"dropcap color firstcharacter\">1 <\/span> Ardhm\u00ebria evropiane e Maqedonis\u00eb, por edhe e Shqip\u00ebris\u00eb \u00ebsht\u00eb bllokuar p\u00ebr shkak t\u00eb 3.504 personave. Ky \u00ebsht\u00eb numri i qytetar\u00ebve t\u00eb Maqedonis\u00eb t\u00eb regjistruar si bullgar\u00eb. 1.519 persona kan\u00eb deklaruar se gjuha e tyre am\u00ebtare \u00ebsht\u00eb bullgarishtja. Meq\u00ebn\u00ebse presidenti bullgar Rumen Radev insiston q\u00eb vetoja p\u00ebr fillimin e negociatave t\u00eb Maqedonis\u00eb me BE-n\u00eb t\u00eb mos hiqet deri sa bullgar\u00ebt t\u00eb futen n\u00eb Kushtetut\u00ebn maqedonase, kjo do t\u00eb thot\u00eb se stabiliteti i Ballkanit per\u00ebndimor, ndikimi i Rusis\u00eb, ulja e besimit ndaj BE-s\u00eb, ndarjet brenda vet\u00eb BE-s\u00eb dhe fati i m\u00eb shum\u00eb se 4,5 milion\u00eb banor\u00ebve t\u00eb Maqedonis\u00eb dhe Shqip\u00ebris\u00eb varen pik\u00ebrisht nga n\u00ebse apo jo k\u00ebta 3.504 persona do t\u00eb futen n\u00eb Kushtetut\u00ebn maqedonase.<br \/>\nLe ta thon\u00eb p\u00ebrfundimisht se nuk \u00ebsht\u00eb n\u00eb interesin nacional t\u00eb Bullgaris\u00eb q\u00eb Maqedonia t\u00eb hyj\u00eb n\u00eb BE. E madje, edhe Ministria e pun\u00ebve t\u00eb jashtme n\u00eb Sofje, duke komentuar numrat e regjistrimit, komunikoi se \u201c\u00ebsht\u00eb objekt i nj\u00eb analize serioze fakti se 7,2 p\u00ebrqind t\u00eb qytetar\u00ebve t\u00eb nj\u00eb shteti fqinj nuk jan\u00eb num\u00ebruar aktivisht\u201d. Nd\u00ebrkoh\u00eb Radevi thot\u00eb se bullgar\u00ebt n\u00eb Maqedoni kan\u00eb pasur frik\u00eb t\u00eb regjistrohen, p\u00ebr shkak t\u00eb 100 mij\u00eb pasaportave bullgare q\u00eb u jan\u00eb dh\u00ebn\u00eb shtetasve maqedonas.<\/p>\n<p>Maqedonasit q\u00eb kan\u00eb marr\u00eb pasaport\u00eb bullgare nuk kan\u00eb frik\u00eb. Atyre u vjen turp. Se \u00ebsht\u00eb dashur t\u00eb thon\u00eb se jan\u00eb bullgar\u00eb p\u00ebr t\u00eb marr\u00eb pasaport\u00eb t\u00eb BE-s\u00eb. Kan\u00eb nxjerr\u00eb pasaport\u00eb t\u00eb BE-s\u00eb p\u00ebr jet\u00eb m\u00eb t\u00eb mir\u00eb. Ashtu sikurse bullgar\u00ebt e Bullgaris\u00eb q\u00eb nga viti i par\u00eb kur shteti i tyre u b\u00eb an\u00ebtare e BE-s\u00eb shpejtuan p\u00ebr t\u00eb k\u00ebrkuar pun\u00eb n\u00eb Britanin\u00eb e Madhe, Gjermani, Zvic\u00ebr, Itali\u2026P\u00ebr nj\u00eb jet\u00eb m\u00eb t\u00eb mir\u00eb. Q\u00eb kur Bullgaria hyri n\u00eb BE, numri i banor\u00ebve u ul p\u00ebr nj\u00eb milion. Maqedonasit do t\u00eb regjistroheshin si \u00e7far\u00ebdolloj gj\u00ebje n\u00ebse \u201cajo gj\u00eb\u201d do t\u00eb ishte \u00e7elsi p\u00ebr t\u00eb hyr\u00eb n\u00eb Evrop\u00eb. Por ja q\u00eb jan\u00eb regjistruar si bullgar\u00eb, sepse sistemi bullgar p\u00ebr nxjerrjen e pasaport\u00ebs s\u00eb BE-s\u00eb ka qen\u00eb m\u00eb i lehti dhe m\u00eb i korruptuari. Jepi para Karaka\u00e7ovit e ai do t\u00eb t\u00eb gjej\u00eb ndonj\u00eb bandere n\u00eb Qustendil, Bllagoevgrad ose Petri\u00e7 q\u00eb t\u00eb ta v\u00ebn\u00eb at\u00eb si adres\u00eb, e pastaj \u2013 mir\u00ebseerdhe n\u00eb BE.<\/p>\n<p><span class=\"dropcap color firstcharacter\">2<\/span> Nd\u00ebrkoh\u00eb, p\u00ebrfaq\u00ebsues t\u00eb ndrysh\u00ebm t\u00eb BE-s\u00eb vijn\u00eb n\u00eb Maqedoni p\u00ebr t\u00eb na bindur se pavar\u00ebsisht politik\u00ebs joevropiane t\u00eb Bullgaris\u00eb, ne nuk duhet t\u00eb humbim besimin te BE-ja. Ministrja austriake p\u00ebr BE Karolina Edshtatler deklaroi se \u00ebsht\u00eb e kuptueshme q\u00eb te qytetar\u00ebt e Maqedonis\u00eb t\u00eb mbizot\u00ebroj\u00eb zhg\u00ebnjimi dhe d\u00ebshp\u00ebrimi p\u00ebr shkak t\u00eb bllokimit t\u00eb eurointegrimeve me negociata dhe k\u00ebrkesa t\u00eb reja bilaterale. Tha: \u201cBesoni edhe m\u00eb tutje n\u00eb BE, ne do t\u00eb k\u00ebmb\u00ebngulim p\u00ebr t\u00eb mos u ndar\u00eb, sidomos n\u00eb k\u00ebt\u00eb situat\u00eb ku ushtria agresive ruse po sulmon Ukrain\u00ebn\u201d.<\/p>\n<p>Hajdeee. Tani do t\u00eb dal\u00eb se Rusia po shp\u00ebrndan ndikimin e saj, nd\u00ebrsa qytetar\u00ebt e k\u00ebtush\u00ebm po humbin besimin n\u00eb BE. Ne t\u00eb mendojm\u00eb p\u00ebr BE-n\u00eb, e ata t\u00eb na b\u00ebrtasin, q\u00eb ta zgjidhim \u00e7\u00ebshtjen bilaterale me Bullgarin\u00eb, e cila nuk na pranon si maqedonas.<br \/>\nMinistresha austriake ka q\u00ebllim t\u00eb mir\u00eb. Edhe politika q\u00eb drejton Austria ndaj Maqedonis\u00eb, edhe q\u00ebndrimi p\u00ebr zgjerimin e BE-s\u00eb jan\u00eb miq\u00ebsore q\u00eb nga pavar\u00ebsimi n\u00eb vitin 1991. Por, si mund t\u00eb kesh besim n\u00eb BE-n\u00eb, kur ajo t\u00eb ka g\u00ebnjyer? Na tha \u2013 ndryshoni emrin dhe do t\u00eb filloni me negocimin. Kur dikush t\u00eb g\u00ebnjen nj\u00ebher\u00eb \u2013 turp t\u00eb ket\u00eb. Kur dikush t\u00eb g\u00ebnjen s\u00eb dyti &#8211; turp t\u00eb ket\u00eb. Por kur t\u00eb g\u00ebnjen p\u00ebr her\u00eb t\u00eb tret\u00eb \u2013 turp t\u00eb kesh ti, q\u00eb i beson.<\/p>\n<p>E tani prap\u00eb p\u00ebrpiqen t\u00eb na frik\u00ebsojn\u00eb \u2013 besoni n\u00eb BE se p\u00ebrndryshe, Rusia do t\u2019ju ndaj\u00eb. Sikur t\u00eb mos na mjaftonte q\u00eb, p\u00ebr t\u00eb na siguruar ardhm\u00ebrin\u00eb evropiane, na duhet ta zgjidhim \u00e7\u00ebshtjen se kujt i takon car Samoili, e tani duhet t\u00eb m\u00ebrzitemi edhe p\u00ebr ardhm\u00ebrin\u00eb evropiane t\u00eb evropian\u00ebve, q\u00eb t\u00eb mos i ndaj\u00eb Rusia. Prisni. Tani jemi n\u00eb shekullin 11. Mendimi yn\u00eb p\u00ebr Rusin\u00eb, Ukrain\u00ebn dhe ndikimin rus mbi ndarjet n\u00eb BE do ta tregojm\u00eb kur komisioni historik do t\u00eb debatoj\u00eb p\u00ebr shekullin 21. N\u00ebse do t\u00eb arrijm\u00eb atje. Se, me Bullgar\u00ebt, vet\u00ebm p\u00ebr shek.20, kemi shum\u00eb p\u00ebr t\u00eb debatuar.<\/p>\n<p><span class=\"dropcap color firstcharacter\">3<\/span> Nuk i kuptoj ata q\u00eb b\u00ebrtasin: \u201cNuk i pranoj rezultatet e regjistrimit\u201d. Si mundet q\u00eb rezultati i nj\u00eb operacioni statistikor t\u00eb varet nga ajo n\u00ebse e pranon dikush apo jo? Kan\u00eb ardhur, t\u00eb kan\u00eb regjistruar, t\u00eb kan\u00eb pyetur, t\u00eb kan\u00eb shkruar \u2013 k\u00ebtu mbaron e gjitha. M\u00eb sakt\u00eb \u2013 kan\u00eb ardhur, nuk t\u00eb kan\u00eb gjetur, apo ti nuk i ke pranuar, nuk u je p\u00ebrgjigjur pyetjeve t\u00eb tyre, kan\u00eb shkruar se s\u2019t\u00eb kan\u00eb gjetur \u2013 dhe k\u00ebto mbaron e gjitha. T\u00eb till\u00eb jan\u00eb regjistuar 132.260. \u00c7far\u00eb \u00ebsht\u00eb k\u00ebto e kontestueshme p\u00ebr t\u2019u pranuar?<\/p>\n<p>Ata q\u00eb jetojn\u00eb jasht\u00eb shtetit jan\u00eb thirrur q\u00eb t\u00eb regjistrohen online. Ata q\u00eb nuk kan\u00eb dashur t\u00eb n\u00ebnshkruhen, nuk jan\u00eb n\u00ebnshkruar. Nuk e di se pse ne q\u00eb jetojm\u00eb k\u00ebtu, do t\u00eb duhet t\u00eb m\u00ebrziteshim se si ndjehet dikush q\u00eb jeton jasht\u00eb shtetit? Ne nuk i zgjidhim dot ndjenjat tona, e do t\u00eb m\u00ebrzitemi p\u00ebr ndjenjat e dikutj tjet\u00ebr. Regjistrimi i popullsis\u00eb na duhet neve, n\u00eb m\u00ebnyr\u00eb q\u00eb ky shtet t\u00eb cilit po i paguajm\u00eb tatime, t\u00eb ket\u00eb t\u00eb dh\u00ebna n\u00eb baz\u00eb t\u00eb t\u00eb cilave t\u00eb mund t\u00eb planifikoj\u00eb sa \u00e7erdhe na nevojiten, \u00e7far\u00eb lloj rrug\u00ebsh na duhen, ku duhet t\u00eb planifikohet ambulanc\u00eb e ku jo, ku duhet t\u00eb ket\u00eb shkoll\u00eb, hidrocentrale, sa t\u00eb m\u00ebdha duhet t\u00eb jen\u00eb rezervat shtet\u00ebrore\u2026Regjistrimi nuk na duhet vet\u00ebm p\u00ebr t\u00eb sjell\u00eb plane urbanistike, sepse ato b\u00ebhen edhe pa marr\u00eb parasysh se sa njer\u00ebz jetojn\u00eb n\u00eb nj\u00eb zon\u00eb t\u00eb caktuar. E p\u00ebr planifikimin e kushteve t\u00eb jet\u00ebs t\u00eb tan\u00ebve jasht\u00eb shtetit, si t\u00eb regjistruarve ashtu edhe t\u00eb paregjistruarve, sido q\u00eb t\u00eb jet\u00eb, llogari mbajn\u00eb shtetet ku ata paguajn\u00eb tatime.<\/p>\n<p>N\u00eb fund t\u00eb fundit, shum\u00eb mir\u00eb q\u00eb mbi 130.000 qytetar\u00eb q\u00eb jetojn\u00eb n\u00eb Maqedoni jan\u00eb jasht\u00eb situat\u00ebs ku disa parti u bien temave t\u00eb vjetra t\u00eb shekullit 19. Ata nuk e kan\u00eb me r\u00ebnd\u00ebsi n\u00ebse jan\u00eb maqedonas, shqiptar\u00eb, turq, vlleh, rom\u00eb, boshnjak\u00eb, serb\u00eb, kroat\u00eb, egjiptian\u00eb, bullgar\u00eb apo marsian\u00eb\u2026k\u00ebta 130.000 veta jan\u00eb njer\u00ebz.<\/p>\n<p>E ata q\u00eb b\u00ebrtisnin: \u201cNuk e hap der\u00ebn\u201d, e tani nuk na i pranojn\u00eb rezultatet e regjistrimit, her\u00ebn tjet\u00ebr le t\u00eb q\u00ebndrojn\u00eb m\u00eb af\u00ebr der\u00ebs.<\/p>\n<p><span class=\"dropcap color firstcharacter\">4<\/span> Kaq normale \u00ebsht\u00eb b\u00ebr\u00eb q\u00eb funksionar\u00ebt q\u00eb ken\u00eb privilegje, saq\u00eb edhe ministri i drejt\u00ebsis\u00eb Nikolla Tupan\u00e7evski mund t\u00eb thot\u00eb pa iu dridhur syri se Komisioni p\u00ebr antikorrupsion merret me budallall\u00ebqe sepse e ka thirrur q\u00eb t\u00eb jap\u00eb llogari se kush ia ka mbuluar harxhimet p\u00ebr t\u00eb shkuar n\u00eb Palermo. Kurse kryetari i Gjykat\u00ebs themelore n\u00eb Kavadarci Llazar Nanev i qortoi gazetar\u00ebt se nuk din\u00eb t\u2019i g\u00ebzohen jet\u00ebs, e jan\u00eb kapur kot s\u00eb koti p\u00ebr udh\u00ebtimin e tij s\u00ebbashku me ministrin e drejt\u00ebsis\u00eb dhe prokuroren e lart\u00eb t\u00eb shtetit Fatmie Fetai. Demek, ne jemi torollak\u00eb, nuk dim\u00eb t\u00eb k\u00ebnaqemi n\u00ebse dikush nuk na paguan. Motoja e gjykat\u00ebses \u00ebsht\u00eb si n\u00eb k\u00ebng\u00ebn serbe: \u201cUzmi sve sto ti zivot pruza, danas si cvet, sutra uvela ruza\u2026\u201d.<br \/>\nM\u00eb kot Qeveria ka sjell\u00eb Kodin p\u00ebr sjellje etike t\u00eb funksionar\u00ebve, kur ministri i drejt\u00ebsis\u00eb nuk kupton se \u00e7\u2019t\u00eb keqe ka q\u00eb ka pranuar t\u00eb jet\u00eb mysafir i Fderat\u00ebs t\u00eb futbollit n\u00eb ndeshjen n\u00eb Palermo, e p\u00ebr m\u00eb tep\u00ebr n\u00eb shoq\u00ebrin\u00eb e kryetarit t\u00eb gjykat\u00ebs dhe t\u00eb prokurores s\u00eb lart\u00eb t\u00eb shtetit. Mir\u00eb q\u00eb s\u2019kupton ministri, por nuk kuptojn\u00eb as koleg\u00ebt e tij dhe funksionar\u00ebt m\u00eb t\u00eb vegj\u00ebl, e aq m\u00eb pak qytetar\u00ebt q\u00eb nuk kan\u00eb funksion politik. Na b\u00ebrtasin: \u201cDuke pasur miliarda t\u00eb vjedhura dhe aq procese gjyq\u00ebsore t\u00eb pap\u00ebrfunduara p\u00ebr korrupsion t\u00eb lart\u00eb, ju kapeni p\u00ebr nj\u00eb ndeshje futbollli\u201d.<\/p>\n<p>Po. Ashtu \u00ebsht\u00eb. P\u00ebr nj\u00eb parkim t\u00eb gabuar jeni z\u00ebn\u00eb, po k\u00ebta q\u00eb vodh\u00ebn t\u00eb gjith\u00eb shtetin?! P\u00ebr nj\u00eb rryshfet prej 50 eurove q\u00eb ka pranuar nj\u00eb zyrtar shtet\u00ebror jeni z\u00ebn\u00eb? Pse, pik\u00ebrisht mua m\u00eb gjet\u00ebt p\u00ebr t\u00eb m\u00eb d\u00ebnuar p\u00ebr mospirje t\u00eb duhanit, nd\u00ebrkoh\u00eb q\u00eb e gjith\u00eb administrata shtet\u00ebrore tymos n\u00ebp\u00ebr zyra? Pse, vet\u00ebm un\u00eb hedh mbeturina? A nuk e shihni se i gjith\u00eb qyteti \u00ebsht\u00eb i zhytur n\u00eb plehra?<\/p>\n<p>Prandaj \u00ebsht\u00eb normale kur ministri i drejt\u00ebsis\u00eb n\u00eb nj\u00eb shtet t\u00eb till\u00eb do t\u00eb thot\u00eb se Komisioni p\u00ebr antikorrupsion merret me budallall\u00ebqe. Por nuk \u00ebsht\u00eb normale kur Qeveria e Kova\u00e7evskit, ku ka edhe zv.kryeminist\u00ebr p\u00ebr qeverisje t\u00eb mir\u00eb, pret q\u00eb t\u00eb gjith\u00eb t\u00eb besojm\u00eb kur na flasin fjal\u00eb t\u00eb bukura p\u00ebr antikorrupsionin, etik\u00ebn, kodin\u2026Drejt BE-s\u00eb.<\/p>\n<p><em><strong>P\u00ebrktheu: Fjolla Zllatku <\/strong><\/em><\/p>\n\n<div style=\"font-size: 0px; height: 0px; line-height: 0px; margin: 0; padding: 0; clear: both;\"><\/div>","protected":false},"excerpt":{"rendered":"<p>Ardhm\u00ebria evropiane e Maqedonis\u00eb, por edhe e Shqip\u00ebris\u00eb \u00ebsht\u00eb bllokuar p\u00ebr shkak t\u00eb 3.504 personave. Ky \u00ebsht\u00eb numri i qytetar\u00ebve [&hellip;]<\/p>\n","protected":false},"author":25,"featured_media":0,"comment_status":"closed","ping_status":"closed","sticky":false,"template":"","format":"standard","meta":{"_mo_disable_npp":"no","inline_featured_image":false},"categories":[1825],"tags":[],"imageURL":false,"thumbURL":false,"categoryNames":["DUA T\u00cb THEM"],"feature_caption":"","subtitle":"Sikur t\u00eb mos na mjaftonte q\u00eb, p\u00ebr t\u00eb na siguruar ardhm\u00ebrin\u00eb evropiane, na duhet ta zgjidhim \u00e7\u00ebshtjen se kujt i takon car Samoili, e tani duhet t\u00eb m\u00ebrzitemi edhe p\u00ebr ardhm\u00ebrin\u00eb evropiane t\u00eb evropian\u00ebve, q\u00eb t\u00eb mos i ndaj\u00eb Rusia.","views":"26","source":"Shkup, (SAKAMDAKAZAM.MK)","yoast_head":"<!-- This site is optimized with the Yoast SEO Premium plugin v15.0 - https:\/\/yoast.com\/wordpress\/plugins\/seo\/ -->\n<title>HAPE DER\u00cbN - \u0421\u0430\u043a\u0430\u043c \u0414\u0430 \u041a\u0430\u0436\u0430\u043c<\/title>\n<meta name=\"robots\" content=\"index, follow, max-snippet:-1, max-image-preview:large, max-video-preview:-1\" \/>\n<link rel=\"canonical\" href=\"https:\/\/sdk.mk\/index.php\/dua-te-them\/hape-deren\/\" \/>\n<meta property=\"og:locale\" content=\"mk_MK\" \/>\n<meta property=\"og:type\" content=\"article\" \/>\n<meta property=\"og:title\" content=\"HAPE DER\u00cbN - \u0421\u0430\u043a\u0430\u043c \u0414\u0430 \u041a\u0430\u0436\u0430\u043c\" \/>\n<meta property=\"og:description\" content=\"Ardhm\u00ebria evropiane e Maqedonis\u00eb, por edhe e Shqip\u00ebris\u00eb \u00ebsht\u00eb bllokuar p\u00ebr shkak t\u00eb 3.504 personave. Ky \u00ebsht\u00eb numri i qytetar\u00ebve [&hellip;]\" \/>\n<meta property=\"og:url\" content=\"https:\/\/sdk.mk\/index.php\/dua-te-them\/hape-deren\/\" \/>\n<meta property=\"og:site_name\" content=\"\u0421\u0430\u043a\u0430\u043c \u0414\u0430 \u041a\u0430\u0436\u0430\u043c\" \/>\n<meta property=\"article:published_time\" content=\"2022-04-04T14:42:59+00:00\" \/>\n<meta property=\"og:image\" content=\"https:\/\/sdk.mk\/wp-content\/uploads\/2015\/12\/goran-mihailovski2.jpg\" \/>\n\t<meta property=\"og:image:width\" content=\"400\" \/>\n\t<meta property=\"og:image:height\" content=\"313\" \/>\n<meta property=\"fb:app_id\" content=\"2407985809428537\" \/>\n<meta name=\"twitter:card\" content=\"summary\" \/>\n<script type=\"application\/ld+json\" class=\"yoast-schema-graph\">{\"@context\":\"https:\/\/schema.org\",\"@graph\":[{\"@type\":\"WebSite\",\"@id\":\"https:\/\/sdk.mk\/#website\",\"url\":\"https:\/\/sdk.mk\/\",\"name\":\"\\u0421\\u0430\\u043a\\u0430\\u043c \\u0414\\u0430 \\u041a\\u0430\\u0436\\u0430\\u043c\",\"description\":\"\\u0417\\u0430 \\u0441\\u043b\\u043e\\u0431\\u043e\\u0434\\u043e\\u0443\\u043c\\u043d\\u0438\",\"potentialAction\":[{\"@type\":\"SearchAction\",\"target\":\"https:\/\/sdk.mk\/?s={search_term_string}\",\"query-input\":\"required name=search_term_string\"}],\"inLanguage\":\"mk-MK\"},{\"@type\":\"WebPage\",\"@id\":\"https:\/\/sdk.mk\/index.php\/dua-te-them\/hape-deren\/#webpage\",\"url\":\"https:\/\/sdk.mk\/index.php\/dua-te-them\/hape-deren\/\",\"name\":\"HAPE DER\\u00cbN - \\u0421\\u0430\\u043a\\u0430\\u043c \\u0414\\u0430 \\u041a\\u0430\\u0436\\u0430\\u043c\",\"isPartOf\":{\"@id\":\"https:\/\/sdk.mk\/#website\"},\"datePublished\":\"2022-04-04T14:42:59+00:00\",\"dateModified\":\"2022-04-04T14:42:59+00:00\",\"author\":{\"@id\":\"https:\/\/sdk.mk\/#\/schema\/person\/737021aeacbe893f7e2c347186c5c7a1\"},\"inLanguage\":\"mk-MK\",\"potentialAction\":[{\"@type\":\"ReadAction\",\"target\":[\"https:\/\/sdk.mk\/index.php\/dua-te-them\/hape-deren\/\"]}]},{\"@type\":\"Person\",\"@id\":\"https:\/\/sdk.mk\/#\/schema\/person\/737021aeacbe893f7e2c347186c5c7a1\",\"name\":\"\\u0424\\u0458\\u043e\\u043b\\u0430 \\u0417\\u043b\\u0430\\u0442\\u043a\\u0443\"}]}<\/script>\n<!-- \/ Yoast SEO Premium plugin. -->","_links":{"self":[{"href":"https:\/\/sdk.mk\/index.php\/wp-json\/wp\/v2\/posts\/169322"}],"collection":[{"href":"https:\/\/sdk.mk\/index.php\/wp-json\/wp\/v2\/posts"}],"about":[{"href":"https:\/\/sdk.mk\/index.php\/wp-json\/wp\/v2\/types\/post"}],"author":[{"embeddable":true,"href":"https:\/\/sdk.mk\/index.php\/wp-json\/wp\/v2\/users\/25"}],"replies":[{"embeddable":true,"href":"https:\/\/sdk.mk\/index.php\/wp-json\/wp\/v2\/comments?post=169322"}],"version-history":[{"count":0,"href":"https:\/\/sdk.mk\/index.php\/wp-json\/wp\/v2\/posts\/169322\/revisions"}],"wp:attachment":[{"href":"https:\/\/sdk.mk\/index.php\/wp-json\/wp\/v2\/media?parent=169322"}],"wp:term":[{"taxonomy":"category","embeddable":true,"href":"https:\/\/sdk.mk\/index.php\/wp-json\/wp\/v2\/categories?post=169322"},{"taxonomy":"post_tag","embeddable":true,"href":"https:\/\/sdk.mk\/index.php\/wp-json\/wp\/v2\/tags?post=169322"}],"curies":[{"name":"wp","href":"https:\/\/api.w.org\/{rel}","templated":true}]}}