{"id":172907,"date":"2022-06-06T19:44:43","date_gmt":"2022-06-06T17:44:43","guid":{"rendered":"https:\/\/sdk.mk\/?p=172907"},"modified":"2022-06-06T19:44:43","modified_gmt":"2022-06-06T17:44:43","slug":"zhellboteka","status":"publish","type":"post","link":"https:\/\/sdk.mk\/index.php\/dua-te-them\/zhellboteka\/","title":{"rendered":"ZHELLBOTEKA"},"content":{"rendered":"<div class=\"f52428582a4b906b2d2e2a7d733c7d27\" data-index=\"7\" style=\"float: none; margin:10px 0 10px 0; text-align:center;\">\n<!-- MSP Ads Asynchronous JS Tag - Generated with Revive Adserver v5.4.1 -->\r\n<ins data-revive-zoneid=\"167\" data-revive-id=\"060fdb01f6430ec164d3519234aa4967\"><\/ins>\r\n<script async src=\"\/\/panel.ads.com.mk\/www\/delivery\/asyncjs.php\"><\/script>\n<\/div>\n<p><span class=\"dropcap color firstcharacter\">1<\/span> Disa kompani qenkan sjell\u00eb n\u00eb m\u00ebnyr\u00eb jonormale, joetike dhe jokorrekte dhe kan\u00eb manipuluar me rritjen e \u00e7mimeve q\u00eb kur n\u00eb 31 maj pushuan s\u00eb vlejturi masat antikriz\u00eb dhe u kthyen tatimi prej 5% i produkteve bazore ushqimore dhe akcizat e naft\u00ebs, thot\u00eb z\u00ebvend\u00ebs kryeministri Fatmir Bytyqi. Por, a \u00ebsht\u00eb e mundur? \u00c7\u2019thua? Si e zbuloi k\u00ebt\u00eb zv. kryeministri p\u00ebr \u00e7\u00ebshtje ekonomike tre dit\u00eb pas p\u00ebrfundimit t\u00eb masave antikriz\u00eb? Mos iu lajm\u00ebrua kryeministri Dimitar Kova\u00e7evski nga forumi shum\u00eb i r\u00ebnd\u00ebsish\u00ebm n\u00eb Sllovaki, i shokuar prej pasojave kaq t\u00eb paparashikueshme pas kthimit t\u00eb TVSH-s\u00eb dhe akciz\u00ebs s\u00eb shkall\u00ebs s\u00eb rregullt?<\/p>\n<p>Bytyqi lajm\u00ebroi se tani Qeveria pret raport nga sh\u00ebrbimet inspektive me masat q\u00eb i kan\u00eb nd\u00ebrmarr\u00eb. Do t\u00eb na tregojn\u00eb, vall\u00eb se kush jan\u00eb manipuluesit kur do t\u2019i zbulojn\u00eb? \u00c7far\u00eb kemi ne si qytetar\u00eb nga analizat q\u00eb duhet t\u2019\u00eb b\u00ebj\u00eb Qeveria, ne q\u00eb kemi r\u00ebn\u00eb pre e manipulimit t\u00eb \u201ctregtar\u00ebve joetik\u00eb, jokorrekt\u00eb dhe jomoral\u00eb\u201d, e kemi bler\u00eb vaj, miell dhe qum\u00ebsht 20% m\u00eb t\u00eb shrenjt\u00eb? Neve me siguri q\u00eb nuk do t\u00eb na i kthejn\u00eb parat\u00eb. Po edhe n\u00ebse i d\u00ebnojn\u00eb manipuluesit, p\u00ebrs\u00ebri ato para t\u00eb d\u00ebnimeve do t\u00eb shkojn\u00eb p\u00ebr mbulimin e k\u00ebrkesave n\u00eb sektorin shtet\u00ebror p\u00ebr rrog\u00eb m\u00eb t\u00eb madhe.<\/p>\n<p>K\u00ebt\u00eb vit 31 maji p\u00ebr Qeverin\u00eb erdhi disi i paparalajm\u00ebruar, papritur. N\u00eb 3 qershor u befasua se 31 maji kishte kaluar. At\u00eb dit\u00eb ka pasur seanc\u00eb, por ministrave nuk u \u00ebsht\u00eb kujtuar se n\u00eb mesnat\u00eb kalon afati p\u00ebr masat e tyre antikriz\u00eb dhe se shkrihen \u00e7mimet. Mir\u00eb q\u00eb nuk kan\u00eb parashikuar se \u00e7far\u00eb do t\u00eb ndodh\u00eb, por as nuk kan\u00eb pare se \u00e7far\u00eb po ju ndodh. Nuk kan\u00eb kaluar pran\u00eb asnj\u00eb pomp\u00eb benzini.<\/p>\n<p>E hajde tani, do t\u2019u \u00e7uditemi atyre me xhipa q\u00eb humb\u00ebn dy or\u00eb t\u00eb jet\u00ebs s\u00eb tyre p\u00ebr t\u00eb kuryer 500 denar\u00eb. Por nuk do t\u00eb \u00e7uditemi me Qeverin\u00eb q\u00eb tre dit\u00eb pas histeris\u00eb me \u00e7mimet do t\u00eb na tregon se kemi plan. Nervat i kemi nga fundi, m\u00ebr njer\u00ebz. Dy vjet kriz\u00eb kovidi, luft\u00eb n\u00eb Evrop\u00eb, vetoja bullgare q\u00eb na bllokon t\u00eb ardhmen\u2026m\u00eb e pakta q\u00eb presim \u00ebsht\u00eb t\u00eb pakt\u00ebn kryeministri t\u00eb mbaj\u00eb nj\u00eb konferenc\u00eb shtypi q\u00eb t\u00eb thot\u00eb se si e ka planin para se t\u00eb skadojn\u00eb masat antikriz\u00eb. Vera do t\u00eb kaloj\u00eb shpejt. Mos vall\u00eb u \u00e7udit Qeveria kur vjeshta t\u00eb vij\u00eb pa lajm\u00ebrim. N\u00eb vend q\u00eb t\u2019u drejtohet forumeve n\u00ebp\u00ebr Evrop\u00eb, kryeministri duheshte t\u00eb na drejtohet neve.<\/p>\n<p><span class=\"dropcap color firstcharacter\">2<\/span>\u00a0 Me siguri kryeministri Kova\u00e7evski ka plan se si t\u2019ua paguaj\u00eb administrat\u00ebs publike 2.806 denar\u00ebt t\u00eb rritjes lineare t\u00eb rrog\u00ebs q\u00eb ua premtoi Sindikat\u00ebs pas rritjes administrative t\u00eb minimales. Zv. Kryeministri Bytyqi dhe ministrja p\u00ebr pun\u00eb dhe politik\u00eb sociale Jovana Tren\u00e7evska bashk\u00eb me kryetarin e Sindikat\u00ebs Darko Dimovski mbanin fjalime n\u00eb protest\u00ebn e 1 majit t\u00eb sindikat\u00ebs para Qeveris\u00eb. Mir\u00eb ama, me sa duket ministri i financave Fatmir Besimi e ka l\u00ebshuar at\u00eb episod t\u00eb series s\u00eb \u201cZhellbotek\u00ebs\u201d, e nuk i ka parashikuar ato para p\u00ebr punonj\u00ebsit shtet\u00ebror\u00eb me rebalansin e buxhetit.<\/p>\n<p>Plani \u00ebsht\u00eb i thjesht\u00eb. Shteti do t\u00eb detyrohet me 900 milion euro. Do t\u00eb mbledh\u00eb m\u00eb shum\u00eb para me TVSH-n\u00eb nga \u00e7mimet e rritura dhe akciza e ktheyer. Dhe do t\u2019ua jap\u00eb atyre me rrog\u00eb shtet\u00ebrore.<\/p>\n<p>Ata q\u00eb nuk jan\u00eb administrat\u00eb shtet\u00ebrore le t\u00eb k\u00ebrkojn\u00eb falje. Pa\u00e7in m\u00eb shum\u00eb fat n\u00eb pun\u00ebsimin e radh\u00ebs.<\/p>\n<p><span class=\"dropcap color firstcharacter\">3<\/span> P\u00ebr adminitrat\u00ebn shtet\u00ebrore qenka n\u00ebn\u00e7muese q\u00eb rrog\u00ebn ta ken\u00eb t\u00eb nj\u00ebjt\u00eb apo pak m\u00eb t\u00eb lart\u00eb se sa minimalja. P\u00ebr k\u00ebt\u00eb zgjidhja m\u00eb e thjesht\u00eb do t\u00eb ishte t\u00eb ulet niveli minimal. T\u00eb kthehet n\u00eb 15.000 ose 12.000 denar\u00eb. Le t\u00eb solidarizohen pun\u00ebtor\u00ebt m\u00eb pak t\u00eb paguar n\u00eb sektorin privat me administrat\u00ebn publike. N\u00ebse atyre u ulet minimalja, at\u00ebher\u00eb klasa e privilegjuar e administra\u00ebs shtet\u00ebore nuk do t\u00eb ket\u00eb se me k\u00eb ta krahasoj\u00eb rrog\u00ebn.<br \/>\nN\u00ebse do t\u2019u thoshte dikush t\u00eb pun\u00ebsuarve n\u00eb Drejtorin\u00eb p\u00ebr drejtimin e librave am\u00eb t\u00eb punojn\u00eb nga 9.00 deri n\u00eb 17.00 me dedikimin e nj\u00ebjt\u00eb si\u00e7 piqeshin n\u00eb diellin e Shkupit duke bllokuar nj\u00eb prej kryq\u00ebzimeve kryesore t\u00eb qendr\u00ebs, deri tani do t\u00eb ishin ankuar edhe n\u00eb sindikat\u00ebn nd\u00ebrkomb\u00ebtare.<\/p>\n<p>Dhjet\u00ebra p\u00ebrfaq\u00ebsues sindikal\u00eb me pes\u00eb gjasht\u00eb makina b\u00ebn\u00eb kaos duke bllokuar kryq\u00ebzimin p\u00ebrmes t\u00eb cilit shkohet n\u00eb qendr\u00ebn klinike kur vjen p\u00ebr t\u2019u sh\u00ebruar i gjith\u00eb shteti. Vall\u00eb, nga t\u00eb s\u00ebmurit dhe prind\u00ebrit e tyre q\u00eb nuk mund t\u00eb ken\u00eb qaje te klinikat, k\u00ebrkojn\u00eb solidaritet p\u00ebr k\u00ebrkesat e rrogave m\u00eb t\u00eb larta? Tashm\u00eb me siguri q\u00eb nuk mund t\u00eb presin solidaritet dhe mir\u00ebkuptim nga 20.000 personat t\u00eb cil\u00ebve ua kan\u00eb komplikuar jet\u00ebn me gabimet n\u00eb t\u00eb dh\u00ebnat personale t\u00eb dokumenteve am\u00eb.<\/p>\n<p>K\u00ebshtu, n\u00eb episodin e ardhsh\u00ebm t\u00eb \u201cZhellboteka\u201d kini mir\u00ebkuptim edhe p\u00ebr k\u00ebto q\u00eb mbajn\u00eb grev\u00eb p\u00ebr m\u00eb shum\u00eb se nj\u00eb muaj e gjys\u00ebm. Se ata n\u00eb periudhat kur punojn\u00eb dhe gabojn\u00eb 20.000 her\u00eb n\u00eb vit, punojn\u00eb me pal\u00eb nga 9.30 deri n\u00eb 14.00 dhe kan\u00eb pauz\u00eb nga 12.00 n\u00eb 12.30. P\u00ebrve\u00e7 rrog\u00ebs s\u00eb rritur, q\u00eb nuk do t\u00eb jet\u00eb n\u00ebn\u00e7muese si ajo minimalja, \u00ebsht\u00eb e radh\u00ebs q\u00eb me marr\u00ebveshjen kolektive t\u2019u garantohet edhe pauz\u00eb m\u00eb e gjat\u00eb.<\/p>\n<p><span class=\"dropcap color firstcharacter\">4<\/span> P\u00ebrse LSDM e refuzoi propozimin e VMRO-DPMNE p\u00ebr kandidat\u00ebt e gjykat\u00ebsve kushtetues q\u00eb t\u00eb prezantohen publikisht n\u00eb Kuvend? N\u00ebse kandidat\u00ebt p\u00ebr ambasador\u00eb mund t\u00eb ken\u00eb paraqitje t\u00eb till\u00eb, si dhe kandidat\u00ebt p\u00ebr an\u00ebtar\u00eb t\u00eb Komisionit antikorruptues, n\u00ebse nj\u00eb p\u00ebrfaq\u00ebsim i till\u00eb k\u00ebrkohet edhe p\u00ebr kandidat\u00ebt e K\u00ebshillit programues t\u00eb MRTV, at\u00ebher\u00eb pse mos t\u00eb mund t\u2019i d\u00ebgjojm\u00eb edhe kandidat\u00ebt p\u00ebr gjykat\u00ebs kushtetues? Mua personalisht m\u00eb intereson m\u00eb shum\u00eb se kush do t\u00eb ma mbroj\u00eb Kushtetut\u00ebn, se sa kush do t\u00eb m\u00eb p\u00ebrfaq\u00ebsoj\u00eb jasht\u00eb shtetit.<\/p>\n<p>Deputet\u00ebt e LSDM-s\u00eb gabuan q\u00eb nuk e pranuan propozimin e VMRO-DPMNE-s\u00eb. K\u00ebshtu e humb\u00ebn shansin, p\u00ebr shembull, q\u00eb ta pyesin kandidatin p\u00ebr gjykat\u00ebs kushetetues t\u00eb VMRO-DPMNE-s\u00eb Savo Klimovski t\u2019u shpjegoj\u00eb se pse pranver\u00ebn e 2017 n\u00eb protestat para Kuvendit u thoshte njer\u00ebzve: \u201cMos rrini k\u00ebtu, futuni brenda\u201d. Edhe ata e d\u00ebgjuan n\u00eb 27 prill, kur ndodhi sulmi i organizuar i Kuvendit. Dhe si do t\u00eb p\u00ebrballoj\u00eb argumentet gjyq\u00ebsori kandidati p\u00ebr gjykat\u00ebs me kryetar\u00ebn e Gjykat\u00ebsit kushtetues Dobrilla Kacarska, e cila si gjykat\u00ebse n\u00eb Gjyqin penal i d\u00ebnoi sulmuesit e Kuvendit p\u00ebr rrezikim terrorist t\u00eb rendit kushtetues dhe siguris\u00eb s\u00eb shtetit?<\/p>\n<p><span class=\"dropcap color firstcharacter\">5 <\/span> Kryetari bullgar Rumen Radev lajm\u00ebroi se heqja e vetos p\u00ebr fillim t\u00eb negociatave t\u00eb Maqedonis\u00eb me BE-n\u00eb, Bullgaria duhet t\u00eb organizoj\u00eb referendum. Epo kur Gjermania, Franca, Holanda, Suedia, Danimarka, Italia&#8230;l\u00ebshuan pe q\u00eb t\u00eb organizojn\u00eb referendum kur e pranonin Bullgarin\u00eb n\u00eb BE, tani le t\u2019i tall\u00eb Radevi. N\u00eb em\u00ebr t\u00eb Putinit.<\/p>\n<p><em><strong>P\u00ebrktheu: Fjolla Zllatku<\/strong><\/em><\/p>\n\n<div style=\"font-size: 0px; height: 0px; line-height: 0px; margin: 0; padding: 0; clear: both;\"><\/div>","protected":false},"excerpt":{"rendered":"<p>Disa kompani qenkan sjell\u00eb n\u00eb m\u00ebnyr\u00eb jonormale, joetike dhe jokorrekte dhe kan\u00eb manipuluar me rritjen e \u00e7mimeve q\u00eb kur n\u00eb [&hellip;]<\/p>\n","protected":false},"author":25,"featured_media":0,"comment_status":"closed","ping_status":"closed","sticky":false,"template":"","format":"standard","meta":{"_mo_disable_npp":"no","inline_featured_image":false},"categories":[1825],"tags":[],"imageURL":false,"thumbURL":false,"categoryNames":["DUA T\u00cb THEM"],"feature_caption":"","subtitle":"K\u00ebshtu-ashtu t\u00eb gjith\u00eb rrini n\u00eb Fejsbuk. Pa lexoni nj\u00ebher\u00eb n\u00ebse kryeministri ka ndonj\u00eb plan.","views":"29","source":"","yoast_head":"<!-- This site is optimized with the Yoast SEO Premium plugin v15.0 - https:\/\/yoast.com\/wordpress\/plugins\/seo\/ -->\n<title>ZHELLBOTEKA - \u0421\u0430\u043a\u0430\u043c \u0414\u0430 \u041a\u0430\u0436\u0430\u043c<\/title>\n<meta name=\"robots\" content=\"index, follow, max-snippet:-1, max-image-preview:large, max-video-preview:-1\" \/>\n<link rel=\"canonical\" href=\"https:\/\/sdk.mk\/index.php\/dua-te-them\/zhellboteka\/\" \/>\n<meta property=\"og:locale\" content=\"mk_MK\" \/>\n<meta property=\"og:type\" content=\"article\" \/>\n<meta property=\"og:title\" content=\"ZHELLBOTEKA - \u0421\u0430\u043a\u0430\u043c \u0414\u0430 \u041a\u0430\u0436\u0430\u043c\" \/>\n<meta property=\"og:description\" content=\"Disa kompani qenkan sjell\u00eb n\u00eb m\u00ebnyr\u00eb jonormale, joetike dhe jokorrekte dhe kan\u00eb manipuluar me rritjen e \u00e7mimeve q\u00eb kur n\u00eb [&hellip;]\" \/>\n<meta property=\"og:url\" content=\"https:\/\/sdk.mk\/index.php\/dua-te-them\/zhellboteka\/\" \/>\n<meta property=\"og:site_name\" content=\"\u0421\u0430\u043a\u0430\u043c \u0414\u0430 \u041a\u0430\u0436\u0430\u043c\" \/>\n<meta property=\"article:published_time\" content=\"2022-06-06T17:44:43+00:00\" \/>\n<meta property=\"og:image\" content=\"https:\/\/sdk.mk\/wp-content\/uploads\/2015\/12\/goran-mihailovski2.jpg\" \/>\n\t<meta property=\"og:image:width\" content=\"400\" \/>\n\t<meta property=\"og:image:height\" content=\"313\" \/>\n<meta property=\"fb:app_id\" content=\"2407985809428537\" \/>\n<meta name=\"twitter:card\" content=\"summary\" \/>\n<script type=\"application\/ld+json\" class=\"yoast-schema-graph\">{\"@context\":\"https:\/\/schema.org\",\"@graph\":[{\"@type\":\"WebSite\",\"@id\":\"https:\/\/sdk.mk\/#website\",\"url\":\"https:\/\/sdk.mk\/\",\"name\":\"\\u0421\\u0430\\u043a\\u0430\\u043c \\u0414\\u0430 \\u041a\\u0430\\u0436\\u0430\\u043c\",\"description\":\"\\u0417\\u0430 \\u0441\\u043b\\u043e\\u0431\\u043e\\u0434\\u043e\\u0443\\u043c\\u043d\\u0438\",\"potentialAction\":[{\"@type\":\"SearchAction\",\"target\":\"https:\/\/sdk.mk\/?s={search_term_string}\",\"query-input\":\"required name=search_term_string\"}],\"inLanguage\":\"mk-MK\"},{\"@type\":\"WebPage\",\"@id\":\"https:\/\/sdk.mk\/index.php\/dua-te-them\/zhellboteka\/#webpage\",\"url\":\"https:\/\/sdk.mk\/index.php\/dua-te-them\/zhellboteka\/\",\"name\":\"ZHELLBOTEKA - \\u0421\\u0430\\u043a\\u0430\\u043c \\u0414\\u0430 \\u041a\\u0430\\u0436\\u0430\\u043c\",\"isPartOf\":{\"@id\":\"https:\/\/sdk.mk\/#website\"},\"datePublished\":\"2022-06-06T17:44:43+00:00\",\"dateModified\":\"2022-06-06T17:44:43+00:00\",\"author\":{\"@id\":\"https:\/\/sdk.mk\/#\/schema\/person\/737021aeacbe893f7e2c347186c5c7a1\"},\"inLanguage\":\"mk-MK\",\"potentialAction\":[{\"@type\":\"ReadAction\",\"target\":[\"https:\/\/sdk.mk\/index.php\/dua-te-them\/zhellboteka\/\"]}]},{\"@type\":\"Person\",\"@id\":\"https:\/\/sdk.mk\/#\/schema\/person\/737021aeacbe893f7e2c347186c5c7a1\",\"name\":\"\\u0424\\u0458\\u043e\\u043b\\u0430 \\u0417\\u043b\\u0430\\u0442\\u043a\\u0443\"}]}<\/script>\n<!-- \/ Yoast SEO Premium plugin. -->","_links":{"self":[{"href":"https:\/\/sdk.mk\/index.php\/wp-json\/wp\/v2\/posts\/172907"}],"collection":[{"href":"https:\/\/sdk.mk\/index.php\/wp-json\/wp\/v2\/posts"}],"about":[{"href":"https:\/\/sdk.mk\/index.php\/wp-json\/wp\/v2\/types\/post"}],"author":[{"embeddable":true,"href":"https:\/\/sdk.mk\/index.php\/wp-json\/wp\/v2\/users\/25"}],"replies":[{"embeddable":true,"href":"https:\/\/sdk.mk\/index.php\/wp-json\/wp\/v2\/comments?post=172907"}],"version-history":[{"count":0,"href":"https:\/\/sdk.mk\/index.php\/wp-json\/wp\/v2\/posts\/172907\/revisions"}],"wp:attachment":[{"href":"https:\/\/sdk.mk\/index.php\/wp-json\/wp\/v2\/media?parent=172907"}],"wp:term":[{"taxonomy":"category","embeddable":true,"href":"https:\/\/sdk.mk\/index.php\/wp-json\/wp\/v2\/categories?post=172907"},{"taxonomy":"post_tag","embeddable":true,"href":"https:\/\/sdk.mk\/index.php\/wp-json\/wp\/v2\/tags?post=172907"}],"curies":[{"name":"wp","href":"https:\/\/api.w.org\/{rel}","templated":true}]}}