{"id":174048,"date":"2022-06-24T22:45:38","date_gmt":"2022-06-24T20:45:38","guid":{"rendered":"https:\/\/sdk.mk\/?p=174048"},"modified":"2022-06-24T22:45:38","modified_gmt":"2022-06-24T20:45:38","slug":"pa-histeri","status":"publish","type":"post","link":"https:\/\/sdk.mk\/index.php\/dua-te-them\/pa-histeri\/","title":{"rendered":"PA HISTERI"},"content":{"rendered":"<div class=\"f52428582a4b906b2d2e2a7d733c7d27\" data-index=\"7\" style=\"float: none; margin:10px 0 10px 0; text-align:center;\">\n<!-- MSP Ads Asynchronous JS Tag - Generated with Revive Adserver v5.4.1 -->\r\n<ins data-revive-zoneid=\"167\" data-revive-id=\"060fdb01f6430ec164d3519234aa4967\"><\/ins>\r\n<script async src=\"\/\/panel.ads.com.mk\/www\/delivery\/asyncjs.php\"><\/script>\n<\/div>\n<p><span class=\"dropcap color firstcharacter\">1<\/span> Vetoja bullgare tashm\u00eb nuk \u00ebsht\u00eb problem. Zhg\u00ebnjimi vjen nga fakti se kushtet q\u00eb i vuri Bullgaria p\u00ebr heqje t\u00eb vetos, shtetet e tjera an\u00ebtare t\u00eb BE-s\u00eb i pranuan si parim \u2013 mosrespektim i popullit maqedonas, mosrespektim i gjuh\u00ebs maqedonase, vendosje e historis\u00eb si parim p\u00ebr an\u00ebtar\u00ebsim dhe p\u00ebrzierje n\u00eb pun\u00ebt e brendshme t\u00eb nj\u00eb shteti sovran.<br \/>\nPresidenti i Franc\u00ebs Emanuel Makron, n\u00eb em\u00ebr t\u00eb kryesis\u00eb s\u00eb Bashkimit thot\u00eb se \u201cjan\u00eb af\u00ebr marr\u00ebveshjes q\u00eb mund\u00ebson drejt\u00ebsi p\u00ebr k\u00ebrkesat e bullgar\u00ebve dhe do t\u00eb vazhdoj\u00eb t\u00eb negocioj\u00eb me \u201cverimaqesonasit\u201d.<\/p>\n<p>Eurokomisari p\u00ebr zgjerim Oliver Varhei thot\u00eb se \u201cBE-ja i merr shum\u00eb seriozisht t\u00eb gjitha shqet\u00ebsimet e bullgar\u00ebve dhe se ata jan\u00eb pjes\u00eb e procesit negociues\u201d.<\/p>\n<p>Dometh\u00ebn\u00eb BE-ja po e merr seriozisht at\u00eb se Bullgaria do q\u00eb maqedonasit t\u00eb b\u00ebhen bullgar\u00eb.<\/p>\n<p>Ky Bashkim evropian nuk \u00ebsht\u00eb bashk\u00ebsia evropiane p\u00ebr t\u00eb cil\u00ebn \u00ebnd\u00ebrronim para 30 vjet\u00ebsh. Ky Bashkim evropian nuk \u00ebsht\u00eb Bashk\u00ebsia n\u00eb t\u00eb cil\u00ebn u dashuruam si t\u00eb rinj dhe naiv\u00eb para 20 vjet\u00ebsh. Ky \u00ebsht\u00eb nj\u00eb Bashkim evropian ku mbizot\u00ebruan vlerat bullgare e q\u00eb na thot\u00eb q\u00eb n\u00ebse duam t\u2019i bashkangjitemi, duhet t\u00eb zhdukemi.<\/p>\n<p><span class=\"dropcap color firstcharacter\">2 <\/span> Kryetarja e Komisionit evropian Uruslla fon der Lajen m\u00eb 23 qershor tha se \u201ckjo \u00ebsht\u00eb nj\u00eb dit\u00eb e madhe p\u00ebr Evrop\u00ebn\u201d sepse Ukraina dhe Moldova mor\u00ebn statusin e kandidatit. Nd\u00ebrsa jemi n\u00eb pritje t\u00eb Putinit q\u00eb menj\u00ebher\u00eb ta nd\u00ebrpres\u00eb agresionin mbi Ukrain\u00ebn duke qen\u00eb se ka sulmuar nj\u00eb shtet-kandidate t\u00eb BE-s\u00eb, po p\u00ebrpiqem t\u00eb kuptoj se pse kjo \u00ebsht\u00eb nj\u00eb dit\u00eb e madhe p\u00ebr Evrop\u00ebn. P\u00ebr ne, jo. Maqedonia dhe Shqip\u00ebria nuk i filluan negocimet. Kosova nuk mori liberalizimin e vizave. Bosnja dhe Hercegovina s\u00ebrish nuk u b\u00ebn\u00eb kandidate p\u00ebr BE. Serbia dhe Mali i Zi nuk shkuan m\u00eb larg se ku kishin arritur me negocimet.<\/p>\n<p>Ky \u00ebsht\u00eb nj\u00eb Bashkim evropian t\u00eb cilit m\u00eb nuk mund t\u2019i besohet sepse nuk e mban fjal\u00ebn. Nd\u00ebrkoh\u00eb q\u00eb Ukrain\u00ebs i jepnin status kandidati ngaq\u00eb \u00ebsht\u00eb sulmuar dhe gjendet n\u00eb luft\u00eb, ofenduan gjasht\u00eb shtete t\u00eb Ballkanit Per\u00ebndimor, t\u00eb cilat p\u00ebrkund\u00ebr t\u00eb gjitha luftrave v\u00ebllavras\u00ebse dhe shembjeve, tashm\u00eb tridhjet vjet mbahen duke pritur n\u00eb korridor, duke u premtuar ardhm\u00ebri evrpiane, por \u2013 \u201cb\u00ebjeni vet\u00ebm edhe k\u00ebt\u00eb\u201d, \u201cja, vet\u00ebm edhe komshiun mos ta hidh\u00ebroni\u201d, \u201cve\u00e7 edhe k\u00ebt\u00eb ligj ta ndryshoni\u201d, \u201cve\u00e7 luft\u00eb t\u00eb mos b\u00ebni\u201d\u2026<\/p>\n<p>N\u00eb rastin e Maqedonis\u00eb \u2013 tani vet\u00ebm edhe emrin duhet ta ndryshoni. E ndryshuat? Super. Lider\u00ebt i keni shum\u00eb t\u00eb guximsh\u00ebm, do t\u2019u japim \u00e7mime dhe do t\u00eb fotografohemi bashk\u00eb me ta. Hajde tani, vet\u00ebm edhe gjuh\u00ebn t\u00eb mos e quani k\u00ebshtu. E pas gjith\u00eb k\u00ebsaj, n\u00ebse Bullgaria lejon, do t\u00eb mund t\u00eb fillojm\u00eb me negociatat.<\/p>\n<p>Paska ardhur puna deri te lufta, vall\u00eb? P\u00ebr Ballkanin po flasim. K\u00ebtu zor se mund t\u00eb mbahet paqja p\u00ebr gjat\u00eb koh\u00eb. T\u00eb pakt\u00ebn p\u00ebr k\u00ebt\u00eb pik\u00eb, p\u00ebr luft\u00ebn, do t\u00eb merremi vesh pa problem. N\u00ebse ky \u00ebsht\u00eb kushti p\u00ebr BE-n\u00eb.<\/p>\n<p><span class=\"dropcap color firstcharacter\">3<\/span> L\u00ebri k\u00ebto, po \u00e7far\u00eb b\u00ebjm\u00eb ne tani k\u00ebtu? Si t\u00eb merremi vesh, vall\u00eb, se cili \u00ebsht\u00eb interesi yn\u00eb shtet\u00ebror? Pas k\u00ebsaj pike kthyese n\u00eb politik\u00ebn e Bashkimit evropian ndaj zgjerimit, \u00ebsht\u00eb e pritshme q\u00eb kryeministri Dimitar Konva\u00e7evski t\u00eb punoj\u00eb n\u00eb bashkimin e t\u00eb gjith\u00eb faktor\u00ebve politik\u00eb dhe t\u00eb publikut. N\u00eb vend q\u00eb t\u00eb takohet direkt me Hristijan Mickoskin \u2013 t\u00eb thot\u00eb \u201ckeq \u00ebsht\u00eb puna, kjo p\u00ebr ne \u00ebsht\u00eb shum\u00eb e r\u00ebnd\u00ebsishme, shum\u00eb m\u00eb e r\u00ebnd\u00ebsishme se sa n\u00ebse un\u00eb mbetem n\u00eb pushtet apo ti shkon n\u00eb zgjedhje t\u00eb parakohshme. Le t\u00eb biem dakord p\u00ebr hapat e radh\u00ebs kur \u00ebsht\u00eb e dukshme se nuk mund t\u2019i luajm\u00eb t\u00eb gjitha kartat me BE-n\u00eb\u201d, n\u00eb vend q\u00eb t\u00eb k\u00ebrkoj\u00eb bashk\u00ebpun\u00ebtor\u00eb t\u00eb rinj, Kova\u00e7evski i prishi pun\u00ebt edhe me miqt\u00eb.<br \/>\nTha se ekspert\u00ebt paskan qen\u00eb histerik\u00eb p\u00ebr propozimin francez.<\/p>\n<p>Ne mendonim se interesi shtet\u00ebror \u00ebsht\u00eb m\u00eb i madh se sedra e kryeministrit. K\u00ebshtu si\u00e7 ka nisur ai, edhe miqt\u00eb do t\u2019i b\u00ebj\u00eb armiq. Pak ndasi kemi n\u00eb k\u00ebt\u00eb shtet. Edhe kjo na duhej.<\/p>\n<p>\u00cbsht\u00eb normale q\u00eb opinioni publik t\u00eb jet\u00eb shqet\u00ebsuar. Si fillim, p\u00ebr arsye se Bullgaris\u00eb nuk mund t\u2019i besohet. N\u00eb tri vjet\u00ebt e fundit, Bullgaria b\u00ebri kaq shum\u00eb veprime armiq\u00ebsore kund\u00ebr nesh, sa q\u00eb nuk mund t\u2019i besosh se nuk do t\u00eb vazhdoj\u00eb edhe n\u00eb t\u00eb ardhmen me po k\u00ebt\u00eb sjellje armiq\u00ebsore.<\/p>\n<p>Mir\u00ebpo, m\u00eb shum\u00eb se Bullgaria m\u00eb frik\u00ebson paaft\u00ebsia e elitave tona politike dhe administrat\u00ebs shtet\u00ebrore. Kemi t\u00eb b\u00ebjm\u00eb me nj\u00eb armik, por a kemi n\u00eb t\u00eb v\u00ebrtet\u00eb kapacitet si shtet q\u00eb t\u00eb p\u00ebrballemi me t\u00eb? Nuk dyshoj n\u00eb vullnetin e mir\u00eb t\u00eb politikan\u00ebve, por m\u00eb frik\u00ebson joprofesinalizmi i tyre, egoizmi, ekskluziviteti dhe mospasja e nj\u00eb kulture dhe ndershm\u00ebria politike. Jo vet\u00ebm tek qeveria por edhe tek opozita, duke p\u00ebrfshir\u00eb gjith\u00eb opozit\u00ebn, jo vet\u00ebm VMRO-DPMNE-n\u00eb.<\/p>\n<p>Ja ku jan\u00eb vijat e kuqe t\u00eb qeveris\u00eb q\u00eb i lajm\u00ebroi Kiva\u00e7evski n\u00eb Bruksel \u2013 nuk flasim p\u00ebr gjuh\u00ebn maqedonase, historia nuk mund t\u00eb jet\u00eb pjes\u00eb e korniz\u00ebs negociuese dhe s\u00eb pari do t\u00eb fillojn\u00eb negociatat, e pastaj do t\u00eb futen bullgar\u00ebt n\u00eb Kushtetut\u00eb, bashk\u00eb me kroat\u00ebt dhe malazez\u00ebt.<\/p>\n<p>Vall\u00eb, VMRO-DPMNE ka dhe vija t\u00eb tjera t\u00eb kuqe?<\/p>\n<p>\u00cbsht\u00eb koha q\u00eb qeveria dhe opozita t\u00eb fillojn\u00eb t\u00eb merren m\u00eb shum\u00eb dhe m\u00eb ndersh\u00ebm me Maqedonin\u00eb, se sa me k\u00ebrkesat e Bullgaris\u00eb. Nd\u00ebrsa ne t\u00eb ftillohemi pak n\u00eb lidhje me BE-n\u00eb.<\/p>\n<p>Le t\u00eb mos jemi histerik\u00eb.<\/p>\n<p><strong><em>P\u00ebrktheu: Fjolla Zllatku <\/em><\/strong><\/p>\n\n<div style=\"font-size: 0px; height: 0px; line-height: 0px; margin: 0; padding: 0; clear: both;\"><\/div>","protected":false},"excerpt":{"rendered":"<p>Vetoja bullgare tashm\u00eb nuk \u00ebsht\u00eb problem. Zhg\u00ebnjimi vjen nga fakti se kushtet q\u00eb i vuri Bullgaria p\u00ebr heqje t\u00eb vetos, [&hellip;]<\/p>\n","protected":false},"author":25,"featured_media":0,"comment_status":"closed","ping_status":"closed","sticky":false,"template":"","format":"standard","meta":{"_mo_disable_npp":"no","inline_featured_image":false},"categories":[1825],"tags":[],"imageURL":false,"thumbURL":false,"categoryNames":["DUA T\u00cb THEM"],"feature_caption":"","subtitle":"BE-ja po e merr seriozisht at\u00eb se Bullgaria do q\u00eb maqedonasit t\u00eb b\u00ebhen bullgar\u00eb","views":"51","source":"Shkup, (SAKAMDAKAZAM.MK)","yoast_head":"<!-- This site is optimized with the Yoast SEO Premium plugin v15.0 - https:\/\/yoast.com\/wordpress\/plugins\/seo\/ -->\n<title>PA HISTERI - \u0421\u0430\u043a\u0430\u043c \u0414\u0430 \u041a\u0430\u0436\u0430\u043c<\/title>\n<meta name=\"robots\" content=\"index, follow, max-snippet:-1, max-image-preview:large, max-video-preview:-1\" \/>\n<link rel=\"canonical\" href=\"https:\/\/sdk.mk\/index.php\/dua-te-them\/pa-histeri\/\" \/>\n<meta property=\"og:locale\" content=\"mk_MK\" \/>\n<meta property=\"og:type\" content=\"article\" \/>\n<meta property=\"og:title\" content=\"PA HISTERI - \u0421\u0430\u043a\u0430\u043c \u0414\u0430 \u041a\u0430\u0436\u0430\u043c\" \/>\n<meta property=\"og:description\" content=\"Vetoja bullgare tashm\u00eb nuk \u00ebsht\u00eb problem. Zhg\u00ebnjimi vjen nga fakti se kushtet q\u00eb i vuri Bullgaria p\u00ebr heqje t\u00eb vetos, [&hellip;]\" \/>\n<meta property=\"og:url\" content=\"https:\/\/sdk.mk\/index.php\/dua-te-them\/pa-histeri\/\" \/>\n<meta property=\"og:site_name\" content=\"\u0421\u0430\u043a\u0430\u043c \u0414\u0430 \u041a\u0430\u0436\u0430\u043c\" \/>\n<meta property=\"article:published_time\" content=\"2022-06-24T20:45:38+00:00\" \/>\n<meta property=\"og:image\" content=\"https:\/\/sdk.mk\/wp-content\/uploads\/2015\/12\/goran-mihailovski2.jpg\" \/>\n\t<meta property=\"og:image:width\" content=\"400\" \/>\n\t<meta property=\"og:image:height\" content=\"313\" \/>\n<meta property=\"fb:app_id\" content=\"2407985809428537\" \/>\n<meta name=\"twitter:card\" content=\"summary\" \/>\n<script type=\"application\/ld+json\" class=\"yoast-schema-graph\">{\"@context\":\"https:\/\/schema.org\",\"@graph\":[{\"@type\":\"WebSite\",\"@id\":\"https:\/\/sdk.mk\/#website\",\"url\":\"https:\/\/sdk.mk\/\",\"name\":\"\\u0421\\u0430\\u043a\\u0430\\u043c \\u0414\\u0430 \\u041a\\u0430\\u0436\\u0430\\u043c\",\"description\":\"\\u0417\\u0430 \\u0441\\u043b\\u043e\\u0431\\u043e\\u0434\\u043e\\u0443\\u043c\\u043d\\u0438\",\"potentialAction\":[{\"@type\":\"SearchAction\",\"target\":\"https:\/\/sdk.mk\/?s={search_term_string}\",\"query-input\":\"required name=search_term_string\"}],\"inLanguage\":\"mk-MK\"},{\"@type\":\"WebPage\",\"@id\":\"https:\/\/sdk.mk\/index.php\/dua-te-them\/pa-histeri\/#webpage\",\"url\":\"https:\/\/sdk.mk\/index.php\/dua-te-them\/pa-histeri\/\",\"name\":\"PA HISTERI - \\u0421\\u0430\\u043a\\u0430\\u043c \\u0414\\u0430 \\u041a\\u0430\\u0436\\u0430\\u043c\",\"isPartOf\":{\"@id\":\"https:\/\/sdk.mk\/#website\"},\"datePublished\":\"2022-06-24T20:45:38+00:00\",\"dateModified\":\"2022-06-24T20:45:38+00:00\",\"author\":{\"@id\":\"https:\/\/sdk.mk\/#\/schema\/person\/737021aeacbe893f7e2c347186c5c7a1\"},\"inLanguage\":\"mk-MK\",\"potentialAction\":[{\"@type\":\"ReadAction\",\"target\":[\"https:\/\/sdk.mk\/index.php\/dua-te-them\/pa-histeri\/\"]}]},{\"@type\":\"Person\",\"@id\":\"https:\/\/sdk.mk\/#\/schema\/person\/737021aeacbe893f7e2c347186c5c7a1\",\"name\":\"\\u0424\\u0458\\u043e\\u043b\\u0430 \\u0417\\u043b\\u0430\\u0442\\u043a\\u0443\"}]}<\/script>\n<!-- \/ Yoast SEO Premium plugin. -->","_links":{"self":[{"href":"https:\/\/sdk.mk\/index.php\/wp-json\/wp\/v2\/posts\/174048"}],"collection":[{"href":"https:\/\/sdk.mk\/index.php\/wp-json\/wp\/v2\/posts"}],"about":[{"href":"https:\/\/sdk.mk\/index.php\/wp-json\/wp\/v2\/types\/post"}],"author":[{"embeddable":true,"href":"https:\/\/sdk.mk\/index.php\/wp-json\/wp\/v2\/users\/25"}],"replies":[{"embeddable":true,"href":"https:\/\/sdk.mk\/index.php\/wp-json\/wp\/v2\/comments?post=174048"}],"version-history":[{"count":0,"href":"https:\/\/sdk.mk\/index.php\/wp-json\/wp\/v2\/posts\/174048\/revisions"}],"wp:attachment":[{"href":"https:\/\/sdk.mk\/index.php\/wp-json\/wp\/v2\/media?parent=174048"}],"wp:term":[{"taxonomy":"category","embeddable":true,"href":"https:\/\/sdk.mk\/index.php\/wp-json\/wp\/v2\/categories?post=174048"},{"taxonomy":"post_tag","embeddable":true,"href":"https:\/\/sdk.mk\/index.php\/wp-json\/wp\/v2\/tags?post=174048"}],"curies":[{"name":"wp","href":"https:\/\/api.w.org\/{rel}","templated":true}]}}