{"id":17707,"date":"2016-12-10T08:55:45","date_gmt":"2016-12-10T07:55:45","guid":{"rendered":"http:\/\/sdk.mk\/\/?p=17707"},"modified":"2016-12-10T08:55:45","modified_gmt":"2016-12-10T07:55:45","slug":"je-familje-e-verber-tete-anetareshe-eshte-refuzuar-tri-per-banese-sociale","status":"publish","type":"post","link":"https:\/\/sdk.mk\/index.php\/histori-te-parrefyera\/je-familje-e-verber-tete-anetareshe-eshte-refuzuar-tri-per-banese-sociale\/","title":{"rendered":"\u039dJ\u00cb FAMILJE E VERB\u00cbR TET\u00cb AN\u00cbTAR\u00cbSHE \u00cbSHT\u00cb REFUZUAR TRI HER\u00cb P\u00cbR BANES\u00cb SOCIALE"},"content":{"rendered":"<div class=\"f52428582a4b906b2d2e2a7d733c7d27\" data-index=\"7\" style=\"float: none; margin:10px 0 10px 0; text-align:center;\">\n<!-- MSP Ads Asynchronous JS Tag - Generated with Revive Adserver v5.4.1 -->\r\n<ins data-revive-zoneid=\"167\" data-revive-id=\"060fdb01f6430ec164d3519234aa4967\"><\/ins>\r\n<script async src=\"\/\/panel.ads.com.mk\/www\/delivery\/asyncjs.php\"><\/script>\n<\/div>\n<p>Vajza tet\u00eb vje\u00e7are me penges\u00eb n\u00eb zhvillimin intelektual \u00e7do dit\u00eb ec nga 10 kilometra q\u00eb t\u00eb shkoj\u00eb n\u00eb shkoll\u00eb. Nx\u00ebn\u00ebsja e klas\u00ebs s\u00eb par\u00eb, Eleonora Mlladenoska e fshatit Vragoturce, q\u00eb nga fillimi i vitit shkollor, \u00e7do dit\u00eb kalon 4 or\u00eb n\u00eb mal q\u00eb t\u00eb mb\u00ebrrij\u00eb p\u00ebr m\u00ebsim n\u00eb fshatin fqinj, Pelince. Nga sht\u00ebpia del rreth or\u00ebs 5.30 dhe duke \u00e7ar\u00eb rrug\u00ebn n\u00ebp\u00ebrmes pyllit t\u00eb dendur, zon\u00ebs s\u00eb thepisur dhe t\u00eb izoluar, n\u00eb shkoll\u00eb mb\u00ebrrin n\u00eb ora 7:30. Pasi t\u00eb ken\u00eb mbaruar m\u00ebsimet, p\u00ebrs\u00ebri b\u00ebn rrug\u00ebn e nj\u00ebjt\u00eb mbrapa. Familja e saj jeton n\u00eb fund t\u00eb fshatit, n\u00eb shpatet e Kozjakut, n\u00eb 1.200 metra lart\u00ebsi mbidetare, n\u00eb kufirin maqedono-serb, 40 kilometra larg Kumanov\u00ebs. Pran\u00eb tyre mund t\u00eb mb\u00ebrrihet vet\u00ebm me xhip, duke p\u00ebrshkuar nj\u00eb rrug\u00eb t\u00eb ngusht\u00eb t\u00eb paasfaltuar, t\u00eb gjat\u00eb 15 kilometra, e cila e lidh fshatin me rrug\u00ebn regjionale Pelince-Kumanov\u00eb.<\/p>\n<p>N\u00ebp\u00ebr rrug\u00eb t\u00eb shkurtuar b\u00ebn 13 kilometra, kurse p\u00ebr t\u2019i r\u00ebn\u00eb rrotull p\u00ebr nga rruga kryesore \u00ebsht\u00eb 30 kilometra. Kur moti ishte i mir\u00eb ia dilte disi, por tani kur filloi t\u00eb bjer\u00eb shi e bor\u00eb, e t\u00eb fryj\u00eb er\u00eb e fuqishme, nuk ka shans q\u00eb t\u00eb mb\u00ebrrij\u00eb deri te shkolla. Ujq\u00ebr dhe \u00e7akall\u00eb do ta ndjekin n\u00eb k\u00ebt\u00eb mot t\u00eb keq. Deri para pak koh\u00ebsh, p\u00ebr vajz\u00ebn p\u00ebrkujdesej motra m\u00eb e madhe, por ajo u martua. Nuk ka se kush ta d\u00ebrgoj\u00eb n\u00eb shkoll\u00eb dhe jav\u00ebn e kaluar e humbi m\u00ebsimin. Un\u00eb jam i verb\u00ebr, gruaja ime ka hendikep mendor, nd\u00ebrsa n\u00ebna ime \u00ebsht\u00eb plak\u00eb dhe v\u00ebshtir\u00eb l\u00ebviz. F\u00ebmija ,vet\u00ebm, nuk e di rrug\u00ebn. Dy her\u00eb e d\u00ebrgova un\u00eb, por u humb\u00ebm e mor\u00ebn t\u00eb na k\u00ebrkojn\u00eb gjahtar\u00ebt. Nga shkolla m\u00eb thon\u00eb q\u00eb n\u00ebse vajza ime b\u00ebn m\u00eb shum\u00eb se 10 mungesa do t\u00eb vijoj\u00eb d\u00ebnim. Un\u00eb kam dokument q\u00eb thot\u00eb se f\u00ebmija \u00ebsht\u00eb me nevoja t\u00eb posa\u00e7me dhe se i duhet q\u00eb t\u00eb ket\u00eb nj\u00eb shoq\u00ebrues dhe transport t\u00eb paguar nga shteti. N\u00ebse nuk ia sigurojn\u00eb k\u00ebt\u00eb do t\u00eb duhet ta \u00e7regjistroj nga shkolla\u201d, thot\u00eb Novko Mlladenovski, babai i Eleonor\u00ebs.<\/p>\n<p>Nga Qendra p\u00ebr pun\u00eb sociale n\u00eb Kumanov\u00eb thon\u00eb q\u00eb prind\u00ebrve u kan\u00eb ofruar akomodim p\u00ebr f\u00ebmij\u00ebn n\u00eb sht\u00ebpin\u00eb e nx\u00ebn\u00ebsve n\u00eb fshatin Dragomance, por ata nuk kan\u00eb pranuar. N\u00ebse prind\u00ebrit nuk kan\u00eb kushte q\u00eb ta d\u00ebrgojn\u00eb f\u00ebmij\u00ebn n\u00eb shkoll\u00eb, Qendra \u00ebsht\u00eb e gatshme q\u00eb menj\u00ebher\u00eb t\u2019i sigurojn\u00eb vendosje n\u00eb internat.<\/p>\n<p>\u201cNuk mund ta d\u00ebrgoj f\u00ebmij\u00ebn tim t\u00eb jetoj\u00eb vet\u00ebm, sepse nuk \u00ebsht\u00eb mir\u00eb me sh\u00ebndet dhe nuk mund t\u00eb p\u00ebrkujdeset p\u00ebr veten e vet. Patjet\u00ebr i duhet t\u00eb ket\u00eb shoq\u00ebrues dhe ndihm\u00eb eksperte, kurse n\u00eb sht\u00ebpin\u00eb e nx\u00ebn\u00ebsve ka vet\u00ebm nj\u00eb edukator pasditeve dhe n\u00eb mbr\u00ebmje. P\u00ebr k\u00ebto arsye nuk e lejoj. P\u00ebrndryshe, p\u00ebr mua do t\u00eb ishte m\u00eb mir\u00eb q\u00eb f\u00ebmija t\u00eb q\u00ebndronte n\u00eb sht\u00ebpin\u00eb e nx\u00ebn\u00ebsve, sepse nuk do ta mundonte udh\u00ebtimi dhe do t\u00eb kishte nj\u00ebqind her\u00eb kushte m\u00eb t\u00eb mira jetese se sa k\u00ebtu\u201d, thot\u00eb Novko.<\/p>\n<p>Ai thot\u00eb q\u00eb n\u00eb fillim t\u00eb vitit shkollor, nga shkolla ka marr\u00eb vet\u00ebm nj\u00eb premtim, q\u00eb Komuna Staro Nagori\u00e7ane do t\u00eb siguroj\u00eb transport p\u00ebr f\u00ebmij\u00ebn. Se pse nuk \u00ebsht\u00eb plot\u00ebsuar detyrimi, u munduam t\u00eb marrim p\u00ebrgjigje nga kryetari i qytetit, Millan Stojkovski, por ai nuk u p\u00ebrgjigjej thirrjeve n\u00eb telefon.<\/p>\n<p>KOMUNA DHE MINISTRIT\u00cb NUK SHOHIN PROBLEM TE FAMILJA MLLADENOVSKI<\/p>\n<p>Familja tet\u00eb an\u00ebtar\u00ebshe Mlladenovski jeton n\u00eb nj\u00eb mizerie t\u00eb madhe. N\u00eb nj\u00eb sht\u00ebpi t\u00eb vjet\u00ebr dhe t\u00eb skamur me hap\u00ebsir\u00eb mezi 30 metra katror\u00ebshe, me dy dhoma dhe mobilje t\u00eb varf\u00ebra, pa tualet dhe kushte elementare p\u00ebr jet\u00eb, t\u00eb shtypur me probleme serioze sh\u00ebndet\u00ebsore, k\u00ebta njer\u00ebz n\u00eb shpatullat e tyre mbajn\u00eb t\u00eb gjith\u00eb t\u00eb zezat e jet\u00ebs. P\u00ebrve\u00e7 Eleonor\u00ebs, kan\u00eb dhe 4 f\u00ebmij\u00eb. M\u00eb e madhja, Angelina ka 20 vjet, Stefani q\u00eb \u00ebsht\u00eb viti i tret\u00eb dhe Filipi, klasa e tet\u00eb, gjenden n\u00eb Sht\u00ebpin\u00eb p\u00ebr t\u00eb verb\u00ebr n\u00eb Kisella Vod\u00eb, kurse m\u00eb i vogli Miki (5) jeton me prind\u00ebrit. T\u00eb gjith\u00eb f\u00ebmij\u00ebt kan\u00eb d\u00ebmtime n\u00eb shikim prej 50 deri m\u00eb 95 p\u00ebrqind dhe e kan\u00eb t\u00eb domosdoshme mbrojtjen e rregullt dhe t\u00eb duhur sh\u00ebndet\u00ebsore, n\u00eb m\u00ebnyr\u00eb q\u00eb t\u00eb mos verb\u00ebrohen si babai i tyre. Familja me vite t\u00eb t\u00ebra k\u00ebrkon banes\u00eb nga shteti, por q\u00ebkur u refuzuan me justifikimin se nuk ka banesa t\u00eb lira para 5-6 vjet\u00ebve, e humb\u00ebn shpres\u00ebn se dikush do t\u2019u ndihmoj\u00eb.<\/p>\n<p>K\u00ebrkoj \u00e7far\u00ebdolloj banese, vet\u00ebm t\u00eb zbresim nga mali dhe f\u00ebmij\u00ebt t\u00eb mund t\u2019i shkolloj. Nuk k\u00ebrkoj banes\u00eb n\u00eb qend\u00ebr t\u00eb qytetit, sepse nuk mund as aty t\u00eb jetoj, nuk mund t\u00eb l\u00ebviz n\u00ebp\u00ebr rrug\u00eb. Por, dikund n\u00eb periferi. T\u00eb kem kushte q\u00eb t\u00eb shkoj deri n\u00eb dyqan t\u00eb blej ushqim dhe ila\u00e7e. Paguaj 50 euro q\u00eb t\u00eb vij\u00eb dikush n\u00eb sht\u00ebpi, t\u00eb m\u00eb marr\u00eb dhe t\u00eb m\u00eb kthej\u00eb me automjet. Ndonj\u00ebher\u00eb edhe 3-4 her\u00eb n\u00eb muaj. N\u00eb komun\u00ebn Staro Nagori\u00e7ane kishte 8 banesa t\u00eb lira, kur jolegalisht u vendos\u00ebn familje t\u00eb tjera, por mua nuk m\u00eb dhan\u00eb.<br \/>\nKryetari i qytetit dhe ministrit\u00eb jan\u00eb t\u00eb verb\u00ebr p\u00ebr sa i p\u00ebrket zgjidhjes s\u00eb problemit tim. Jeta \u00ebsht\u00eb e v\u00ebshtir\u00eb n\u00eb mal edhe p\u00ebr njer\u00ebzit e sh\u00ebndosh\u00eb, e le m\u00eb p\u00ebr t\u00eb s\u00ebmur\u00ebt si ne. Nuk kemi as\u00e7far\u00eb kushte jete. Sht\u00ebpia vet\u00ebm sa nuk na \u00ebsht\u00eb shembur, kulmi pikon, sepse nj\u00eb nga muret u prish. Edhe at\u00eb pak q\u00eb kemi nga mobiljet, nj\u00eb dollap dhe ca shtret\u00ebr t\u00eb hekurt, na u shkat\u00ebrruan nga lag\u00ebshtia. Kur t\u00eb gjith\u00eb f\u00ebmij\u00ebt t\u00eb p\u00ebrmblidhen, t\u00eb gjasht\u00eb flem\u00eb n\u00eb nj\u00eb dhom\u00eb, sepse nuk ka vend tjet\u00ebr\u201d, thot\u00eb Novko.<\/p>\n<p>Nga Ministria e transportit dhe lidhjeve dhe Agjencis\u00eb p\u00ebr ekonomizim me hap\u00ebsirat e banimit dhe afariste, thon\u00eb q\u00eb banesat sociale jepen n\u00ebp\u00ebrmjet Komisionit p\u00ebr \u00e7\u00ebshtje t\u00eb banimit n\u00eb Qeveri dhe se ata jan\u00eb n\u00eb dijeni p\u00ebr k\u00ebrkes\u00ebn e Mlladenovskit. Pasi q\u00eb u shpjeguam p\u00ebr cilin rast b\u00ebhet fjal\u00eb, than\u00eb q\u00eb do t\u00eb kontrollonin n\u00eb dokumentacionin arsyen p\u00ebr t\u00eb cil\u00ebn familja ka qen\u00eb e refuzuar dhe se a i p\u00ebrmbush udh\u00ebzimet t\u00eb vendosura me ligj p\u00ebr marrjen e nj\u00eb banese sociale.<\/p>\n<p>Novko e ka humbur shikimin para 12 vjet\u00ebsh, kurse s\u00ebmundjen e ka trash\u00ebguar nga familja e n\u00ebn\u00ebs, e cila p\u00ebr fat t\u00eb keq \u00ebsht\u00eb transferuar edhe tek f\u00ebmij\u00ebt e tij. M\u00eb par\u00eb ka punuar si pun\u00ebtor nd\u00ebrtimi, kurse tani jeton prej ndihm\u00ebs sociale t\u00eb cil\u00ebn e fiton ne disa baza.<\/p>\n<p>\u201cJetojm\u00eb n\u00eb varf\u00ebri, por buk\u00eb kemi. N\u00ebna ime p\u00ebrkujdeset p\u00ebr ne. Se \u00e7ka do t\u00eb ndodh m\u00eb pas vet\u00ebm Zoti\u00a0 e di. Jetojm\u00eb n\u00eb mal, por nuk ka kush t\u00eb mbledh\u00eb dru. M\u00eb par\u00eb ishte ndryshe, njer\u00ebzit e kuptonin mundin tim e donin t\u00eb m\u00eb ndihmonin. Tani t\u00eb gjith\u00eb u b\u00ebn\u00eb t\u00eb huaj dhe t\u00eb shohin vet\u00ebm n\u00ebse i paguan. Kur vijn\u00eb f\u00ebmij\u00ebt, organizohemi dhe shohim se si t\u2019i kryejm\u00eb pun\u00ebt q\u00eb nuk mund t\u2019i b\u00ebj dot vet\u00eb. Por, n\u00eb t\u00eb shumt\u00ebn e rasteve, paguaj p\u00ebr \u00e7do sh\u00ebrbim\u201d, thot\u00eb Novko.<\/p>\n<p>Ai u b\u00ebn thirrje shtetit dhe njer\u00ebzve human\u00eb q\u00eb t\u2019i ndihmojn\u00eb t\u00eb shp\u00ebtoj\u00eb nga jeta e ashp\u00ebr dhe e v\u00ebshtir\u00eb, p\u00ebr t\u00eb dhe f\u00ebmij\u00ebt e tij, p\u00ebrpara se t\u2019u ndodh\u00eb ndonj\u00eb fatkeq\u00ebsi n\u00eb mal.<\/p>\n<p>26 VJET FIGURON SI I PUN\u00cbSUAR, ND\u00cbRSA KA PUNUAR VET\u00cbM 8 MUAJ<\/p>\n<p>Novko figuron si i pun\u00ebsuar n\u00eb Agjencin\u00eb p\u00ebr pun\u00ebsim n\u00eb Kumanov\u00eb, edhe pse nuk \u00ebsht\u00eb n\u00eb gjendje t\u00eb punoj\u00eb, sepse \u00ebsht\u00eb invalid n\u00eb gjendje t\u00eb r\u00ebnd\u00eb me 100 p\u00ebrqind shikim t\u00eb d\u00ebmtuar. Ai n\u00eb vitin 1989 ka punuar p\u00ebr nj\u00eb koh\u00eb t\u00eb shkurt\u00ebr n\u00eb nj\u00eb firm\u00eb dhe q\u00eb at\u00ebher\u00eb nuk e kan\u00eb \u00e7regjistruar.<\/p>\n<p>\u201cPunoja 8 muaj n\u00eb guroren p\u00ebr kuarc \u201cSileks\u201d, n\u00eb fshatin Pelince. Edhe sot e k\u00ebsaj dite nuk m\u00eb kan\u00eb \u00e7regjistruar. N\u00eb Socijallno m\u00eb th\u00ebrrasin q\u00eb t\u00eb ma nd\u00ebrpresin ndihm\u00ebn sociale n\u00ebse nuk \u00e7regjistrohem. Kam shkuar n\u00eb Kumanov\u00eb, n\u00eb Kratov\u00eb, por nuk kam mundur ta gjej firm\u00ebn. Dyshoj se dikush po b\u00ebn malverzione n\u00eb emrin tim\u201d, thot\u00eb Novko dhe k\u00ebrkon q\u00eb njer\u00ebzit kompetent\u00eb t\u2019i ndihmojn\u00eb q\u00eb ta heqin apo q\u00eb shteti t\u2019i jap\u00eb pension, n\u00ebse p\u00ebr \u00a0aq koh\u00eb t\u00eb gjat\u00eb figuron si i pun\u00ebsuar.<\/p>\n<p>Nga Qendra p\u00ebr pun\u00ebsim n\u00eb Kumanov\u00eb kan\u00eb konfirmuar q\u00eb Mlladenovski figuron si i pun\u00ebsuar te ata tashm\u00eb 26 vjet, kurse n\u00eb realitet ka punuar vet\u00ebm n\u00eb vitin 1989. Ata thon\u00eb q\u00eb do ta mbarojn\u00eb procedur\u00ebn, pasi q\u00eb firma do t\u2019u dor\u00ebzoj\u00eb raport p\u00ebr \u00e7regjistrimin e t\u00eb pun\u00ebsuarit.<\/p>\n<p>Nga firma \u201cSileks\u201d n\u00eb Kumanov\u00eb thon\u00eb q\u00eb procedura tashm\u00eb ka filluar dhe q\u00eb do t\u00eb mbaroj\u00eb pas zgjedhjeve. Mlladenovski ka mbetur i paraqitur sepse, pas falimentimit t\u00eb firm\u00ebs \u201cKu-prom\u201d, jan\u00eb p\u00ebrmbledhur dokumentet e tre t\u00eb pun\u00ebsuarve dhe vet\u00ebm pasi q\u00eb kan\u00eb filluar t\u00eb marrin pjes\u00eb n\u00eb tender\u00eb, i kan\u00eb zbuluar t\u00eb pun\u00ebsuarit q\u00eb nuk jan\u00eb \u00e7regjistruar.<\/p>\n<p><em>P\u00ebrktheu: Fjolla Zllatku<\/em><\/p>\n<p>&nbsp;<\/p>\n<p>&nbsp;<\/p>\n\n<div style=\"font-size: 0px; height: 0px; line-height: 0px; margin: 0; padding: 0; clear: both;\"><\/div>","protected":false},"excerpt":{"rendered":"<p>Vajza tet\u00eb vje\u00e7are me penges\u00eb n\u00eb zhvillimin intelektual \u00e7do dit\u00eb ec nga 10 kilometra q\u00eb t\u00eb shkoj\u00eb n\u00eb shkoll\u00eb. Nx\u00ebn\u00ebsja [&hellip;]<\/p>\n","protected":false},"author":1,"featured_media":17384,"comment_status":"closed","ping_status":"closed","sticky":false,"template":"","format":"standard","meta":{"_mo_disable_npp":"","inline_featured_image":false},"categories":[3085,3095],"tags":[8730],"imageURL":"https:\/\/sdk.mk\/wp-content\/uploads\/2016\/12\/kumanovo-semejstvo-1-650x433.jpg","thumbURL":"https:\/\/sdk.mk\/wp-content\/uploads\/2016\/12\/kumanovo-semejstvo-1-250x166.jpg","categoryNames":["Histori t\u00eb parr\u00ebfyera","Rrjeti i korrespondent\u00ebve"],"feature_caption":"","subtitle":"a:2:{s:11:\"td_subtitle\";s:507:\"Nj\u00ebvajz\u00ebtet\u00ebvje\u00e7aremenevojat\u00ebposa\u00e7menganj\u00ebfshatiiizoluarmalor\u00e7dodit\u00ebb\u00ebnnga10kilometran\u00ebk\u00ebmb\u00ebp\u00ebrt\u00ebshkuarn\u00ebshkoll\u00eb.Babaiivajz\u00ebs\u00ebsht\u00ebiverb\u00ebr,nd\u00ebrsaan\u00ebtar\u00ebtetjer\u00ebt\u00ebfamiljeskan\u00ebd\u00ebmtimeseriozet\u00ebshikimitdhepenges\u00ebn\u00ebzhvilliminmendor.K\u00ebshtu,k\u00ebt\u00ebdim\u00ebr,f\u00ebmij\u00ebsdot\u2019iduhetq\u00ebt\u00ebec\u00ebderin\u00ebmalosetand\u00ebrpres\u00ebarsimimin,sepsefamiljakaqen\u00eberefuzuartriher\u00ebp\u00ebrt\u00ebmarr\u00ebbanes\u00ebsocialen\u00ebStaroNagori\u00e7ane.\";s:9:\"td_source\";s:49:\"\u041a\u0443\u043c\u0430\u043d\u043e\u0432\u043e,(\u0421\u0410\u041a\u0410\u041c\u0414\u0410\u041a\u0410\u0416\u0410\u041c.\u041c\u041a)","views":"2882","source":"","yoast_head":"<!-- This site is optimized with the Yoast SEO Premium plugin v15.0 - https:\/\/yoast.com\/wordpress\/plugins\/seo\/ -->\n<title>\u039dJ\u00cb FAMILJE E VERB\u00cbR TET\u00cb AN\u00cbTAR\u00cbSHE \u00cbSHT\u00cb REFUZUAR TRI HER\u00cb P\u00cbR BANES\u00cb SOCIALE - \u0421\u0430\u043a\u0430\u043c \u0414\u0430 \u041a\u0430\u0436\u0430\u043c<\/title>\n<meta name=\"robots\" content=\"index, follow, max-snippet:-1, max-image-preview:large, max-video-preview:-1\" \/>\n<link rel=\"canonical\" href=\"https:\/\/sdk.mk\/index.php\/histori-te-parrefyera\/je-familje-e-verber-tete-anetareshe-eshte-refuzuar-tri-per-banese-sociale\/\" \/>\n<meta property=\"og:locale\" content=\"mk_MK\" \/>\n<meta property=\"og:type\" content=\"article\" \/>\n<meta property=\"og:title\" content=\"\u039dJ\u00cb FAMILJE E VERB\u00cbR TET\u00cb AN\u00cbTAR\u00cbSHE \u00cbSHT\u00cb REFUZUAR TRI HER\u00cb P\u00cbR BANES\u00cb SOCIALE - \u0421\u0430\u043a\u0430\u043c \u0414\u0430 \u041a\u0430\u0436\u0430\u043c\" \/>\n<meta property=\"og:description\" content=\"Vajza tet\u00eb vje\u00e7are me penges\u00eb n\u00eb zhvillimin intelektual \u00e7do dit\u00eb ec nga 10 kilometra q\u00eb t\u00eb shkoj\u00eb n\u00eb shkoll\u00eb. Nx\u00ebn\u00ebsja [&hellip;]\" \/>\n<meta property=\"og:url\" content=\"https:\/\/sdk.mk\/index.php\/histori-te-parrefyera\/je-familje-e-verber-tete-anetareshe-eshte-refuzuar-tri-per-banese-sociale\/\" \/>\n<meta property=\"og:site_name\" content=\"\u0421\u0430\u043a\u0430\u043c \u0414\u0430 \u041a\u0430\u0436\u0430\u043c\" \/>\n<meta property=\"article:published_time\" content=\"2016-12-10T07:55:45+00:00\" \/>\n<meta property=\"og:image\" content=\"https:\/\/sdk.mk\/wp-content\/uploads\/2016\/12\/kumanovo-semejstvo-1.jpg\" \/>\n\t<meta property=\"og:image:width\" content=\"700\" \/>\n\t<meta property=\"og:image:height\" content=\"466\" \/>\n<meta property=\"fb:app_id\" content=\"2407985809428537\" \/>\n<meta name=\"twitter:card\" content=\"summary\" \/>\n<script type=\"application\/ld+json\" class=\"yoast-schema-graph\">{\"@context\":\"https:\/\/schema.org\",\"@graph\":[{\"@type\":\"WebSite\",\"@id\":\"https:\/\/sdk.mk\/#website\",\"url\":\"https:\/\/sdk.mk\/\",\"name\":\"\\u0421\\u0430\\u043a\\u0430\\u043c \\u0414\\u0430 \\u041a\\u0430\\u0436\\u0430\\u043c\",\"description\":\"\\u0417\\u0430 \\u0441\\u043b\\u043e\\u0431\\u043e\\u0434\\u043e\\u0443\\u043c\\u043d\\u0438\",\"potentialAction\":[{\"@type\":\"SearchAction\",\"target\":\"https:\/\/sdk.mk\/?s={search_term_string}\",\"query-input\":\"required name=search_term_string\"}],\"inLanguage\":\"mk-MK\"},{\"@type\":\"ImageObject\",\"@id\":\"https:\/\/sdk.mk\/index.php\/histori-te-parrefyera\/je-familje-e-verber-tete-anetareshe-eshte-refuzuar-tri-per-banese-sociale\/#primaryimage\",\"inLanguage\":\"mk-MK\",\"url\":\"https:\/\/sdk.mk\/wp-content\/uploads\/2016\/12\/kumanovo-semejstvo-1.jpg\",\"width\":700,\"height\":466,\"caption\":\"\\u041e\\u0441\\u0443\\u043c\\u0447\\u043b\\u0435\\u043d\\u043e\\u0442\\u043e \\u0441\\u0435\\u043c\\u0435\\u0458\\u0441\\u0442\\u0432\\u043e \\u041c\\u043b\\u0430\\u0434\\u0435\\u043d\\u043e\\u0432\\u0441\\u043a\\u0438 \\u0436\\u0438\\u0432\\u0435\\u0435 \\u0432\\u043e \\u0433\\u043e\\u043b\\u0435\\u043c\\u0430 \\u0431\\u0435\\u0434\\u0430 \\u0432\\u043e \\u043f\\u043b\\u0430\\u043d\\u0438\\u043d\\u0441\\u043a\\u043e\\u0442\\u043e \\u0441\\u0435\\u043b\\u043e \\u0412\\u0440\\u0430\\u0433\\u043e\\u0442\\u0443\\u0440\\u0446\\u0435 (\\u0424\\u043e\\u0442\\u043e: \\u0421\\u0414\\u041a.\\u041c\\u041a)\"},{\"@type\":\"WebPage\",\"@id\":\"https:\/\/sdk.mk\/index.php\/histori-te-parrefyera\/je-familje-e-verber-tete-anetareshe-eshte-refuzuar-tri-per-banese-sociale\/#webpage\",\"url\":\"https:\/\/sdk.mk\/index.php\/histori-te-parrefyera\/je-familje-e-verber-tete-anetareshe-eshte-refuzuar-tri-per-banese-sociale\/\",\"name\":\"\\u039dJ\\u00cb FAMILJE E VERB\\u00cbR TET\\u00cb AN\\u00cbTAR\\u00cbSHE \\u00cbSHT\\u00cb REFUZUAR TRI HER\\u00cb P\\u00cbR BANES\\u00cb SOCIALE - \\u0421\\u0430\\u043a\\u0430\\u043c \\u0414\\u0430 \\u041a\\u0430\\u0436\\u0430\\u043c\",\"isPartOf\":{\"@id\":\"https:\/\/sdk.mk\/#website\"},\"primaryImageOfPage\":{\"@id\":\"https:\/\/sdk.mk\/index.php\/histori-te-parrefyera\/je-familje-e-verber-tete-anetareshe-eshte-refuzuar-tri-per-banese-sociale\/#primaryimage\"},\"datePublished\":\"2016-12-10T07:55:45+00:00\",\"dateModified\":\"2016-12-10T07:55:45+00:00\",\"author\":{\"@id\":\"https:\/\/sdk.mk\/#\/schema\/person\/be7cfa6655c47f7195bfdd0ba8144aa2\"},\"inLanguage\":\"mk-MK\",\"potentialAction\":[{\"@type\":\"ReadAction\",\"target\":[\"https:\/\/sdk.mk\/index.php\/histori-te-parrefyera\/je-familje-e-verber-tete-anetareshe-eshte-refuzuar-tri-per-banese-sociale\/\"]}]},{\"@type\":\"Person\",\"@id\":\"https:\/\/sdk.mk\/#\/schema\/person\/be7cfa6655c47f7195bfdd0ba8144aa2\",\"name\":\"\\u0413\\u043e\\u0440\\u0430\\u043d \\u041c\\u0438\\u0445\\u0430\\u0458\\u043b\\u043e\\u0432\\u0441\\u043a\\u0438\"}]}<\/script>\n<!-- \/ Yoast SEO Premium plugin. -->","_links":{"self":[{"href":"https:\/\/sdk.mk\/index.php\/wp-json\/wp\/v2\/posts\/17707"}],"collection":[{"href":"https:\/\/sdk.mk\/index.php\/wp-json\/wp\/v2\/posts"}],"about":[{"href":"https:\/\/sdk.mk\/index.php\/wp-json\/wp\/v2\/types\/post"}],"author":[{"embeddable":true,"href":"https:\/\/sdk.mk\/index.php\/wp-json\/wp\/v2\/users\/1"}],"replies":[{"embeddable":true,"href":"https:\/\/sdk.mk\/index.php\/wp-json\/wp\/v2\/comments?post=17707"}],"version-history":[{"count":0,"href":"https:\/\/sdk.mk\/index.php\/wp-json\/wp\/v2\/posts\/17707\/revisions"}],"wp:featuredmedia":[{"embeddable":true,"href":"https:\/\/sdk.mk\/index.php\/wp-json\/wp\/v2\/media\/17384"}],"wp:attachment":[{"href":"https:\/\/sdk.mk\/index.php\/wp-json\/wp\/v2\/media?parent=17707"}],"wp:term":[{"taxonomy":"category","embeddable":true,"href":"https:\/\/sdk.mk\/index.php\/wp-json\/wp\/v2\/categories?post=17707"},{"taxonomy":"post_tag","embeddable":true,"href":"https:\/\/sdk.mk\/index.php\/wp-json\/wp\/v2\/tags?post=17707"}],"curies":[{"name":"wp","href":"https:\/\/api.w.org\/{rel}","templated":true}]}}