{"id":178340,"date":"2022-09-09T23:53:45","date_gmt":"2022-09-09T21:53:45","guid":{"rendered":"https:\/\/sdk.mk\/?p=178340"},"modified":"2022-09-09T23:53:45","modified_gmt":"2022-09-09T21:53:45","slug":"dy-muzika","status":"publish","type":"post","link":"https:\/\/sdk.mk\/index.php\/dua-te-them\/dy-muzika\/","title":{"rendered":"DY MUZIKA"},"content":{"rendered":"<div class=\"f52428582a4b906b2d2e2a7d733c7d27\" data-index=\"7\" style=\"float: none; margin:10px 0 10px 0; text-align:center;\">\n<!-- MSP Ads Asynchronous JS Tag - Generated with Revive Adserver v5.4.1 -->\r\n<ins data-revive-zoneid=\"167\" data-revive-id=\"060fdb01f6430ec164d3519234aa4967\"><\/ins>\r\n<script async src=\"\/\/panel.ads.com.mk\/www\/delivery\/asyncjs.php\"><\/script>\n<\/div>\n<p><span class=\"dropcap color firstcharacter\">1<\/span> Kaloi edhe nj\u00eb fest\u00eb. Maqedonasi e shfryt\u00ebzoi edhe nj\u00eb mund\u00ebsi q\u00eb t\u00eb ankohet p\u00ebr fatin e tij t\u00eb v\u00ebshtir\u00eb. A thua vet\u00eb fakti se kemi nj\u00eb shtet tonin nuk mjafton q\u00eb t\u00eb jet\u00eb arsye k\u00ebnaq\u00ebsie, e k\u00ebshtu mu n\u00eb Dit\u00ebn e pavar\u00ebsis\u00eb duhet t\u00eb qahemi me deklarata patetike si \u201ct\u00eb mir\u00eb e kemi n\u00ebn\u00ebn Maqedoni\u201d, por nuk e kemi merituar.<br \/>\nT\u00eb ankohesh p\u00ebr fatin t\u00ebnd t\u00eb zi n\u00eb dit\u00eb feste, kur mund t\u00eb ishe duke u g\u00ebzuar, \u00ebsht\u00eb nj\u00eb gjendje shpirti e atij q\u00eb refuzon p\u00ebrgjegj\u00ebsin\u00eb e ekzistenc\u00ebs s\u00eb tij, nd\u00ebrkoh\u00eb q\u00eb ka pritshm\u00ebri t\u00eb m\u00ebdha nga t\u00eb gjith\u00eb t\u00eb tjer\u00ebt. Ke nj\u00eb shtet, por nuk e di se \u00e7\u2019t\u00eb b\u00ebsh me t\u00eb. Dhe p\u00ebr \u00e7do gj\u00eb q\u00eb s\u2019b\u00ebn, fajin ta ka dikush tjet\u00ebr.<\/p>\n<p>Si nj\u00eb gazetar profesional, jam d\u00ebshmitar, e ndonj\u00ebher\u00eb kam qen\u00eb edhe pjes\u00ebmarr\u00ebs n\u00eb pothuajse t\u00eb gjitha ngjarjet historike t\u00eb Maqedonis\u00eb nga viti 1991 e deri m\u00eb sot, dhe mbase tingllon jomodeste, por jam shum\u00eb krenar q\u00eb jam pjes\u00eb e gjenerat\u00ebs s\u00eb themelimit t\u00eb shtetit. Andaj, nuk m\u00eb vjen mir\u00eb kur, edhe pas 31 vjet\u00ebve pavar\u00ebsi, t\u00eb ket\u00eb njer\u00ebz q\u00eb mendojn\u00eb se shteti \u00ebsht\u00eb LSDM, VMRO-DPMNE apo BDI, e jo secili prej nesh dhe t\u00eb gjith\u00eb ne, qytetar\u00ebt e k\u00ebtij shteti.<\/p>\n<p><span class=\"dropcap color firstcharacter\">2 <\/span> T\u00eb mos ve\u00e7ohet VMRO-DPMNE-ja nga shteti? Ata b\u00ebn\u00eb festimin e tyre t\u00eb ve\u00e7ant\u00eb p\u00ebr Dit\u00ebn e pavar\u00ebsis\u00eb s\u00eb Maqedonis\u00eb n\u00eb Autokomand\u00ebn e Shkupit. Me njer\u00ebzit, k\u00ebng\u00ebtar\u00ebt dhe grupet e tyre. N\u00eb m\u00ebnyr\u00eb q\u00eb t\u00eb g\u00ebzohen vet\u00eb, sepse nuk duan me t\u00eb tjer\u00eb, q\u00eb nuk jan\u00eb t\u00eb VMRO-s\u00eb, as ajrin e nj\u00ebjt\u00eb ta thithin.<\/p>\n<p>P\u00ebr Ilindenin t\u00eb gjith\u00eb n\u00eb Krushev\u00eb, Hristijan Mickoski n\u00eb Tashmarunisht\u00eb. P\u00ebr 8 shtatorin, t\u00eb gjith\u00eb n\u00eb Shkup, ai ia mbathi p\u00ebr Smilev\u00eb. \u00c7&#8217;do t\u00eb b\u00ebj\u00eb kur t\u00eb b\u00ebhet kryeminist\u00ebr i nj\u00eb shteti ku \u00ebsht\u00eb b\u00ebr\u00eb gj\u00eb normale q\u00eb opozita t\u00eb organizoj\u00eb festime t\u00eb ve\u00e7anta p\u00ebr festat m\u00eb t\u00eb m\u00ebdha shtet\u00ebrore? Secili me band\u00ebn e vet n\u00eb sheshet e komunave t\u00eb fituara. Le t\u00eb k\u00ebndohen dy muzika. Le t\u00eb valohen dy flamuj. Le t\u00eb urrehen njer\u00ebzit mes vete. Insistimi p\u00ebr t\u2019i thelluar ndasit\u00eb nuk ka asnj\u00eb logjik\u00eb p\u00ebr dik\u00eb q\u00eb d\u00ebshiron t\u00eb jet\u00eb kryeminist\u00ebr, vet\u00ebm n\u00ebse Mickovski \u00ebsht\u00eb i bindur q\u00eb, sa m\u00eb shum\u00eb t\u00eb urrehen njer\u00ebzit, aq m\u00eb shum\u00eb do ta duan.<\/p>\n<p><span class=\"dropcap color firstcharacter\">3 <\/span> N\u00eb po k\u00ebt\u00eb linj\u00eb t\u00eb krijimit t\u00eb ndasive t\u00eb reja \u00ebsht\u00eb edhe referendumi q\u00eb kryesohet nga VMRO-DPMNE. \u00c7\u2019pyetje e paqart\u00eb \u00ebsht\u00eb kjo: A jeni p\u00ebr braktisjen e r\u00ebnd\u00ebsis\u00eb s\u00eb Ligjit p\u00ebr ratifikim p\u00ebr Marr\u00ebveshjen p\u00ebr miq\u00ebsi, fqinj\u00ebsi dhe bashk\u00ebpunim mes R. s\u00eb Maqedonis\u00eb dhe R. s\u00eb Bullgaris\u00eb t\u00eb publikuar n\u00eb Gazet\u00ebn zyrtare nr 12\/2018 nga 18.01.2018?<br \/>\nMe k\u00ebt\u00eb pyetje planifikojn\u00eb t\u00eb mobilizojn\u00eb 900.000 votues? Njer\u00ebzit dol\u00ebn n\u00eb rrug\u00eb p\u00ebr protesta kund\u00ebr propozimit francez p\u00ebr heqjen e vetos bullgare, kund\u00ebr mohimit t\u00eb gjuh\u00ebs maqednase, kund\u00ebr p\u00ebrbuzjes q\u00eb na b\u00ebn BE-ja duke i pranuar k\u00ebrkesat nacionaliste t\u00eb Bullgaris\u00eb si vlerat e saj, kund\u00ebr p\u00ebrzierjes s\u00eb Bullgaris\u00eb n\u00eb shkrimin e librave tan\u00eb shkollor\u00eb, kund\u00ebr futjes s\u00eb \u00e7\u00ebshtjeve historike si kush p\u00ebr t\u00eb hyr\u00eb n\u00eb BE\u2026<\/p>\n<p>B\u00ebhuni t\u00eb guximsh\u00ebm t\u00eb pakt\u00ebn nj\u00eb her\u00eb dhe parashtroni pyetjen e v\u00ebrtet\u00eb: A jeni p\u00ebr an\u00ebtar\u00ebsim n\u00eb BE n\u00ebn kushtet q\u00eb i vendos Bullgaria? Mos u fshihni pas fjalimeve t\u00eb paqarta si \u201cbraktisje t\u00eb r\u00ebnd\u00ebsis\u00eb\u201d, \u201cligj p\u00ebr ratifikim\u201d, po madje edhe \u201cgazeta zyrtare num\u00ebr bla,bla,bla\u201d\u2026Sado dram\u00eb t\u00eb ket\u00eb n\u00eb sht\u00ebpi, pse duhet Mickoski kur del para gazetar\u00ebve t\u00eb thot\u00eb se kemi mbledhur kaq e kaq n\u00ebnshkrime, e po na b\u00ebjn\u00eb shtypje p\u00ebr an\u00ebtar\u00ebsim\u2026Por n\u00ebse mundet, t\u00eb mos ket\u00eb sukses referendumi q\u00eb t\u00eb mos i hidh\u00ebrohen t\u00eb huajt. Ashtu si\u00e7 n\u00eb dit\u00ebn e fundit nuk kishte guximin t\u00eb thot\u00eb n\u00ebse do ta bojkotoj\u00eb referendumin p\u00ebr ndryshimin e emrit me an\u00eb t\u00eb Marrevshjes s\u00eb Pres\u00ebs, e m\u00eb pas l\u00ebvdohej se e ka bojkotuar.<\/p>\n<p>Pse Mickovski i lodh njer\u00ebzit, kur nuk ka fare nevoj\u00eb p\u00ebr referendum p\u00ebr shfuqizim t\u00eb Marrveshjes me Bullgarin\u00eb? N\u00eb nenin 13 t\u00eb Marr\u00ebveshjes thuhet: \u201c\u00c7do pal\u00eb e marr\u00ebveshjes mund ta prish\u00eb marr\u00ebveshjen me an\u00eb t\u00eb d\u00ebrgimit t\u00eb nj\u00eb lajm\u00ebrimi t\u00eb shkruar deri te pala tjet\u00ebr. Marr\u00ebveshja do t\u00eb pushoj\u00eb s\u00eb qeni n\u00eb fuqi nj\u00eb vit pas dat\u00ebs s\u00eb pranimit t\u00eb lajm\u00ebrimit n\u00eb fjal\u00eb.\u201d<\/p>\n<p>Prandaj, mos harxhoni kaq shum\u00eb para p\u00ebr referendum, mos vidhni nga populli, mos na e humbisni koh\u00ebn. Mjafton VMRO-DPMNE t\u2019i fitoj\u00eb zgjedhjet e ardhme. Nuk do t\u00eb ken\u00eb nevoj\u00eb as p\u00ebr dy t\u00eb tretat e shumic\u00ebs, as votim sipas Badinterit. Le t\u00eb gjejn\u00eb 61 deputet\u00eb n\u00eb Kuvend, le t\u00eb ngren\u00eb dor\u00ebn p\u00ebr shfuqizimin e Marr\u00ebveshjes, Mickoski le ta shkruaj\u00eb letr\u00ebn dhe t\u2019ia d\u00ebrgoj\u00eb Sofjes \u2013 dhe puna ka mbaruar.<\/p>\n<p>Kjo q\u00eb po b\u00ebn Mickoski me referendumin \u00ebsht\u00eb n\u00eb korniza t\u00eb profesionalizmit t\u00eb tij q\u00eb e tregon vazhdimisht q\u00eb kur u b\u00eb lider i VMRO-DPMNE-s\u00eb \u2013 ta turbulloj\u00eb ujin q\u00eb t\u00eb mos jet\u00eb i qart\u00eb. N\u00eb mes t\u00eb dimrit t\u00eb v\u00ebshtir\u00eb, kriz\u00ebs energjetike dhe luft\u00ebs n\u00eb Evrop\u00eb ne harxhojm\u00eb para p\u00ebr referendum sepse nuk mund t\u00eb pres\u00eb zgjedhje n\u00eb t\u00eb cilat edhe ka mund\u00ebsi t\u00eb fitoj\u00eb.<\/p>\n<p><span class=\"dropcap color firstcharacter\">4<\/span> Nuk mund ta besoj se \u00e7far\u00eb m\u00eb lexojn\u00eb syt\u00eb n\u00eb komentet e rrjeteve sociale pas lajmit mbi vdekjen e Mbret\u00ebresh\u00ebs Elizabeta II. Madje e akuzuan edhe p\u00ebr fajtore p\u00ebr bombardimin e fshatrave maqedonas n\u00eb Maqedonin\u00eb e Egjeut gjat\u00eb koh\u00ebs s\u00eb luft\u00ebs civile n\u00eb Greqi q\u00eb p\u00ebrfundoi n\u00eb 1949, nd\u00ebrkoh\u00eb q\u00eb ajo \u00ebsht\u00eb b\u00ebr\u00eb mbret\u00ebresh\u00eb n\u00eb 1952.<br \/>\nMund t\u00eb jesh majtist, republikan, mund t\u00eb jesh dhe antimonarkist, t\u00eb mos pajtohesh fare ideologjikisht, ndoshta historit\u00eb mbret\u00ebrore dhe thashethemet p\u00ebr oborrin mbret\u00ebror mund t\u00eb t\u00eb mos interesojn\u00eb fare. Por disi nuk m\u00eb duket normale t\u00eb tallesh me vdekjen e nj\u00eb gruaje 96 vje\u00e7are.<\/p>\n<p>Mbret\u00ebresh\u00ebn Elizabet\u00eb e njohim q\u00eb kur njohim dhe veten. Pa t\u00eb kalonin m\u00eb shum\u00eb se 15 kryeministra t\u00eb Mbret\u00ebris\u00eb s\u00eb Bashkuar. T\u00eb pakt\u00ebn le t\u00eb tregohet res\u00e7ekt p\u00ebr k\u00ebto 70 vjet histori. Jo ore. Vet\u00ebm lig\u00ebsi. Lig\u00ebsi t\u00eb legjitimizuar si q\u00ebndrim p\u00ebr gjeopolitik\u00eb.<\/p>\n<p>Njer\u00ebzit q\u00eb nuk din\u00eb t\u00eb g\u00ebzohen p\u00ebr pavar\u00ebsin\u00eb e shtetit t\u00eb tyre, u g\u00ebzuan p\u00ebr vdekjen e gruas 96 vje\u00e7are.<\/p>\n<p><strong><em>P\u00ebrktheu: Fjolla Zllatku <\/em><\/strong><\/p>\n<p>&nbsp;<\/p>\n<p>&nbsp;<\/p>\n\n<div style=\"font-size: 0px; height: 0px; line-height: 0px; margin: 0; padding: 0; clear: both;\"><\/div>","protected":false},"excerpt":{"rendered":"<p>Kaloi edhe nj\u00eb fest\u00eb. Maqedonasi e shfryt\u00ebzoi edhe nj\u00eb mund\u00ebsi q\u00eb t\u00eb ankohet p\u00ebr fatin e tij t\u00eb v\u00ebshtir\u00eb. A [&hellip;]<\/p>\n","protected":false},"author":25,"featured_media":0,"comment_status":"closed","ping_status":"closed","sticky":false,"template":"","format":"standard","meta":{"_mo_disable_npp":"no","inline_featured_image":false},"categories":[1825],"tags":[],"imageURL":false,"thumbURL":false,"categoryNames":["DUA T\u00cb THEM"],"feature_caption":"","subtitle":"N\u00eb qoft\u00eb se alternativa p\u00ebr paaft\u00ebsin\u00eb e LSDM-s\u00eb dhe arbitraritetin e BDI-s\u00eb \u00ebsht\u00eb nj\u00eb VMRO-DPMNE e k\u00ebtill\u00eb e fuqizuar nga ana e Levic\u00ebs, vaj medeti p\u00ebr ne. Do t\u00eb na duhet shp\u00ebtim nga t\u00eb gjith\u00eb ata. ","views":"51","source":"Shkup, (SAKAMDAKAZAM.MK)","yoast_head":"<!-- This site is optimized with the Yoast SEO Premium plugin v15.0 - https:\/\/yoast.com\/wordpress\/plugins\/seo\/ -->\n<title>DY MUZIKA - \u0421\u0430\u043a\u0430\u043c \u0414\u0430 \u041a\u0430\u0436\u0430\u043c<\/title>\n<meta name=\"robots\" content=\"index, follow, max-snippet:-1, max-image-preview:large, max-video-preview:-1\" \/>\n<link rel=\"canonical\" href=\"https:\/\/sdk.mk\/index.php\/dua-te-them\/dy-muzika\/\" \/>\n<meta property=\"og:locale\" content=\"mk_MK\" \/>\n<meta property=\"og:type\" content=\"article\" \/>\n<meta property=\"og:title\" content=\"DY MUZIKA - \u0421\u0430\u043a\u0430\u043c \u0414\u0430 \u041a\u0430\u0436\u0430\u043c\" \/>\n<meta property=\"og:description\" content=\"Kaloi edhe nj\u00eb fest\u00eb. Maqedonasi e shfryt\u00ebzoi edhe nj\u00eb mund\u00ebsi q\u00eb t\u00eb ankohet p\u00ebr fatin e tij t\u00eb v\u00ebshtir\u00eb. A [&hellip;]\" \/>\n<meta property=\"og:url\" content=\"https:\/\/sdk.mk\/index.php\/dua-te-them\/dy-muzika\/\" \/>\n<meta property=\"og:site_name\" content=\"\u0421\u0430\u043a\u0430\u043c \u0414\u0430 \u041a\u0430\u0436\u0430\u043c\" \/>\n<meta property=\"article:published_time\" content=\"2022-09-09T21:53:45+00:00\" \/>\n<meta property=\"og:image\" content=\"https:\/\/sdk.mk\/wp-content\/uploads\/2015\/12\/goran-mihailovski2.jpg\" \/>\n\t<meta property=\"og:image:width\" content=\"400\" \/>\n\t<meta property=\"og:image:height\" content=\"313\" \/>\n<meta property=\"fb:app_id\" content=\"2407985809428537\" \/>\n<meta name=\"twitter:card\" content=\"summary\" \/>\n<script type=\"application\/ld+json\" class=\"yoast-schema-graph\">{\"@context\":\"https:\/\/schema.org\",\"@graph\":[{\"@type\":\"WebSite\",\"@id\":\"https:\/\/sdk.mk\/#website\",\"url\":\"https:\/\/sdk.mk\/\",\"name\":\"\\u0421\\u0430\\u043a\\u0430\\u043c \\u0414\\u0430 \\u041a\\u0430\\u0436\\u0430\\u043c\",\"description\":\"\\u0417\\u0430 \\u0441\\u043b\\u043e\\u0431\\u043e\\u0434\\u043e\\u0443\\u043c\\u043d\\u0438\",\"potentialAction\":[{\"@type\":\"SearchAction\",\"target\":\"https:\/\/sdk.mk\/?s={search_term_string}\",\"query-input\":\"required name=search_term_string\"}],\"inLanguage\":\"mk-MK\"},{\"@type\":\"WebPage\",\"@id\":\"https:\/\/sdk.mk\/index.php\/dua-te-them\/dy-muzika\/#webpage\",\"url\":\"https:\/\/sdk.mk\/index.php\/dua-te-them\/dy-muzika\/\",\"name\":\"DY MUZIKA - \\u0421\\u0430\\u043a\\u0430\\u043c \\u0414\\u0430 \\u041a\\u0430\\u0436\\u0430\\u043c\",\"isPartOf\":{\"@id\":\"https:\/\/sdk.mk\/#website\"},\"datePublished\":\"2022-09-09T21:53:45+00:00\",\"dateModified\":\"2022-09-09T21:53:45+00:00\",\"author\":{\"@id\":\"https:\/\/sdk.mk\/#\/schema\/person\/737021aeacbe893f7e2c347186c5c7a1\"},\"inLanguage\":\"mk-MK\",\"potentialAction\":[{\"@type\":\"ReadAction\",\"target\":[\"https:\/\/sdk.mk\/index.php\/dua-te-them\/dy-muzika\/\"]}]},{\"@type\":\"Person\",\"@id\":\"https:\/\/sdk.mk\/#\/schema\/person\/737021aeacbe893f7e2c347186c5c7a1\",\"name\":\"\\u0424\\u0458\\u043e\\u043b\\u0430 \\u0417\\u043b\\u0430\\u0442\\u043a\\u0443\"}]}<\/script>\n<!-- \/ Yoast SEO Premium plugin. -->","_links":{"self":[{"href":"https:\/\/sdk.mk\/index.php\/wp-json\/wp\/v2\/posts\/178340"}],"collection":[{"href":"https:\/\/sdk.mk\/index.php\/wp-json\/wp\/v2\/posts"}],"about":[{"href":"https:\/\/sdk.mk\/index.php\/wp-json\/wp\/v2\/types\/post"}],"author":[{"embeddable":true,"href":"https:\/\/sdk.mk\/index.php\/wp-json\/wp\/v2\/users\/25"}],"replies":[{"embeddable":true,"href":"https:\/\/sdk.mk\/index.php\/wp-json\/wp\/v2\/comments?post=178340"}],"version-history":[{"count":0,"href":"https:\/\/sdk.mk\/index.php\/wp-json\/wp\/v2\/posts\/178340\/revisions"}],"wp:attachment":[{"href":"https:\/\/sdk.mk\/index.php\/wp-json\/wp\/v2\/media?parent=178340"}],"wp:term":[{"taxonomy":"category","embeddable":true,"href":"https:\/\/sdk.mk\/index.php\/wp-json\/wp\/v2\/categories?post=178340"},{"taxonomy":"post_tag","embeddable":true,"href":"https:\/\/sdk.mk\/index.php\/wp-json\/wp\/v2\/tags?post=178340"}],"curies":[{"name":"wp","href":"https:\/\/api.w.org\/{rel}","templated":true}]}}