{"id":178824,"date":"2022-09-19T20:38:30","date_gmt":"2022-09-19T18:38:30","guid":{"rendered":"https:\/\/sdk.mk\/?p=178824"},"modified":"2022-09-19T20:38:30","modified_gmt":"2022-09-19T18:38:30","slug":"dy-kilometra","status":"publish","type":"post","link":"https:\/\/sdk.mk\/index.php\/dua-te-them\/dy-kilometra\/","title":{"rendered":"DY KILOMETRA"},"content":{"rendered":"<div class=\"f52428582a4b906b2d2e2a7d733c7d27\" data-index=\"7\" style=\"float: none; margin:10px 0 10px 0; text-align:center;\">\n<!-- MSP Ads Asynchronous JS Tag - Generated with Revive Adserver v5.4.1 -->\r\n<ins data-revive-zoneid=\"167\" data-revive-id=\"060fdb01f6430ec164d3519234aa4967\"><\/ins>\r\n<script async src=\"\/\/panel.ads.com.mk\/www\/delivery\/asyncjs.php\"><\/script>\n<\/div>\n<p><span class=\"dropcap color firstcharacter\">1<\/span> Ah moj dashuri e pabes\u00eb. \u00c7\u2019pasion ishte kur VMRO-DPMNE-ja para nj\u00eb viti e mb\u00ebshteti \u201cmenaxheren m\u00eb t\u00eb mir\u00eb\u201d q\u00eb t\u00eb b\u00ebhet \u201cn\u00ebn\u00eb e kryeqytetit\u201d n\u00eb zgjedhjet lokale. \u00c7\u2019sehir t\u00eb mir\u00eb mund t\u00eb b\u00ebsh kur kryetarja e Shkupit Danella Arsovska e akuzon liderin e VMRO-DPMNE-s\u00eb Hristijan Mickoski se \u201cnuk mund t\u00eb dal\u00eb nga matrica e tenderit\u201d. Madje se nuk ka mundur t\u2019i ndryshoj\u00eb marr\u00ebveshjet me Greqin\u00eb dhe Bullgarin\u00eb. E ai i shkreti na tregonte p\u00ebrralla se si ajo \u00ebsht\u00eb kandiduar vet\u00eb, por ai e ka dalluar \u201caur\u00ebn e saj t\u00eb suksesshme n\u00eb publik\u201d, dhe prandaj ka vendosur ta mb\u00ebshtes\u00eb. Dmth nuk mund t\u00eb b\u00ebj\u00eb nj\u00eb vler\u00ebsim, andaj nuk duhet besuar as n\u00eb t\u00eb ardhmen. Ama puna nuk \u00ebsht\u00eb p\u00ebr t\u00eb b\u00ebr\u00eb sehir, por p\u00ebr t\u2019u shqet\u00ebsuar.<\/p>\n<p>S\u00eb pari p\u00ebr faktin se Hristijan Mickoski dhe mbrojt\u00ebsja e tij Danella Arskovska nuk u zun\u00eb n\u00eb baza ideologjike. U zun\u00eb p\u00ebr 136 milion\u00eb euro p\u00ebr nd\u00ebrtim t\u00eb stacionit t\u00eb pastrimit n\u00eb Shkup. Kjo nuk \u00ebsht\u00eb ndeshje e s\u00eb djatht\u00ebs. \u00cbsht\u00eb ndeshje e provizioneve. Kush e di se \u00e7far\u00eb b\u00ebjn\u00eb t\u00eb VMRO-s\u00eb dhe Mickoski n\u00eb ato komuna ku kryetar\u00ebt jan\u00eb origjinale\u00eb, e jo kandidat\u00eb t\u00eb pavarur t\u00eb falsifikuar me \u201caura t\u00eb sukssesshme\u201d.<\/p>\n<p>S\u00eb dyti, sepse Shkupi edhe m\u00eb tej do t\u00eb shkat\u00ebrrohet. \u00c7far\u00eb b\u00ebri Danella Arsovska p\u00ebr nj\u00eb vit p\u00ebrve\u00e7se q\u00eb pengonte projekte, ndryshonte drejtor\u00eb, ata q\u00eb nuk i em\u00ebronte, jepnin dor\u00ebheqje, ankohej se i jan\u00eb trash\u00ebguar borxhe, dhe e akuzonte Qeverin\u00eb se nuk i jep para. P\u00ebr nj\u00eb vit duhej t\u00eb shihnim se b\u00ebn di\u00e7ka e jo se vet\u00ebm se ankohet. E zaptoi qytetin dhe e nd\u00ebrpreu. \u00c7far\u00eb do t\u00eb b\u00ebnte nj\u00eb &#8220;menaxhere e mir\u00eb\u201d n\u00ebse do t\u2019i kishin trash\u00ebguar nj\u00eb firm\u00eb me borxhe? Do t\u00eb ankohej, do t\u00eb qahej, do t\u00eb akuzonte, apo do t\u00eb punonte q\u00eb ta rreglloj\u00eb firm\u00ebn? T\u00eb ishte Shkupi nj \u00ebfirm\u00eb private, e Arsokvska menaxhere, deri m\u00eb tani ose do t\u00eb fillonte ta rregulloj\u00eb, ose n\u00ebse aq nuk i ec\u00ebn fima, e as t\u00eb pun\u00ebsuarit, do ta likuidonte.<\/p>\n<p>S\u00eb treti, ngaq\u00eb LSDM-s\u00eb akoma nuk i kujtohet se pse i humbi zgjedhjet lokale. Kjo dram\u00eb me t\u00eb v\u00ebrtet\u00eb po k\u00ebrkon spektator\u00eb, por akoma nuk jan\u00eb t\u00eb vet\u00ebdijsh\u00ebm se pse k\u00ebrkesa ishte me num\u00ebr bind\u00ebs t\u00eb votuesve. E me at\u00eb ngaz\u00ebllimin e tyre: \u201cE k\u00ebrkuat, epo shihni!&#8221; nuk tregojn\u00eb as edhe se kan\u00eb nd\u00ebrmend t\u00eb kthejllohen.<\/p>\n<p>Andaj, \u00ebsht\u00eb me t\u00eb v\u00ebrtet\u00eb shum\u00eb arg\u00ebtuese q\u00eb t\u00eb ndiqet ky eksod i drejtor\u00ebve t\u00eb VMRO-s\u00eb nga nd\u00ebrmarrja e Qytetit t\u00eb Shkupit dhe se si mes vete akuzohen p\u00ebr vjedhje dhe paaft\u00ebsi. Por, nuk \u00ebsht\u00eb p\u00ebr t\u00eb qeshur. \u00cbsht\u00eb p\u00ebr t\u2019u frik\u00ebsuar. Shum\u00eb keq p\u00ebr qytetin. Ky \u00ebsht\u00eb mashtrim i votuesve q\u00eb u kan\u00eb besuar dhe hakmarrje ndaj atyre q\u00eb nuk u besuan. N\u00ebse nuk mund t\u00eb vjedhim, le t\u00eb ikim.<\/p>\n<p><span class=\"dropcap color firstcharacter\">2 <\/span> Afati p\u00ebr nd\u00ebrtimin e 2 kilometrave nga gjithsej 13 kilometra autostrad\u00eb Shkup-Bllac\u00eb \u00ebsht\u00eb shtyr\u00eb sepse shpron\u00ebsimi shkon r\u00ebnd\u00eb dhe n\u00eb terren kan\u00eb dal\u00eb dhe disa situata t\u00eb tjera t\u00eb paparashikuara, u shpreh drejtori i \u201cRrug\u00ebve shtet\u00ebrore\u201d Ejup Rustemi. Cilat jan\u00eb ato situata t\u00eb paparashikuara? Doli ndonj\u00eb mal 2 kilometra i gjat\u00eb? U shfaq ndonj\u00eb lum? Apo dol\u00ebn nd\u00ebrtime t\u00eb reja t\u00eb paligjshme t\u00eb pasanksionuara q\u00eb t\u00eb k\u00ebrkojn\u00eb d\u00ebmshp\u00ebrblim? Ashtu sikurse p\u00ebr stacionin e pastrimit n\u00eb Shkup edhe p\u00ebr k\u00ebto 2 kilometra nuk mund t\u00eb biem dakord p\u00ebr p\u00ebrqindjet. Mos \u00ebsht\u00eb shum\u00eb?<\/p>\n<p>Bujar Osmani q\u00eb n\u00eb korrik 2019 kur ishte zv. kryeministr\u00ebr p\u00ebr eurointegrime, lajm\u00ebroi se \u201cnuk duhet humbur asnj\u00eb dit\u00eb\u201d duke promovuar n\u00eb m\u00ebnyr\u00eb solemne autostrad\u00ebn drejt Kosov\u00ebs si koordinator i projektit. N\u00eb janar 2020 drejtori i at\u00ebhersh\u00ebm i &#8220;Rrug\u00ebve shtet\u00ebrore&#8221; Zoran Kitanov deklaroi: Kilometrat e par\u00eb t\u00eb autostrad\u00ebs do t\u00eb mund t\u2019i shfryt\u00ebzojm\u00eb ver\u00ebn e ardhme 2021.&#8221;<\/p>\n<p>Bujari u b\u00eb minist\u00ebr i pun\u00ebve t\u00eb jashtme dhe nuk \u00ebsht\u00eb m\u00eb koordinator. Kitanovi duhej nd\u00ebrruar se \u201cRrug\u00ebt shtet\u00ebrore\u201d ran\u00eb n\u00ebn BDI-in. Ministri i at\u00ebhersh\u00ebm i transportit Goran Sugarevski u kthye n\u00eb Prilep.<\/p>\n<p>Nd\u00ebrsa ne ankohemi p\u00ebr autostrad\u00ebn nga K\u00ebr\u00e7ova n\u00eb Oh\u00ebr, e cila filloi t\u00eb nd\u00ebrtohet n\u00eb shkurt 2014. Shum\u00eb kilometra jan\u00eb ato. 57. Jan\u00eb t\u00eb gjat\u00eb kilometrat n\u00eb Maqedoni.<\/p>\n<p>Kush e di se ku jan\u00eb lopatat q\u00eb i ruante p\u00ebr kujtim Mile Janakieski n\u00eb kabinetin e tij nd\u00ebrkoh\u00eb q\u00eb ishte minist\u00ebr i transportit n\u00eb Qeverin\u00eb e Nikolla Gruevskit. Me siguri tashm\u00eb dorezat u jan\u00eb ndryshkur. N\u00eb vend q\u00eb ta mbajn\u00eb n\u00eb paraburgim sht\u00ebpiak, duhej q\u00eb Miles t\u2019i jepnin nj\u00eb pun\u00eb t\u00eb dobishme q\u00eb t\u00eb punoj\u00eb me lopat\u00eb. Deri m\u00eb tani vet\u00eb do t&#8217;i kishte g\u00ebrryer 2 kilometra. As Bujari si koordinator nuk do t\u2019i duhej p\u00ebr ta brohoritur.<\/p>\n<p>Pa na d\u00ebgjoni. Po flasim p\u00ebr 2 kilometra autostrad\u00eb n\u00eb nj\u00eb shtet n\u00eb t\u00eb cilin firmat nd\u00ebrtimore b\u00ebnin mij\u00ebra kilometra rrug\u00eb dhe autostrada n\u00eb Afrik\u00eb dhe n\u00eb Lindjen e af\u00ebrt. Ato firma i nd\u00ebrtuan vendet e fshehjes p\u00ebr Sadam Huseinin n\u00eb Irak, t\u00eb cilat nuk i shkat\u00ebrruan dot bombat e NATO-s. Por n\u00eb rrug\u00ebn p\u00ebr Bllac\u00eb i penguan \u201csituatat e paparashikuara\u201d.<\/p>\n<p>N\u00eb fund t\u00eb fundit, n\u00ebse drejtori i \u201cRrug\u00ebve shtet\u00ebrore\u201d nuk \u00ebsht\u00eb i aft\u00eb p\u00ebr tre vjet t\u00eb hap\u00eb 2 kilometra p\u00ebr autostrad\u00eb, at\u00ebher\u00eb le t\u00eb ik\u00eb. Pa \u00e7ka n\u00ebse \u00ebsht\u00eb i BDI-s\u00eb? Pse merr rrog\u00eb?<\/p>\n<p><span class=\"dropcap color firstcharacter\">3<\/span> Talat Xhaferit nuk i p\u00eblqeu pyetja p\u00ebr referendumin q\u00eb e inicoi BMRO-DPMNE-ja p\u00ebr shfuqizim t\u00eb Marr\u00ebveshjes me Bullgarin\u00eb. Edhe pse, ai nuk \u00ebsht\u00eb i vendosur aty p\u00ebr ta interpretuar Kushtetut\u00ebn, por p\u00ebr ta menaxhuar Kuvendin.<\/p>\n<p>Nga VMRO-ja aktrojn\u00eb se jan\u00eb ofenduar dhe befasuar. N\u00eb vend q\u00eb ta falenderojn\u00eb Talatin q\u00eb ua leht\u00ebsoi jet\u00ebn. Edhe ashtu ata vet\u00eb e dinin se ai referendum me at\u00eb pyetje t\u00eb formuluar n\u00eb m\u00ebnyr\u00eb aq t\u00eb paqart\u00eb dhe me detyrimin t\u00eb dalin 900.000 votues, q\u00eb n\u00eb fillim ishte i destinuar p\u00ebr d\u00ebshtim.<\/p>\n<p>Kur Levica t\u00eb shpik\u00eb nj\u00eb pyetje t\u00eb re, VMRO-DPMNE-ja do ta mb\u00ebshtes\u00eb. Por as at\u00eb pyetje nuk do ta p\u00eblqej\u00eb Talati.<\/p>\n<p>M\u00eb vjen keq vet\u00ebm se Talat Xhaferi ua mund\u00ebsoi q\u00eb t\u00eb organizojn\u00eb nj\u00eb fest\u00eb t\u00eb vazhduar p\u00ebr trupin votues. A thua se vet\u00ebm ne n\u00eb gjith\u00eb bot\u00ebn kemi probleme me rrym\u00ebn e shtrenjtuar, restriksionet e mundshme, kriz\u00ebn e ngrohjes dhe k\u00ebrc\u00ebnimin nga nj\u00eb kolaps ekonomik, e Kuvendi nuk ka pun\u00eb m\u00eb t\u00eb men\u00e7ur p\u00ebr debatim se sa t\u2019i d\u00ebgjoj\u00eb deputet\u00ebt e VMRO-s\u00eb teksa ankohen.<\/p>\n<p>Opozita u k\u00ebrc\u00ebnua se tani do t\u2019i ftoh\u00eb marr\u00ebdh\u00ebniet me qeverin\u00eb. Se deri m\u00eb tani ishin nxehur shum\u00eb. VMRO-DPMNE-ja tha se do t\u00eb b\u00ebj\u00eb bllokad\u00eb aktive t\u00eb Kuvendit. Se deri m\u00eb tani bllokada e tyre ishte pasive. E Levica u k\u00ebrc\u00ebnua se do t\u00eb thyej\u00eb mikrofona. Sikur d\u00ebmi q\u00eb i ka b\u00ebr\u00eb Levica shtetit t\u00eb ishte vet\u00ebm te mikrofonat e thyer.<\/p>\n<p><span class=\"dropcap color firstcharacter\">4 <\/span> N\u00eb vend 24,3 p\u00ebrqind aq sa n\u00eb regjistrimin e fundit t\u00eb popoullsis\u00eb ishin regjistruar se jetojn\u00eb n\u00eb Maqedoni, sipas balancuesit q\u00eb ka pranuar Qeveria do t\u00eb pun\u00ebsohen 29,5 p\u00ebrqind shqiptar\u00eb, aq sa jan\u00eb paraqitur se jetojn\u00eb dhe jasht\u00eb Maqedonis\u00eb. Qeveria e ka llogaritur pak keq. Edhe deri m\u00eb tani sipas Marr\u00ebveshjes korniz\u00eb n\u00eb institucionet e shtetit pun\u00ebsoheshin njer\u00ebz q\u00eb jetojnin jasht\u00eb shtetit, e k\u00ebtu merrnin rrog\u00eb edhe pse nuk shkonin n\u00eb pun\u00eb. Q\u00eb ta arrihet kuota n\u00eb administrat\u00ebn e shtetit do t\u00eb duhet t\u00eb importojm\u00eb shqiptar\u00eb nga Kosova dhe Shqip\u00ebria, n\u00ebse nuk do t\u00eb mund t&#8217;i kthejm\u00eb tan\u00ebt nga Zvicra.<\/p>\n<p>T\u00eb gjith\u00eb do t\u00eb ngrijm\u00eb k\u00ebt\u00eb dim\u00ebr, por e r\u00ebnd\u00ebsishmja \u00ebsht\u00eb q\u00eb balancuesi i ministrit Admirim Aliti \u00ebsht\u00eb p\u00ebrgatitur, edhe pse matematika e tij nuk \u00ebsht\u00eb ligjore. Nga Enti shtet\u00ebror i statistik\u00ebs paralajm\u00ebruan se gjat\u00eb formmit t\u00eb balancuesit p\u00ebr pun\u00ebsime, kategoria e vetme valide duhet t\u00eb jet\u00eb numri i popullsis\u00eb rezidente.<\/p>\n<p>Por p\u00ebr qeverin\u00eb \u00ebsht\u00eb m\u00eb e r\u00ebnd\u00ebsishme sa shqiptar\u00eb do t\u00eb pun\u00ebsohen n\u00eb administrat\u00ebn shtetit, sesa n\u00ebse do t\u00eb kemi rrym\u00eb apo jo.<\/p>\n<p><em><strong>P\u00ebrktheu: Fjolla Zllatku<\/strong><\/em><\/p>\n<p>&nbsp;<\/p>\n\n<div style=\"font-size: 0px; height: 0px; line-height: 0px; margin: 0; padding: 0; clear: both;\"><\/div>","protected":false},"excerpt":{"rendered":"<p>Ah moj dashuri e pabes\u00eb. \u00c7\u2019pasion ishte kur VMRO-DPMNE-ja para nj\u00eb viti e mb\u00ebshteti \u201cmenaxheren m\u00eb t\u00eb mir\u00eb\u201d q\u00eb t\u00eb [&hellip;]<\/p>\n","protected":false},"author":25,"featured_media":0,"comment_status":"closed","ping_status":"closed","sticky":false,"template":"","format":"standard","meta":{"_mo_disable_npp":"no","inline_featured_image":false},"categories":[1825],"tags":[],"imageURL":false,"thumbURL":false,"categoryNames":["DUA T\u00cb THEM"],"feature_caption":"","subtitle":"N\u00ebse nuk mund t\u00eb vjedhim, le t\u00eb ikim. ","views":"34","source":"Shkup, (SAKAMDAKAZAM.MK)","yoast_head":"<!-- This site is optimized with the Yoast SEO Premium plugin v15.0 - https:\/\/yoast.com\/wordpress\/plugins\/seo\/ -->\n<title>DY KILOMETRA - \u0421\u0430\u043a\u0430\u043c \u0414\u0430 \u041a\u0430\u0436\u0430\u043c<\/title>\n<meta name=\"robots\" content=\"index, follow, max-snippet:-1, max-image-preview:large, max-video-preview:-1\" \/>\n<link rel=\"canonical\" href=\"https:\/\/sdk.mk\/index.php\/dua-te-them\/dy-kilometra\/\" \/>\n<meta property=\"og:locale\" content=\"mk_MK\" \/>\n<meta property=\"og:type\" content=\"article\" \/>\n<meta property=\"og:title\" content=\"DY KILOMETRA - \u0421\u0430\u043a\u0430\u043c \u0414\u0430 \u041a\u0430\u0436\u0430\u043c\" \/>\n<meta property=\"og:description\" content=\"Ah moj dashuri e pabes\u00eb. \u00c7\u2019pasion ishte kur VMRO-DPMNE-ja para nj\u00eb viti e mb\u00ebshteti \u201cmenaxheren m\u00eb t\u00eb mir\u00eb\u201d q\u00eb t\u00eb [&hellip;]\" \/>\n<meta property=\"og:url\" content=\"https:\/\/sdk.mk\/index.php\/dua-te-them\/dy-kilometra\/\" \/>\n<meta property=\"og:site_name\" content=\"\u0421\u0430\u043a\u0430\u043c \u0414\u0430 \u041a\u0430\u0436\u0430\u043c\" \/>\n<meta property=\"article:published_time\" content=\"2022-09-19T18:38:30+00:00\" \/>\n<meta property=\"og:image\" content=\"https:\/\/sdk.mk\/wp-content\/uploads\/2015\/12\/goran-mihailovski2.jpg\" \/>\n\t<meta property=\"og:image:width\" content=\"400\" \/>\n\t<meta property=\"og:image:height\" content=\"313\" \/>\n<meta property=\"fb:app_id\" content=\"2407985809428537\" \/>\n<meta name=\"twitter:card\" content=\"summary\" \/>\n<script type=\"application\/ld+json\" class=\"yoast-schema-graph\">{\"@context\":\"https:\/\/schema.org\",\"@graph\":[{\"@type\":\"WebSite\",\"@id\":\"https:\/\/sdk.mk\/#website\",\"url\":\"https:\/\/sdk.mk\/\",\"name\":\"\\u0421\\u0430\\u043a\\u0430\\u043c \\u0414\\u0430 \\u041a\\u0430\\u0436\\u0430\\u043c\",\"description\":\"\\u0417\\u0430 \\u0441\\u043b\\u043e\\u0431\\u043e\\u0434\\u043e\\u0443\\u043c\\u043d\\u0438\",\"potentialAction\":[{\"@type\":\"SearchAction\",\"target\":\"https:\/\/sdk.mk\/?s={search_term_string}\",\"query-input\":\"required name=search_term_string\"}],\"inLanguage\":\"mk-MK\"},{\"@type\":\"WebPage\",\"@id\":\"https:\/\/sdk.mk\/index.php\/dua-te-them\/dy-kilometra\/#webpage\",\"url\":\"https:\/\/sdk.mk\/index.php\/dua-te-them\/dy-kilometra\/\",\"name\":\"DY KILOMETRA - \\u0421\\u0430\\u043a\\u0430\\u043c \\u0414\\u0430 \\u041a\\u0430\\u0436\\u0430\\u043c\",\"isPartOf\":{\"@id\":\"https:\/\/sdk.mk\/#website\"},\"datePublished\":\"2022-09-19T18:38:30+00:00\",\"dateModified\":\"2022-09-19T18:38:30+00:00\",\"author\":{\"@id\":\"https:\/\/sdk.mk\/#\/schema\/person\/737021aeacbe893f7e2c347186c5c7a1\"},\"inLanguage\":\"mk-MK\",\"potentialAction\":[{\"@type\":\"ReadAction\",\"target\":[\"https:\/\/sdk.mk\/index.php\/dua-te-them\/dy-kilometra\/\"]}]},{\"@type\":\"Person\",\"@id\":\"https:\/\/sdk.mk\/#\/schema\/person\/737021aeacbe893f7e2c347186c5c7a1\",\"name\":\"\\u0424\\u0458\\u043e\\u043b\\u0430 \\u0417\\u043b\\u0430\\u0442\\u043a\\u0443\"}]}<\/script>\n<!-- \/ Yoast SEO Premium plugin. -->","_links":{"self":[{"href":"https:\/\/sdk.mk\/index.php\/wp-json\/wp\/v2\/posts\/178824"}],"collection":[{"href":"https:\/\/sdk.mk\/index.php\/wp-json\/wp\/v2\/posts"}],"about":[{"href":"https:\/\/sdk.mk\/index.php\/wp-json\/wp\/v2\/types\/post"}],"author":[{"embeddable":true,"href":"https:\/\/sdk.mk\/index.php\/wp-json\/wp\/v2\/users\/25"}],"replies":[{"embeddable":true,"href":"https:\/\/sdk.mk\/index.php\/wp-json\/wp\/v2\/comments?post=178824"}],"version-history":[{"count":0,"href":"https:\/\/sdk.mk\/index.php\/wp-json\/wp\/v2\/posts\/178824\/revisions"}],"wp:attachment":[{"href":"https:\/\/sdk.mk\/index.php\/wp-json\/wp\/v2\/media?parent=178824"}],"wp:term":[{"taxonomy":"category","embeddable":true,"href":"https:\/\/sdk.mk\/index.php\/wp-json\/wp\/v2\/categories?post=178824"},{"taxonomy":"post_tag","embeddable":true,"href":"https:\/\/sdk.mk\/index.php\/wp-json\/wp\/v2\/tags?post=178824"}],"curies":[{"name":"wp","href":"https:\/\/api.w.org\/{rel}","templated":true}]}}