{"id":179106,"date":"2022-09-25T11:54:19","date_gmt":"2022-09-25T09:54:19","guid":{"rendered":"https:\/\/sdk.mk\/?p=179106"},"modified":"2022-09-25T11:54:19","modified_gmt":"2022-09-25T09:54:19","slug":"26-deklarata","status":"publish","type":"post","link":"https:\/\/sdk.mk\/index.php\/dua-te-them\/26-deklarata\/","title":{"rendered":"26 DEKLARATA"},"content":{"rendered":"<div class=\"f52428582a4b906b2d2e2a7d733c7d27\" data-index=\"7\" style=\"float: none; margin:10px 0 10px 0; text-align:center;\">\n<!-- MSP Ads Asynchronous JS Tag - Generated with Revive Adserver v5.4.1 -->\r\n<ins data-revive-zoneid=\"167\" data-revive-id=\"060fdb01f6430ec164d3519234aa4967\"><\/ins>\r\n<script async src=\"\/\/panel.ads.com.mk\/www\/delivery\/asyncjs.php\"><\/script>\n<\/div>\n<p><span class=\"dropcap color firstcharacter\">1 <\/span> T\u00eb vazhdohet pushimi dim\u00ebror. F\u00ebmij\u00ebt t\u00eb punojn\u00eb online nga sht\u00ebpia. Po at\u00eb dit\u00eb, kur kryeministri Dimitar Kova\u00e7evski n\u00eb Nju Jork ka p\u00ebrfaq\u00ebsuar \u201cq\u00ebllimet dhe strategjit\u00eb nacionale p\u00ebr transformim t\u00eb procesit arsimor n\u00eb Maqedonin\u00eb e Veriut\u201d n\u00eb nj\u00eb sesion p\u00ebr transformim, kryetar\u00ebt e Rajonit t\u00eb Pollogut dol\u00ebn me iden\u00eb q\u00eb pushimi dim\u00ebror t\u00eb zgjat\u00eb dy muaj sepse komunat nuk kan\u00eb para p\u00ebr rrym\u00eb dhe ngrohje, e n\u00eb rast se mbeten me t\u00eb v\u00ebrtet\u00eb pa para, f\u00ebmij\u00ebt t\u00eb mos shkojn\u00eb fare n\u00eb shkoll\u00eb. Le t\u00eb ngrohen n\u00eb sht\u00ebpi.<\/p>\n<p>Me siguri q\u00eb i kan\u00eb p\u00ebrpunuar mir\u00eb k\u00ebto ide p\u00ebrpara se kryetari i Gostivarit Arben Taravari t\u2019i deklaroj\u00eb publikisht. Viti shkollor do t\u00eb filloj\u00eb n\u00eb 15 gusht dhe do t\u00eb p\u00ebrfundoj\u00eb n\u00eb korrik. Po provimet e matur\u00ebs? Po regjistrimet n\u00eb fakultet? Kush do t\u2019i p\u00ebrshtas\u00eb t\u00eb gjitha k\u00ebto? Cili Kuvend, vall\u00eb, do t\u00eb ndryshoj\u00eb ligje tani? Ky Kuvend i bllokuar, q\u00eb nuk mund t\u00eb shpall\u00eb as gjendje krize n\u00eb mes t\u00eb kriz\u00ebs? Cila ministri do ta koordinoj\u00eb gjith\u00eb k\u00ebt\u00eb pun\u00eb? Kjo ministri, vall\u00eb, q\u00eb nuk mund t\u00eb siguroj\u00eb as libra n\u00eb fillim t\u00eb vitit, as d\u00ebftesa p\u00ebr n\u00eb fund? E t\u00eb mos flasim p\u00ebr f\u00ebmij\u00ebt p\u00ebr t\u00eb cil\u00ebt shkolla \u00ebsht\u00eb i vetmi vend ku e kan\u00eb ngroht\u00eb.<\/p>\n<p>Sa bukur q\u00eb e kan\u00eb menduar kryetar\u00ebt. Fillimisht, n\u00eb kriz\u00eb, t\u2019i sakrifikojm\u00eb. As se si nuk duhet sakrifikuar administrata publike, t\u00eb cil\u00ebn e pam\u00eb gjat\u00eb kriz\u00ebs s\u00eb kovidit se n\u00ebse nuk shkojn\u00eb n\u00eb pun\u00eb, gj\u00ebrat mund t\u00eb kryhen edhe pa gjysm\u00ebn e tyre. \u00c7\u2019kan\u00eb menduar at\u00ebher\u00eb kur ziheshin se kush do t\u00eb jet\u00eb kryetar? Se vet\u00ebm do t\u00eb pun\u00ebsojn\u00eb kuadro partiake? Ata nga menaxhimi i buxhetit din\u00eb vet\u00ebm t\u00eb b\u00ebjn\u00eb nj\u00eb tabel\u00eb me kujt dhe sa i kan\u00eb borxh.<\/p>\n<p>Strategjia p\u00ebr p\u00ebrparim t\u00eb arsimit p\u00ebr t\u00eb cil\u00ebn ka folur kryeministri n\u00eb Nju Jork nuk \u00ebsht\u00eb n\u00eb p\u00ebputhje me strategjin\u00eb e partive q\u00eb t\u00eb marrin m\u00eb shum\u00eb kuadro partiake n\u00eb pun\u00eb shteti. Mir\u00eb q\u00eb u japin rrog\u00ebn, po tani edhe t\u2019i ngrohim.<\/p>\n<p><span class=\"dropcap color firstcharacter\">2<\/span> Zgjidhja e vetme \u00ebsht\u00eb q\u00eb t\u00eb gjith\u00eb nga administrat publike, nga komunat, ministrit\u00eb, t\u00eb p\u00ebrjashtohen dhe nga e para t\u00eb pranohen vet\u00ebm n\u00eb ato vende pune q\u00eb jan\u00eb me t\u00eb v\u00ebrtet\u00eb t\u00eb domosdoshme. N\u00eb t\u00eb nj\u00ebjt\u00ebn dit\u00eb edhe pushim edhe konkurs pune. Si nj\u00eb resetim kompjuteri. N\u00eb komisionin e konkursit t\u00eb q\u00ebndrojn\u00eb njer\u00ebz q\u00eb nuk i kan\u00eb borxh asnj\u00eb partie. Jo tan\u00ebt \u2013 le t\u00eb jen\u00eb t\u00eb jasht\u00ebm. Ata le t\u2019i kontrollojn\u00eb biografit\u00eb, le t\u2019i b\u00ebjn\u00eb t\u00eb shkruajn\u00eb letra motivimi, le t\u2019i testojn\u00eb, le t\u00eb kontrollojn\u00eb n\u00ebse kan\u00eb g\u00ebnjyer p\u00ebr njohjen e gjuh\u00ebve t\u00eb huaja, le t\u00eb p\u00ebrputhen me balancuesin p\u00ebr pun\u00ebsim sipas \u00e7el\u00ebsit etnik\u2026<br \/>\nKy resetim i shtetit do t\u00eb ishte ve\u00e7an\u00ebrisht i dobish\u00ebm te gjykat\u00ebsit dhe prokuror\u00ebt. Ai nuk do t\u00eb pasqyrohet te koh\u00ebzgjatja e gjykimeve, ato sido q\u00eb t\u00eb jet\u00eb zgjasin me vite.<\/p>\n<p>Nuk do ishte n\u00eb d\u00ebm q\u00eb t\u00eb vazhdonte po ky proces i resetimit. N\u00eb Maqedoni, gjithsesi askush nuk nxiton. As BE-s\u00eb nuk i nxitohet me ne.<\/p>\n<p><span class=\"dropcap color firstcharacter\">3<\/span> K\u00ebto dit\u00eb mora nj\u00eb ftes\u00eb p\u00ebr t\u00eb qen\u00eb pjes\u00ebmarr\u00ebs n\u00eb nj\u00eb debat me intelektual\u00eb bullgar\u00eb. Presdienca e \u00c7ekis\u00eb n\u00eb kornizat e kryesis\u00eb me BE-n\u00eb ka pasur iden\u00eb q\u00eb nga n\u00ebnt\u00eb shtetet t\u00eb takohen \u201cnjer\u00ebz t\u00eb ditur\u201d dhe t\u00eb diskutojn\u00eb p\u00ebr t\u00eb ardhmen evropiane t\u00eb Ballknit Per\u00ebndimor.<br \/>\nVet\u00ebm \u00c7ekia dhe Sllovakia ishin an\u00ebtaret m\u00eb t\u00eb z\u00ebshme t\u00eb BE-s\u00eb q\u00eb pas vetos bullgare n\u00eb dhjetor 2020 dol\u00ebn me dokument, kur deklaruan se nuk do t\u00eb lejojn\u00eb q\u00eb \u201cBashkimi Evropian t\u00eb jet\u00eb gjykat\u00ebs i historis\u00eb son\u00eb t\u00eb p\u00ebrbashk\u00ebt, i asaj se si identifikohemi apo n\u00eb \u00e7\u2019gjuh\u00eb flasim\u201d. Dhe, p\u00ebr hir t\u00eb s\u00eb v\u00ebrte\u00ebs, deri n\u00eb fund, deri te propozimi francez, i q\u00ebndronin q\u00ebndrimit t\u00eb tyre se \u00e7\u00ebshtjet historike\u00a0 nuk guxojn\u00eb t\u00eb jen\u00eb pjes\u00eb e kushteve p\u00ebr negocim me BE-n\u00eb, p\u00ebrderisa Qeveria jon\u00eb nuk e lejon vet\u00eb at\u00eb gj\u00eb. Prandaj nuk dyshoj n\u00eb q\u00ebllimet e sinqerta t\u00eb kryesis\u00eb \u00e7eke me k\u00ebt\u00eb ide \u2013 q\u00eb t\u00eb takohen njer\u00ebz t\u00eb ditur nga Maqedonia dhe Bullgaria.<\/p>\n<p>Por me njer\u00ebz t\u00eb ditur s\u2019kemi \u00e7\u2019debatojm\u00eb. Me ata kuptohemi edhe pa debat, ngaq\u00eb kemi vlera t\u00eb nj\u00ebjta. Nuk ishin njer\u00ebzit e ditur ata q\u00eb e shkaktuan problemin. P\u00ebr m\u00eb tep\u00ebr, \u00ebsht\u00eb me pik\u00ebpyetje n\u00ebse ata njer\u00ebz t\u00eb ditur kan\u00eb fuqi p\u00ebr ta ndryshuar politik\u00ebn oficiale bullgare q\u00eb neve na b\u00ebn zullumin. Deri m\u00eb sot ai z\u00eb \u00ebsht\u00eb kaq i dob\u00ebt, sa q\u00eb nuk ka pothuajse asnj\u00eb ndikim n\u00eb politik\u00ebn oficiale bullgare. T\u00eb gjitha partit\u00eb i bien t\u00eb nj\u00ebjtit tel kur \u00ebsht\u00eb n\u00eb pyetje Maqedonia.<\/p>\n<p>Le t\u00eb themi se un\u00eb jam nj\u00eb \u00e7ek q\u00eb me q\u00ebllimin m\u00eb t\u00eb mir\u00eb t\u00eb mundsh\u00ebm po organizoj nj\u00eb debat. Si vall\u00eb, mund t\u00eb gjej nj\u00eb debat me tem\u00eb \u201cnuk ekziston gjuha \u00e7eke, e populli \u00e7ek \u00ebsht\u00eb shpikje komuniste\u201d? Takohuni, debatoni, ndoshta do t\u00eb bindeni se jeni bullgar\u00eb. E ku do t\u00eb debatojm\u00eb? Ajo dihet. N\u00eb klubin \u201cVan\u00e7o Mihajllov\u201d n\u00eb Manastir.<\/p>\n<p>K\u00ebt\u00eb gj\u00eb q\u00eb tani po e shpik\u00eb BE-ja a thua si nj\u00eb leht\u00ebsim t\u00eb dialogut, n\u00eb fakt \u00ebsht\u00eb nj\u00eb p\u00ebrpjekje p\u00ebr ta civilizuar procesin t\u00eb pacivilizuar t\u00eb Bullgaris\u00eb q\u00eb \u00ebsht\u00eb kund\u00ebr t\u00eb gjitha vlerave q\u00eb ajo BE, dhe \u00c7ekia si pjes\u00eb e BE-s\u00eb, i p\u00ebrfaq\u00ebson.<\/p>\n<p>Ne duhet ta ndryshojm\u00eb Kushtetut\u00ebn n\u00ebse duam t\u00eb fillojm\u00eb me negociatat me BE-n\u00eb. Q\u00eb t\u00eb futen malazez\u00ebt dhe kroat\u00ebt n\u00eb Preambul\u00eb nuk do t\u00eb ket\u00eb problem, se ata e respektojn\u00eb populin dhe gjuh\u00ebn maqedonase, dhe n\u00eb shtetet e tyre nuk jan\u00eb ndaluar shoqatat e maqedonasve. Qytetar\u00ebt n\u00eb Maqedoni duhet t\u00eb binden se n\u00eb Kushtetut\u00eb duhet t\u00eb futen bullgar\u00ebt t\u00eb cil\u00ebn nuk ua pranojn\u00eb gjuh\u00ebn maqedonase. Nuk besoj se do t\u00eb binden me nj\u00eb debat.<\/p>\n<p><span class=\"dropcap color firstcharacter\">4 <\/span> N\u00ebse mundej Bullgaria t\u00eb jap\u00eb deklarat\u00eb t\u00eb nj\u00ebanshme se nuk ekziston gjuha maqedonase dhe kjo gj\u00eb t\u00eb mbetet e shkruar si nj\u00eb dokument n\u00eb korniz\u00ebn negociuese t\u00eb BE-s\u00eb, pse 26 shtetet-an\u00ebtare t\u00eb mbetura t\u00eb BE-s\u00eb nuk do t\u00eb jepnin deklarata t\u00eb nj\u00ebanshme se nuk e pranojn\u00eb gjuh\u00ebn maqedonase? Por, jo vet\u00ebm t\u00eb thon\u00eb \u2013 ne ju pranojm\u00eb, kjo gj\u00eb q\u00eb po jua b\u00ebn Bullgaria nuk \u00ebsht\u00eb fer \u2013 por k\u00ebto deklarata t\u00eb mbeten si dokument oficial dhe garanc\u00eb t\u00eb cilave mund t\u2019u referohet \u00e7do qeveri maqedonase n\u00eb t\u00eb ardhmen, sepse nga Maqedonia pritet q\u00eb ta ndryshoj\u00eb Kushtetut\u00ebn.<\/p>\n<p>Absurde? Budallall\u00ebk? Naive? K\u00ebrkojm\u00eb shum\u00eb? Epo, n\u00ebse p\u00ebr BE-n\u00eb nuk \u00ebsht\u00eb absurd dhe budallall\u00ebk pohimi i Bullgaris\u00eb se nuk ekziston gjuha maqedonase, at\u00ebher\u00eb pse do t\u00eb ishte absurde dhe budallall\u00ebk q\u00eb 26 shtetet e tjera t\u00eb deklarojn\u00eb se nuk e pranojn\u00eb gjuh\u00ebn maqedonase? Nuk do ta ken\u00eb t\u00eb v\u00ebshtir\u00eb. Do t\u2019i referohen parimit t\u00eb vet\u00ebp\u00ebrcaktimit si nj\u00eb vler\u00eb themelore e BE-s\u00eb dhe \u2013 pun\u00eb e kryer pa konsenzus.<\/p>\n<p>Me apo pa Referendum, Kushtetuta do t\u00eb ndryshohet. Me k\u00ebrc\u00ebnime, me t\u00eb treguarit e fuqis\u00eb, me blerje t\u00eb deputet\u00ebve, me an\u00eb t\u00eb rezistenc\u00ebs m\u00eb t\u00eb vog\u00ebl, do t\u00eb mb\u00ebrrim\u00eb disi deri te shumica e dy t\u00eb tretave. Por, qytetar\u00ebt duhet t\u00eb jen\u00eb t\u00eb bindur se ndryshimi i Kushtetut\u00ebs \u00ebsht\u00eb n\u00eb t\u00eb mir\u00eb t\u00eb tyre. E p\u00ebr k\u00ebt\u00eb do t\u00eb binden vet\u00ebm n\u00ebse jan\u00eb t\u00eb sigurt se nuk do ta humbin esenc\u00ebn e ekzistenc\u00ebs s\u00eb tyre. N\u00ebse BE-ja nuk mund ta pranoj\u00eb k\u00ebt\u00eb gj\u00eb si nj\u00eb t\u00ebr\u00ebsi, se e e pam\u00eb se nuk i q\u00ebndron fjal\u00ebs kur premton, at\u00ebher\u00eb le t\u00eb na e kthejn\u00eb t\u00eb pakt\u00ebn miqt\u00eb nga BE-ja, \u00e7do shtet m\u00eb vete.<\/p>\n<p>Vet\u00ebm me shkop, s\u2019mundet. Do t\u00eb na duhet karrota p\u00ebr ta ndryshuar Kushtetut\u00ebn.<\/p>\n<p><em><strong>P\u00ebrktheu: Fjolla Zllatku\u00a0<\/strong><\/em><\/p>\n\n<div style=\"font-size: 0px; height: 0px; line-height: 0px; margin: 0; padding: 0; clear: both;\"><\/div>","protected":false},"excerpt":{"rendered":"<p>T\u00eb vazhdohet pushimi dim\u00ebror. F\u00ebmij\u00ebt t\u00eb punojn\u00eb online nga sht\u00ebpia. Po at\u00eb dit\u00eb, kur kryeministri Dimitar Kova\u00e7evski n\u00eb Nju Jork [&hellip;]<\/p>\n","protected":false},"author":25,"featured_media":0,"comment_status":"closed","ping_status":"closed","sticky":false,"template":"","format":"standard","meta":{"_mo_disable_npp":"no","inline_featured_image":false},"categories":[1825],"tags":[],"imageURL":false,"thumbURL":false,"categoryNames":["DUA T\u00cb THEM"],"feature_caption":"","subtitle":"N\u00eb kriz\u00eb, t\u2019i sakrifikojm\u00eb s\u00eb pari f\u00ebmij\u00ebt. Ata le t\u00eb q\u00ebndrojn\u00eb n\u00eb sht\u00ebpi, e administrata shtet\u00ebrore le t\u00eb ngrohet n\u00ebp\u00ebr zyra. ","views":"39","source":"Shkup, (SAKAMDAKAZAM.MK)","yoast_head":"<!-- This site is optimized with the Yoast SEO Premium plugin v15.0 - https:\/\/yoast.com\/wordpress\/plugins\/seo\/ -->\n<title>26 DEKLARATA - \u0421\u0430\u043a\u0430\u043c \u0414\u0430 \u041a\u0430\u0436\u0430\u043c<\/title>\n<meta name=\"robots\" content=\"index, follow, max-snippet:-1, max-image-preview:large, max-video-preview:-1\" \/>\n<link rel=\"canonical\" href=\"https:\/\/sdk.mk\/index.php\/dua-te-them\/26-deklarata\/\" \/>\n<meta property=\"og:locale\" content=\"mk_MK\" \/>\n<meta property=\"og:type\" content=\"article\" \/>\n<meta property=\"og:title\" content=\"26 DEKLARATA - \u0421\u0430\u043a\u0430\u043c \u0414\u0430 \u041a\u0430\u0436\u0430\u043c\" \/>\n<meta property=\"og:description\" content=\"T\u00eb vazhdohet pushimi dim\u00ebror. F\u00ebmij\u00ebt t\u00eb punojn\u00eb online nga sht\u00ebpia. Po at\u00eb dit\u00eb, kur kryeministri Dimitar Kova\u00e7evski n\u00eb Nju Jork [&hellip;]\" \/>\n<meta property=\"og:url\" content=\"https:\/\/sdk.mk\/index.php\/dua-te-them\/26-deklarata\/\" \/>\n<meta property=\"og:site_name\" content=\"\u0421\u0430\u043a\u0430\u043c \u0414\u0430 \u041a\u0430\u0436\u0430\u043c\" \/>\n<meta property=\"article:published_time\" content=\"2022-09-25T09:54:19+00:00\" \/>\n<meta property=\"og:image\" content=\"https:\/\/sdk.mk\/wp-content\/uploads\/2015\/12\/goran-mihailovski2.jpg\" \/>\n\t<meta property=\"og:image:width\" content=\"400\" \/>\n\t<meta property=\"og:image:height\" content=\"313\" \/>\n<meta property=\"fb:app_id\" content=\"2407985809428537\" \/>\n<meta name=\"twitter:card\" content=\"summary\" \/>\n<script type=\"application\/ld+json\" class=\"yoast-schema-graph\">{\"@context\":\"https:\/\/schema.org\",\"@graph\":[{\"@type\":\"WebSite\",\"@id\":\"https:\/\/sdk.mk\/#website\",\"url\":\"https:\/\/sdk.mk\/\",\"name\":\"\\u0421\\u0430\\u043a\\u0430\\u043c \\u0414\\u0430 \\u041a\\u0430\\u0436\\u0430\\u043c\",\"description\":\"\\u0417\\u0430 \\u0441\\u043b\\u043e\\u0431\\u043e\\u0434\\u043e\\u0443\\u043c\\u043d\\u0438\",\"potentialAction\":[{\"@type\":\"SearchAction\",\"target\":\"https:\/\/sdk.mk\/?s={search_term_string}\",\"query-input\":\"required name=search_term_string\"}],\"inLanguage\":\"mk-MK\"},{\"@type\":\"WebPage\",\"@id\":\"https:\/\/sdk.mk\/index.php\/dua-te-them\/26-deklarata\/#webpage\",\"url\":\"https:\/\/sdk.mk\/index.php\/dua-te-them\/26-deklarata\/\",\"name\":\"26 DEKLARATA - \\u0421\\u0430\\u043a\\u0430\\u043c \\u0414\\u0430 \\u041a\\u0430\\u0436\\u0430\\u043c\",\"isPartOf\":{\"@id\":\"https:\/\/sdk.mk\/#website\"},\"datePublished\":\"2022-09-25T09:54:19+00:00\",\"dateModified\":\"2022-09-25T09:54:19+00:00\",\"author\":{\"@id\":\"https:\/\/sdk.mk\/#\/schema\/person\/737021aeacbe893f7e2c347186c5c7a1\"},\"inLanguage\":\"mk-MK\",\"potentialAction\":[{\"@type\":\"ReadAction\",\"target\":[\"https:\/\/sdk.mk\/index.php\/dua-te-them\/26-deklarata\/\"]}]},{\"@type\":\"Person\",\"@id\":\"https:\/\/sdk.mk\/#\/schema\/person\/737021aeacbe893f7e2c347186c5c7a1\",\"name\":\"\\u0424\\u0458\\u043e\\u043b\\u0430 \\u0417\\u043b\\u0430\\u0442\\u043a\\u0443\"}]}<\/script>\n<!-- \/ Yoast SEO Premium plugin. -->","_links":{"self":[{"href":"https:\/\/sdk.mk\/index.php\/wp-json\/wp\/v2\/posts\/179106"}],"collection":[{"href":"https:\/\/sdk.mk\/index.php\/wp-json\/wp\/v2\/posts"}],"about":[{"href":"https:\/\/sdk.mk\/index.php\/wp-json\/wp\/v2\/types\/post"}],"author":[{"embeddable":true,"href":"https:\/\/sdk.mk\/index.php\/wp-json\/wp\/v2\/users\/25"}],"replies":[{"embeddable":true,"href":"https:\/\/sdk.mk\/index.php\/wp-json\/wp\/v2\/comments?post=179106"}],"version-history":[{"count":0,"href":"https:\/\/sdk.mk\/index.php\/wp-json\/wp\/v2\/posts\/179106\/revisions"}],"wp:attachment":[{"href":"https:\/\/sdk.mk\/index.php\/wp-json\/wp\/v2\/media?parent=179106"}],"wp:term":[{"taxonomy":"category","embeddable":true,"href":"https:\/\/sdk.mk\/index.php\/wp-json\/wp\/v2\/categories?post=179106"},{"taxonomy":"post_tag","embeddable":true,"href":"https:\/\/sdk.mk\/index.php\/wp-json\/wp\/v2\/tags?post=179106"}],"curies":[{"name":"wp","href":"https:\/\/api.w.org\/{rel}","templated":true}]}}