{"id":180332,"date":"2022-10-17T12:17:14","date_gmt":"2022-10-17T10:17:14","guid":{"rendered":"https:\/\/sdk.mk\/?p=180332"},"modified":"2022-10-17T12:17:14","modified_gmt":"2022-10-17T10:17:14","slug":"jeta-eshte-kenge","status":"publish","type":"post","link":"https:\/\/sdk.mk\/index.php\/dua-te-them\/jeta-eshte-kenge\/","title":{"rendered":"JETA \u00cbSHT\u00cb K\u00cbNG\u00cb"},"content":{"rendered":"<div class=\"f52428582a4b906b2d2e2a7d733c7d27\" data-index=\"7\" style=\"float: none; margin:10px 0 10px 0; text-align:center;\">\n<!-- MSP Ads Asynchronous JS Tag - Generated with Revive Adserver v5.4.1 -->\r\n<ins data-revive-zoneid=\"167\" data-revive-id=\"060fdb01f6430ec164d3519234aa4967\"><\/ins>\r\n<script async src=\"\/\/panel.ads.com.mk\/www\/delivery\/asyncjs.php\"><\/script>\n<\/div>\n<p><span class=\"dropcap color firstcharacter\">1 <\/span> Festimi qendror i 11 tetorit, Dit\u00ebs s\u00eb kryengritjes komb\u00ebtare kund\u00ebr fashizmit, sh\u00ebnohet n\u00eb nj\u00eb m\u00ebnyr\u00eb unike. Tashm\u00eb disa vite me radh\u00eb, delegacionet nuk vendosin lule para p\u00ebrmendores Makedonka n\u00eb Kumanov\u00eb, ku prehen eshtrat e mbi 300 luft\u00ebtar\u00ebve, por \u2013 pas p\u00ebrmendores. President\u00eb, kryeministra, ministra vijn\u00eb \u00e7do dit\u00eb q\u00eb t\u2019u p\u00ebrkulen luft\u00ebtar\u00ebve t\u00eb cil\u00ebt n\u00eb luft\u00ebn antifashiste dhan\u00eb jet\u00ebn p\u00ebr Maqedonin\u00eb e lir\u00eb, e nd\u00ebrkoh\u00eb nuk v\u00ebn\u00eb re se i gjith\u00eb kompleksi \u00ebsht\u00eb duke u shkat\u00ebrruar. Qeveris\u00eb i \u00ebsht\u00eb kujtuar se si ta fsheh\u00eb faktin se \u00ebsht\u00eb vjedhur nj\u00eb pjes\u00eb e relievit prej bakri, se mungon nj\u00eb pllak\u00eb me emrat e d\u00ebshmor\u00ebve t\u00eb r\u00ebn\u00eb dhe se rrugicat dhe sip\u00ebrfaqet me lule dhe bar q\u00eb \u00e7ojn\u00eb deri te p\u00ebrmendorja jan\u00eb prishur krejt\u00ebsisht. Andaj, n\u00eb m\u00ebnyr\u00eb aq jologjike, si\u00e7 edhe u ankuan nga Unioni i luft\u00ebtat\u00ebve, delegacionet vijn\u00eb nga ana e pasme, si dhe i gjith\u00eb manifestimi me fol\u00ebsit dhe muzik\u00ebn zhvillohen pas shpin\u00ebs s\u00eb Makedonk\u00ebs. Nga ajo an\u00eb pllaka \u00ebsht\u00eb deri diku n\u00eb gjendje t\u00eb mir\u00eb, e sidomos kur i v\u00eb p\u00ebrsip\u00ebr nj\u00eb qilim t\u00eb kuq, turpi fshihet p\u00ebr bukuri.<br \/>\nMinistresha e kultur\u00ebs Bidera Kostadinovska-Stoj\u00e7evska lajm\u00ebroi se Ministria p\u00ebr vitin 2023 po p\u00ebrgatit \u201cnj\u00eb lloj strategjie nacionale p\u00ebr restaurim, freskim dhe \u00e7do lloj korrigjimi t\u00eb p\u00ebrmendoreve t\u00eb Luft\u00ebs nacional\u00e7lirimtare dhe Luft\u00ebs kund\u00ebr fashizmit\u201d.<\/p>\n<p>O Zot i madh, vall\u00eb, duhet strategji p\u00ebr mir\u00ebmbajtje t\u00eb p\u00ebrmendoreve? P\u00ebrse, thjesht, komunat nuk kujdesen p\u00ebr p\u00ebrmendoret q\u00eb ndodhen n\u00eb territorin e tyre? Kryetari i Kumanov\u00ebs Maksim Dimitrievski nuk e sheh se n\u00eb \u00e7far\u00eb gjendje \u00ebsht\u00eb edhe p\u00ebrmendorja edhe rrethina e kompleksit. Vall\u00eb, t\u00eb duhet nj\u00eb strategji nacionale p\u00ebr kositjen e barit, ngjitjen e pllakave, mbjelljen e luleve dhe sh\u00ebrbimin e rojeve? A nuk jan\u00eb Prilepi dhe Kumanova n\u00eb konkurrenc\u00eb p\u00ebr at\u00eb se ku ka krisur pushka e par\u00eb? Mesa duket n\u00eb Prilep ka qen\u00eb, sepse atje Tuma e t\u00eb pamposhturve \u00ebsht\u00eb e mir\u00ebrregulluar. Kryetarja e Shkupit Danella Arskovska nga dritarja e kabinetit t\u00eb saj mund t\u00eb shoh\u00eb se piedestalet nga t\u00eb cilat jan\u00eb vjedhur bustet e Nikolla Vapcarovit dhe Kole Nedellkovskit tashm\u00eb dy jav\u00eb q\u00ebndrojn\u00eb t\u00eb r\u00ebnuara n\u00eb Parkun e qytetit. Edhe ajo mesa duket po e pret strategjin\u00eb e Biser\u00ebs.<\/p>\n<p>\u00cbsht\u00eb rr\u00ebnuar edhe sht\u00ebpia n\u00eb fshatin Podvis t\u00eb K\u00ebr\u00e7ov\u00ebs, ku n\u00eb territorin e par\u00eb t\u00eb \u00e7liruar partizan\u00ebt kan\u00eb organizuar m\u00ebsim p\u00ebr f\u00ebmij\u00ebt n\u00eb gjuh\u00eb maqedonase. Kjo ka ndodhur n\u00eb 23 shtator t\u00eb vitit 1943, pothuajse nj\u00eb vit t\u00eb t\u00ebr\u00eb para ASNOM-it. Ka mbetur vet\u00ebm pllaka p\u00ebrkujtimore e d\u00ebmtuar nga plumbat, q\u00eb dikush e kishte l\u00ebn\u00eb n\u00eb bodrum. Sht\u00ebpia \u00ebsht\u00eb regjistuar si trash\u00ebgimi kulturore n\u00eb vitin 1978.<\/p>\n<p>Un\u00eb nuk di shtet i cili sillet me kaq neglizhenc\u00eb ndaj p\u00ebrmendoreve t\u00eb tij. \u00cbsht\u00eb shum\u00eb m\u00eb e tmerrshme q\u00eb edhe pushtetet qendrore dhe lokale lejuan me moskok\u00e7arjen e tyre q\u00eb t\u00eb rr\u00ebnohen p\u00ebrmendoret e luft\u00ebs antifashiste, t\u00eb cilat jo vet\u00ebm q\u00eb jan\u00eb vepra t\u00eb rralla arkitekturore, por edhe simbole p\u00ebrkujtuese t\u00eb esenc\u00ebs s\u00eb shtet\u00ebsis\u00eb maqedonase t\u00eb fituar nga luft\u00ebtar\u00ebt antifashist\u00eb.<\/p>\n<p>Nd\u00ebrkoh\u00eb q\u00eb e presim strategjin\u00eb dhe koordinimin e kat\u00ebr institucioneve n\u00eb 2023, P\u00ebrmendorja e liris\u00eb n\u00eb Ko\u00e7an\u00eb n\u00eb shenj\u00eb t\u00eb kujtimit t\u00eb luftrave historike t\u00eb popullit maqedonas nga Kryengritja e Ilindenit deri te lufta nacional\u00e7lirimtare, do t\u00eb restaurohen me grant prej 254.300 dollar\u00ebve nga Fondi ambasadorial i SHBA-ve. Q\u00eb kur me Fondin ambasadorial na i rinovuan t\u00eb gjitha p\u00ebrmendoret antike dhe t\u00eb shekullit t\u00eb mes\u00ebm, tani amerikan\u00ebt vendos\u00ebn t\u00eb na i rinovojn\u00eb edhe p\u00ebrmendoret e Luft\u00ebs s\u00eb dyt\u00eb bot\u00ebrore. Mesa duket ata kan\u00eb m\u00eb tep\u00ebr vet\u00ebdije p\u00ebr kuptimin q\u00eb ka antifashizmi p\u00ebr shtetin ton\u00eb sesa gjith\u00eb qeverit\u00eb tona b\u00ebr\u00eb bashk\u00eb<strong><em>.<\/em><\/strong><\/p>\n<p><span class=\"dropcap color firstcharacter\">2 <\/span> \u00c7far\u00eb kohe na erdhi me veton evropaine bullgare! Nd\u00ebrkoh\u00eb q\u00eb me shk\u00eblqim n\u00eb sy ecnim drejt BE-s\u00eb, tani p\u00ebr \u00e7do fest\u00eb duhet t\u00eb frik\u00ebsohemi se cila k\u00ebng\u00eb do t\u00eb k\u00ebndohet, n\u00ebse t\u00eb gjitha vargjet do t\u00eb k\u00ebndohen apo jo dhe cili \u00ebsht\u00eb versioni i duhur. T\u00eb pakt\u00ebn deri n\u00eb vitin 2030 kur, si\u00e7 thot\u00eb kryeministri, do ta mir\u00ebpresim perspektiv\u00ebn e ndritshme evropiane. At\u00ebher\u00eb nuk do t\u00eb duhet t\u00eb k\u00ebndojm\u00eb, sepse jeta p\u00ebr ne do t\u00eb jet\u00eb k\u00ebng\u00eb.<\/p>\n<p><span class=\"dropcap color firstcharacter\">3 <\/span> Vizioni evropian po humb shk\u00eblqimin dhe n\u00eb vend t\u00eb tij s\u00ebrish u shfaq nacionalizmi, tha kryeministri i m\u00ebparsh\u00ebm grek Jorgo Papandreu, raportin e t\u00eb cilit p\u00ebr perspektivat e BE-s\u00eb n\u00eb Ballkanin per\u00ebndimor e miratoi Kuvendi parlamentar i Kuvendit t\u00eb Evrop\u00ebs n\u00eb Strasburg. N\u00eb k\u00ebt\u00eb raport thuhet se: \u201cgjithnj\u00eb m\u00eb tep\u00ebr njer\u00ebz, sidomos t\u00eb rinj, mendojn\u00eb se perspektiva evropiane nuk do t\u00eb materializohet asnj\u00ebher\u00eb\u201d.<br \/>\nBashk\u00ebkomb\u00ebsja e tij, ministresha e pun\u00ebve t\u00eb jashtme Dora Bakojani ishte edhe m\u00eb direkte. \u201cKoha e Ballkanit per\u00ebndimor po ec\u00ebn. BE-ja duhet t\u00eb veproj\u00eb menj\u00ebher\u00eb\u201d, tha Bakojani dhe mori duartrokitje n\u00eb Kuvendin e Evrop\u00ebs.<\/p>\n<p>Do t\u00eb kishte qen\u00eb e ndershme q\u00eb Papandreu dhe Bakojani t\u00eb kishin folur edhe p\u00ebr p\u00ebrgjegj\u00ebsin\u00eb e tyre se pse Ballkani p\u00ebr 30 vjet mbahet n\u00eb bunker. Vet\u00eb ata, si politikan\u00eb kan\u00eb faj q\u00eb 30 vjet Maqedonis\u00eb ia vrisnin shpres\u00ebn p\u00ebr europerspektiv\u00ebn me kontestin e palogjiksh\u00ebm rreth emrit. E hap\u00ebn der\u00ebn evropiane t\u00eb Bullgaris\u00eb p\u00ebr nj\u00eb kontest edhe m\u00eb t\u00eb palogjiksh\u00ebm rreth gjuh\u00ebs dhe identitetit komb\u00ebtar.<\/p>\n<p>E tani, Papandreu ankohet q\u00eb \u201caspektet evropiane po dob\u00ebsohen, gjithnj\u00eb e m\u00eb tep\u00ebr po vihet re nj\u00eb gjeopolitizim i ri n\u00eb rajon me pal\u00eb t\u00eb treta q\u00eb luftojn\u00eb p\u00ebr ndikim dhe thellim t\u00eb problemeve ekzistuese\u201d.<\/p>\n<p>Epo Greqia e hapi problemin. Bullgaria vet\u00ebm sa po e thellon.<\/p>\n<p>P\u00ebr m\u00eb tep\u00ebr q\u00eb thon\u00eb: BE-ja duhet t\u00eb veproj\u00eb menj\u00ebher\u00eb. Nd\u00ebrkoh\u00eb q\u00eb BE-ja sillet n\u00eb at\u00eb m\u00ebnyr\u00eb q\u00eb k\u00ebrkon p\u00ebr her\u00eb t\u00eb dyt\u00eb ta ndryshosh Kushtetut\u00ebn, t\u00eb pranosh se nj\u00eb shtet fqinj mund t\u00eb t\u00eb thot\u00eb si quhesh, cil\u00ebn gjuh\u00eb flet, a ekziston apo jo. Sepse ti je jasht\u00eb, e ata jan\u00eb brenda.<\/p>\n<p><em><strong>P\u00ebrktheu: Fjolla Zllatku <\/strong><\/em><\/p>\n<p>&nbsp;<\/p>\n\n<div style=\"font-size: 0px; height: 0px; line-height: 0px; margin: 0; padding: 0; clear: both;\"><\/div>","protected":false},"excerpt":{"rendered":"<p>Festimi qendror i 11 tetorit, Dit\u00ebs s\u00eb kryengritjes komb\u00ebtare kund\u00ebr fashizmit, sh\u00ebnohet n\u00eb nj\u00eb m\u00ebnyr\u00eb unike. Tashm\u00eb disa vite me [&hellip;]<\/p>\n","protected":false},"author":25,"featured_media":0,"comment_status":"closed","ping_status":"closed","sticky":false,"template":"","format":"standard","meta":{"_mo_disable_npp":"no","inline_featured_image":false},"categories":[1825],"tags":[],"imageURL":false,"thumbURL":false,"categoryNames":["DUA T\u00cb THEM"],"feature_caption":"","subtitle":"Amerikan\u00ebt vendos\u00ebn t\u00eb na i rinovojn\u00eb edhe p\u00ebrmendoret nga Lufta e dyt\u00eb bot\u00ebrore. Mesa duket ata kan\u00eb m\u00eb tep\u00ebr vet\u00ebdije p\u00ebr kuptimin q\u00eb ka antifashizmi p\u00ebr shtetin ton\u00eb sesa gjith\u00eb qeverit\u00eb tona t\u00eb b\u00ebra bashk\u00eb. ","views":"29","source":"Shkup, (SAKAMDAKAZAM.MK)","yoast_head":"<!-- This site is optimized with the Yoast SEO Premium plugin v15.0 - https:\/\/yoast.com\/wordpress\/plugins\/seo\/ -->\n<title>JETA \u00cbSHT\u00cb K\u00cbNG\u00cb - \u0421\u0430\u043a\u0430\u043c \u0414\u0430 \u041a\u0430\u0436\u0430\u043c<\/title>\n<meta name=\"robots\" content=\"index, follow, max-snippet:-1, max-image-preview:large, max-video-preview:-1\" \/>\n<link rel=\"canonical\" href=\"https:\/\/sdk.mk\/index.php\/dua-te-them\/jeta-eshte-kenge\/\" \/>\n<meta property=\"og:locale\" content=\"mk_MK\" \/>\n<meta property=\"og:type\" content=\"article\" \/>\n<meta property=\"og:title\" content=\"JETA \u00cbSHT\u00cb K\u00cbNG\u00cb - \u0421\u0430\u043a\u0430\u043c \u0414\u0430 \u041a\u0430\u0436\u0430\u043c\" \/>\n<meta property=\"og:description\" content=\"Festimi qendror i 11 tetorit, Dit\u00ebs s\u00eb kryengritjes komb\u00ebtare kund\u00ebr fashizmit, sh\u00ebnohet n\u00eb nj\u00eb m\u00ebnyr\u00eb unike. Tashm\u00eb disa vite me [&hellip;]\" \/>\n<meta property=\"og:url\" content=\"https:\/\/sdk.mk\/index.php\/dua-te-them\/jeta-eshte-kenge\/\" \/>\n<meta property=\"og:site_name\" content=\"\u0421\u0430\u043a\u0430\u043c \u0414\u0430 \u041a\u0430\u0436\u0430\u043c\" \/>\n<meta property=\"article:published_time\" content=\"2022-10-17T10:17:14+00:00\" \/>\n<meta property=\"og:image\" content=\"https:\/\/sdk.mk\/wp-content\/uploads\/2015\/12\/goran-mihailovski2.jpg\" \/>\n\t<meta property=\"og:image:width\" content=\"400\" \/>\n\t<meta property=\"og:image:height\" content=\"313\" \/>\n<meta property=\"fb:app_id\" content=\"2407985809428537\" \/>\n<meta name=\"twitter:card\" content=\"summary\" \/>\n<script type=\"application\/ld+json\" class=\"yoast-schema-graph\">{\"@context\":\"https:\/\/schema.org\",\"@graph\":[{\"@type\":\"WebSite\",\"@id\":\"https:\/\/sdk.mk\/#website\",\"url\":\"https:\/\/sdk.mk\/\",\"name\":\"\\u0421\\u0430\\u043a\\u0430\\u043c \\u0414\\u0430 \\u041a\\u0430\\u0436\\u0430\\u043c\",\"description\":\"\\u0417\\u0430 \\u0441\\u043b\\u043e\\u0431\\u043e\\u0434\\u043e\\u0443\\u043c\\u043d\\u0438\",\"potentialAction\":[{\"@type\":\"SearchAction\",\"target\":\"https:\/\/sdk.mk\/?s={search_term_string}\",\"query-input\":\"required name=search_term_string\"}],\"inLanguage\":\"mk-MK\"},{\"@type\":\"WebPage\",\"@id\":\"https:\/\/sdk.mk\/index.php\/dua-te-them\/jeta-eshte-kenge\/#webpage\",\"url\":\"https:\/\/sdk.mk\/index.php\/dua-te-them\/jeta-eshte-kenge\/\",\"name\":\"JETA \\u00cbSHT\\u00cb K\\u00cbNG\\u00cb - \\u0421\\u0430\\u043a\\u0430\\u043c \\u0414\\u0430 \\u041a\\u0430\\u0436\\u0430\\u043c\",\"isPartOf\":{\"@id\":\"https:\/\/sdk.mk\/#website\"},\"datePublished\":\"2022-10-17T10:17:14+00:00\",\"dateModified\":\"2022-10-17T10:17:14+00:00\",\"author\":{\"@id\":\"https:\/\/sdk.mk\/#\/schema\/person\/737021aeacbe893f7e2c347186c5c7a1\"},\"inLanguage\":\"mk-MK\",\"potentialAction\":[{\"@type\":\"ReadAction\",\"target\":[\"https:\/\/sdk.mk\/index.php\/dua-te-them\/jeta-eshte-kenge\/\"]}]},{\"@type\":\"Person\",\"@id\":\"https:\/\/sdk.mk\/#\/schema\/person\/737021aeacbe893f7e2c347186c5c7a1\",\"name\":\"\\u0424\\u0458\\u043e\\u043b\\u0430 \\u0417\\u043b\\u0430\\u0442\\u043a\\u0443\"}]}<\/script>\n<!-- \/ Yoast SEO Premium plugin. -->","_links":{"self":[{"href":"https:\/\/sdk.mk\/index.php\/wp-json\/wp\/v2\/posts\/180332"}],"collection":[{"href":"https:\/\/sdk.mk\/index.php\/wp-json\/wp\/v2\/posts"}],"about":[{"href":"https:\/\/sdk.mk\/index.php\/wp-json\/wp\/v2\/types\/post"}],"author":[{"embeddable":true,"href":"https:\/\/sdk.mk\/index.php\/wp-json\/wp\/v2\/users\/25"}],"replies":[{"embeddable":true,"href":"https:\/\/sdk.mk\/index.php\/wp-json\/wp\/v2\/comments?post=180332"}],"version-history":[{"count":0,"href":"https:\/\/sdk.mk\/index.php\/wp-json\/wp\/v2\/posts\/180332\/revisions"}],"wp:attachment":[{"href":"https:\/\/sdk.mk\/index.php\/wp-json\/wp\/v2\/media?parent=180332"}],"wp:term":[{"taxonomy":"category","embeddable":true,"href":"https:\/\/sdk.mk\/index.php\/wp-json\/wp\/v2\/categories?post=180332"},{"taxonomy":"post_tag","embeddable":true,"href":"https:\/\/sdk.mk\/index.php\/wp-json\/wp\/v2\/tags?post=180332"}],"curies":[{"name":"wp","href":"https:\/\/api.w.org\/{rel}","templated":true}]}}