{"id":18443,"date":"2016-12-16T12:18:46","date_gmt":"2016-12-16T11:18:46","guid":{"rendered":"http:\/\/sdk.mk\/\/?p=18443"},"modified":"2016-12-16T12:18:46","modified_gmt":"2016-12-16T11:18:46","slug":"kshz-ja-vazhdon-pasdite-protesta-e-vmro-dpmne-se-mbaroi-pa-trazira","status":"publish","type":"post","link":"https:\/\/sdk.mk\/index.php\/maqedonia\/kshz-ja-vazhdon-pasdite-protesta-e-vmro-dpmne-se-mbaroi-pa-trazira\/","title":{"rendered":"KSHZ-JA VAZHDON PASDITE, PROTESTA E VMRO-DPMNE-S\u00cb MBAROI PA TRAZIRA"},"content":{"rendered":"<div class=\"f52428582a4b906b2d2e2a7d733c7d27\" data-index=\"7\" style=\"float: none; margin:10px 0 10px 0; text-align:center;\">\n<!-- MSP Ads Asynchronous JS Tag - Generated with Revive Adserver v5.4.1 -->\r\n<ins data-revive-zoneid=\"167\" data-revive-id=\"060fdb01f6430ec164d3519234aa4967\"><\/ins>\r\n<script async src=\"\/\/panel.ads.com.mk\/www\/delivery\/asyncjs.php\"><\/script>\n<\/div>\n<p>Komisioni shtet\u00ebror zgjedhor n\u00eb ora 3.30 t\u00eb m\u00ebngjesit i nd\u00ebrpreu diskutimet publike p\u00ebr ankesat e dor\u00ebzuara nga partit\u00eb politike p\u00ebr zgjedhjet e 11 dhjetorit. Komisioni do t\u00eb vazhdoj\u00eb me pun\u00eb sot pasdite.<\/p>\n<p>KSHZ-ja deri m\u00eb tani ka refuzuar shtat\u00eb nga ankesat Bes\u00ebs, nd\u00ebrsa grafologu q\u00eb duhej t\u00eb b\u00ebnte ekspertiz\u00ebn e n\u00ebnshkrimit n\u00eb vendvotim pas ankes\u00ebs s\u00eb tet\u00eb t\u00eb Bes\u00ebs, mb\u00ebrriti n\u00eb KSHZ pak para prolongimit. Akoma nuk \u00ebsht\u00eb gjetur proces verbal sipas formularit 15, \u00a0p\u00ebr nj\u00eb vend zgjedhor n\u00eb komun\u00ebn Tearce n\u00eb NJZ 6. Komisioni dje diskutoi rreth 4 propozimeve t\u00eb LSDM-s\u00eb, t\u00eb cilat i refuzoi.<\/p>\n<p>Mbr\u00ebm\u00eb, diku rreth or\u00ebs 22, disa qindra qytetar\u00eb t\u00eb lidhur me VMRO-DPMNE-n\u00eb u mblodh\u00ebn para selis\u00eb s\u00eb KSHZ-s\u00eb p\u00ebr t\u00eb protestuar \u00a0kund\u00ebr ankesave t\u00eb LSDM-s\u00eb dhe Bes\u00ebs. Si\u00e7 deklaruan, ata konsiderojn\u00eb q\u00eb dikush po mundohet ta vjedh\u00eb fitoren e tyre zgjedhore.<\/p>\n<p>N\u00eb protest\u00eb duartrokitej \u201cQoseto \u00ebsht\u00eb i gjall\u00eb\u201d dhe her\u00eb pas here k\u00ebndohej \u201cLe ta marrin vesh shqiptar\u00ebt e mallkuar\u201d.<\/p>\n<p>Antonio Milloshoski, Vllatko Gjor\u00e7ev dhe Ilija Dimovski e th\u00ebrrit\u00ebn KSHZ-n\u00eb q\u00eb ta pranoj\u00eb \u201cfitoren e past\u00ebr t\u00eb VMRO-DPMNE-s\u00eb\u201d. Drejtoresha e Komisionit p\u00ebr marr\u00ebdh\u00ebnie me bashk\u00ebsit\u00eb fetare, Valentina Bozhinovska, tha q\u00eb kjo \u00ebsht\u00eb \u201cnata e thikave\u201d. Kryetari i Prilepit, Marjan Risteski, drejtoi mesazh deri te \u201chyzmeqar\u00ebt e sh\u00ebrbimeve t\u00eb huaja\u201d, nd\u00ebrsa drejtori i arkivit t\u00eb shtetit, Filip Petrovski, iu drejtua nj\u00eb ambasadori pa ia th\u00ebn\u00eb emrin, derisa njer\u00ebzit e mbledhur duartrokisnin \u201chajdut\u00eb, hajdut\u00eb\u201d.<\/p>\n\n<div style=\"font-size: 0px; height: 0px; line-height: 0px; margin: 0; padding: 0; clear: both;\"><\/div>","protected":false},"excerpt":{"rendered":"<p>Komisioni shtet\u00ebror zgjedhor n\u00eb ora 3.30 t\u00eb m\u00ebngjesit i nd\u00ebrpreu diskutimet publike p\u00ebr ankesat e dor\u00ebzuara nga partit\u00eb politike p\u00ebr [&hellip;]<\/p>\n","protected":false},"author":9,"featured_media":18406,"comment_status":"closed","ping_status":"closed","sticky":false,"template":"","format":"standard","meta":{"_mo_disable_npp":"","inline_featured_image":false},"categories":[3087],"tags":[],"imageURL":"https:\/\/sdk.mk\/wp-content\/uploads\/2016\/12\/vmropred-dik-650x424.jpg","thumbURL":"https:\/\/sdk.mk\/wp-content\/uploads\/2016\/12\/vmropred-dik-250x163.jpg","categoryNames":["Maqedonia"],"feature_caption":"","subtitle":"a:1:{s:9:\"td_source\";s:45:\"\u0421\u043a\u043e\u043f\u0458\u0435,(\u0421\u0410\u041a\u0410\u041c\u0414\u0410\u041a\u0410\u0416\u0410\u041c.\u041c\u041a)","views":"2736","source":"","yoast_head":"<!-- This site is optimized with the Yoast SEO Premium plugin v15.0 - https:\/\/yoast.com\/wordpress\/plugins\/seo\/ -->\n<title>KSHZ-JA VAZHDON PASDITE, PROTESTA E VMRO-DPMNE-S\u00cb MBAROI PA TRAZIRA - \u0421\u0430\u043a\u0430\u043c \u0414\u0430 \u041a\u0430\u0436\u0430\u043c<\/title>\n<meta name=\"robots\" content=\"index, follow, max-snippet:-1, max-image-preview:large, max-video-preview:-1\" \/>\n<link rel=\"canonical\" href=\"https:\/\/sdk.mk\/index.php\/maqedonia\/kshz-ja-vazhdon-pasdite-protesta-e-vmro-dpmne-se-mbaroi-pa-trazira\/\" \/>\n<meta property=\"og:locale\" content=\"mk_MK\" \/>\n<meta property=\"og:type\" content=\"article\" \/>\n<meta property=\"og:title\" content=\"KSHZ-JA VAZHDON PASDITE, PROTESTA E VMRO-DPMNE-S\u00cb MBAROI PA TRAZIRA - \u0421\u0430\u043a\u0430\u043c \u0414\u0430 \u041a\u0430\u0436\u0430\u043c\" \/>\n<meta property=\"og:description\" content=\"Komisioni shtet\u00ebror zgjedhor n\u00eb ora 3.30 t\u00eb m\u00ebngjesit i nd\u00ebrpreu diskutimet publike p\u00ebr ankesat e dor\u00ebzuara nga partit\u00eb politike p\u00ebr [&hellip;]\" \/>\n<meta property=\"og:url\" content=\"https:\/\/sdk.mk\/index.php\/maqedonia\/kshz-ja-vazhdon-pasdite-protesta-e-vmro-dpmne-se-mbaroi-pa-trazira\/\" \/>\n<meta property=\"og:site_name\" content=\"\u0421\u0430\u043a\u0430\u043c \u0414\u0430 \u041a\u0430\u0436\u0430\u043c\" \/>\n<meta property=\"article:published_time\" content=\"2016-12-16T11:18:46+00:00\" \/>\n<meta property=\"og:image\" content=\"https:\/\/sdk.mk\/wp-content\/uploads\/2016\/12\/vmropred-dik.jpg\" \/>\n\t<meta property=\"og:image:width\" content=\"937\" \/>\n\t<meta property=\"og:image:height\" content=\"611\" \/>\n<meta property=\"fb:app_id\" content=\"2407985809428537\" \/>\n<meta name=\"twitter:card\" content=\"summary\" \/>\n<script type=\"application\/ld+json\" class=\"yoast-schema-graph\">{\"@context\":\"https:\/\/schema.org\",\"@graph\":[{\"@type\":\"WebSite\",\"@id\":\"https:\/\/sdk.mk\/#website\",\"url\":\"https:\/\/sdk.mk\/\",\"name\":\"\\u0421\\u0430\\u043a\\u0430\\u043c \\u0414\\u0430 \\u041a\\u0430\\u0436\\u0430\\u043c\",\"description\":\"\\u0417\\u0430 \\u0441\\u043b\\u043e\\u0431\\u043e\\u0434\\u043e\\u0443\\u043c\\u043d\\u0438\",\"potentialAction\":[{\"@type\":\"SearchAction\",\"target\":\"https:\/\/sdk.mk\/?s={search_term_string}\",\"query-input\":\"required name=search_term_string\"}],\"inLanguage\":\"mk-MK\"},{\"@type\":\"ImageObject\",\"@id\":\"https:\/\/sdk.mk\/index.php\/maqedonia\/kshz-ja-vazhdon-pasdite-protesta-e-vmro-dpmne-se-mbaroi-pa-trazira\/#primaryimage\",\"inLanguage\":\"mk-MK\",\"url\":\"https:\/\/sdk.mk\/wp-content\/uploads\/2016\/12\/vmropred-dik.jpg\",\"width\":937,\"height\":611,\"caption\":\"\\u041d\\u0430 \\u043f\\u0440\\u043e\\u0442\\u0435\\u0441\\u0442\\u043e\\u0442 \\u0441\\u0435 \\u0441\\u043a\\u0430\\u043d\\u0434\\u0438\\u0440\\u0430\\u0448\\u0435 \\u201e\\u040c\\u043e\\u0441\\u0435\\u0442\\u043e \\u0435 \\u0436\\u0438\\u0432\\u201c,\\u0430 \\u0434\\u0438\\u0440\\u0435\\u043a\\u0442\\u043e\\u0440\\u043a\\u0430\\u0442\\u0430 \\u043d\\u0430 \\u041a\\u043e\\u043c\\u0438\\u0441\\u0438\\u0458\\u0430\\u0442\\u0430 \\u0437\\u0430 \\u043e\\u0434\\u043d\\u043e\\u0441\\u0438 \\u0441\\u043e \\u0432\\u0435\\u0440\\u0441\\u043a\\u0438\\u0442\\u0435 \\u0437\\u0430\\u0435\\u0434\\u043d\\u0438\\u0446\\u0438, \\u0412\\u0430\\u043b\\u0435\\u043d\\u0442\\u0438\\u043d\\u0430 \\u0411\\u043e\\u0436\\u0438\\u043d\\u043e\\u0432\\u0441\\u043a\\u0430, \\u0440\\u0435\\u0447\\u0435 \\u0434\\u0435\\u043a\\u0430 \\u043e\\u0432\\u0430 \\u0435 \\u201e\\u043d\\u043e\\u045c \\u043d\\u0430 \\u043d\\u043e\\u0436\\u0435\\u0432\\u0438\\u0442\\u0435\\u201c (\\u0424\\u043e\\u0442\\u043e: \\u0421\\u0414\\u041a.\\u041c\\u041a)\"},{\"@type\":\"WebPage\",\"@id\":\"https:\/\/sdk.mk\/index.php\/maqedonia\/kshz-ja-vazhdon-pasdite-protesta-e-vmro-dpmne-se-mbaroi-pa-trazira\/#webpage\",\"url\":\"https:\/\/sdk.mk\/index.php\/maqedonia\/kshz-ja-vazhdon-pasdite-protesta-e-vmro-dpmne-se-mbaroi-pa-trazira\/\",\"name\":\"KSHZ-JA VAZHDON PASDITE, PROTESTA E VMRO-DPMNE-S\\u00cb MBAROI PA TRAZIRA - \\u0421\\u0430\\u043a\\u0430\\u043c \\u0414\\u0430 \\u041a\\u0430\\u0436\\u0430\\u043c\",\"isPartOf\":{\"@id\":\"https:\/\/sdk.mk\/#website\"},\"primaryImageOfPage\":{\"@id\":\"https:\/\/sdk.mk\/index.php\/maqedonia\/kshz-ja-vazhdon-pasdite-protesta-e-vmro-dpmne-se-mbaroi-pa-trazira\/#primaryimage\"},\"datePublished\":\"2016-12-16T11:18:46+00:00\",\"dateModified\":\"2016-12-16T11:18:46+00:00\",\"author\":{\"@id\":\"https:\/\/sdk.mk\/#\/schema\/person\/3e8217f71bc38bd7c592f30c69e10e5a\"},\"inLanguage\":\"mk-MK\",\"potentialAction\":[{\"@type\":\"ReadAction\",\"target\":[\"https:\/\/sdk.mk\/index.php\/maqedonia\/kshz-ja-vazhdon-pasdite-protesta-e-vmro-dpmne-se-mbaroi-pa-trazira\/\"]}]},{\"@type\":\"Person\",\"@id\":\"https:\/\/sdk.mk\/#\/schema\/person\/3e8217f71bc38bd7c592f30c69e10e5a\",\"name\":\"\\u041c\\u0438\\u0440\\u043e\\u0441\\u043b\\u0430\\u0432 \\u0418\\u043b\\u0438\\u043e\\u0441\\u043a\\u0438\"}]}<\/script>\n<!-- \/ Yoast SEO Premium plugin. -->","_links":{"self":[{"href":"https:\/\/sdk.mk\/index.php\/wp-json\/wp\/v2\/posts\/18443"}],"collection":[{"href":"https:\/\/sdk.mk\/index.php\/wp-json\/wp\/v2\/posts"}],"about":[{"href":"https:\/\/sdk.mk\/index.php\/wp-json\/wp\/v2\/types\/post"}],"author":[{"embeddable":true,"href":"https:\/\/sdk.mk\/index.php\/wp-json\/wp\/v2\/users\/9"}],"replies":[{"embeddable":true,"href":"https:\/\/sdk.mk\/index.php\/wp-json\/wp\/v2\/comments?post=18443"}],"version-history":[{"count":0,"href":"https:\/\/sdk.mk\/index.php\/wp-json\/wp\/v2\/posts\/18443\/revisions"}],"wp:featuredmedia":[{"embeddable":true,"href":"https:\/\/sdk.mk\/index.php\/wp-json\/wp\/v2\/media\/18406"}],"wp:attachment":[{"href":"https:\/\/sdk.mk\/index.php\/wp-json\/wp\/v2\/media?parent=18443"}],"wp:term":[{"taxonomy":"category","embeddable":true,"href":"https:\/\/sdk.mk\/index.php\/wp-json\/wp\/v2\/categories?post=18443"},{"taxonomy":"post_tag","embeddable":true,"href":"https:\/\/sdk.mk\/index.php\/wp-json\/wp\/v2\/tags?post=18443"}],"curies":[{"name":"wp","href":"https:\/\/api.w.org\/{rel}","templated":true}]}}