{"id":184556,"date":"2022-12-14T10:50:46","date_gmt":"2022-12-14T09:50:46","guid":{"rendered":"https:\/\/sdk.mk\/?p=184556"},"modified":"2022-12-14T10:50:46","modified_gmt":"2022-12-14T09:50:46","slug":"gjykata-kushtetuese-shfuqizoi-nenin-qe-ndalonte-kompensimin-per-personat-qe-humbasin-shikimin-degjimin-kembet-qe-semuren-rende-dhe-mbeten-me-aftesi-te-kufizuara-pas-moshes-65-vjece","status":"publish","type":"post","link":"https:\/\/sdk.mk\/index.php\/maqedonia\/gjykata-kushtetuese-shfuqizoi-nenin-qe-ndalonte-kompensimin-per-personat-qe-humbasin-shikimin-degjimin-kembet-qe-semuren-rende-dhe-mbeten-me-aftesi-te-kufizuara-pas-moshes-65-vjece\/","title":{"rendered":"GJYKATA KUSHTETUESE SHFUQIZOI NENIN Q\u00cb NDALONTE KOMPENSIMIN P\u00cbR PERSONAT Q\u00cb HUMBASIN SHIKIMIN, D\u00cbGJIMIN, K\u00cbMB\u00cbT,  Q\u00cb S\u00cbMUREN R\u00cbND\u00cb DHE MBETEN ME AFT\u00cbSI T\u00cb KUFIZUARA PAS MOSH\u00cbS 65 VJE\u00c7E"},"content":{"rendered":"<div class=\"f52428582a4b906b2d2e2a7d733c7d27\" data-index=\"7\" style=\"float: none; margin:10px 0 10px 0; text-align:center;\">\n<!-- MSP Ads Asynchronous JS Tag - Generated with Revive Adserver v5.4.1 -->\r\n<ins data-revive-zoneid=\"167\" data-revive-id=\"060fdb01f6430ec164d3519234aa4967\"><\/ins>\r\n<script async src=\"\/\/panel.ads.com.mk\/www\/delivery\/asyncjs.php\"><\/script>\n<\/div>\n<p>Qytetar\u00ebt t\u00eb cil\u00ebve shteti u refuzoi t\u00eb merrnin kompensim p\u00ebr shkak humb\u00ebn d\u00ebgjimin, shikimin, gjymtyr\u00ebt, u s\u00ebmur\u00ebn r\u00ebnd\u00eb dhe u b\u00ebn\u00eb invalid\u00eb pasi kishin mbushur 65 vjet, tashm\u00eb do t\u00eb jen\u00eb t\u00eb barabart\u00eb me ata, t\u00eb cil\u00ebve u kan\u00eb ndodhur fatkeq\u00ebsi para mosh\u00ebs 65 vje\u00e7. N\u00eb seanc\u00ebn e sotme, Gjykata Kushtetuese shfuqizoi nenin 44, paragrafin dy, n\u00eb pjes\u00ebn: \u201cM\u00eb s\u00eb voni deri n\u00eb 65 vjet\u201d, nga Ligji p\u00ebr Mbrojtjen Sociale.<\/p>\n<p>Kjo dispozit\u00eb mbulon p\u00ebrdorimin e kompensimeve p\u00ebr shkak t\u00eb aft\u00ebsis\u00eb s\u00eb kufizuar. B\u00ebhet fjal\u00eb p\u00ebr nj\u00eb kompensim q\u00eb mund t\u00eb p\u00ebrdoret nga nj\u00eb person me aft\u00ebsi t\u00eb kufizuar intelektuale t\u00eb r\u00ebnd\u00eb ose t\u00eb thell\u00eb, me paaft\u00ebsi fizike m\u00eb t\u00eb r\u00ebnd\u00eb, nj\u00eb person i cili \u00ebsht\u00eb plot\u00ebsisht i verb\u00ebr ose nj\u00eb person q\u00eb \u00ebsht\u00eb plot\u00ebsisht i shurdh\u00ebr.<\/p>\n<p>Gjykata e hodhi posht\u00eb k\u00ebt\u00eb dispozit\u00eb sepse k\u00ebrc\u00ebnon parimin baz\u00eb t\u00eb barazis\u00eb s\u00eb qytetar\u00ebve para Kushtetut\u00ebs, pavar\u00ebsisht nga natyra dhe karakteristikat personale t\u00eb qytetar\u00ebve. P\u00ebrve\u00e7 k\u00ebsaj, tha z\u00ebdh\u00ebn\u00ebsja Hristina Belovska, ajo bie ndesh me dispozit\u00ebn themelore kushtetuese p\u00ebr sundimin e ligjit.<\/p>\n<p>SAKAMDAKAZAM.MK vazhdimisht ka shkruar p\u00ebr k\u00ebt\u00eb padrejt\u00ebsi ndaj qindra qytetar\u00ebve t\u00eb cil\u00ebt kan\u00eb pasur rrethana fatkeqe q\u00eb pas mosh\u00ebs 65 vje\u00e7are t\u00eb ken\u00eb nj\u00eb paaft\u00ebsi t\u00eb r\u00ebnd\u00eb. Ata t\u00eb cil\u00ebve u ndodh kjo para mosh\u00ebs 65 vje\u00e7, sipas ligjit t\u00eb padrejt\u00eb, mund t\u00eb paraqesin nj\u00eb k\u00ebrkes\u00eb dhe t\u00eb marrin nj\u00eb kompensim p\u00ebr gjith\u00eb pjes\u00ebn e\u00a0 mbetur t\u00eb jet\u00ebs.\u00a0 Nd\u00ebrkoh\u00eb personat mbi 65 vje\u00e7, t\u00eb cil\u00ebt u b\u00ebn\u00eb t\u00eb verb\u00ebr, t\u00eb shurdh\u00ebr apo me aft\u00ebsi t\u00eb kufizuara intelektuale dhe fizike, u refuzuan nga komisionet p\u00ebr procesin e m\u00ebtejsh\u00ebm t\u00eb p\u00ebrfitimit t\u00eb shtes\u00ebs p\u00ebr mobilitet.<\/p>\n<p><em><strong>S.K. DELEVSKA\u00a0<\/strong><\/em><\/p>\n<ul>\n<li><a href=\"https:\/\/sdk.mk\/index.php\/makedonija\/nemaat-pravo-na-pomosh-ako-napolnile-65-godini-luge-shto-go-izgubile-sluhot-i-vidot-teshko-povredeni-i-nepodvizhni-a-i-onie-so-teshka-mentalna-poprechenost-ombudsmanot-bara-promena-na-zakonot\/\"><strong><em>\u00a0N\u00cbSE B\u00cbHENI T\u00cb VERB\u00cbR OSE ME AFT\u00cbSI T\u00cb KUFIZUARA N\u00cb MOSH\u00cbN 65 APO M\u00cb VON\u00cb, NUK MUND T\u00cb K\u00cbRKONI KOMEPNSIM P\u00cbR AFT\u00cbSI T\u00cb KUFIZUARA,\u00a0 AVOKATI I POPULLIT I P\u00cbRGJIGJET DISKRIMINIMIT <\/em><\/strong><\/a><\/li>\n<li><a href=\"https:\/\/sdk.mk\/index.php\/makedonija\/nemaat-pravo-na-pomosh-ako-napolnile-65-godini-luge-shto-go-izgubile-sluhot-i-vidot-teshko-povredeni-i-nepodvizhni-a-i-onie-so-teshka-mentalna-poprechenost-ombudsmanot-bara-promena-na-zakonot\/\"><strong><em>\u00a0PERSONAT Q\u00cb KANE HUMBUR SHIKIMIN DHE D\u00cbGJIMIN,\u00a0 Q\u00cb JAN\u00cb T\u00cb L\u00cbNDUAR R\u00cbND\u00cb DHE T\u00cb PAL\u00cbVIZSH\u00cbM, SI DHE ATA ME AF\u00cbTSI T\u00cb KUFIZUARA T\u00cb R\u00cbNDA MENDORE, PAS MBYLLJES S\u00cb MOSH\u00cbS 65 VJE\u00c7, NUK KAN\u00cb T\u00cb DREJT\u00cb NDIHME, AVOKATI I POPULLIT K\u00cbRKON NDRYSHIM T\u00cb LIGJIT<\/em><\/strong><\/a><\/li>\n<\/ul>\n<p><em>\u00a0<\/em><\/p>\n\n<div style=\"font-size: 0px; height: 0px; line-height: 0px; margin: 0; padding: 0; clear: both;\"><\/div>","protected":false},"excerpt":{"rendered":"<p>Qytetar\u00ebt t\u00eb cil\u00ebve shteti u refuzoi t\u00eb merrnin kompensim p\u00ebr shkak humb\u00ebn d\u00ebgjimin, shikimin, gjymtyr\u00ebt, u s\u00ebmur\u00ebn r\u00ebnd\u00eb dhe u [&hellip;]<\/p>\n","protected":false},"author":25,"featured_media":183522,"comment_status":"closed","ping_status":"closed","sticky":false,"template":"","format":"standard","meta":{"_mo_disable_npp":"no","inline_featured_image":false},"categories":[3085,3087],"tags":[],"imageURL":"https:\/\/sdk.mk\/wp-content\/uploads\/2022\/12\/kika-ustaven-93498934-650x341.jpg","thumbURL":"https:\/\/sdk.mk\/wp-content\/uploads\/2022\/12\/kika-ustaven-93498934-250x131.jpg","categoryNames":["Histori t\u00eb parr\u00ebfyera","Maqedonia"],"feature_caption":"Ky nen antikushtetues dhe diskriminues u prezantua n\u00eb vitin 2019. - Z\u00ebdh\u00ebn\u00ebsja e Gjykat\u00ebs Kushtetuese Hristina Bellovska. (Foto: Gjykata Kushtetuese) ","subtitle":"","views":"28","source":"Shkup, (SAKAMDAKAZAM.MK)","yoast_head":"<!-- This site is optimized with the Yoast SEO Premium plugin v15.0 - https:\/\/yoast.com\/wordpress\/plugins\/seo\/ -->\n<title>GJYKATA KUSHTETUESE SHFUQIZOI NENIN Q\u00cb NDALONTE KOMPENSIMIN P\u00cbR PERSONAT Q\u00cb HUMBASIN SHIKIMIN, D\u00cbGJIMIN, K\u00cbMB\u00cbT, Q\u00cb S\u00cbMUREN R\u00cbND\u00cb DHE MBETEN ME AFT\u00cbSI T\u00cb KUFIZUARA PAS MOSH\u00cbS 65 VJE\u00c7E - \u0421\u0430\u043a\u0430\u043c \u0414\u0430 \u041a\u0430\u0436\u0430\u043c<\/title>\n<meta name=\"robots\" content=\"index, follow, max-snippet:-1, max-image-preview:large, max-video-preview:-1\" \/>\n<link rel=\"canonical\" href=\"https:\/\/sdk.mk\/index.php\/maqedonia\/gjykata-kushtetuese-shfuqizoi-nenin-qe-ndalonte-kompensimin-per-personat-qe-humbasin-shikimin-degjimin-kembet-qe-semuren-rende-dhe-mbeten-me-aftesi-te-kufizuara-pas-moshes-65-vjece\/\" \/>\n<meta property=\"og:locale\" content=\"mk_MK\" \/>\n<meta property=\"og:type\" content=\"article\" \/>\n<meta property=\"og:title\" content=\"GJYKATA KUSHTETUESE SHFUQIZOI NENIN Q\u00cb NDALONTE KOMPENSIMIN P\u00cbR PERSONAT Q\u00cb HUMBASIN SHIKIMIN, D\u00cbGJIMIN, K\u00cbMB\u00cbT, Q\u00cb S\u00cbMUREN R\u00cbND\u00cb DHE MBETEN ME AFT\u00cbSI T\u00cb KUFIZUARA PAS MOSH\u00cbS 65 VJE\u00c7E - \u0421\u0430\u043a\u0430\u043c \u0414\u0430 \u041a\u0430\u0436\u0430\u043c\" \/>\n<meta property=\"og:description\" content=\"Qytetar\u00ebt t\u00eb cil\u00ebve shteti u refuzoi t\u00eb merrnin kompensim p\u00ebr shkak humb\u00ebn d\u00ebgjimin, shikimin, gjymtyr\u00ebt, u s\u00ebmur\u00ebn r\u00ebnd\u00eb dhe u [&hellip;]\" \/>\n<meta property=\"og:url\" content=\"https:\/\/sdk.mk\/index.php\/maqedonia\/gjykata-kushtetuese-shfuqizoi-nenin-qe-ndalonte-kompensimin-per-personat-qe-humbasin-shikimin-degjimin-kembet-qe-semuren-rende-dhe-mbeten-me-aftesi-te-kufizuara-pas-moshes-65-vjece\/\" \/>\n<meta property=\"og:site_name\" content=\"\u0421\u0430\u043a\u0430\u043c \u0414\u0430 \u041a\u0430\u0436\u0430\u043c\" \/>\n<meta property=\"article:published_time\" content=\"2022-12-14T09:50:46+00:00\" \/>\n<meta property=\"og:image\" content=\"https:\/\/sdk.mk\/wp-content\/uploads\/2022\/12\/kika-ustaven-93498934.jpg\" \/>\n\t<meta property=\"og:image:width\" content=\"800\" \/>\n\t<meta property=\"og:image:height\" content=\"420\" \/>\n<meta property=\"fb:app_id\" content=\"2407985809428537\" \/>\n<meta name=\"twitter:card\" content=\"summary\" \/>\n<script type=\"application\/ld+json\" class=\"yoast-schema-graph\">{\"@context\":\"https:\/\/schema.org\",\"@graph\":[{\"@type\":\"WebSite\",\"@id\":\"https:\/\/sdk.mk\/#website\",\"url\":\"https:\/\/sdk.mk\/\",\"name\":\"\\u0421\\u0430\\u043a\\u0430\\u043c \\u0414\\u0430 \\u041a\\u0430\\u0436\\u0430\\u043c\",\"description\":\"\\u0417\\u0430 \\u0441\\u043b\\u043e\\u0431\\u043e\\u0434\\u043e\\u0443\\u043c\\u043d\\u0438\",\"potentialAction\":[{\"@type\":\"SearchAction\",\"target\":\"https:\/\/sdk.mk\/?s={search_term_string}\",\"query-input\":\"required name=search_term_string\"}],\"inLanguage\":\"mk-MK\"},{\"@type\":\"ImageObject\",\"@id\":\"https:\/\/sdk.mk\/index.php\/maqedonia\/gjykata-kushtetuese-shfuqizoi-nenin-qe-ndalonte-kompensimin-per-personat-qe-humbasin-shikimin-degjimin-kembet-qe-semuren-rende-dhe-mbeten-me-aftesi-te-kufizuara-pas-moshes-65-vjece\/#primaryimage\",\"inLanguage\":\"mk-MK\",\"url\":\"https:\/\/sdk.mk\/wp-content\/uploads\/2022\/12\/kika-ustaven-93498934.jpg\",\"width\":800,\"height\":420},{\"@type\":\"WebPage\",\"@id\":\"https:\/\/sdk.mk\/index.php\/maqedonia\/gjykata-kushtetuese-shfuqizoi-nenin-qe-ndalonte-kompensimin-per-personat-qe-humbasin-shikimin-degjimin-kembet-qe-semuren-rende-dhe-mbeten-me-aftesi-te-kufizuara-pas-moshes-65-vjece\/#webpage\",\"url\":\"https:\/\/sdk.mk\/index.php\/maqedonia\/gjykata-kushtetuese-shfuqizoi-nenin-qe-ndalonte-kompensimin-per-personat-qe-humbasin-shikimin-degjimin-kembet-qe-semuren-rende-dhe-mbeten-me-aftesi-te-kufizuara-pas-moshes-65-vjece\/\",\"name\":\"GJYKATA KUSHTETUESE SHFUQIZOI NENIN Q\\u00cb NDALONTE KOMPENSIMIN P\\u00cbR PERSONAT Q\\u00cb HUMBASIN SHIKIMIN, D\\u00cbGJIMIN, K\\u00cbMB\\u00cbT, Q\\u00cb S\\u00cbMUREN R\\u00cbND\\u00cb DHE MBETEN ME AFT\\u00cbSI T\\u00cb KUFIZUARA PAS MOSH\\u00cbS 65 VJE\\u00c7E - \\u0421\\u0430\\u043a\\u0430\\u043c \\u0414\\u0430 \\u041a\\u0430\\u0436\\u0430\\u043c\",\"isPartOf\":{\"@id\":\"https:\/\/sdk.mk\/#website\"},\"primaryImageOfPage\":{\"@id\":\"https:\/\/sdk.mk\/index.php\/maqedonia\/gjykata-kushtetuese-shfuqizoi-nenin-qe-ndalonte-kompensimin-per-personat-qe-humbasin-shikimin-degjimin-kembet-qe-semuren-rende-dhe-mbeten-me-aftesi-te-kufizuara-pas-moshes-65-vjece\/#primaryimage\"},\"datePublished\":\"2022-12-14T09:50:46+00:00\",\"dateModified\":\"2022-12-14T09:50:46+00:00\",\"author\":{\"@id\":\"https:\/\/sdk.mk\/#\/schema\/person\/737021aeacbe893f7e2c347186c5c7a1\"},\"inLanguage\":\"mk-MK\",\"potentialAction\":[{\"@type\":\"ReadAction\",\"target\":[\"https:\/\/sdk.mk\/index.php\/maqedonia\/gjykata-kushtetuese-shfuqizoi-nenin-qe-ndalonte-kompensimin-per-personat-qe-humbasin-shikimin-degjimin-kembet-qe-semuren-rende-dhe-mbeten-me-aftesi-te-kufizuara-pas-moshes-65-vjece\/\"]}]},{\"@type\":\"Person\",\"@id\":\"https:\/\/sdk.mk\/#\/schema\/person\/737021aeacbe893f7e2c347186c5c7a1\",\"name\":\"\\u0424\\u0458\\u043e\\u043b\\u0430 \\u0417\\u043b\\u0430\\u0442\\u043a\\u0443\"}]}<\/script>\n<!-- \/ Yoast SEO Premium plugin. -->","_links":{"self":[{"href":"https:\/\/sdk.mk\/index.php\/wp-json\/wp\/v2\/posts\/184556"}],"collection":[{"href":"https:\/\/sdk.mk\/index.php\/wp-json\/wp\/v2\/posts"}],"about":[{"href":"https:\/\/sdk.mk\/index.php\/wp-json\/wp\/v2\/types\/post"}],"author":[{"embeddable":true,"href":"https:\/\/sdk.mk\/index.php\/wp-json\/wp\/v2\/users\/25"}],"replies":[{"embeddable":true,"href":"https:\/\/sdk.mk\/index.php\/wp-json\/wp\/v2\/comments?post=184556"}],"version-history":[{"count":0,"href":"https:\/\/sdk.mk\/index.php\/wp-json\/wp\/v2\/posts\/184556\/revisions"}],"wp:featuredmedia":[{"embeddable":true,"href":"https:\/\/sdk.mk\/index.php\/wp-json\/wp\/v2\/media\/183522"}],"wp:attachment":[{"href":"https:\/\/sdk.mk\/index.php\/wp-json\/wp\/v2\/media?parent=184556"}],"wp:term":[{"taxonomy":"category","embeddable":true,"href":"https:\/\/sdk.mk\/index.php\/wp-json\/wp\/v2\/categories?post=184556"},{"taxonomy":"post_tag","embeddable":true,"href":"https:\/\/sdk.mk\/index.php\/wp-json\/wp\/v2\/tags?post=184556"}],"curies":[{"name":"wp","href":"https:\/\/api.w.org\/{rel}","templated":true}]}}