{"id":185484,"date":"2022-12-26T16:54:29","date_gmt":"2022-12-26T15:54:29","guid":{"rendered":"https:\/\/sdk.mk\/?p=185484"},"modified":"2022-12-26T16:54:29","modified_gmt":"2022-12-26T15:54:29","slug":"buldozher-per-insieme-n","status":"publish","type":"post","link":"https:\/\/sdk.mk\/index.php\/dua-te-them\/buldozher-per-insieme-n\/","title":{"rendered":"BULDOZHER P\u00cbR \u201cINSIEME\u201d-N"},"content":{"rendered":"<div class=\"f52428582a4b906b2d2e2a7d733c7d27\" data-index=\"7\" style=\"float: none; margin:10px 0 10px 0; text-align:center;\">\n<!-- MSP Ads Asynchronous JS Tag - Generated with Revive Adserver v5.4.1 -->\r\n<ins data-revive-zoneid=\"167\" data-revive-id=\"060fdb01f6430ec164d3519234aa4967\"><\/ins>\r\n<script async src=\"\/\/panel.ads.com.mk\/www\/delivery\/asyncjs.php\"><\/script>\n<\/div>\n<p><span class=\"dropcap color firstcharacter\">1<\/span> N\u00ebse n\u00eb nj\u00eb anket\u00eb p\u00ebr mendimin publik politik, pyetja \u00ebsht\u00eb: \u201cCili \u00ebsht\u00eb peroni ndaj t\u00eb cilit jeni anuar m\u00eb shum\u00eb\u201d, 7 p\u00ebrqind t\u00eb t\u00eb anketuarve p\u00ebrgjigjen me Nikolla Gruevskin, ky \u00ebsht\u00eb v\u00ebrtetimi m\u00eb i madh p\u00ebr d\u00ebshtimin e LSDM-s\u00eb. E madje, edhe p\u00ebr d\u00ebshtimin e Hristijan Mickoskit. Ato 7 p\u00ebrqind jan\u00eb nj\u00eb rezultat super i dob\u00ebt p\u00ebr nj\u00eb lider politik, por megjithasht\u00eb jan\u00eb m\u00eb shum\u00eb se kryeministri Hristijn Mickoski me 6 p\u00ebrqind, n\u00eb anket\u00ebn q\u00eb e b\u00ebri Instituti amerikan nd\u00ebrkomb\u00ebtar republikan (IRI).<br \/>\nVet\u00eb p\u00ebrqindja \u00ebsht\u00eb n\u00eb korniza t\u00eb nj\u00eb gabimi statistikor. Por, \u00ebsht\u00eb fakt se pas gjasht\u00eb vjet\u00ebve q\u00eb kur nuk \u00ebsht\u00eb n\u00eb pushtet dhe kat\u00ebr vjeteve q\u00eb kur u largua nga shteti, emri i Gruevskit vazhdon t\u00eb lidhet me nj\u00eb politikan ndaj t\u00eb cilit ia vlen t\u00eb anohesh \u2013 njeriu q\u00eb e rob\u00ebroi shtetin dke na p\u00ebrgjuar, vjedhur n\u00eb zgjedhje, q\u00eb na i shkat\u00ebrronte mediat, q\u00eb na e rob\u00ebroi gjyq\u00ebsin\u00eb, e p\u00ebrvet\u00ebsoi policin\u00eb dhe sh\u00ebrbimet sekrete, i grabiti t\u00eb gjitha bizneset m\u00eb fitiprur\u00ebse duke mbyllur biznese t\u00eb t\u00eb tjer\u00ebve, organizoi sulm t\u00eb armatosur t\u00eb Kuvendit, dhe n\u00eb fund, me parat\u00eb q\u00eb i vodhi prej nesh u largua n\u00eb bagazh dhe nga Budapesti na falenderon p\u00ebr besimin.<\/p>\n<p>Kush do ta kujtonte Gruevskin apo do ta llogariste se ekziston, n\u00ebse LSDM-ja n\u00eb gjasht\u00eb vjet\u00ebt e fundit do t\u00eb kishte siguruar jet\u00eb m\u00eb cil\u00ebsore? Pas gjasht\u00eb vjet\u00ebsh pa Gruevskin, qeveria vler\u00ebsohet p\u00ebr nga ajo se sa na ka siguruar jet\u00eb m\u00eb t\u00eb mir\u00eb, e jo p\u00ebr nga ajo se sa na e ka shkat\u00ebrruar jet\u00ebn Gruevski. Jo vet\u00ebm q\u00eb nuk ka ndryshuar cil\u00ebsia e jet\u00ebs, jo vet\u00ebm q\u00eb nuk kan\u00eb arritur t\u00eb sigurojn\u00eb sh\u00ebndet\u00ebsi m\u00eb t\u00eb mir\u00eb, arsim m\u00eb t\u00eb mir\u00eb, administrat\u00eb publike m\u00eb efikase, korrupsion m\u00eb t\u00eb ul\u00ebt, shtet m\u00eb t\u00eb rregullt, kushte njer\u00ebzore p\u00ebr jetes\u00eb n\u00eb komuna, partizim m\u00eb r\u00eb ul\u00ebt, qasje n\u00eb drejt\u00ebsi\u2026Her\u00eb paska qen\u00eb marr\u00ebveshje me Fronteksin, her\u00eb jo. Her\u00eb Kova\u00e7evskit i \u00ebsht\u00eb rritur rejtingu p\u00ebr 1,4 p\u00ebrqind n\u00eb muaj, her\u00eb jo. Her\u00eb korrupsionin e kan\u00eb fshehur pas patriotizmit t\u00eb \u201cNj\u00eb em\u00ebr kemi\u201d, her\u00eb pas evropeizmit t\u00eb \u201cInsieme\u201d-s. Se a vjedhin n\u00eb em\u00ebr t\u00eb maqedonizmit apo t\u00eb integrimeve n\u00eb BE, s\u2019ka dallim.<\/p>\n<p>\u00cbsht\u00eb akoma m\u00eb keq. Na e kan\u00eb vrar\u00eb shpres\u00ebn.<\/p>\n<p><span class=\"dropcap color firstcharacter\">2 <\/span> Nuk \u00ebsht\u00eb nj\u00ebsoj. Tani jemi NATO. U b\u00ebm\u00eb viktim\u00eb q\u00eb t\u00eb hym\u00eb n\u00eb NATO dhe e ndryshuam emrin e shtetit. Por, \u00e7far\u00eb b\u00ebri tjet\u00ebr shteti ve\u00e7se q\u00eb edhe gjasht\u00eb vjet pas Gruevskit ende na k\u00ebrc\u00ebnohet se do t\u00eb na kthehet \u2013 Gruevski?<br \/>\nSakrifica e re q\u00eb do ta k\u00ebrkohet \u00ebsht\u00eb q\u00eb s\u00ebrish t\u00eb ndryshohet Kushtetuta dhe t\u00eb futen bullgar\u00ebt n\u00eb Preambul\u00eb, edhe pse kjo nuk \u00ebsht\u00eb asnj\u00eb lloj garance se Bullgaria nuk do ta keqp\u00ebrdor\u00eb an\u00ebtar\u00ebsin\u00eb e saj n\u00eb BE dhe q\u00eb nuk do t\u00eb na bllokoj\u00eb pafund\u00ebsisht. Sidomos q\u00eb me veton bullgare pam\u00eb se fjala e dh\u00ebn\u00eb\u00a0 nuk ka vler\u00eb, e as vlera themelore dhe parimet mbi t\u00eb cilat themelohet ideja e BE-s\u00eb shkelen nga vet\u00eb an\u00ebtaret e BE-s\u00eb. E ndoshta kurr\u00eb nuk do t\u00eb hyjm\u00eb n\u00eb BE.<\/p>\n<p>Sekretari gjeneral i LSDM-s\u00eb Mile Ze\u00e7eviq-Vardarski, n\u00eb tubimin partiak t\u00eb jav\u00ebs s\u00eb kaluar n\u00eb \u201cBoris Trajkovski\u201d n\u00eb Shkup tha se \u201cnuk do t\u00eb ket\u00eb kompromis p\u00ebr t\u00eb ardhmen\u201d dhe u k\u00ebrc\u00ebnuar \u201cDo ta shkelim si buldozher secilin q\u00eb do t\u00eb pengohet n\u00eb at\u00eb rrug\u00eb\u201d.<\/p>\n<p>LSDM-ja dhe VMRO-DPMNE-ja nuk jan\u00eb t\u00eb nj\u00ebjta. T\u00eb pakt\u00ebn liria e fjal\u00ebs dhe e mendimit nuk jan\u00eb bllokuar si n\u00eb koh\u00ebn e Gruevskit, kur k\u00ebrc\u00ebnoheshin me hedhjen n\u00eb hendek. Merret frym\u00eb m\u00eb lirsh\u00ebm. Mir\u00ebpo, liria \u00ebsht\u00eb pun\u00eb relative. Retorika nga tubimi n\u00eb \u201cBoris Trajkovski\u201d, p\u00ebr shkak t\u00eb t\u00eb cilit ishte bllokuar gjysma e Shkupit, ishte e tmerrshme dhe t\u00eb kujtonte mu ato koh\u00ebra q\u00eb p\u00ebrpiqemi t\u2019i harrojm\u00eb.<\/p>\n<p><span class=\"dropcap color firstcharacter\">3<\/span> Presidenti Stevo Pendarovski n\u00eb fjalimin vjetor n\u00eb Kuvend tha se \u201cnuk do t\u00eb ket\u00eb drejt\u00ebsi p\u00ebrserisa jan\u00eb n\u00eb liri gjykat\u00ebsit dhe prokuror\u00ebt q\u00eb marrin vendime kandaloze, pas t\u00eb cilave me siguri q\u00ebndrojn\u00eb motive korruptuese\u201d.<br \/>\nNuk \u00ebsht\u00eb tamam ashtu. Ja, Katica Janeva nuk \u00ebsht\u00eb n\u00eb liri. Prokurorja speciale p\u00ebrfundoi n\u00eb burg, e njer\u00ebzit m\u00eb t\u00eb r\u00ebnd\u00ebsish\u00ebm t\u00eb cil\u00ebt ajo i akuzoi jan\u00eb n\u00eb liri ose do t\u2019u vjet\u00ebrohen veprat.<\/p>\n<p>N\u00eb librat e ardhsh\u00ebm shkollor\u00eb, p\u00ebr k\u00ebt\u00eb periudh\u00eb t\u00eb historis\u00eb euroatlantike t\u00eb Maqedonis\u00eb, f\u00ebmij\u00ebt do t\u00eb m\u00ebsojn\u00eb se maqedonoasit ia nd\u00ebrruan shtetit emrin dhe i fut\u00ebn bullgar\u00ebt n\u00eb Kushtetut\u00eb n\u00eb m\u00ebnyr\u00eb q\u00eb Sasho Mijallkovi t\u00eb mos shkoj\u00eb n\u00eb Idrizov\u00eb, nd\u00ebrsa kush\u00ebriri i tij Nikolla Gruevski ta analizoj\u00eb Frojdin dhe veprimtarin\u00eb e Ko\u00e7o Racinit, teksa \u00ebnd\u00ebrron n\u00eb Budapest se si do t\u00eb kal\u00ebroj\u00eb mbi nj\u00eb kal\u00eb t\u00eb bardh\u00eb n\u00ebn koqet e Bukefalit n\u00eb sheshin e shkat\u00ebrruar Maqedonia t\u00eb Shkupit.<\/p>\n<p><em><strong>P\u00ebrktheu: Fjolla Zllatku\u00a0<\/strong><\/em><\/p>\n<p>&nbsp;<\/p>\n\n<div style=\"font-size: 0px; height: 0px; line-height: 0px; margin: 0; padding: 0; clear: both;\"><\/div>","protected":false},"excerpt":{"rendered":"<p>N\u00ebse n\u00eb nj\u00eb anket\u00eb p\u00ebr mendimin publik politik, pyetja \u00ebsht\u00eb: \u201cCili \u00ebsht\u00eb peroni ndaj t\u00eb cilit jeni anuar m\u00eb shum\u00eb\u201d, [&hellip;]<\/p>\n","protected":false},"author":25,"featured_media":0,"comment_status":"closed","ping_status":"closed","sticky":false,"template":"","format":"standard","meta":{"_mo_disable_npp":"no","inline_featured_image":false},"categories":[1825],"tags":[],"imageURL":false,"thumbURL":false,"categoryNames":["DUA T\u00cb THEM"],"feature_caption":"","subtitle":"Se a vjedhin n\u00eb em\u00ebr t\u00eb maqedonizmit apo t\u00eb integrimeve n\u00eb BE, s\u2019ka dallim","views":"43","source":"Shkup, (SAKAMDAKAZAM.MK)","yoast_head":"<!-- This site is optimized with the Yoast SEO Premium plugin v15.0 - https:\/\/yoast.com\/wordpress\/plugins\/seo\/ -->\n<title>BULDOZHER P\u00cbR \u201cINSIEME\u201d-N - \u0421\u0430\u043a\u0430\u043c \u0414\u0430 \u041a\u0430\u0436\u0430\u043c<\/title>\n<meta name=\"robots\" content=\"index, follow, max-snippet:-1, max-image-preview:large, max-video-preview:-1\" \/>\n<link rel=\"canonical\" href=\"https:\/\/sdk.mk\/index.php\/dua-te-them\/buldozher-per-insieme-n\/\" \/>\n<meta property=\"og:locale\" content=\"mk_MK\" \/>\n<meta property=\"og:type\" content=\"article\" \/>\n<meta property=\"og:title\" content=\"BULDOZHER P\u00cbR \u201cINSIEME\u201d-N - \u0421\u0430\u043a\u0430\u043c \u0414\u0430 \u041a\u0430\u0436\u0430\u043c\" \/>\n<meta property=\"og:description\" content=\"N\u00ebse n\u00eb nj\u00eb anket\u00eb p\u00ebr mendimin publik politik, pyetja \u00ebsht\u00eb: \u201cCili \u00ebsht\u00eb peroni ndaj t\u00eb cilit jeni anuar m\u00eb shum\u00eb\u201d, [&hellip;]\" \/>\n<meta property=\"og:url\" content=\"https:\/\/sdk.mk\/index.php\/dua-te-them\/buldozher-per-insieme-n\/\" \/>\n<meta property=\"og:site_name\" content=\"\u0421\u0430\u043a\u0430\u043c \u0414\u0430 \u041a\u0430\u0436\u0430\u043c\" \/>\n<meta property=\"article:published_time\" content=\"2022-12-26T15:54:29+00:00\" \/>\n<meta property=\"og:image\" content=\"https:\/\/sdk.mk\/wp-content\/uploads\/2015\/12\/goran-mihailovski2.jpg\" \/>\n\t<meta property=\"og:image:width\" content=\"400\" \/>\n\t<meta property=\"og:image:height\" content=\"313\" \/>\n<meta property=\"fb:app_id\" content=\"2407985809428537\" \/>\n<meta name=\"twitter:card\" content=\"summary\" \/>\n<script type=\"application\/ld+json\" class=\"yoast-schema-graph\">{\"@context\":\"https:\/\/schema.org\",\"@graph\":[{\"@type\":\"WebSite\",\"@id\":\"https:\/\/sdk.mk\/#website\",\"url\":\"https:\/\/sdk.mk\/\",\"name\":\"\\u0421\\u0430\\u043a\\u0430\\u043c \\u0414\\u0430 \\u041a\\u0430\\u0436\\u0430\\u043c\",\"description\":\"\\u0417\\u0430 \\u0441\\u043b\\u043e\\u0431\\u043e\\u0434\\u043e\\u0443\\u043c\\u043d\\u0438\",\"potentialAction\":[{\"@type\":\"SearchAction\",\"target\":\"https:\/\/sdk.mk\/?s={search_term_string}\",\"query-input\":\"required name=search_term_string\"}],\"inLanguage\":\"mk-MK\"},{\"@type\":\"WebPage\",\"@id\":\"https:\/\/sdk.mk\/index.php\/dua-te-them\/buldozher-per-insieme-n\/#webpage\",\"url\":\"https:\/\/sdk.mk\/index.php\/dua-te-them\/buldozher-per-insieme-n\/\",\"name\":\"BULDOZHER P\\u00cbR \\u201cINSIEME\\u201d-N - \\u0421\\u0430\\u043a\\u0430\\u043c \\u0414\\u0430 \\u041a\\u0430\\u0436\\u0430\\u043c\",\"isPartOf\":{\"@id\":\"https:\/\/sdk.mk\/#website\"},\"datePublished\":\"2022-12-26T15:54:29+00:00\",\"dateModified\":\"2022-12-26T15:54:29+00:00\",\"author\":{\"@id\":\"https:\/\/sdk.mk\/#\/schema\/person\/737021aeacbe893f7e2c347186c5c7a1\"},\"inLanguage\":\"mk-MK\",\"potentialAction\":[{\"@type\":\"ReadAction\",\"target\":[\"https:\/\/sdk.mk\/index.php\/dua-te-them\/buldozher-per-insieme-n\/\"]}]},{\"@type\":\"Person\",\"@id\":\"https:\/\/sdk.mk\/#\/schema\/person\/737021aeacbe893f7e2c347186c5c7a1\",\"name\":\"\\u0424\\u0458\\u043e\\u043b\\u0430 \\u0417\\u043b\\u0430\\u0442\\u043a\\u0443\"}]}<\/script>\n<!-- \/ Yoast SEO Premium plugin. -->","_links":{"self":[{"href":"https:\/\/sdk.mk\/index.php\/wp-json\/wp\/v2\/posts\/185484"}],"collection":[{"href":"https:\/\/sdk.mk\/index.php\/wp-json\/wp\/v2\/posts"}],"about":[{"href":"https:\/\/sdk.mk\/index.php\/wp-json\/wp\/v2\/types\/post"}],"author":[{"embeddable":true,"href":"https:\/\/sdk.mk\/index.php\/wp-json\/wp\/v2\/users\/25"}],"replies":[{"embeddable":true,"href":"https:\/\/sdk.mk\/index.php\/wp-json\/wp\/v2\/comments?post=185484"}],"version-history":[{"count":0,"href":"https:\/\/sdk.mk\/index.php\/wp-json\/wp\/v2\/posts\/185484\/revisions"}],"wp:attachment":[{"href":"https:\/\/sdk.mk\/index.php\/wp-json\/wp\/v2\/media?parent=185484"}],"wp:term":[{"taxonomy":"category","embeddable":true,"href":"https:\/\/sdk.mk\/index.php\/wp-json\/wp\/v2\/categories?post=185484"},{"taxonomy":"post_tag","embeddable":true,"href":"https:\/\/sdk.mk\/index.php\/wp-json\/wp\/v2\/tags?post=185484"}],"curies":[{"name":"wp","href":"https:\/\/api.w.org\/{rel}","templated":true}]}}