{"id":189267,"date":"2023-02-22T08:01:18","date_gmt":"2023-02-22T07:01:18","guid":{"rendered":"https:\/\/sdk.mk\/?p=189267"},"modified":"2023-02-22T08:01:18","modified_gmt":"2023-02-22T07:01:18","slug":"ju-njoftojme-me-semundjet-e-rralla-amiloidoza","status":"publish","type":"post","link":"https:\/\/sdk.mk\/index.php\/maqedonia\/ju-njoftojme-me-semundjet-e-rralla-amiloidoza\/","title":{"rendered":"JU NJOFTOJM\u00cb ME S\u00cbMUNDJET E RRALLA: AMILOIDOZA"},"content":{"rendered":"<div class=\"f52428582a4b906b2d2e2a7d733c7d27\" data-index=\"7\" style=\"float: none; margin:10px 0 10px 0; text-align:center;\">\n<!-- MSP Ads Asynchronous JS Tag - Generated with Revive Adserver v5.4.1 -->\r\n<ins data-revive-zoneid=\"167\" data-revive-id=\"060fdb01f6430ec164d3519234aa4967\"><\/ins>\r\n<script async src=\"\/\/panel.ads.com.mk\/www\/delivery\/asyncjs.php\"><\/script>\n<\/div>\n<p class=\"western\" align=\"left\"><span style=\"font-size: medium;\"><i><b>Amiloidoza<\/b><\/i><\/span><\/p>\n<p class=\"western\" align=\"left\"><span style=\"font-size: medium;\">I<\/span><span style=\"font-size: medium;\">CD E85.0 E85.1 E85.2 E85.3 E85.4 E85.8 E85.9<\/span><\/p>\n<p class=\"western\" align=\"left\"><span style=\"font-size: medium;\">Prevalenca: e panjohur<\/span><\/p>\n<p class=\"western\" align=\"left\"><span style=\"font-size: medium;\">Amiloidoza \u00ebsht\u00eb nj\u00eb s\u00ebmundje e shkaktuar nga akumulimi i amiloideve n\u00eb organet dhe indet e trupit. Amiloidet jan\u00eb nj\u00eb grup proteinash fibrine (me qime). Zakonisht prodhohen nga qelizat n\u00eb palc\u00ebn e eshtrave dhe mund t\u00eb ruhen n\u00eb \u00e7do ind apo organ. Amiloidoza \u00ebsht\u00eb e rrall\u00eb dhe shkaku i saj shpesh nuk dihet. Trajtimi synon t\u00eb leht\u00ebsoj\u00eb simptomat dhe t\u00eb kufizoj\u00eb prodhimin e amiloidit.<\/span><\/p>\n<p class=\"western\" align=\"left\"><span style=\"font-size: medium;\"><b>Simptomat:<\/b><\/span><\/p>\n<p class=\"western\" align=\"left\"><span style=\"font-size: medium;\">Shenjat dhe simptomat varen nga organet e p\u00ebrfshira. Kur shenjat dhe simptomat jan\u00eb t\u00eb dukshme, ato mund t\u00eb p\u00ebrfshijn\u00eb: \u00ebnjtje t\u00eb ky\u00e7eve dhe k\u00ebmb\u00ebve, dob\u00ebsi, humbje t\u00eb konsiderueshme n\u00eb pesh\u00eb, v\u00ebshtir\u00ebsi n\u00eb frym\u00ebmarrje, lodhje, ngurt\u00ebsi n\u00eb krah\u00eb dhe k\u00ebmb\u00eb, diarre ose kapsll\u00ebk, zgjatje t\u00eb gjuh\u00ebs, ndryshime t\u00eb l\u00ebkur\u00ebs &#8211; trashje ose mavijosje t\u00eb leht\u00eb , v\u00ebshtir\u00ebsi n\u00eb g\u00eblltitje, proteinuri etj.<\/span><\/p>\n<p class=\"western\" align=\"left\"><span style=\"font-size: medium;\">Amiloidoza primare:<\/span><\/p>\n<p class=\"western\" align=\"left\"><span style=\"font-size: medium;\">Forma m\u00eb e zakonshme e amiloidit mund t\u00eb prek\u00eb shum\u00eb organe, si zemr\u00ebn, veshkat, m\u00ebl\u00e7in\u00eb, shpretk\u00ebn, nervat, zorr\u00ebt, l\u00ebkur\u00ebn, gjuh\u00ebn dhe en\u00ebt e gjakut. Amiloidoza primare nuk shoq\u00ebrohet me s\u00ebmundje t\u00eb tjera p\u00ebrve\u00e7 mielom\u00ebs s\u00eb shum\u00ebfisht\u00eb si form\u00eb e kancerit t\u00eb palc\u00ebs kockore.Shkaku i sakt\u00eb i amiloidoz\u00ebs primare nuk dihet, por dihet se s\u00ebmundja fillon n\u00eb palc\u00ebn e eshtrave. P\u00ebrve\u00e7 prodhimit t\u00eb qelizave t\u00eb kuqe dhe t\u00eb bardha t\u00eb gjakut dhe trombociteve, palca e eshtrave prodhon antitrupa, proteina dhe mbrojtje kund\u00ebr infeksioneve dhe s\u00ebmundjeve. Pasi antitrupat t\u00eb ken\u00eb p\u00ebrmbushur detyr\u00ebn e tyre, ato zb\u00ebrthehen dhe riciklohen. Amiloidoza ndodh kur qelizat nga palca e eshtrave fillojn\u00eb t\u00eb prodhojn\u00eb antitrupa dhe nuk munden t\u00eb shp\u00ebrb\u00ebhen. K\u00ebto antitrupa grumbullohen n\u00eb qarkullimin e gjakut. P\u00ebrfundimisht, ato largohen nga qarkullimi i gjakut dhe mund t\u00eb grumbullohen n\u00eb inde si amiloide, gj\u00eb q\u00eb nd\u00ebrhyn n\u00eb funksionimin normal.<\/span><\/p>\n<p class=\"western\" align=\"left\"><span style=\"font-size: medium;\">Amiloidoza sekondare:<\/span><\/p>\n<p class=\"western\" align=\"left\"><span style=\"font-size: medium;\">Kjo form\u00eb shfaqet me infeksione kronike ose s\u00ebmundje inflamatore, si tuberkulozi, artriti inflamator dhe siliosteomielitis. Ai prek veshkat, shpretk\u00ebn, m\u00ebl\u00e7in\u00eb dhe nyjet limfatike, megjith\u00ebse mund t\u00eb prek\u00eb organe t\u00eb tjera. Trajtimi i s\u00ebmundjes themelore mund t\u00eb ndihmoj\u00eb n\u00eb parandalimin e p\u00ebrparimit t\u00eb k\u00ebsaj forme t\u00eb amiloidoz\u00ebs.<\/span><\/p>\n<p class=\"western\" align=\"left\"><span style=\"font-size: medium;\">Amiloidoza e trash\u00ebguar:<\/span><\/p>\n<p class=\"western\" align=\"left\"><span style=\"font-size: medium;\">Si\u00e7 n\u00ebnkupton edhe emri, kjo form\u00eb e amiloidoz\u00ebs \u00ebsht\u00eb e trash\u00ebgueshme. Shpesh prek m\u00ebl\u00e7in\u00eb, nervat, zemr\u00ebn dhe veshkat.<\/span><\/p>\n<p class=\"western\" align=\"left\"><span style=\"font-size: medium;\">Amiloidoza e lidhur me hemodializ\u00ebn:<\/span><\/p>\n<p class=\"western\" align=\"left\"><span style=\"font-size: medium;\">Kjo form\u00eb e amiloidoz\u00ebs zhvillohet kur proteinat n\u00eb gjak fillojn\u00eb t\u00eb depozitohen n\u00eb nyje dhe tendina. Ato shkaktojn\u00eb dhimbje, ngurt\u00ebsi dhe l\u00ebngje n\u00eb nyje dhe sindrom\u00ebn e tunelit karpal.<\/span><\/p>\n<p class=\"western\" align=\"left\"><span style=\"font-size: medium;\"><b>Rreziku faktorial:<\/b><\/span><\/p>\n<p class=\"western\" align=\"left\"><span style=\"font-size: medium;\">Ka faktor\u00eb t\u00eb ndrysh\u00ebm q\u00eb rrisin rrezikun e amiloidoz\u00ebs, si:<\/span><\/p>\n<p class=\"western\" align=\"left\"><span style=\"font-size: medium;\">&#8211; mosha \u2013 shumica e njer\u00ebzve q\u00eb zhvillojn\u00eb amiloidoz\u00eb jan\u00eb m\u00eb t\u00eb vjet\u00ebr se 60 vje\u00e7;<\/span><\/p>\n<p class=\"western\" align=\"left\"><span style=\"font-size: medium;\">&#8211; s\u00ebmundje t\u00eb tjera &#8211; pacient\u00ebt q\u00eb vuajn\u00eb nga infeksione kronike ose s\u00ebmundje inflamatore, t\u00eb cil\u00ebt kan\u00eb mieloma t\u00eb shum\u00ebfisht\u00eb, nj\u00eb form\u00eb e kancerit t\u00eb palc\u00ebs s\u00eb eshtrave, kan\u00eb gjithashtu nj\u00eb rrezik t\u00eb shtuar t\u00eb amiloidoz\u00ebs;<\/span><\/p>\n<p class=\"western\" align=\"left\"><span style=\"font-size: medium;\">&#8211; historia familjare;<\/span><\/p>\n<p class=\"western\" align=\"left\"><span style=\"font-size: medium;\">&#8211; dializ\u00eb &#8211; pacient\u00ebt me s\u00ebmundje t\u00eb veshkave q\u00eb jan\u00eb n\u00eb dializ\u00eb kan\u00eb nj\u00eb rrezik t\u00eb shtuar t\u00eb amiloidoz\u00ebs s\u00eb shoq\u00ebruar me hemodializ\u00eb, kjo p\u00ebr shkak se dializa nuk mund t\u00eb heq\u00eb proteinat e m\u00ebdha nga gjaku, dhe proteinat jonormale ruhen n\u00eb indet p\u00ebrreth por kjo gjendje \u00ebsht\u00eb m\u00eb e rrall\u00eb tek dializa me teknikat moderne.<\/span><\/p>\n<p class=\"western\" align=\"left\"><span style=\"font-size: medium;\"><b>Komplikimet:<\/b><\/span><\/p>\n<p class=\"western\" align=\"left\"><span style=\"font-size: medium;\">Ashp\u00ebrsia e amiloidoz\u00ebs varet nga organet e prekura. Situata k\u00ebrc\u00ebnuese p\u00ebr jet\u00ebn p\u00ebrfshijn\u00eb d\u00ebshtimin e veshkave dhe d\u00ebshtimin e zemr\u00ebs.Kur amiloidoza prek veshkat, sistemi i filtrimit d\u00ebmtohet, gj\u00eb q\u00eb ndonj\u00ebher\u00eb shkakton akumulimin e proteinave n\u00eb urin\u00eb. S\u00eb fundi, d\u00ebmtimi mund t\u00eb d\u00ebmtoj\u00eb aft\u00ebsin\u00eb e trupit p\u00ebr t\u00eb hequr materialet e mbeturinave, gj\u00eb q\u00eb mund t\u00eb \u00e7oj\u00eb n\u00eb d\u00ebshtimin e veshkave.Kur amiloidoza prek zemr\u00ebn, nj\u00eb simptom\u00eb e zakonshme \u00ebsht\u00eb gul\u00e7imi, edhe me sforcim t\u00eb leht\u00eb. Kur proteinat grumbullohen n\u00eb zem\u00ebr, zvog\u00eblon aft\u00ebsin\u00eb e zemr\u00ebs p\u00ebr t&#8217;u rimbushur me gjak midis rrahjeve t\u00eb zemr\u00ebs. Kjo do t\u00eb thot\u00eb m\u00eb pak rrahje t\u00eb zemr\u00ebs dhe m\u00eb pak gjak.<\/span><\/p>\n<p class=\"western\" align=\"left\"><span style=\"font-size: medium;\">N\u00ebse grumbullimi i amiloidit prek nervat q\u00eb kontrollojn\u00eb pun\u00ebn e zorr\u00ebve, ka nj\u00eb periudh\u00eb kapsll\u00ebku dhe diarreje. Ndonj\u00ebher\u00eb kjo gjendje prek nervat q\u00eb kontrollojn\u00eb presionin e gjakut dhe mund t\u00eb keni marramendje ose t\u00eb fik\u00ebt si pasoj\u00eb e r\u00ebnies s\u00eb presionit t\u00eb gjakut.<\/span><\/p>\n<p class=\"western\" align=\"left\"><span style=\"font-size: medium;\"><b>Mjekimi:<\/b><\/span><\/p>\n<p class=\"western\" align=\"left\"><span style=\"font-size: medium;\">Megjith\u00ebse nuk ka kur\u00eb p\u00ebr amiloidoz\u00ebn, trajtimi mund t\u00eb ndihmoj\u00eb n\u00eb leht\u00ebsimin e simptomave dhe t\u00eb kufizoj\u00eb prodhimin e m\u00ebtejsh\u00ebm t\u00eb amiloidit.<\/span><\/p>\n<p class=\"western\" align=\"left\"><span style=\"font-size: medium;\">Trajtimi i amiloidoz\u00ebs primare<\/span><\/p>\n<p class=\"western\" align=\"left\"><span style=\"font-size: medium;\">Terapit\u00eb si melfalan ose ciklofosfamide p\u00ebrdoren gjithashtu p\u00ebr trajtimin e disa llojeve t\u00eb kancerit, nd\u00ebrsa transplantimi i qelizave burimore periferike p\u00ebrdoret n\u00eb doza m\u00eb t\u00eb larta se kimioterapia.<\/span><\/p>\n<p class=\"western\" align=\"left\"><span style=\"font-size: medium;\">N\u00eb trajtimin e amiloidoz\u00ebs dyt\u00ebsore, q\u00ebllimi i terapis\u00eb \u00ebsht\u00eb trajtimi i gjendjes themelore.<\/span><\/p>\n<p class=\"western\" align=\"left\"><span style=\"font-size: medium;\">Trajtimi i amiloidoz\u00ebs trash\u00ebgimore<\/span><\/p>\n<p class=\"western\" align=\"left\"><span style=\"font-size: medium;\">Nj\u00eb nga terapit\u00eb e mundshme mund t\u00eb jet\u00eb transplantimi i m\u00ebl\u00e7is\u00eb, pasi proteina q\u00eb shkakton k\u00ebt\u00eb form\u00eb t\u00eb amiloidoz\u00ebs prodhohet n\u00eb m\u00ebl\u00e7i.<\/span><\/p>\n\n<div style=\"font-size: 0px; height: 0px; line-height: 0px; margin: 0; padding: 0; clear: both;\"><\/div>","protected":false},"excerpt":{"rendered":"<p>Amiloidoza ICD E85.0 E85.1 E85.2 E85.3 E85.4 E85.8 E85.9 Prevalenca: e panjohur Amiloidoza \u00ebsht\u00eb nj\u00eb s\u00ebmundje e shkaktuar nga akumulimi [&hellip;]<\/p>\n","protected":false},"author":22,"featured_media":189268,"comment_status":"closed","ping_status":"closed","sticky":false,"template":"","format":"standard","meta":{"_mo_disable_npp":"no","inline_featured_image":false},"categories":[3087],"tags":[],"imageURL":"https:\/\/sdk.mk\/wp-content\/uploads\/2023\/02\/22-Amyloidosis-1-650x366.png","thumbURL":"https:\/\/sdk.mk\/wp-content\/uploads\/2023\/02\/22-Amyloidosis-1-250x141.png","categoryNames":["Maqedonia"],"feature_caption":"","subtitle":"","views":"987","source":"\u0421\u043a\u043e\u043f\u0458\u0435, (\u0421\u0410\u041a\u0410\u041c\u0414\u0410\u041a\u0410\u0416\u0410\u041c.\u041c\u041a)","yoast_head":"<!-- This site is optimized with the Yoast SEO Premium plugin v15.0 - https:\/\/yoast.com\/wordpress\/plugins\/seo\/ -->\n<title>JU NJOFTOJM\u00cb ME S\u00cbMUNDJET E RRALLA: AMILOIDOZA - \u0421\u0430\u043a\u0430\u043c \u0414\u0430 \u041a\u0430\u0436\u0430\u043c<\/title>\n<meta name=\"robots\" content=\"index, follow, max-snippet:-1, max-image-preview:large, max-video-preview:-1\" \/>\n<link rel=\"canonical\" href=\"https:\/\/sdk.mk\/index.php\/maqedonia\/ju-njoftojme-me-semundjet-e-rralla-amiloidoza\/\" \/>\n<meta property=\"og:locale\" content=\"mk_MK\" \/>\n<meta property=\"og:type\" content=\"article\" \/>\n<meta property=\"og:title\" content=\"JU NJOFTOJM\u00cb ME S\u00cbMUNDJET E RRALLA: AMILOIDOZA - \u0421\u0430\u043a\u0430\u043c \u0414\u0430 \u041a\u0430\u0436\u0430\u043c\" \/>\n<meta property=\"og:description\" content=\"Amiloidoza ICD E85.0 E85.1 E85.2 E85.3 E85.4 E85.8 E85.9 Prevalenca: e panjohur Amiloidoza \u00ebsht\u00eb nj\u00eb s\u00ebmundje e shkaktuar nga akumulimi [&hellip;]\" \/>\n<meta property=\"og:url\" content=\"https:\/\/sdk.mk\/index.php\/maqedonia\/ju-njoftojme-me-semundjet-e-rralla-amiloidoza\/\" \/>\n<meta property=\"og:site_name\" content=\"\u0421\u0430\u043a\u0430\u043c \u0414\u0430 \u041a\u0430\u0436\u0430\u043c\" \/>\n<meta property=\"article:published_time\" content=\"2023-02-22T07:01:18+00:00\" \/>\n<meta property=\"og:image\" content=\"https:\/\/sdk.mk\/wp-content\/uploads\/2023\/02\/22-Amyloidosis-1.png\" \/>\n\t<meta property=\"og:image:width\" content=\"1600\" \/>\n\t<meta property=\"og:image:height\" content=\"900\" \/>\n<meta property=\"fb:app_id\" content=\"2407985809428537\" \/>\n<meta name=\"twitter:card\" content=\"summary\" \/>\n<script type=\"application\/ld+json\" class=\"yoast-schema-graph\">{\"@context\":\"https:\/\/schema.org\",\"@graph\":[{\"@type\":\"WebSite\",\"@id\":\"https:\/\/sdk.mk\/#website\",\"url\":\"https:\/\/sdk.mk\/\",\"name\":\"\\u0421\\u0430\\u043a\\u0430\\u043c \\u0414\\u0430 \\u041a\\u0430\\u0436\\u0430\\u043c\",\"description\":\"\\u0417\\u0430 \\u0441\\u043b\\u043e\\u0431\\u043e\\u0434\\u043e\\u0443\\u043c\\u043d\\u0438\",\"potentialAction\":[{\"@type\":\"SearchAction\",\"target\":\"https:\/\/sdk.mk\/?s={search_term_string}\",\"query-input\":\"required name=search_term_string\"}],\"inLanguage\":\"mk-MK\"},{\"@type\":\"ImageObject\",\"@id\":\"https:\/\/sdk.mk\/index.php\/maqedonia\/ju-njoftojme-me-semundjet-e-rralla-amiloidoza\/#primaryimage\",\"inLanguage\":\"mk-MK\",\"url\":\"https:\/\/sdk.mk\/wp-content\/uploads\/2023\/02\/22-Amyloidosis-1.png\",\"width\":1600,\"height\":900},{\"@type\":\"WebPage\",\"@id\":\"https:\/\/sdk.mk\/index.php\/maqedonia\/ju-njoftojme-me-semundjet-e-rralla-amiloidoza\/#webpage\",\"url\":\"https:\/\/sdk.mk\/index.php\/maqedonia\/ju-njoftojme-me-semundjet-e-rralla-amiloidoza\/\",\"name\":\"JU NJOFTOJM\\u00cb ME S\\u00cbMUNDJET E RRALLA: AMILOIDOZA - \\u0421\\u0430\\u043a\\u0430\\u043c \\u0414\\u0430 \\u041a\\u0430\\u0436\\u0430\\u043c\",\"isPartOf\":{\"@id\":\"https:\/\/sdk.mk\/#website\"},\"primaryImageOfPage\":{\"@id\":\"https:\/\/sdk.mk\/index.php\/maqedonia\/ju-njoftojme-me-semundjet-e-rralla-amiloidoza\/#primaryimage\"},\"datePublished\":\"2023-02-22T07:01:18+00:00\",\"dateModified\":\"2023-02-22T07:01:18+00:00\",\"author\":{\"@id\":\"https:\/\/sdk.mk\/#\/schema\/person\/7019cceac18d709c135f468280bbf1e6\"},\"inLanguage\":\"mk-MK\",\"potentialAction\":[{\"@type\":\"ReadAction\",\"target\":[\"https:\/\/sdk.mk\/index.php\/maqedonia\/ju-njoftojme-me-semundjet-e-rralla-amiloidoza\/\"]}]},{\"@type\":\"Person\",\"@id\":\"https:\/\/sdk.mk\/#\/schema\/person\/7019cceac18d709c135f468280bbf1e6\",\"name\":\"Goran Konev\"}]}<\/script>\n<!-- \/ Yoast SEO Premium plugin. -->","_links":{"self":[{"href":"https:\/\/sdk.mk\/index.php\/wp-json\/wp\/v2\/posts\/189267"}],"collection":[{"href":"https:\/\/sdk.mk\/index.php\/wp-json\/wp\/v2\/posts"}],"about":[{"href":"https:\/\/sdk.mk\/index.php\/wp-json\/wp\/v2\/types\/post"}],"author":[{"embeddable":true,"href":"https:\/\/sdk.mk\/index.php\/wp-json\/wp\/v2\/users\/22"}],"replies":[{"embeddable":true,"href":"https:\/\/sdk.mk\/index.php\/wp-json\/wp\/v2\/comments?post=189267"}],"version-history":[{"count":0,"href":"https:\/\/sdk.mk\/index.php\/wp-json\/wp\/v2\/posts\/189267\/revisions"}],"wp:featuredmedia":[{"embeddable":true,"href":"https:\/\/sdk.mk\/index.php\/wp-json\/wp\/v2\/media\/189268"}],"wp:attachment":[{"href":"https:\/\/sdk.mk\/index.php\/wp-json\/wp\/v2\/media?parent=189267"}],"wp:term":[{"taxonomy":"category","embeddable":true,"href":"https:\/\/sdk.mk\/index.php\/wp-json\/wp\/v2\/categories?post=189267"},{"taxonomy":"post_tag","embeddable":true,"href":"https:\/\/sdk.mk\/index.php\/wp-json\/wp\/v2\/tags?post=189267"}],"curies":[{"name":"wp","href":"https:\/\/api.w.org\/{rel}","templated":true}]}}