{"id":190552,"date":"2023-03-10T15:13:24","date_gmt":"2023-03-10T14:13:24","guid":{"rendered":"https:\/\/sdk.mk\/?p=190552"},"modified":"2023-03-10T15:13:24","modified_gmt":"2023-03-10T14:13:24","slug":"dhuna-ne-familje-po-rritet-gjithnje-e-me-shume-gra-mbahen-te-mbyllura-dhe-rrihen-shpesh-here-para-femijeve","status":"publish","type":"post","link":"https:\/\/sdk.mk\/index.php\/histori-te-parrefyera\/dhuna-ne-familje-po-rritet-gjithnje-e-me-shume-gra-mbahen-te-mbyllura-dhe-rrihen-shpesh-here-para-femijeve\/","title":{"rendered":"DHUNA N\u00cb FAMILJE PO RRITET, GJITHNJ\u00cb E M\u00cb SHUM\u00cb GRA MBAHEN T\u00cb MBYLLURA DHE RRIHEN, SHPESH HER\u00cb PARA F\u00cbMIJ\u00cbVE"},"content":{"rendered":"<div class=\"f52428582a4b906b2d2e2a7d733c7d27\" data-index=\"7\" style=\"float: none; margin:10px 0 10px 0; text-align:center;\">\n<!-- MSP Ads Asynchronous JS Tag - Generated with Revive Adserver v5.4.1 -->\r\n<ins data-revive-zoneid=\"167\" data-revive-id=\"060fdb01f6430ec164d3519234aa4967\"><\/ins>\r\n<script async src=\"\/\/panel.ads.com.mk\/www\/delivery\/asyncjs.php\"><\/script>\n<\/div>\n<p>Dhuna n\u00eb familje \u00ebsht\u00eb n\u00eb rritje, ve\u00e7an\u00ebrisht ndaj grave, n\u00eb t\u00eb gjitha format &#8211; p\u00ebrdhunim, dhunim, dhe rrahje, rr\u00ebmbim apo ky\u00e7ja n\u00eb sht\u00ebpi dhe ndalim p\u00ebr t&#8217;u larguar nga dhoma. Nd\u00ebrsa shteti, gjegj\u00ebsisht sh\u00ebrbimet sociale pothuajse nuk jan\u00eb fare t\u00eb dobishme sipas statistikave t\u00eb fundit nga Prokuroria Themelore Publike Shkup. Sipas numrit t\u00eb kall\u00ebzimeve penale, t\u00eb cilat m\u00eb s\u00eb shumti kan\u00eb t\u00eb b\u00ebjn\u00eb me dhun\u00ebn e kryer n\u00eb familje, k\u00ebta n\u00ebnt\u00eb muaj e kan\u00eb tejkaluar gjith\u00eb vitin 2021.<\/p>\n<p>N\u00eb Prokurorin\u00eb Themelore Publike Shkup n\u00eb n\u00ebnt\u00eb muajt e par\u00eb t\u00eb vitit jan\u00eb pranuar 315 kall\u00ebzime penale, t\u00eb cilat kan\u00eb t\u00eb b\u00ebjn\u00eb me vepra penale kund\u00ebr jet\u00ebs dhe trupit nga kreu 14 i Kodit Penal. Shumica e k\u00ebtyre krimeve jan\u00eb pasoj\u00eb e dhun\u00ebs n\u00eb familje, thot\u00eb prokuroria.<\/p>\n<p>\u201cN\u00eb Prokurorin\u00eb Themelore Publike Shkup nga fillimi i vitit jan\u00eb pranuar 129 kall\u00ebzime penale p\u00ebr veprat penale nga kreu 15, vepra kund\u00ebr lirive dhe t\u00eb drejtave t\u00eb qytetarit. N\u00eb k\u00ebt\u00eb kapitull nd\u00ebr t\u00eb tjera p\u00ebrfshihen edhe krimet e rrezikimit t\u00eb siguris\u00eb, heqjes s\u00eb paligjshme t\u00eb liris\u00eb dhe Detyrimit, p\u00ebr t\u00eb cilat parashikohet edhe nj\u00eb form\u00eb e kualifikuar e veprimit gjat\u00eb kryerjes s\u00eb dhun\u00ebs n\u00eb familje\u201d, vijon ky organ i p\u00ebrndjekjes, i cili sipas numrit t\u00eb banor\u00ebve, p\u00ebrfshir\u00eb t\u00eb gjith\u00eb personat e padeklaruar q\u00eb jetojn\u00eb dhe punojn\u00eb n\u00eb Shkup, e mbulon pothuajse gjysm\u00ebn e Maqedonis\u00eb.<\/p>\n<p>Sipas praktik\u00ebs s\u00eb m\u00ebparshme policore dhe prokuroriale, viktimat e dhun\u00ebs n\u00eb familje tani inkurajohen m\u00eb shum\u00eb p\u00ebr t\u00eb b\u00ebr\u00eb denoncime, por kur b\u00ebhet fjal\u00eb p\u00ebr raste t\u00eb tilla, ve\u00e7an\u00ebrisht kur n\u00ebna p\u00ebson dhun\u00eb t\u00eb r\u00ebnd\u00eb nga f\u00ebmija i saj, n\u00eb shumic\u00ebn e rasteve,\u00a0 deri n\u00eb momentin e fundit \u0430\u0458\u043e e mbron at\u00eb dhe thot\u00eb se nuk d\u00ebshiron ta raportoj\u00eb.<\/p>\n<p>N\u00ebse Prokuroria merr vesh p\u00ebr ndonj\u00eb rast t\u00eb tentativ\u00ebs p\u00ebr vrasje, vrasjes, l\u00ebndimit t\u00eb r\u00ebnd\u00eb trupor gjat\u00eb dhun\u00ebs n\u00eb familje, nis dhe i ndjek sipas detyr\u00ebs zyrtare.<\/p>\n<p>&nbsp;<\/p>\n<p><strong><em>MIROSLAV ILIOSKI<\/em><\/strong><\/p>\n\n<div style=\"font-size: 0px; height: 0px; line-height: 0px; margin: 0; padding: 0; clear: both;\"><\/div>","protected":false},"excerpt":{"rendered":"<p>Dhuna n\u00eb familje \u00ebsht\u00eb n\u00eb rritje, ve\u00e7an\u00ebrisht ndaj grave, n\u00eb t\u00eb gjitha format &#8211; p\u00ebrdhunim, dhunim, dhe rrahje, rr\u00ebmbim apo [&hellip;]<\/p>\n","protected":false},"author":25,"featured_media":180197,"comment_status":"closed","ping_status":"closed","sticky":false,"template":"","format":"standard","meta":{"_mo_disable_npp":"no","inline_featured_image":false},"categories":[3085,3087],"tags":[],"imageURL":"https:\/\/sdk.mk\/wp-content\/uploads\/2022\/10\/semejno-nasilstvo-84389348934-650x342.jpg","thumbURL":"https:\/\/sdk.mk\/wp-content\/uploads\/2022\/10\/semejno-nasilstvo-84389348934-250x131.jpg","categoryNames":["Histori t\u00eb parr\u00ebfyera","Maqedonia"],"feature_caption":"Sipas numrit t\u00eb kall\u00ebzimeve penale, t\u00eb cilat m\u00eb s\u00eb shumti kan\u00eb t\u00eb b\u00ebjn\u00eb me dhun\u00ebn e kryer n\u00eb familje, k\u00ebta n\u00ebnt\u00eb muaj e kan\u00eb tejkaluar gjith\u00eb vitin 2021. (Foto: Pexels\/Gustavo Fring)","subtitle":"","views":"103","source":"Shkup, (SAKAMDAKAZAM.MK)","yoast_head":"<!-- This site is optimized with the Yoast SEO Premium plugin v15.0 - https:\/\/yoast.com\/wordpress\/plugins\/seo\/ -->\n<title>DHUNA N\u00cb FAMILJE PO RRITET, GJITHNJ\u00cb E M\u00cb SHUM\u00cb GRA MBAHEN T\u00cb MBYLLURA DHE RRIHEN, SHPESH HER\u00cb PARA F\u00cbMIJ\u00cbVE - \u0421\u0430\u043a\u0430\u043c \u0414\u0430 \u041a\u0430\u0436\u0430\u043c<\/title>\n<meta name=\"robots\" content=\"index, follow, max-snippet:-1, max-image-preview:large, max-video-preview:-1\" \/>\n<link rel=\"canonical\" href=\"https:\/\/sdk.mk\/index.php\/histori-te-parrefyera\/dhuna-ne-familje-po-rritet-gjithnje-e-me-shume-gra-mbahen-te-mbyllura-dhe-rrihen-shpesh-here-para-femijeve\/\" \/>\n<meta property=\"og:locale\" content=\"mk_MK\" \/>\n<meta property=\"og:type\" content=\"article\" \/>\n<meta property=\"og:title\" content=\"DHUNA N\u00cb FAMILJE PO RRITET, GJITHNJ\u00cb E M\u00cb SHUM\u00cb GRA MBAHEN T\u00cb MBYLLURA DHE RRIHEN, SHPESH HER\u00cb PARA F\u00cbMIJ\u00cbVE - \u0421\u0430\u043a\u0430\u043c \u0414\u0430 \u041a\u0430\u0436\u0430\u043c\" \/>\n<meta property=\"og:description\" content=\"Dhuna n\u00eb familje \u00ebsht\u00eb n\u00eb rritje, ve\u00e7an\u00ebrisht ndaj grave, n\u00eb t\u00eb gjitha format &#8211; p\u00ebrdhunim, dhunim, dhe rrahje, rr\u00ebmbim apo [&hellip;]\" \/>\n<meta property=\"og:url\" content=\"https:\/\/sdk.mk\/index.php\/histori-te-parrefyera\/dhuna-ne-familje-po-rritet-gjithnje-e-me-shume-gra-mbahen-te-mbyllura-dhe-rrihen-shpesh-here-para-femijeve\/\" \/>\n<meta property=\"og:site_name\" content=\"\u0421\u0430\u043a\u0430\u043c \u0414\u0430 \u041a\u0430\u0436\u0430\u043c\" \/>\n<meta property=\"article:published_time\" content=\"2023-03-10T14:13:24+00:00\" \/>\n<meta property=\"og:image\" content=\"https:\/\/sdk.mk\/wp-content\/uploads\/2022\/10\/semejno-nasilstvo-84389348934.jpg\" \/>\n\t<meta property=\"og:image:width\" content=\"900\" \/>\n\t<meta property=\"og:image:height\" content=\"473\" \/>\n<meta property=\"fb:app_id\" content=\"2407985809428537\" \/>\n<meta name=\"twitter:card\" content=\"summary\" \/>\n<script type=\"application\/ld+json\" class=\"yoast-schema-graph\">{\"@context\":\"https:\/\/schema.org\",\"@graph\":[{\"@type\":\"WebSite\",\"@id\":\"https:\/\/sdk.mk\/#website\",\"url\":\"https:\/\/sdk.mk\/\",\"name\":\"\\u0421\\u0430\\u043a\\u0430\\u043c \\u0414\\u0430 \\u041a\\u0430\\u0436\\u0430\\u043c\",\"description\":\"\\u0417\\u0430 \\u0441\\u043b\\u043e\\u0431\\u043e\\u0434\\u043e\\u0443\\u043c\\u043d\\u0438\",\"potentialAction\":[{\"@type\":\"SearchAction\",\"target\":\"https:\/\/sdk.mk\/?s={search_term_string}\",\"query-input\":\"required name=search_term_string\"}],\"inLanguage\":\"mk-MK\"},{\"@type\":\"ImageObject\",\"@id\":\"https:\/\/sdk.mk\/index.php\/histori-te-parrefyera\/dhuna-ne-familje-po-rritet-gjithnje-e-me-shume-gra-mbahen-te-mbyllura-dhe-rrihen-shpesh-here-para-femijeve\/#primaryimage\",\"inLanguage\":\"mk-MK\",\"url\":\"https:\/\/sdk.mk\/wp-content\/uploads\/2022\/10\/semejno-nasilstvo-84389348934.jpg\",\"width\":900,\"height\":473},{\"@type\":\"WebPage\",\"@id\":\"https:\/\/sdk.mk\/index.php\/histori-te-parrefyera\/dhuna-ne-familje-po-rritet-gjithnje-e-me-shume-gra-mbahen-te-mbyllura-dhe-rrihen-shpesh-here-para-femijeve\/#webpage\",\"url\":\"https:\/\/sdk.mk\/index.php\/histori-te-parrefyera\/dhuna-ne-familje-po-rritet-gjithnje-e-me-shume-gra-mbahen-te-mbyllura-dhe-rrihen-shpesh-here-para-femijeve\/\",\"name\":\"DHUNA N\\u00cb FAMILJE PO RRITET, GJITHNJ\\u00cb E M\\u00cb SHUM\\u00cb GRA MBAHEN T\\u00cb MBYLLURA DHE RRIHEN, SHPESH HER\\u00cb PARA F\\u00cbMIJ\\u00cbVE - \\u0421\\u0430\\u043a\\u0430\\u043c \\u0414\\u0430 \\u041a\\u0430\\u0436\\u0430\\u043c\",\"isPartOf\":{\"@id\":\"https:\/\/sdk.mk\/#website\"},\"primaryImageOfPage\":{\"@id\":\"https:\/\/sdk.mk\/index.php\/histori-te-parrefyera\/dhuna-ne-familje-po-rritet-gjithnje-e-me-shume-gra-mbahen-te-mbyllura-dhe-rrihen-shpesh-here-para-femijeve\/#primaryimage\"},\"datePublished\":\"2023-03-10T14:13:24+00:00\",\"dateModified\":\"2023-03-10T14:13:24+00:00\",\"author\":{\"@id\":\"https:\/\/sdk.mk\/#\/schema\/person\/737021aeacbe893f7e2c347186c5c7a1\"},\"inLanguage\":\"mk-MK\",\"potentialAction\":[{\"@type\":\"ReadAction\",\"target\":[\"https:\/\/sdk.mk\/index.php\/histori-te-parrefyera\/dhuna-ne-familje-po-rritet-gjithnje-e-me-shume-gra-mbahen-te-mbyllura-dhe-rrihen-shpesh-here-para-femijeve\/\"]}]},{\"@type\":\"Person\",\"@id\":\"https:\/\/sdk.mk\/#\/schema\/person\/737021aeacbe893f7e2c347186c5c7a1\",\"name\":\"\\u0424\\u0458\\u043e\\u043b\\u0430 \\u0417\\u043b\\u0430\\u0442\\u043a\\u0443\"}]}<\/script>\n<!-- \/ Yoast SEO Premium plugin. -->","_links":{"self":[{"href":"https:\/\/sdk.mk\/index.php\/wp-json\/wp\/v2\/posts\/190552"}],"collection":[{"href":"https:\/\/sdk.mk\/index.php\/wp-json\/wp\/v2\/posts"}],"about":[{"href":"https:\/\/sdk.mk\/index.php\/wp-json\/wp\/v2\/types\/post"}],"author":[{"embeddable":true,"href":"https:\/\/sdk.mk\/index.php\/wp-json\/wp\/v2\/users\/25"}],"replies":[{"embeddable":true,"href":"https:\/\/sdk.mk\/index.php\/wp-json\/wp\/v2\/comments?post=190552"}],"version-history":[{"count":0,"href":"https:\/\/sdk.mk\/index.php\/wp-json\/wp\/v2\/posts\/190552\/revisions"}],"wp:featuredmedia":[{"embeddable":true,"href":"https:\/\/sdk.mk\/index.php\/wp-json\/wp\/v2\/media\/180197"}],"wp:attachment":[{"href":"https:\/\/sdk.mk\/index.php\/wp-json\/wp\/v2\/media?parent=190552"}],"wp:term":[{"taxonomy":"category","embeddable":true,"href":"https:\/\/sdk.mk\/index.php\/wp-json\/wp\/v2\/categories?post=190552"},{"taxonomy":"post_tag","embeddable":true,"href":"https:\/\/sdk.mk\/index.php\/wp-json\/wp\/v2\/tags?post=190552"}],"curies":[{"name":"wp","href":"https:\/\/api.w.org\/{rel}","templated":true}]}}