{"id":190809,"date":"2023-03-15T16:14:03","date_gmt":"2023-03-15T15:14:03","guid":{"rendered":"https:\/\/sdk.mk\/?p=190809"},"modified":"2023-03-15T16:14:03","modified_gmt":"2023-03-15T15:14:03","slug":"personat-qe-kane-humbur-degjimin-dhe-shikimin-pas-mbylljes-se-moshes-65-vjecare-te-lenduarit-rende-dhe-te-palevizshmit-si-dhe-ata-me-aftesi-te-kufizuara-te-renda-mendore-nuk-kane-te-drejten-e-ndihmes","status":"publish","type":"post","link":"https:\/\/sdk.mk\/index.php\/maqedonia\/personat-qe-kane-humbur-degjimin-dhe-shikimin-pas-mbylljes-se-moshes-65-vjecare-te-lenduarit-rende-dhe-te-palevizshmit-si-dhe-ata-me-aftesi-te-kufizuara-te-renda-mendore-nuk-kane-te-drejten-e-ndihmes\/","title":{"rendered":"PERSONAT Q\u00cb KANE HUMBUR D\u00cbGJIMIN DHE SHIKIMIN PAS MBYLLJES S\u00cb MOSH\u00cbS 65 VJE\u00c7ARE, T\u00cb L\u00cbNDUARIT R\u00cbND\u00cb DHE T\u00cb PAL\u00cbVIZSHMIT, SI DHE ATA ME AFT\u00cbSI T\u00cb KUFIZUARA T\u00cb R\u00cbNDA MENDORE NUK KAN\u00cb T\u00cb DREJT\u00cbN E NDIHM\u00cbS, AVOKATI I POPULLIT"},"content":{"rendered":"<div class=\"f52428582a4b906b2d2e2a7d733c7d27\" data-index=\"7\" style=\"float: none; margin:10px 0 10px 0; text-align:center;\">\n<!-- MSP Ads Asynchronous JS Tag - Generated with Revive Adserver v5.4.1 -->\r\n<ins data-revive-zoneid=\"167\" data-revive-id=\"060fdb01f6430ec164d3519234aa4967\"><\/ins>\r\n<script async src=\"\/\/panel.ads.com.mk\/www\/delivery\/asyncjs.php\"><\/script>\n<\/div>\n<p>Qytetar\u00eb nga K\u00ebr\u00e7ova, Kavadari, Gjevgjelia, Kriva Pallanka, Shtipi, Dell\u00e7eva, Negotina, Velesi dhe Strumica, vitin e kaluar dhe n\u00eb vitin 2020 jan\u00eb refuzuar p\u00ebr ndihm\u00eb nga shteti, sepse pas mosh\u00ebs 65 vje\u00e7are kan\u00eb marr\u00eb l\u00ebndime t\u00eb r\u00ebnda fizike dhe kan\u00eb mbetur invalid\u00eb, jan\u00eb verbuar ose shurdhuar. Avokati i Popullit, n\u00eb nj\u00eb hetim t\u00eb gjer\u00eb n\u00ebp\u00ebr t\u00eb gjitha Qendrat p\u00ebr pun\u00eb sociale n\u00eb Maqedoni, konstatoi se n\u00eb 10 prej tyre, p\u00ebr dy vjet, jan\u00eb refuzuar gjithsej 23 k\u00ebrkesa p\u00ebr kompensim p\u00ebr shkak t\u00eb aft\u00ebsis\u00eb s\u00eb kufizuar, me arsyetimin: \u201cp\u00ebr shkak t\u00eb mbylljes s\u00eb mosh\u00ebs 65 vje\u00e7e&#8221;.<\/p>\n<p>Ky diskriminim i r\u00ebnd\u00eb ndaj personave me aft\u00ebsi t\u00eb kufizuara, l\u00ebndime t\u00eb r\u00ebnda dhe shurdh\u00ebri apo verb\u00ebri pas mosh\u00ebs 65 vje\u00e7are, vazhdon q\u00eb nga viti 2017 e n\u00eb vazhdim. Prandaj, Avokati i Popullit Naser Ziberi ka paraqitur iniciativ\u00eb n\u00eb Ministrin\u00eb e Pun\u00ebs dhe Mbrojtjes Sociale me t\u00eb cil\u00ebn k\u00ebrkon q\u00eb t\u00eb fshihet kufizimi nga &#8220;65 vjet&#8221; n\u00eb Ligjin p\u00ebr mbrojtje sociale dhe k\u00ebrkes\u00eb q\u00eb kompensim p\u00ebr her\u00eb t\u00eb par\u00eb t\u00eb mund t\u00eb paraqesin personat pas mosh\u00ebs 65 vje\u00e7 kur pa fajin e tyre jan\u00eb b\u00ebr\u00eb invalid\u00eb, t\u00eb verb\u00ebr ose kan\u00eb humbur d\u00ebgjimin.<\/p>\n<p>Duke qen\u00eb se dispozita ekzistuese e nenit 44 paragrafi 2 i Ligjit p\u00ebr mbrojtje sociale \u00ebsht\u00eb kufizuese dhe krijon mund\u00ebsin\u00eb e trajtimit t\u00eb pabarabart\u00eb t\u00eb qytetar\u00ebve n\u00eb ushtrimin e s\u00eb drejt\u00ebs n\u00eb kompensim p\u00ebr shkak t\u00eb aft\u00ebsis\u00eb s\u00eb kufizuar, t\u00eb p\u00ebrcaktuar me Ligjin p\u00ebr mbrojtje sociale, Avokati i Popullit rekomandon Ministria e Pun\u00ebs dhe Politik\u00ebs Sociale t\u00eb marr\u00eb masa p\u00ebr vendosjen e nj\u00eb regjimi ligjor p\u00ebr zbatimin e barabart\u00eb t\u00eb ligjit p\u00ebr t\u00eb gjith\u00eb qytetar\u00ebt n\u00eb vend pavar\u00ebsisht mosh\u00ebs.<\/p>\n\n<div style=\"font-size: 0px; height: 0px; line-height: 0px; margin: 0; padding: 0; clear: both;\"><\/div>","protected":false},"excerpt":{"rendered":"<p>Qytetar\u00eb nga K\u00ebr\u00e7ova, Kavadari, Gjevgjelia, Kriva Pallanka, Shtipi, Dell\u00e7eva, Negotina, Velesi dhe Strumica, vitin e kaluar dhe n\u00eb vitin 2020 [&hellip;]<\/p>\n","protected":false},"author":25,"featured_media":62031,"comment_status":"closed","ping_status":"closed","sticky":false,"template":"","format":"standard","meta":{"_mo_disable_npp":"no","inline_featured_image":false},"categories":[3085,3087],"tags":[],"imageURL":"https:\/\/sdk.mk\/wp-content\/uploads\/2018\/06\/bitola-invalidi-650x366.jpg","thumbURL":"https:\/\/sdk.mk\/wp-content\/uploads\/2018\/06\/bitola-invalidi-250x141.jpg","categoryNames":["Histori t\u00eb parr\u00ebfyera","Maqedonia"],"feature_caption":"Avokati i Popullit parashtroi iniciativ\u00eb p\u00ebr kthimin e dispozitave n\u00eb Ligjin p\u00ebr mbrojtje sociale prej para vitit 2017 dhe ndalimin e diskriminimit t\u00eb k\u00ebsaj kategorie t\u00eb personave me aft\u00ebsi t\u00eb kufizuara. (Foto arkivi nga nj\u00eb protest\u00eb n\u00eb Manastir)","subtitle":"","views":"19","source":"Shkup, (SAKAMDAKAZAM.MK)","yoast_head":"<!-- This site is optimized with the Yoast SEO Premium plugin v15.0 - https:\/\/yoast.com\/wordpress\/plugins\/seo\/ -->\n<title>PERSONAT Q\u00cb KANE HUMBUR D\u00cbGJIMIN DHE SHIKIMIN PAS MBYLLJES S\u00cb MOSH\u00cbS 65 VJE\u00c7ARE, T\u00cb L\u00cbNDUARIT R\u00cbND\u00cb DHE T\u00cb PAL\u00cbVIZSHMIT, SI DHE ATA ME AFT\u00cbSI T\u00cb KUFIZUARA T\u00cb R\u00cbNDA MENDORE NUK KAN\u00cb T\u00cb DREJT\u00cbN E NDIHM\u00cbS, AVOKATI I POPULLIT - \u0421\u0430\u043a\u0430\u043c \u0414\u0430 \u041a\u0430\u0436\u0430\u043c<\/title>\n<meta name=\"robots\" content=\"index, follow, max-snippet:-1, max-image-preview:large, max-video-preview:-1\" \/>\n<link rel=\"canonical\" href=\"https:\/\/sdk.mk\/index.php\/maqedonia\/personat-qe-kane-humbur-degjimin-dhe-shikimin-pas-mbylljes-se-moshes-65-vjecare-te-lenduarit-rende-dhe-te-palevizshmit-si-dhe-ata-me-aftesi-te-kufizuara-te-renda-mendore-nuk-kane-te-drejten-e-ndihmes\/\" \/>\n<meta property=\"og:locale\" content=\"mk_MK\" \/>\n<meta property=\"og:type\" content=\"article\" \/>\n<meta property=\"og:title\" content=\"PERSONAT Q\u00cb KANE HUMBUR D\u00cbGJIMIN DHE SHIKIMIN PAS MBYLLJES S\u00cb MOSH\u00cbS 65 VJE\u00c7ARE, T\u00cb L\u00cbNDUARIT R\u00cbND\u00cb DHE T\u00cb PAL\u00cbVIZSHMIT, SI DHE ATA ME AFT\u00cbSI T\u00cb KUFIZUARA T\u00cb R\u00cbNDA MENDORE NUK KAN\u00cb T\u00cb DREJT\u00cbN E NDIHM\u00cbS, AVOKATI I POPULLIT - \u0421\u0430\u043a\u0430\u043c \u0414\u0430 \u041a\u0430\u0436\u0430\u043c\" \/>\n<meta property=\"og:description\" content=\"Qytetar\u00eb nga K\u00ebr\u00e7ova, Kavadari, Gjevgjelia, Kriva Pallanka, Shtipi, Dell\u00e7eva, Negotina, Velesi dhe Strumica, vitin e kaluar dhe n\u00eb vitin 2020 [&hellip;]\" \/>\n<meta property=\"og:url\" content=\"https:\/\/sdk.mk\/index.php\/maqedonia\/personat-qe-kane-humbur-degjimin-dhe-shikimin-pas-mbylljes-se-moshes-65-vjecare-te-lenduarit-rende-dhe-te-palevizshmit-si-dhe-ata-me-aftesi-te-kufizuara-te-renda-mendore-nuk-kane-te-drejten-e-ndihmes\/\" \/>\n<meta property=\"og:site_name\" content=\"\u0421\u0430\u043a\u0430\u043c \u0414\u0430 \u041a\u0430\u0436\u0430\u043c\" \/>\n<meta property=\"article:published_time\" content=\"2023-03-15T15:14:03+00:00\" \/>\n<meta property=\"og:image\" content=\"https:\/\/sdk.mk\/wp-content\/uploads\/2018\/06\/bitola-invalidi.jpg\" \/>\n\t<meta property=\"og:image:width\" content=\"2048\" \/>\n\t<meta property=\"og:image:height\" content=\"1152\" \/>\n<meta property=\"fb:app_id\" content=\"2407985809428537\" \/>\n<meta name=\"twitter:card\" content=\"summary\" \/>\n<script type=\"application\/ld+json\" class=\"yoast-schema-graph\">{\"@context\":\"https:\/\/schema.org\",\"@graph\":[{\"@type\":\"WebSite\",\"@id\":\"https:\/\/sdk.mk\/#website\",\"url\":\"https:\/\/sdk.mk\/\",\"name\":\"\\u0421\\u0430\\u043a\\u0430\\u043c \\u0414\\u0430 \\u041a\\u0430\\u0436\\u0430\\u043c\",\"description\":\"\\u0417\\u0430 \\u0441\\u043b\\u043e\\u0431\\u043e\\u0434\\u043e\\u0443\\u043c\\u043d\\u0438\",\"potentialAction\":[{\"@type\":\"SearchAction\",\"target\":\"https:\/\/sdk.mk\/?s={search_term_string}\",\"query-input\":\"required name=search_term_string\"}],\"inLanguage\":\"mk-MK\"},{\"@type\":\"ImageObject\",\"@id\":\"https:\/\/sdk.mk\/index.php\/maqedonia\/personat-qe-kane-humbur-degjimin-dhe-shikimin-pas-mbylljes-se-moshes-65-vjecare-te-lenduarit-rende-dhe-te-palevizshmit-si-dhe-ata-me-aftesi-te-kufizuara-te-renda-mendore-nuk-kane-te-drejten-e-ndihmes\/#primaryimage\",\"inLanguage\":\"mk-MK\",\"url\":\"https:\/\/sdk.mk\/wp-content\/uploads\/2018\/06\/bitola-invalidi.jpg\",\"width\":2048,\"height\":1152},{\"@type\":\"WebPage\",\"@id\":\"https:\/\/sdk.mk\/index.php\/maqedonia\/personat-qe-kane-humbur-degjimin-dhe-shikimin-pas-mbylljes-se-moshes-65-vjecare-te-lenduarit-rende-dhe-te-palevizshmit-si-dhe-ata-me-aftesi-te-kufizuara-te-renda-mendore-nuk-kane-te-drejten-e-ndihmes\/#webpage\",\"url\":\"https:\/\/sdk.mk\/index.php\/maqedonia\/personat-qe-kane-humbur-degjimin-dhe-shikimin-pas-mbylljes-se-moshes-65-vjecare-te-lenduarit-rende-dhe-te-palevizshmit-si-dhe-ata-me-aftesi-te-kufizuara-te-renda-mendore-nuk-kane-te-drejten-e-ndihmes\/\",\"name\":\"PERSONAT Q\\u00cb KANE HUMBUR D\\u00cbGJIMIN DHE SHIKIMIN PAS MBYLLJES S\\u00cb MOSH\\u00cbS 65 VJE\\u00c7ARE, T\\u00cb L\\u00cbNDUARIT R\\u00cbND\\u00cb DHE T\\u00cb PAL\\u00cbVIZSHMIT, SI DHE ATA ME AFT\\u00cbSI T\\u00cb KUFIZUARA T\\u00cb R\\u00cbNDA MENDORE NUK KAN\\u00cb T\\u00cb DREJT\\u00cbN E NDIHM\\u00cbS, AVOKATI I POPULLIT - \\u0421\\u0430\\u043a\\u0430\\u043c \\u0414\\u0430 \\u041a\\u0430\\u0436\\u0430\\u043c\",\"isPartOf\":{\"@id\":\"https:\/\/sdk.mk\/#website\"},\"primaryImageOfPage\":{\"@id\":\"https:\/\/sdk.mk\/index.php\/maqedonia\/personat-qe-kane-humbur-degjimin-dhe-shikimin-pas-mbylljes-se-moshes-65-vjecare-te-lenduarit-rende-dhe-te-palevizshmit-si-dhe-ata-me-aftesi-te-kufizuara-te-renda-mendore-nuk-kane-te-drejten-e-ndihmes\/#primaryimage\"},\"datePublished\":\"2023-03-15T15:14:03+00:00\",\"dateModified\":\"2023-03-15T15:14:03+00:00\",\"author\":{\"@id\":\"https:\/\/sdk.mk\/#\/schema\/person\/737021aeacbe893f7e2c347186c5c7a1\"},\"inLanguage\":\"mk-MK\",\"potentialAction\":[{\"@type\":\"ReadAction\",\"target\":[\"https:\/\/sdk.mk\/index.php\/maqedonia\/personat-qe-kane-humbur-degjimin-dhe-shikimin-pas-mbylljes-se-moshes-65-vjecare-te-lenduarit-rende-dhe-te-palevizshmit-si-dhe-ata-me-aftesi-te-kufizuara-te-renda-mendore-nuk-kane-te-drejten-e-ndihmes\/\"]}]},{\"@type\":\"Person\",\"@id\":\"https:\/\/sdk.mk\/#\/schema\/person\/737021aeacbe893f7e2c347186c5c7a1\",\"name\":\"\\u0424\\u0458\\u043e\\u043b\\u0430 \\u0417\\u043b\\u0430\\u0442\\u043a\\u0443\"}]}<\/script>\n<!-- \/ Yoast SEO Premium plugin. -->","_links":{"self":[{"href":"https:\/\/sdk.mk\/index.php\/wp-json\/wp\/v2\/posts\/190809"}],"collection":[{"href":"https:\/\/sdk.mk\/index.php\/wp-json\/wp\/v2\/posts"}],"about":[{"href":"https:\/\/sdk.mk\/index.php\/wp-json\/wp\/v2\/types\/post"}],"author":[{"embeddable":true,"href":"https:\/\/sdk.mk\/index.php\/wp-json\/wp\/v2\/users\/25"}],"replies":[{"embeddable":true,"href":"https:\/\/sdk.mk\/index.php\/wp-json\/wp\/v2\/comments?post=190809"}],"version-history":[{"count":0,"href":"https:\/\/sdk.mk\/index.php\/wp-json\/wp\/v2\/posts\/190809\/revisions"}],"wp:featuredmedia":[{"embeddable":true,"href":"https:\/\/sdk.mk\/index.php\/wp-json\/wp\/v2\/media\/62031"}],"wp:attachment":[{"href":"https:\/\/sdk.mk\/index.php\/wp-json\/wp\/v2\/media?parent=190809"}],"wp:term":[{"taxonomy":"category","embeddable":true,"href":"https:\/\/sdk.mk\/index.php\/wp-json\/wp\/v2\/categories?post=190809"},{"taxonomy":"post_tag","embeddable":true,"href":"https:\/\/sdk.mk\/index.php\/wp-json\/wp\/v2\/tags?post=190809"}],"curies":[{"name":"wp","href":"https:\/\/api.w.org\/{rel}","templated":true}]}}