{"id":190814,"date":"2023-03-15T16:22:44","date_gmt":"2023-03-15T15:22:44","guid":{"rendered":"https:\/\/sdk.mk\/?p=190814"},"modified":"2023-03-15T16:22:44","modified_gmt":"2023-03-15T15:22:44","slug":"viti-shkollor-ne-entin-ek-tetova-filloi-ne-fund-te-semestrit-te-pare-femijet-tejmase-te-gezuar","status":"publish","type":"post","link":"https:\/\/sdk.mk\/index.php\/maqedonia\/viti-shkollor-ne-entin-ek-tetova-filloi-ne-fund-te-semestrit-te-pare-femijet-tejmase-te-gezuar\/","title":{"rendered":"VITI SHKOLLOR N\u00cb ENTIN EK &#8220;TETOV\u0410&#8221; FILLOI N\u00cb FUND T\u00cb SEMESTRIT T\u00cb PAR\u00cb, F\u00cbMIJ\u00cbT TEJMASE T\u00cb G\u00cbZUAR"},"content":{"rendered":"<div class=\"f52428582a4b906b2d2e2a7d733c7d27\" data-index=\"7\" style=\"float: none; margin:10px 0 10px 0; text-align:center;\">\n<!-- MSP Ads Asynchronous JS Tag - Generated with Revive Adserver v5.4.1 -->\r\n<ins data-revive-zoneid=\"167\" data-revive-id=\"060fdb01f6430ec164d3519234aa4967\"><\/ins>\r\n<script async src=\"\/\/panel.ads.com.mk\/www\/delivery\/asyncjs.php\"><\/script>\n<\/div>\n<p>M\u00eb shum\u00eb se 20 f\u00ebmij\u00eb dhe t\u00eb rinj t\u00eb Entit Edukues-Korrrektues\u201cTetova\u201d, n\u00ebnt\u00eb prej t\u00eb cil\u00ebve jan\u00eb krejt\u00ebsisht analfabet\u00eb, nga sot kan\u00eb rifilluar m\u00ebsimet, gati gjysm\u00eb viti me vones\u00eb.<\/p>\n<p>\u201cM\u00ebsimi i nd\u00ebrprer\u00eb n\u00eb Entin EK \u2018Tetova\u2019, i cili nuk u mbajt q\u00eb nga shtatori, m\u00eb n\u00eb fund rifilloi sot. M\u00ebsimi vazhdon \u00a0me ndihm\u00ebn e UNDP dhe Ministris\u00eb s\u00eb Arsimit dhe Shkenc\u00ebs, e cila rinovoi kontratat me m\u00ebsuesit e shkoll\u00ebs &#8220;Makarenko&#8221;. Sot ky institucion \u00ebsht\u00eb plot g\u00ebzim. T\u00eb rinjt\u00eb jan\u00eb plot hare q\u00eb gjysm\u00ebn e dit\u00ebs do t\u00eb jen\u00eb n\u00eb m\u00ebsim\u201d, thot\u00eb p\u00ebr SAKAMDAKAZAM.MK drejtori Daniell Antoski, i cili ka alarmuar se n\u00eb gusht MASH nuk ka n\u00ebnshkruar kontratat me stafin m\u00ebsimdh\u00ebn\u00ebs, gj\u00eb p\u00ebr shkak t\u00eb s\u00eb cil\u00ebs m\u00ebsimet nuk filluan.<\/p>\n<p>Avokati i Popullit jav\u00ebn e kaluar k\u00ebrkoi q\u00eb shteti, p\u00ebrkat\u00ebsisht ministria, t\u00eb siguroj\u00eb urgjentisht edukimin e k\u00ebtyre f\u00ebmij\u00ebve dhevt\u00eb rinjve me vendime gjyq\u00ebsore.<\/p>\n<p>Vaska Bajramovska-Mustafa, p\u00ebrgjegj\u00ebse p\u00ebr mbrojtjen e t\u00eb drejtave t\u00eb f\u00ebmij\u00ebve, ishte n\u00eb Entin EK p\u00ebr t\u00eb inspektuar se \u00e7far\u00eb b\u00ebjn\u00eb t\u00eb rinjt\u00eb gjat\u00eb gjith\u00eb dit\u00ebs pa m\u00ebsim, si ndihen dhe sa nga ata f\u00ebmij\u00eb jan\u00eb t\u00eb shkolluar.<\/p>\n<p>Ajo i gjeti t\u00eb pak\u00ebnaqur, se si rrinin duke mos ditur \u00e7far\u00eb t\u00eb b\u00ebnin me veten e tyre gjat\u00eb gjith\u00eb dit\u00ebs, nd\u00ebrsa shteti, pra Ministria e Arsimit, shkel t\u00eb drejt\u00ebn e tyre themelore dhe t\u00eb drejt\u00ebn e garantuar me Kushtetut\u00eb p\u00ebr arsimim.<\/p>\n<p>Ata i kan\u00eb th\u00ebn\u00eb Bajramovska-Mustaf\u00ebs se duan t\u00eb p\u00ebrfshihen n\u00eb procesin edukativo-arsimor, se u mungon m\u00ebsimdh\u00ebnia, duke pasur parasysh se duan t\u00eb shkollohen, gj\u00eb q\u00eb do t&#8217;u sh\u00ebrbej\u00eb n\u00eb t\u00eb ardhmen pas daljes nga institucioni, sepse kur ata ndjekin m\u00ebsimin, dita e tyre \u00ebsht\u00eb m\u00eb e mbushur me aktivitete.<\/p>\n<p>&nbsp;<\/p>\n<p><em><strong>S. K. DELEVSKA<\/strong><\/em><\/p>\n\n<div style=\"font-size: 0px; height: 0px; line-height: 0px; margin: 0; padding: 0; clear: both;\"><\/div>","protected":false},"excerpt":{"rendered":"<p>M\u00eb shum\u00eb se 20 f\u00ebmij\u00eb dhe t\u00eb rinj t\u00eb Entit Edukues-Korrrektues\u201cTetova\u201d, n\u00ebnt\u00eb prej t\u00eb cil\u00ebve jan\u00eb krejt\u00ebsisht analfabet\u00eb, nga sot [&hellip;]<\/p>\n","protected":false},"author":25,"featured_media":184499,"comment_status":"closed","ping_status":"closed","sticky":false,"template":"","format":"standard","meta":{"_mo_disable_npp":"no","inline_featured_image":false},"categories":[3085,3087],"tags":[],"imageURL":"https:\/\/sdk.mk\/wp-content\/uploads\/2022\/12\/daniel-antoski-894389438934-650x341.jpg","thumbURL":"https:\/\/sdk.mk\/wp-content\/uploads\/2022\/12\/daniel-antoski-894389438934-250x131.jpg","categoryNames":["Histori t\u00eb parr\u00ebfyera","Maqedonia"],"feature_caption":"Drejtori Daniell Antoski dhe Ministri i Drejt\u00ebsis\u00eb Nikolla Tupan\u00e7eski n\u00eb nj\u00eb vizit\u00eb n\u00eb Entin EK n\u00eb Vollkovi. (Foto: SDK).","subtitle":"","views":"34","source":"Shkup, (SAKAMDAKAZAM.MK)","yoast_head":"<!-- This site is optimized with the Yoast SEO Premium plugin v15.0 - https:\/\/yoast.com\/wordpress\/plugins\/seo\/ -->\n<title>VITI SHKOLLOR N\u00cb ENTIN EK &quot;TETOV\u0410&quot; FILLOI N\u00cb FUND T\u00cb SEMESTRIT T\u00cb PAR\u00cb, F\u00cbMIJ\u00cbT TEJMASE T\u00cb G\u00cbZUAR - \u0421\u0430\u043a\u0430\u043c \u0414\u0430 \u041a\u0430\u0436\u0430\u043c<\/title>\n<meta name=\"robots\" content=\"index, follow, max-snippet:-1, max-image-preview:large, max-video-preview:-1\" \/>\n<link rel=\"canonical\" href=\"https:\/\/sdk.mk\/index.php\/maqedonia\/viti-shkollor-ne-entin-ek-tetova-filloi-ne-fund-te-semestrit-te-pare-femijet-tejmase-te-gezuar\/\" \/>\n<meta property=\"og:locale\" content=\"mk_MK\" \/>\n<meta property=\"og:type\" content=\"article\" \/>\n<meta property=\"og:title\" content=\"VITI SHKOLLOR N\u00cb ENTIN EK &quot;TETOV\u0410&quot; FILLOI N\u00cb FUND T\u00cb SEMESTRIT T\u00cb PAR\u00cb, F\u00cbMIJ\u00cbT TEJMASE T\u00cb G\u00cbZUAR - \u0421\u0430\u043a\u0430\u043c \u0414\u0430 \u041a\u0430\u0436\u0430\u043c\" \/>\n<meta property=\"og:description\" content=\"M\u00eb shum\u00eb se 20 f\u00ebmij\u00eb dhe t\u00eb rinj t\u00eb Entit Edukues-Korrrektues\u201cTetova\u201d, n\u00ebnt\u00eb prej t\u00eb cil\u00ebve jan\u00eb krejt\u00ebsisht analfabet\u00eb, nga sot [&hellip;]\" \/>\n<meta property=\"og:url\" content=\"https:\/\/sdk.mk\/index.php\/maqedonia\/viti-shkollor-ne-entin-ek-tetova-filloi-ne-fund-te-semestrit-te-pare-femijet-tejmase-te-gezuar\/\" \/>\n<meta property=\"og:site_name\" content=\"\u0421\u0430\u043a\u0430\u043c \u0414\u0430 \u041a\u0430\u0436\u0430\u043c\" \/>\n<meta property=\"article:published_time\" content=\"2023-03-15T15:22:44+00:00\" \/>\n<meta property=\"og:image\" content=\"https:\/\/sdk.mk\/wp-content\/uploads\/2022\/12\/daniel-antoski-894389438934.jpg\" \/>\n\t<meta property=\"og:image:width\" content=\"800\" \/>\n\t<meta property=\"og:image:height\" content=\"420\" \/>\n<meta property=\"fb:app_id\" content=\"2407985809428537\" \/>\n<meta name=\"twitter:card\" content=\"summary\" \/>\n<script type=\"application\/ld+json\" class=\"yoast-schema-graph\">{\"@context\":\"https:\/\/schema.org\",\"@graph\":[{\"@type\":\"WebSite\",\"@id\":\"https:\/\/sdk.mk\/#website\",\"url\":\"https:\/\/sdk.mk\/\",\"name\":\"\\u0421\\u0430\\u043a\\u0430\\u043c \\u0414\\u0430 \\u041a\\u0430\\u0436\\u0430\\u043c\",\"description\":\"\\u0417\\u0430 \\u0441\\u043b\\u043e\\u0431\\u043e\\u0434\\u043e\\u0443\\u043c\\u043d\\u0438\",\"potentialAction\":[{\"@type\":\"SearchAction\",\"target\":\"https:\/\/sdk.mk\/?s={search_term_string}\",\"query-input\":\"required name=search_term_string\"}],\"inLanguage\":\"mk-MK\"},{\"@type\":\"ImageObject\",\"@id\":\"https:\/\/sdk.mk\/index.php\/maqedonia\/viti-shkollor-ne-entin-ek-tetova-filloi-ne-fund-te-semestrit-te-pare-femijet-tejmase-te-gezuar\/#primaryimage\",\"inLanguage\":\"mk-MK\",\"url\":\"https:\/\/sdk.mk\/wp-content\/uploads\/2022\/12\/daniel-antoski-894389438934.jpg\",\"width\":800,\"height\":420},{\"@type\":\"WebPage\",\"@id\":\"https:\/\/sdk.mk\/index.php\/maqedonia\/viti-shkollor-ne-entin-ek-tetova-filloi-ne-fund-te-semestrit-te-pare-femijet-tejmase-te-gezuar\/#webpage\",\"url\":\"https:\/\/sdk.mk\/index.php\/maqedonia\/viti-shkollor-ne-entin-ek-tetova-filloi-ne-fund-te-semestrit-te-pare-femijet-tejmase-te-gezuar\/\",\"name\":\"VITI SHKOLLOR N\\u00cb ENTIN EK \\\"TETOV\\u0410\\\" FILLOI N\\u00cb FUND T\\u00cb SEMESTRIT T\\u00cb PAR\\u00cb, F\\u00cbMIJ\\u00cbT TEJMASE T\\u00cb G\\u00cbZUAR - \\u0421\\u0430\\u043a\\u0430\\u043c \\u0414\\u0430 \\u041a\\u0430\\u0436\\u0430\\u043c\",\"isPartOf\":{\"@id\":\"https:\/\/sdk.mk\/#website\"},\"primaryImageOfPage\":{\"@id\":\"https:\/\/sdk.mk\/index.php\/maqedonia\/viti-shkollor-ne-entin-ek-tetova-filloi-ne-fund-te-semestrit-te-pare-femijet-tejmase-te-gezuar\/#primaryimage\"},\"datePublished\":\"2023-03-15T15:22:44+00:00\",\"dateModified\":\"2023-03-15T15:22:44+00:00\",\"author\":{\"@id\":\"https:\/\/sdk.mk\/#\/schema\/person\/737021aeacbe893f7e2c347186c5c7a1\"},\"inLanguage\":\"mk-MK\",\"potentialAction\":[{\"@type\":\"ReadAction\",\"target\":[\"https:\/\/sdk.mk\/index.php\/maqedonia\/viti-shkollor-ne-entin-ek-tetova-filloi-ne-fund-te-semestrit-te-pare-femijet-tejmase-te-gezuar\/\"]}]},{\"@type\":\"Person\",\"@id\":\"https:\/\/sdk.mk\/#\/schema\/person\/737021aeacbe893f7e2c347186c5c7a1\",\"name\":\"\\u0424\\u0458\\u043e\\u043b\\u0430 \\u0417\\u043b\\u0430\\u0442\\u043a\\u0443\"}]}<\/script>\n<!-- \/ Yoast SEO Premium plugin. -->","_links":{"self":[{"href":"https:\/\/sdk.mk\/index.php\/wp-json\/wp\/v2\/posts\/190814"}],"collection":[{"href":"https:\/\/sdk.mk\/index.php\/wp-json\/wp\/v2\/posts"}],"about":[{"href":"https:\/\/sdk.mk\/index.php\/wp-json\/wp\/v2\/types\/post"}],"author":[{"embeddable":true,"href":"https:\/\/sdk.mk\/index.php\/wp-json\/wp\/v2\/users\/25"}],"replies":[{"embeddable":true,"href":"https:\/\/sdk.mk\/index.php\/wp-json\/wp\/v2\/comments?post=190814"}],"version-history":[{"count":0,"href":"https:\/\/sdk.mk\/index.php\/wp-json\/wp\/v2\/posts\/190814\/revisions"}],"wp:featuredmedia":[{"embeddable":true,"href":"https:\/\/sdk.mk\/index.php\/wp-json\/wp\/v2\/media\/184499"}],"wp:attachment":[{"href":"https:\/\/sdk.mk\/index.php\/wp-json\/wp\/v2\/media?parent=190814"}],"wp:term":[{"taxonomy":"category","embeddable":true,"href":"https:\/\/sdk.mk\/index.php\/wp-json\/wp\/v2\/categories?post=190814"},{"taxonomy":"post_tag","embeddable":true,"href":"https:\/\/sdk.mk\/index.php\/wp-json\/wp\/v2\/tags?post=190814"}],"curies":[{"name":"wp","href":"https:\/\/api.w.org\/{rel}","templated":true}]}}