{"id":190858,"date":"2023-03-16T10:26:57","date_gmt":"2023-03-16T09:26:57","guid":{"rendered":"https:\/\/sdk.mk\/?p=190858"},"modified":"2023-03-16T10:26:57","modified_gmt":"2023-03-16T09:26:57","slug":"banoret-e-entit-ek-tetova-i-krijuan-vete-zbukurimet-per-festat-e-fundvitit","status":"publish","type":"post","link":"https:\/\/sdk.mk\/index.php\/maqedonia\/banoret-e-entit-ek-tetova-i-krijuan-vete-zbukurimet-per-festat-e-fundvitit\/","title":{"rendered":"BANOR\u00cbT E ENTIT EK &#8220;TETOVA&#8221; I KRIJUAN VET\u00cb ZBUKURIMET P\u00cbR FESTAT E FUNDVITIT"},"content":{"rendered":"<div class=\"f52428582a4b906b2d2e2a7d733c7d27\" data-index=\"7\" style=\"float: none; margin:10px 0 10px 0; text-align:center;\">\n<!-- MSP Ads Asynchronous JS Tag - Generated with Revive Adserver v5.4.1 -->\r\n<ins data-revive-zoneid=\"167\" data-revive-id=\"060fdb01f6430ec164d3519234aa4967\"><\/ins>\r\n<script async src=\"\/\/panel.ads.com.mk\/www\/delivery\/asyncjs.php\"><\/script>\n<\/div>\n<p>Nj\u00eb atmosfer\u00eb shum\u00eb t\u00eb bukur p\u00ebrjetuan sot t\u00eb rinjt\u00eb e institucionit EK \u201cTetova\u201d teksa zbukuruan oborrin e tyre p\u00ebr Vitin e Ri. \u00a0Vendos\u00ebn fjolla bore q\u00eb i p\u00ebrpunuan me peleta dhe gjithashtu dekoruan pem\u00ebn e madhe t\u00eb Krishtlindjes. Brenda korridoreve dhe dhomave t\u00eb t\u00eb rinjve n\u00eb k\u00ebt\u00eb institucion ka nj\u00eb bukuri t\u00eb ve\u00e7ant\u00eb. Kudo ka zbukurime me pun\u00eb dore dhe letra shum\u00ebngjyr\u00ebshe.<\/p>\n<p>Koha e f\u00ebmij\u00ebve dhe t\u00eb rinjve t\u00eb d\u00ebnuar ligj\u00ebrisht q\u00eb jetojn\u00eb n\u00eb \u201cTetova\u201d nuk ka qen\u00eb asnj\u00ebher\u00eb m\u00eb e p\u00ebrmbushur se n\u00eb k\u00ebt\u00eb muaj, dhe kjo jo vet\u00ebm p\u00ebr shkak t\u00eb humorit t\u00eb mir\u00eb para festave dhe p\u00ebrgatitjeve p\u00ebr nat\u00ebn e nd\u00ebrrimit t\u00eb viteve, por edhe p\u00ebr faktin se pas nj\u00eb pushimi t\u00eb gjat\u00eb, ata fillojn\u00eb p\u00ebrs\u00ebri shkoll\u00ebn pas nj\u00eb jave. M\u00ebsojn\u00eb, nd\u00ebrkoh\u00eb q\u00eb 9 prej 20 f\u00ebmij\u00ebve edukohen n\u00eb shkrim-lexim p\u00ebr her\u00eb t\u00eb par\u00eb.<\/p>\n<p>Magjia vazhdon ende n\u00eb pun\u00ebtorin\u00eb e k\u00ebtij institucioni, ku pas m\u00ebsimeve fillon pjesa kreative e k\u00ebtyre f\u00ebmij\u00ebve.\u00a0 N\u00eb munges\u00eb t\u00eb procesit arsimor, ata k\u00ebtu m\u00ebsuan zanatin e zdrukthtaris\u00eb.<\/p>\n<p>&#8220;E gjith\u00eb kjo jav\u00eb ka qen\u00eb shum\u00eb e gjall\u00eb.&#8221; F\u00ebmij\u00ebt jan\u00eb t\u00eb mrekulluesh\u00ebm, kan\u00eb nj\u00eb d\u00ebshir\u00eb t\u00eb madhe p\u00ebr t\u00eb krijuar dekorime t\u00eb bukura. I b\u00ebjn\u00eb me dashuri, jan\u00eb shum\u00eb t\u00eb g\u00ebzuar. Dekorimet e Krishtlindjeve q\u00eb i kemi vendosur s\u00ebbashku n\u00eb oborr jan\u00eb prej druri. K\u00ebtu n\u00eb pun\u00ebtori, k\u00ebta mjeshtra t\u00eb rinj mat\u00ebn, pren\u00eb, ngjit\u00ebn, fark\u00ebtuan fjolla bore prej druri zbukurime p\u00ebr pem\u00ebn e Vitit t\u00eb Ri, zbukurimi i t\u00eb cil\u00ebs ishte nj\u00eb moment i ve\u00e7ant\u00eb g\u00ebzimi\u201d, thot\u00eb drejtori i Entit Daniell Antoski, t\u00eb cilit, si\u00e7 na tha, i \u00ebsht\u00eb mbushur shpirti tani q\u00eb ka edukim dhe aktivitete p\u00ebr f\u00ebmij\u00ebt.<\/p>\n<p>M\u00eb n\u00eb fund u plot\u00ebsua dita e k\u00ebtyre t\u00eb rinjve dhe tani mund t\u00eb flasim p\u00ebr nj\u00eb proces risocializimi n\u00eb kuptimin e v\u00ebrtet\u00eb t\u00eb fjal\u00ebs. Kjo \u00ebsht\u00eb ajo q\u00eb ka munguar dhe q\u00eb Avokati i Popullit dhe organizatat joqeveritare p\u00ebr t\u00eb drejtat e njeriut dhe t\u00eb drejtat e f\u00ebmij\u00ebve kan\u00eb pasur si v\u00ebrejtje dhe kan\u00eb kritikuar p\u00ebr nj\u00eb koh\u00eb t\u00eb gjat\u00eb. Problemi m\u00eb i madh ishte se k\u00ebta f\u00ebmij\u00eb nuk kishin nj\u00eb proces edukativ p\u00ebr shkak se Ministria e Arsimit nuk ua rinovoi kontratat m\u00ebsuesve. Edhe pse kaloi pothuajse i gjith\u00eb gjasht\u00ebmujori i par\u00eb, n\u00eb fillim t\u00eb k\u00ebtij muaji edhe kjo pun\u00eb u zgjidh.<\/p>\n<p>&nbsp;<\/p>\n<p><strong><em>S. K. DELEVSKA<\/em><\/strong><\/p>\n\n<div style=\"font-size: 0px; height: 0px; line-height: 0px; margin: 0; padding: 0; clear: both;\"><\/div>","protected":false},"excerpt":{"rendered":"<p>Nj\u00eb atmosfer\u00eb shum\u00eb t\u00eb bukur p\u00ebrjetuan sot t\u00eb rinjt\u00eb e institucionit EK \u201cTetova\u201d teksa zbukuruan oborrin e tyre p\u00ebr Vitin [&hellip;]<\/p>\n","protected":false},"author":25,"featured_media":185080,"comment_status":"closed","ping_status":"closed","sticky":false,"template":"","format":"standard","meta":{"_mo_disable_npp":"no","inline_featured_image":false},"categories":[3085,3087],"tags":[],"imageURL":"https:\/\/sdk.mk\/wp-content\/uploads\/2022\/12\/vp-dom-6-650x341.jpg","thumbURL":"https:\/\/sdk.mk\/wp-content\/uploads\/2022\/12\/vp-dom-6-250x131.jpg","categoryNames":["Histori t\u00eb parr\u00ebfyera","Maqedonia"],"feature_caption":"Nj\u00eb pjes\u00eb nga atmosfera n\u00eb pun\u00ebtorin\u00eb e pajisur, ku f\u00ebmij\u00ebt gdhend\u00ebn, pikturuan dhe ngjit\u00ebn zbukurime t\u00eb fundvitit (Foto: Enti EK \"Tetova\")","subtitle":"","views":"39","source":"Shkup, (SAKAMDAKAZAM.MK)","yoast_head":"<!-- This site is optimized with the Yoast SEO Premium plugin v15.0 - https:\/\/yoast.com\/wordpress\/plugins\/seo\/ -->\n<title>BANOR\u00cbT E ENTIT EK &quot;TETOVA&quot; I KRIJUAN VET\u00cb ZBUKURIMET P\u00cbR FESTAT E FUNDVITIT - \u0421\u0430\u043a\u0430\u043c \u0414\u0430 \u041a\u0430\u0436\u0430\u043c<\/title>\n<meta name=\"robots\" content=\"index, follow, max-snippet:-1, max-image-preview:large, max-video-preview:-1\" \/>\n<link rel=\"canonical\" href=\"https:\/\/sdk.mk\/index.php\/maqedonia\/banoret-e-entit-ek-tetova-i-krijuan-vete-zbukurimet-per-festat-e-fundvitit\/\" \/>\n<meta property=\"og:locale\" content=\"mk_MK\" \/>\n<meta property=\"og:type\" content=\"article\" \/>\n<meta property=\"og:title\" content=\"BANOR\u00cbT E ENTIT EK &quot;TETOVA&quot; I KRIJUAN VET\u00cb ZBUKURIMET P\u00cbR FESTAT E FUNDVITIT - \u0421\u0430\u043a\u0430\u043c \u0414\u0430 \u041a\u0430\u0436\u0430\u043c\" \/>\n<meta property=\"og:description\" content=\"Nj\u00eb atmosfer\u00eb shum\u00eb t\u00eb bukur p\u00ebrjetuan sot t\u00eb rinjt\u00eb e institucionit EK \u201cTetova\u201d teksa zbukuruan oborrin e tyre p\u00ebr Vitin [&hellip;]\" \/>\n<meta property=\"og:url\" content=\"https:\/\/sdk.mk\/index.php\/maqedonia\/banoret-e-entit-ek-tetova-i-krijuan-vete-zbukurimet-per-festat-e-fundvitit\/\" \/>\n<meta property=\"og:site_name\" content=\"\u0421\u0430\u043a\u0430\u043c \u0414\u0430 \u041a\u0430\u0436\u0430\u043c\" \/>\n<meta property=\"article:published_time\" content=\"2023-03-16T09:26:57+00:00\" \/>\n<meta property=\"og:image\" content=\"https:\/\/sdk.mk\/wp-content\/uploads\/2022\/12\/vp-dom-6.jpg\" \/>\n\t<meta property=\"og:image:width\" content=\"1600\" \/>\n\t<meta property=\"og:image:height\" content=\"840\" \/>\n<meta property=\"fb:app_id\" content=\"2407985809428537\" \/>\n<meta name=\"twitter:card\" content=\"summary\" \/>\n<script type=\"application\/ld+json\" class=\"yoast-schema-graph\">{\"@context\":\"https:\/\/schema.org\",\"@graph\":[{\"@type\":\"WebSite\",\"@id\":\"https:\/\/sdk.mk\/#website\",\"url\":\"https:\/\/sdk.mk\/\",\"name\":\"\\u0421\\u0430\\u043a\\u0430\\u043c \\u0414\\u0430 \\u041a\\u0430\\u0436\\u0430\\u043c\",\"description\":\"\\u0417\\u0430 \\u0441\\u043b\\u043e\\u0431\\u043e\\u0434\\u043e\\u0443\\u043c\\u043d\\u0438\",\"potentialAction\":[{\"@type\":\"SearchAction\",\"target\":\"https:\/\/sdk.mk\/?s={search_term_string}\",\"query-input\":\"required name=search_term_string\"}],\"inLanguage\":\"mk-MK\"},{\"@type\":\"ImageObject\",\"@id\":\"https:\/\/sdk.mk\/index.php\/maqedonia\/banoret-e-entit-ek-tetova-i-krijuan-vete-zbukurimet-per-festat-e-fundvitit\/#primaryimage\",\"inLanguage\":\"mk-MK\",\"url\":\"https:\/\/sdk.mk\/wp-content\/uploads\/2022\/12\/vp-dom-6.jpg\",\"width\":1600,\"height\":840},{\"@type\":\"WebPage\",\"@id\":\"https:\/\/sdk.mk\/index.php\/maqedonia\/banoret-e-entit-ek-tetova-i-krijuan-vete-zbukurimet-per-festat-e-fundvitit\/#webpage\",\"url\":\"https:\/\/sdk.mk\/index.php\/maqedonia\/banoret-e-entit-ek-tetova-i-krijuan-vete-zbukurimet-per-festat-e-fundvitit\/\",\"name\":\"BANOR\\u00cbT E ENTIT EK \\\"TETOVA\\\" I KRIJUAN VET\\u00cb ZBUKURIMET P\\u00cbR FESTAT E FUNDVITIT - \\u0421\\u0430\\u043a\\u0430\\u043c \\u0414\\u0430 \\u041a\\u0430\\u0436\\u0430\\u043c\",\"isPartOf\":{\"@id\":\"https:\/\/sdk.mk\/#website\"},\"primaryImageOfPage\":{\"@id\":\"https:\/\/sdk.mk\/index.php\/maqedonia\/banoret-e-entit-ek-tetova-i-krijuan-vete-zbukurimet-per-festat-e-fundvitit\/#primaryimage\"},\"datePublished\":\"2023-03-16T09:26:57+00:00\",\"dateModified\":\"2023-03-16T09:26:57+00:00\",\"author\":{\"@id\":\"https:\/\/sdk.mk\/#\/schema\/person\/737021aeacbe893f7e2c347186c5c7a1\"},\"inLanguage\":\"mk-MK\",\"potentialAction\":[{\"@type\":\"ReadAction\",\"target\":[\"https:\/\/sdk.mk\/index.php\/maqedonia\/banoret-e-entit-ek-tetova-i-krijuan-vete-zbukurimet-per-festat-e-fundvitit\/\"]}]},{\"@type\":\"Person\",\"@id\":\"https:\/\/sdk.mk\/#\/schema\/person\/737021aeacbe893f7e2c347186c5c7a1\",\"name\":\"\\u0424\\u0458\\u043e\\u043b\\u0430 \\u0417\\u043b\\u0430\\u0442\\u043a\\u0443\"}]}<\/script>\n<!-- \/ Yoast SEO Premium plugin. -->","_links":{"self":[{"href":"https:\/\/sdk.mk\/index.php\/wp-json\/wp\/v2\/posts\/190858"}],"collection":[{"href":"https:\/\/sdk.mk\/index.php\/wp-json\/wp\/v2\/posts"}],"about":[{"href":"https:\/\/sdk.mk\/index.php\/wp-json\/wp\/v2\/types\/post"}],"author":[{"embeddable":true,"href":"https:\/\/sdk.mk\/index.php\/wp-json\/wp\/v2\/users\/25"}],"replies":[{"embeddable":true,"href":"https:\/\/sdk.mk\/index.php\/wp-json\/wp\/v2\/comments?post=190858"}],"version-history":[{"count":0,"href":"https:\/\/sdk.mk\/index.php\/wp-json\/wp\/v2\/posts\/190858\/revisions"}],"wp:featuredmedia":[{"embeddable":true,"href":"https:\/\/sdk.mk\/index.php\/wp-json\/wp\/v2\/media\/185080"}],"wp:attachment":[{"href":"https:\/\/sdk.mk\/index.php\/wp-json\/wp\/v2\/media?parent=190858"}],"wp:term":[{"taxonomy":"category","embeddable":true,"href":"https:\/\/sdk.mk\/index.php\/wp-json\/wp\/v2\/categories?post=190858"},{"taxonomy":"post_tag","embeddable":true,"href":"https:\/\/sdk.mk\/index.php\/wp-json\/wp\/v2\/tags?post=190858"}],"curies":[{"name":"wp","href":"https:\/\/api.w.org\/{rel}","templated":true}]}}