{"id":193510,"date":"2023-04-24T14:28:51","date_gmt":"2023-04-24T12:28:51","guid":{"rendered":"https:\/\/sdk.mk\/?p=193510"},"modified":"2023-04-24T14:28:51","modified_gmt":"2023-04-24T12:28:51","slug":"dicka-po-ziejne","status":"publish","type":"post","link":"https:\/\/sdk.mk\/index.php\/dua-te-them\/dicka-po-ziejne\/","title":{"rendered":"DI\u00c7KA PO ZIEJN\u00cb"},"content":{"rendered":"<div class=\"f52428582a4b906b2d2e2a7d733c7d27\" data-index=\"7\" style=\"float: none; margin:10px 0 10px 0; text-align:center;\">\n<!-- MSP Ads Asynchronous JS Tag - Generated with Revive Adserver v5.4.1 -->\r\n<ins data-revive-zoneid=\"167\" data-revive-id=\"060fdb01f6430ec164d3519234aa4967\"><\/ins>\r\n<script async src=\"\/\/panel.ads.com.mk\/www\/delivery\/asyncjs.php\"><\/script>\n<\/div>\n<p><span class=\"dropcap color firstcharacter\">1<\/span> Kush pyet p\u00ebr \u201cBehtel-Enka\u201d? Kur pyesim se si do t\u00eb shpenzohen nj\u00eb miliard e treqind milion\u00eb euro p\u00ebr nd\u00ebrtimin e kat\u00ebr sektor\u00ebve t\u00eb autostrad\u00ebs n\u00eb shtetin ton\u00eb, tema e bised\u00ebs nuk \u00ebsht\u00eb kompania nd\u00ebrtimore, por Qeveria jon\u00eb, e cila duhet t\u00eb paguaj\u00eb p\u00ebr nd\u00ebrtimin. Tema e bised\u00ebs nuk \u00ebsht\u00eb as Amerika.\u201cBehtel-Enka\u201d \u00ebsht\u00eb kompani private. Mund t\u00eb ishte dhe \u201cKoka kola\u201d, \u201cTesla\u201d apo \u201cAmazon\u201d. Neve nuk na intereson biznesi i kompanive private. Ne kemi pyetje q\u00eb \u00ebsht\u00eb shum\u00eb me mend. Si t\u00eb harxhohen parat\u00eb tona? Dhe nuk jan\u00eb pak para? Aq na intereson. Sidomos q\u00eb Qeveria na thot\u00eb se marr\u00ebveshja me kompanin\u00eb private nd\u00ebrtimore \u00ebsht\u00eb sekret, e ne duam q\u00eb t\u00eb m\u00ebsojm\u00eb se si me fsheht\u00ebsi do ta mbroj\u00eb interesin publik. Nuk e di se \u00e7far\u00eb \u00ebsht\u00eb k\u00ebtu e paqart\u00eb. M\u00eb kot qeveria i l\u00ebshon \u201ckorrier\u00ebt\u201d, t\u00eb cil\u00ebt ndaj \u00e7do pyetjeje se si harxhohen parat\u00eb e paguesve tatimor\u00eb l\u00ebshojn\u00eb mesazhe: \u201cMos u zini me Amerik\u00ebn!\u201d. \u00c7far\u00eb? T\u00eb mos na hidh\u00ebrohet kompania amerikane e t\u00eb mos doj\u00eb t\u2019i marr\u00eb ato 1,3 miliard\u00eb euro!?<\/p>\n<p>Jo ore. Nuk ju hidh\u00ebrojm\u00eb me Amerik\u00ebn. Ju hidh\u00ebroheni me ne. Askush nuk e konsteston partneritetin strategjik t\u00eb SHBA-ve. Por, ne nuk ju kemi zgjedhur q\u00eb t\u2019i mbroni interesat amerikane. Ju kemi zgjedhur q\u00eb t\u2019i mbroni interesat e qytetar\u00ebve dhe shtetit maqedonas. Nuk e di se \u00e7far\u00eb ka k\u00ebtu t\u00eb paqart\u00eb.<\/p>\n<p>M\u00ebnyra me t\u00eb cil\u00ebn qeveria e drejton gjith\u00eb procedur\u00ebn vet\u00ebm sa prodhon pabesi m\u00eb t\u00eb madhe ndaj institucioneve t\u00eb shtetit, ku edhe k\u00ebshtu si\u00e7 \u00ebsht\u00eb situata, pak veta besojn\u00eb. Ja, tani shpik\u00ebn edhe se marr\u00ebveshja q\u00eb p\u00ebrmban klauzula t\u00eb fshehta mund t\u00eb shihet vet\u00ebm nga deputet\u00ebt q\u00eb kan\u00eb certifikata sigurie. Vall\u00eb, do t\u00eb cenohet siguria n\u00ebse kuptohet se sa do t\u00eb jet\u00eb provizioni? Dhe se kush do ta marr\u00eb.<\/p>\n<p>Dihet se n\u00eb Kuvend do t\u00eb sillen ligjet q\u00eb i ka k\u00ebrkuar \u201cBehtel-Enka\u201d. Besoj se rrug\u00ebt do t\u00eb nd\u00ebrtohen. Nga kjo do t\u00eb p\u00ebrfitojn\u00eb t\u00eb gjith\u00eb qytetar\u00ebt. Por, do t\u00eb mbetet fsheht\u00ebsi se cil\u00ebt qytetar\u00eb do t\u00eb p\u00ebrfitojn\u00eb m\u00eb shum\u00eb se t\u00eb tjer\u00eb. Qeveria edhe deri m\u00eb tani nuk ka treguar se e meriton q\u00eb t\u2019i besohet. E mu ai Uashington, me t\u00eb cil\u00ebt tani i k\u00ebrc\u00ebnohen atyre q\u00eb kan\u00eb dyshime se Qeveria n\u00eb m\u00ebnyr\u00eb jotransparente i harxhon parat\u00eb e paguesve tatimore, u b\u00ebn lista politikan\u00ebve t\u00eb korruptuar dhe \u00e7do dit\u00eb i kujton se sa nuk b\u00ebjn\u00eb p\u00ebr p\u00ebrballimin e korrupsionit dhe mosd\u00ebnimin e krimit t\u00eb profilit t\u00eb lart\u00eb.<\/p>\n<p>Nuk e dim\u00eb n\u00ebse gjith\u00e7ka \u00ebsht\u00eb e past\u00ebr, sepse thon\u00eb se \u00ebsht\u00eb sekret. Por perceptimi i publikut \u00ebsht\u00eb se di\u00e7ka po ziejn\u00eb. Dhe krahas k\u00ebsaj, fshihen pa pik\u00eb turpi pas Amerik\u00ebs.<\/p>\n<p><span class=\"dropcap color firstcharacter\">2 <\/span> Gjith\u00e7ka filloi diku rreth viti 2000, n\u00eb fillim t\u00eb shekulit 21, kur politikan\u00ebt filluan t\u00eb fotografohen n\u00eb kisha dhe xhami gjat\u00eb koh\u00ebs s\u00eb sh\u00ebrbimeve fetare, por nuk jepnin deklarata. Ashtu si\u00e7 po hynim n\u00eb mij\u00ebvje\u00e7arin e ri, u b\u00eb shum\u00eb e r\u00ebnd\u00ebsishme se \u00e7far\u00eb kan\u00eb p\u00ebr t\u00eb deklaruar politikan\u00ebt p\u00ebr lindjen e Krishtit, p\u00ebr ringjalljen, p\u00ebr bajramet, darkat e iftarit, agj\u00ebrimin dhe p\u00ebr ngjarje t\u00eb tjera hyjnore. A thua se besimtar\u00ebt nuk e din\u00eb k\u00ebt\u00eb dhe presin q\u00eb ministrat dhe kryetar\u00ebt e komunave t\u2019u thon\u00eb se sa e r\u00ebnd\u00ebsishme \u00ebsht\u00eb nj\u00eb dit\u00eb e caktuar dhe se duhet t\u00eb ken\u00eb qet\u00ebsi dhe paqe. E n\u00ebse, mos dh\u00ebnt\u00eb Zoti, nj\u00eb sekretar gjeneral i ndonj\u00eb partie, harron t\u00eb uroj\u00eb Pashk\u00ebt apo Bajramin, a thua se kjo fest\u00eb nuk ka ndodhur, at\u00ebher\u00eb nuk do t\u00eb ket\u00eb as qet\u00ebsi dhe as paqe.<br \/>\nDhe k\u00ebshtu, n\u00eb k\u00ebt\u00eb shtet sekular e kemi pritur dit\u00ebn kur zjarrin hyjnor nga Jerusalemi p\u00ebr Pashk\u00ebt e solli ministri p\u00ebr pun\u00eb t\u00eb brendshme Oliver Spasovski dhe ministrja e kultur\u00ebs Biseda Kostadinovska-Stoj\u00e7evska, t\u00eb dy nga LSDM-ja e s\u00eb majt\u00ebs. Kurse kryeministri i qeveris\u00eb t\u00eb s\u00eb majt\u00ebs Dimitar Kova\u00e7evski u mundua deri n\u00eb aeroport q\u00eb ta pres\u00eb zjarrin, i cili ateroi nga Tel Aviv me avion qeveritar. Dhe k\u00ebt\u00eb e paraqiti si ngjarje historike.<\/p>\n<p>\u00c7far\u00eb do t\u00eb jet\u00eb ndryshimi i ardhsh\u00ebm i Kushtetut\u00ebs? Do ta fshijm\u00eb nenin ku shteti \u00ebsht\u00eb i ndar\u00eb nga feja? Kur politikan\u00ebt tashm\u00eb u thon\u00eb besimtar\u00ebve se si t\u00eb festojn\u00eb festa fetare, at\u00ebher\u00eb le t\u00eb na tregojn\u00eb prift\u00ebrinjt\u00eb dhe hoxhat se si t\u00eb jetojm\u00eb.<\/p>\n<p><span class=\"dropcap color firstcharacter\">3 <\/span> Sipas raportit m\u00eb t\u00eb ri t\u00eb UNICEF, Maqedonia \u00ebsht\u00eb n\u00eb vendin e dyt\u00eb t\u00eb bot\u00ebs sipas numrit t\u00eb f\u00ebmij\u00ebve t\u00eb pavaksinuar me asnj\u00eb lloj vaksine. E, kjo po q\u00eb \u00ebsht\u00eb mrekulli. Ku kemi qen\u00eb, e deri kur kemi mb\u00ebrritur. Mrekulli m\u00eb e madhe se mrekullia e zjarrit hynor t\u00eb s\u00eb Shtun\u00ebs s\u00eb Madhe.<\/p>\n<p><span class=\"dropcap color firstcharacter\">4<\/span> Rasti me ansteziologun tetovar, q\u00eb i ka incizuar pacient\u00ebt me telefon dhe q\u00eb n\u00eb m\u00ebnyr\u00eb vulgare ka komentuar n\u00eb rrjete sociale, p\u00ebr kush e di t\u00eb sat\u00ebn her\u00eb na tregoi se si politikan\u00ebt na i rrezikojn\u00eb jet\u00ebt. Komisioni i Fakultetit t\u00eb mjek\u00ebsis\u00eb n\u00eb Shkup, i cili dy her\u00eb ka refuzuar q\u00eb mjekut t\u2019ia nostrifikoj\u00eb secializimin q\u00eb e ka mbaruar n\u00eb Prishtin\u00eb, \u00ebsht\u00eb ankuar se kan\u00eb pasur shtypje t\u00eb madhe politike p\u00ebr ta n\u00ebnshkruar. Shum\u00eb m\u00eb intereson n\u00ebse ai q\u00eb \u00ebsht\u00eb paraqitur nga partia, a do t\u00eb kishte z\u00ebn\u00eb lidhje n\u00eb spital q\u00eb mu ky mjek t\u2019ia dozoj\u00eb anestezionin? Apo t\u2019ia fotografoj\u00eb vajz\u00ebn n\u00eb TikTok?<\/p>\n<p>Para gjysm\u00eb viti, me thirrjet nga partia, jan\u00eb p\u00ebrpjekur t\u00eb zgjedhin edhe kontrollor\u00eb t\u00eb fluturimit. E kuptoj, ndikime, miq\u00ebsi, familjar\u00eb, blerje\u2026Por, n\u00ebse jan\u00eb t\u00eb r\u00ebnd\u00ebsish\u00ebm n\u00eb parti, nuk do t\u00eb thot\u00eb se duhet edhe t\u00eb na vrasin. Mund t\u2019u japin nj\u00eb zyr\u00eb q\u00eb t\u2019i gabojn\u00eb certifikatat, t\u00eb pakt\u00ebn kjo nuk \u00ebsht\u00eb rrezik p\u00ebr jet\u00eb. N\u00ebse kaq shum\u00eb i kan\u00eb pasur borxh partis\u00eb, pse nuk iu kan\u00eb shpikur nj\u00eb vend drejtorial, t\u2019i jepnin j\u00eb shofer, nj\u00eb sekretaresh\u00eb, le t\u00eb thyjn\u00eb qaf\u00ebn.<\/p>\n<p>Maqedonia \u00ebsht\u00eb e vog\u00ebl. Njihemi. Kush \u00e7far\u00eb ka m\u00ebsuar, kush sa mundet. Ja, p\u00ebr shembull, koleg\u00ebt e anesteziologut-tiktoker, mendoni se nuk kan\u00eb ditur asgj\u00eb p\u00ebr t\u00eb? Se n\u00eb Spitalin e Tetov\u00ebs nuk kan\u00eb mundur as ta d\u00ebnojn\u00eb se nuk ka ekzistuar institucioni i komisionit disiplinor.<br \/>\nShkokan njer\u00ebzit jasht\u00eb shtetit!? Vall\u00eb, rast\u00ebsisht shkojn\u00eb!? Sigurisht q\u00eb shkojn\u00eb, mu p\u00ebr shkak t\u00eb rasteve t\u00eb k\u00ebtilla. \u00c7far\u00eb u ofron ti p\u00ebr t\u2019u kthyer? Investime t\u00eb Tajvanit n\u00eb zona? T\u00eb blejn\u00eb banes\u00eb mbi tubacionin n\u00eb Lisi\u00e7e apo n\u00eb \u201cnapolitankat\u201d n\u00eb Tresk\u00eb?<br \/>\nApo n\u00eb kullat e Holiday Inn-it n\u00eb tok\u00ebn e KOM-it, korporat\u00ebs m\u00eb t\u00eb madhe nd\u00ebrtimore t\u00eb shtetit dhe konkurrues serioz i \u201cBehtel i Enka\u201d. Dhe rregullisht t\u00eb paguajn\u00eb tatime dhe kontribute, apo t\u00eb mos pyesin se \u00e7far\u00eb do t\u00eb fitojn\u00eb p\u00ebr ato para.<\/p>\n<p>T\u00eb rinjt\u00eb shkokan p\u00ebr studime n\u00eb Slloveni, nd\u00ebrsa k\u00ebt\u00eb vit do t\u00eb punojn\u00eb n\u00eb Kroaci. Mjek\u00ebt dhe motrat medicinale presin rend p\u00ebr Gjermani. Kompjuterxhinjt\u00eb jan\u00eb tashm\u00eb n\u00eb Holand\u00eb.<\/p>\n<p>Ore, nga kjo partokraci do t\u00eb vij\u00eb fundi i bot\u00ebs.<\/p>\n<p><span class=\"dropcap color firstcharacter\">5 <\/span> Mu gjat\u00eb k\u00ebtyre dit\u00ebve, por para 6 vjet\u00ebve n\u00eb 2017, nj\u00eb jav\u00eb para sulmit t\u00eb organizuar t\u00eb Kuvendit, kam shkruar p\u00ebr rastin e nj\u00eb gjinekologu q\u00eb i ka g\u00ebnjyer grat\u00eb se jan\u00eb shtatz\u00ebna, nd\u00ebrsa koleg\u00ebt e tij kan\u00eb heshtur. Mjeku ka ndryshuar disa spitale private dhe n\u00eb fund ka p\u00ebrfunduar n\u00eb klinik\u00ebn shtet\u00ebrore. T\u00eb gjith\u00eb e kan\u00eb ditur se g\u00ebnjen, por n\u00eb fund dol\u00ebn fajtore grat\u00eb q\u00eb i kan\u00eb besuar.<br \/>\nN\u00eb 2017, me k\u00ebt\u00eb rast kam shkruar: \u201cK\u00ebtu b\u00ebhet fjal\u00eb p\u00ebr nj\u00eb gjendje psikopatologjike t\u00eb shpirit t\u00eb shoq\u00ebris\u00eb. Jetojm\u00eb n\u00eb nj\u00eb shtet ku pacienti ka faj se i beson mjekut, e jo ku n\u00eb faj \u00ebsht\u00eb mjeku q\u00eb n\u00eb m\u00ebnyr\u00eb t\u00eb vet\u00ebdijshme e g\u00ebnjen pacientin\u201d.<\/p>\n<p>Ato ishin dit\u00ebt kur fajtor nuk ishte presidenti Gjorge Ivanov q\u00eb n\u00eb m\u00ebnyr\u00eb t\u00eb vet\u00ebdijshme e shkelte Kushtetut\u00ebn, por fajtor\u00eb ishim ne q\u00eb i thoshim se po e shkel. Nuk ishin fjator\u00eb politikan\u00ebt kur qeveria e koalicionit t\u00eb Gruevskit t\u00eb VMRO-DPMNE-BDI-s\u00eb q\u00eb na kan\u00eb vjedhur n\u00eb m\u00ebnyr\u00eb t\u00eb vet\u00ebdijshme p\u00ebr 11 vjet, por ishim ne q\u00eb k\u00ebrkonim t\u00eb shkojn\u00eb n\u00eb burg q\u00eb t\u00eb na i kthejn\u00eb parat\u00eb q\u00eb na i kan\u00eb vjedhur.<\/p>\n<p>Gjasht\u00eb vjet m\u00eb pas doli se nuk jan\u00eb fajtor\u00eb as ata q\u00eb kan\u00eb urdh\u00ebruar p\u00ebrgjimin e paligjsh\u00ebm, por jemi ne q\u00eb i kemi d\u00ebgjuar regjistrimet. Dhe nuk jan\u00eb fajtor\u00eb ata q\u00eb kan\u00eb premtuar se do t\u00eb sjellin drejt\u00ebsi dhe paqe dhe se ajo lig\u00ebsi nuk do t\u00eb p\u00ebrs\u00ebritet, por jemi ne q\u00eb i paralajm\u00ebrojm\u00eb se kjo lig\u00ebsi, ja ku ka filluar t\u00eb p\u00ebrs\u00ebritet.<\/p>\n<p>N\u00eb vitin 2017 kam shkruar se \u201cdhuna, thjesht\u00ebsia dhe mosd\u00ebnimi mbeten masa e jet\u00ebve tona\u201d.<\/p>\n<p>\u00c7far\u00eb ka ndryshuar q\u00eb at\u00ebher\u00eb?<\/p>\n<p>&nbsp;<\/p>\n<p><em><strong>P\u00ebrktheu: Fjolla Zllatku\u00a0<\/strong><\/em><\/p>\n\n<div style=\"font-size: 0px; height: 0px; line-height: 0px; margin: 0; padding: 0; clear: both;\"><\/div>","protected":false},"excerpt":{"rendered":"<p>Kush pyet p\u00ebr \u201cBehtel-Enka\u201d? Kur pyesim se si do t\u00eb shpenzohen nj\u00eb miliard e treqind milion\u00eb euro p\u00ebr nd\u00ebrtimin e [&hellip;]<\/p>\n","protected":false},"author":25,"featured_media":0,"comment_status":"closed","ping_status":"closed","sticky":false,"template":"","format":"standard","meta":{"_mo_disable_npp":"no","inline_featured_image":false},"categories":[1825],"tags":[],"imageURL":false,"thumbURL":false,"categoryNames":["DUA T\u00cb THEM"],"feature_caption":"","subtitle":"Vall\u00eb, do t\u00eb rrezikohet siguria n\u00ebse merret vesh se sa do t\u00eb jet\u00eb provizioni dhe se kush do ta marr\u00eb at\u00eb? ","views":"28","source":"Shkup, (SAKAMDAKAZAM.MK)","yoast_head":"<!-- This site is optimized with the Yoast SEO Premium plugin v15.0 - https:\/\/yoast.com\/wordpress\/plugins\/seo\/ -->\n<title>DI\u00c7KA PO ZIEJN\u00cb - \u0421\u0430\u043a\u0430\u043c \u0414\u0430 \u041a\u0430\u0436\u0430\u043c<\/title>\n<meta name=\"robots\" content=\"index, follow, max-snippet:-1, max-image-preview:large, max-video-preview:-1\" \/>\n<link rel=\"canonical\" href=\"https:\/\/sdk.mk\/index.php\/dua-te-them\/dicka-po-ziejne\/\" \/>\n<meta property=\"og:locale\" content=\"mk_MK\" \/>\n<meta property=\"og:type\" content=\"article\" \/>\n<meta property=\"og:title\" content=\"DI\u00c7KA PO ZIEJN\u00cb - \u0421\u0430\u043a\u0430\u043c \u0414\u0430 \u041a\u0430\u0436\u0430\u043c\" \/>\n<meta property=\"og:description\" content=\"Kush pyet p\u00ebr \u201cBehtel-Enka\u201d? Kur pyesim se si do t\u00eb shpenzohen nj\u00eb miliard e treqind milion\u00eb euro p\u00ebr nd\u00ebrtimin e [&hellip;]\" \/>\n<meta property=\"og:url\" content=\"https:\/\/sdk.mk\/index.php\/dua-te-them\/dicka-po-ziejne\/\" \/>\n<meta property=\"og:site_name\" content=\"\u0421\u0430\u043a\u0430\u043c \u0414\u0430 \u041a\u0430\u0436\u0430\u043c\" \/>\n<meta property=\"article:published_time\" content=\"2023-04-24T12:28:51+00:00\" \/>\n<meta property=\"og:image\" content=\"https:\/\/sdk.mk\/wp-content\/uploads\/2015\/12\/goran-mihailovski2.jpg\" \/>\n\t<meta property=\"og:image:width\" content=\"400\" \/>\n\t<meta property=\"og:image:height\" content=\"313\" \/>\n<meta property=\"fb:app_id\" content=\"2407985809428537\" \/>\n<meta name=\"twitter:card\" content=\"summary\" \/>\n<script type=\"application\/ld+json\" class=\"yoast-schema-graph\">{\"@context\":\"https:\/\/schema.org\",\"@graph\":[{\"@type\":\"WebSite\",\"@id\":\"https:\/\/sdk.mk\/#website\",\"url\":\"https:\/\/sdk.mk\/\",\"name\":\"\\u0421\\u0430\\u043a\\u0430\\u043c \\u0414\\u0430 \\u041a\\u0430\\u0436\\u0430\\u043c\",\"description\":\"\\u0417\\u0430 \\u0441\\u043b\\u043e\\u0431\\u043e\\u0434\\u043e\\u0443\\u043c\\u043d\\u0438\",\"potentialAction\":[{\"@type\":\"SearchAction\",\"target\":\"https:\/\/sdk.mk\/?s={search_term_string}\",\"query-input\":\"required name=search_term_string\"}],\"inLanguage\":\"mk-MK\"},{\"@type\":\"WebPage\",\"@id\":\"https:\/\/sdk.mk\/index.php\/dua-te-them\/dicka-po-ziejne\/#webpage\",\"url\":\"https:\/\/sdk.mk\/index.php\/dua-te-them\/dicka-po-ziejne\/\",\"name\":\"DI\\u00c7KA PO ZIEJN\\u00cb - \\u0421\\u0430\\u043a\\u0430\\u043c \\u0414\\u0430 \\u041a\\u0430\\u0436\\u0430\\u043c\",\"isPartOf\":{\"@id\":\"https:\/\/sdk.mk\/#website\"},\"datePublished\":\"2023-04-24T12:28:51+00:00\",\"dateModified\":\"2023-04-24T12:28:51+00:00\",\"author\":{\"@id\":\"https:\/\/sdk.mk\/#\/schema\/person\/737021aeacbe893f7e2c347186c5c7a1\"},\"inLanguage\":\"mk-MK\",\"potentialAction\":[{\"@type\":\"ReadAction\",\"target\":[\"https:\/\/sdk.mk\/index.php\/dua-te-them\/dicka-po-ziejne\/\"]}]},{\"@type\":\"Person\",\"@id\":\"https:\/\/sdk.mk\/#\/schema\/person\/737021aeacbe893f7e2c347186c5c7a1\",\"name\":\"\\u0424\\u0458\\u043e\\u043b\\u0430 \\u0417\\u043b\\u0430\\u0442\\u043a\\u0443\"}]}<\/script>\n<!-- \/ Yoast SEO Premium plugin. -->","_links":{"self":[{"href":"https:\/\/sdk.mk\/index.php\/wp-json\/wp\/v2\/posts\/193510"}],"collection":[{"href":"https:\/\/sdk.mk\/index.php\/wp-json\/wp\/v2\/posts"}],"about":[{"href":"https:\/\/sdk.mk\/index.php\/wp-json\/wp\/v2\/types\/post"}],"author":[{"embeddable":true,"href":"https:\/\/sdk.mk\/index.php\/wp-json\/wp\/v2\/users\/25"}],"replies":[{"embeddable":true,"href":"https:\/\/sdk.mk\/index.php\/wp-json\/wp\/v2\/comments?post=193510"}],"version-history":[{"count":0,"href":"https:\/\/sdk.mk\/index.php\/wp-json\/wp\/v2\/posts\/193510\/revisions"}],"wp:attachment":[{"href":"https:\/\/sdk.mk\/index.php\/wp-json\/wp\/v2\/media?parent=193510"}],"wp:term":[{"taxonomy":"category","embeddable":true,"href":"https:\/\/sdk.mk\/index.php\/wp-json\/wp\/v2\/categories?post=193510"},{"taxonomy":"post_tag","embeddable":true,"href":"https:\/\/sdk.mk\/index.php\/wp-json\/wp\/v2\/tags?post=193510"}],"curies":[{"name":"wp","href":"https:\/\/api.w.org\/{rel}","templated":true}]}}