{"id":197853,"date":"2023-06-26T09:57:09","date_gmt":"2023-06-26T07:57:09","guid":{"rendered":"https:\/\/sdk.mk\/?p=197853"},"modified":"2023-06-26T09:57:09","modified_gmt":"2023-06-26T07:57:09","slug":"balancues-per-tojota","status":"publish","type":"post","link":"https:\/\/sdk.mk\/index.php\/dua-te-them\/balancues-per-tojota\/","title":{"rendered":"BALANCUES P\u00cbR TOJOTA"},"content":{"rendered":"<div class=\"f52428582a4b906b2d2e2a7d733c7d27\" data-index=\"7\" style=\"float: none; margin:10px 0 10px 0; text-align:center;\">\n<!-- MSP Ads Asynchronous JS Tag - Generated with Revive Adserver v5.4.1 -->\r\n<ins data-revive-zoneid=\"167\" data-revive-id=\"060fdb01f6430ec164d3519234aa4967\"><\/ins>\r\n<script async src=\"\/\/panel.ads.com.mk\/www\/delivery\/asyncjs.php\"><\/script>\n<\/div>\n<p><span class=\"dropcap color firstcharacter\">1<\/span> Nuk \u00ebsht\u00eb \u00e7udi fakti se, pasi kryetari i Strug\u00ebs Ramis Merko u ndodh n\u00eb list\u00ebn e zez\u00eb t\u00eb SHBA-s\u00eb, u zbulua se kund\u00ebr tij ka pasur gjasht\u00eb raste aktive me dyshime p\u00ebr krim t\u00eb organizuar dhe korrupsion. Nuk \u00ebsht\u00eb \u00e7udi as q\u00eb disa prej hetimeve akoma nuk kan\u00eb filluar, por kan\u00eb ngecur n\u00eb sirtar\u00ebt e prokuror\u00ebve edhe pas 8 vjet\u00ebsh. Por, \u00e7udi \u00ebsht\u00eb se si erdh\u00ebm deri n\u00eb gjendjen q\u00eb prokuror\u00ebt dhe gjykat\u00ebseit t\u00eb paguhen me parat\u00eb e tatimpaguesve q\u00eb operojn\u00eb n\u00eb dy shtete, rrogat nga ne, nd\u00ebrsa trajnimet dhe udh\u00ebtimet studimore nga SHBA, e prap\u00eb n\u00eb fund Ramis Merko t\u00eb p\u00ebrfundoj\u00eb n\u00eb list\u00ebn e zez\u00eb? \u00c7far\u00eb m\u00ebsuan prokuror\u00ebt dhe gjykat\u00ebsit n\u00eb ato udh\u00ebtime studimore n\u00eb Amerik\u00eb? Si t\u2019i ruajn\u00eb l\u00ebnd\u00ebt kund\u00ebr funksionar\u00ebve n\u00eb sirtar?<\/p>\n<p>E pse \u00e7uditet tani BDI-ja p\u00ebr at\u00eb se \u00e7far\u00eb ka b\u00ebr\u00eb kryetari i tyre nga Struga, kur nj\u00eb mori prokuror\u00ebsh, gjykat\u00ebsish, ekspert\u00ebsh gjyq\u00ebsor\u00eb dhe zyrtar\u00ebsh publik\u00eb q\u00eb e kan\u00eb mbrojtur kryetarin e Strug\u00ebs, jan\u00eb v\u00ebn\u00eb n\u00eb ato vende si kuad\u00ebr i tyre partiak. Do t\u00eb k\u00ebrkuakan \u201chetim gjithp\u00ebrfshir\u00ebs\u201d, do t\u00eb k\u00ebrkuakan veting t\u00eb gjith\u00ebve. Of, of, ata t\u00eb pagabueshmit, zemrat naive t\u00eb moralshme&#8230;.Si more, e kandiduat Merkon p\u00ebr kryetar duke pasur gjasht\u00eb padi aktive aktive p\u00ebr korrupsion dhe krim?<\/p>\n<p>Pse \u00e7uditet tani K\u00ebshilli i prokuror\u00ebve publik\u00eb, q\u00eb pas t\u00eb vjelash do t\u00eb d\u00ebrgoj\u00eb ekipe n\u00eb Strug\u00eb p\u00ebr t\u00eb hetuar se si ka ardhur puna deri te fshehja e padive kund\u00ebr funksionarit t\u00eb lart\u00eb t\u00eb BDI-s\u00eb. E ata t\u00eb K\u00ebshillit gjyq\u00ebsor as nuk \u00e7uditen, se dikush ua fsheh parashtresat nga Komisioni p\u00ebr antikorrupsion. Edhe kryeministri Kova\u00e7evski do t\u00eb \u00e7uditet se si Amerika ka par\u00eb kriminalitet n\u00eb Stug\u00eb, e gjyq\u00ebsia e k\u00ebtushme nuk ka par\u00eb. Po, edhe VMRO-DPMNE-ja do t\u00eb \u00e7uditet, edhe pse rasti m\u00eb i vjet\u00ebr kund\u00ebr Merkos \u00ebsht\u00eb nga viti 2015, e nuk \u00e7uditeshin kur n\u00eb koh\u00ebne tyre kryetarja e K\u00ebshillit gjyq\u00ebsor b\u00ebnte lista t\u00eb gjykat\u00ebsve me sekretaresh\u00ebn e kryeministrit, sipas defter\u00ebve t\u00eb ministresh\u00ebs p\u00ebr pun\u00eb t\u00eb brendshme.<\/p>\n<p>Edhe? Pse \u00e7uditet Prokuroria p\u00ebr p\u00ebrndjekje t\u00eb krimit t\u00eb organizuar se kush ka p\u00ebrgjegj\u00ebsin\u00eb p\u00ebr t\u00eb ngritur padi kund\u00ebr t\u00eb gjith\u00eb atyre n\u00ebn mbrojtje t\u00eb Merkos, prokuror\u00eb, gjykat\u00ebs, politikan\u00eb, zyrtar\u00eb partiak\u00eb\u2026T\u00eb gjith\u00eb ata njer\u00ebz kan\u00eb em\u00ebr mbiem\u00ebr. A do t\u00eb ngrej\u00eb prokurori p\u00ebr p\u00ebrndjejke t\u00eb krimit t\u00eb organizuar padi p\u00ebr krim t\u00eb organizuar kund\u00ebr koleg\u00ebve t\u00eb tij?<\/p>\n<p>Kur ti shikon t\u00eb gjith\u00eb rrjetin se si jan\u00eb b\u00ebr\u00eb dhe jan\u00eb fshehur krimet p\u00ebr vet\u00ebm nj\u00eb kryetar, del se problemi m\u00eb i vog\u00ebl \u00ebsht\u00eb vendosja e Merkos n\u00eb list\u00ebn e zez\u00eb t\u00eb SHBA-s\u00eb. Problemi m\u00eb i madh \u00ebsht\u00eb q\u00eb t\u00eb gjith\u00eb ne jemi n\u00eb list\u00ebn e zez\u00eb n\u00eb vet\u00eb shtetin ton\u00eb. Na kan\u00eb v\u00ebn\u00eb aty politikan\u00ebt q\u00eb i zgjedhim n\u00eb zgjedhje, partit\u00eb q\u00eb na i marrin mendt\u00eb me premtimet e tyre p\u00ebr luft\u00eb kund\u00ebr korrupsionit, gjykat\u00ebsit dhe prokuror\u00ebt t\u00eb cil\u00ebt i paguajm\u00eb q\u00eb t\u00eb na sigurojn\u00eb drejt\u00ebsi, policia nga e cila presim t\u00eb na mbroj\u00eb nga kriminel\u00ebt dhe dhunuesit.<\/p>\n<p>N\u00eb list\u00ebn e zez\u00eb jan\u00eb jet\u00ebt tona.<\/p>\n<p><span class=\"dropcap color firstcharacter\">2<\/span> Merko, as q\u00eb fshihej p\u00ebr at\u00eb q\u00eb b\u00ebnte dhe me t\u00eb gjith\u00eb tallej, k\u00ebshtu e zbuluan edhe amerikan\u00ebt. Le t\u00eb mos kontrollojn\u00eb m\u00eb shum\u00eb, t\u00eb mos na shfaqet n\u00eb list\u00eb t\u00eb zez\u00eb edhe ndonj\u00eb figur\u00eb m\u00eb e madhe se kryetari i Strug\u00ebs. Ka dhe t\u00eb tjer\u00eb q\u00eb edhe na mashtrojn\u00eb, edhe na vjedhin, edhe na qeshin para fytyre, dhe t\u00eb gjith\u00eb k\u00ebt\u00eb arrin ta shoh\u00eb dikush mij\u00ebra kilometra larg Maqedonis\u00eb. Por, n\u00ebse shfaqen edhe emrat e tyre, do t\u00eb duhet t\u00eb bjer\u00eb Qeveria, t\u00eb ndryshohet Kushtetuta, t\u00eb nisen negociata me BE-n\u00eb, sot nj\u00eb vit do t\u00eb ket\u00eb zgjedhje p\u00ebr parlamentin evropian, kush e di se \u00e7far\u00eb fuqish do t\u00eb fitojn\u00eb atje\u2026<br \/>\nRamis Merko e kishte at\u00eb nder dhe privilegj q\u00eb amerikan\u00ebt, si partner strategjik i Maqedonis\u00eb, ta zgjedhin mu emrin e tij dhe t\u00eb d\u00ebrgojn\u00eb nj\u00eb mesazh politik. Ky mesazh p\u00ebr BDI-n\u00eb \u00ebsht\u00eb shokues, pasi q\u00eb nga koha kur ishin U\u00c7K n\u00eb 2001, l\u00ebvdoheshin p\u00ebr mb\u00ebshtetjen amerikane. Kjo mb\u00ebshtetje deri m\u00eb sot u ka mbetur argument p\u00ebr at\u00eb se si ata jan\u00eb t\u00eb papreksh\u00ebm. Dhe k\u00ebshtu \u00ebsht\u00eb. K\u00ebtu, funksionar\u00ebt e BDI-s\u00eb me t\u00eb v\u00ebrtet\u00eb jan\u00eb t\u00eb papreksh\u00ebm.<\/p>\n<p>T\u00eb pakt\u00ebn, t\u00eb shpresojm\u00eb se ky do t\u00eb sh\u00ebrbej\u00eb si shkat\u00ebrrim i mitit t\u00eb mb\u00ebshtetjes s\u00eb pakusht\u00ebzuar amerikane ndaj BDI-s\u00eb. Kush e di, ndoshta me k\u00ebt\u00eb sebep, nga tani, p\u00ebrskaj falmurit amerikan, BDI do t\u00eb ket\u00eb edhe ndonj\u00eb flamur maqedonas p\u00ebr t\u00eb valuar.<\/p>\n<p><span class=\"dropcap color firstcharacter\">3<\/span> Para nj\u00ebfar\u00eb kohe m\u00eb ndaloi policia p\u00ebr nj\u00eb far\u00eb shkelje komunikacioni, e pranova fajin, policat e sjelljsh\u00ebm, tejet t\u00eb sjellsh\u00ebm, ishin dy, dygjuh\u00ebsor\u00eb, m\u00eb shkruanin t\u00eb dh\u00ebna dhe m\u00eb pyet\u00ebn p\u00ebr p\u00ebrkat\u00ebsin\u00eb etnike.<br \/>\nUn\u00eb u p\u00ebrgjigja: \u201cTojota*\u201d\u201d.<\/p>\n<p>\u201cPor zot\u00ebri, nuk m\u00eb kuptuat, nuk ju pyeta p\u00ebr vetur\u00ebn, ju pyeta \u00e7far\u00eb jeni?\u201d.<\/p>\n<p>\u201cSi, \u00e7far\u00eb jam? Jam Tojota. Shkruani Tojota. Ashtu ndihem sot\u201d. Edhe pse, e v\u00ebrteta \u00ebsht\u00eb q\u00eb sa here q\u00eb ndonj\u00eb zyrtar shtet\u00ebror m\u00eb pyet se cila \u00ebsht\u00eb p\u00ebrkat\u00ebsia ime etnike, un\u00eb u p\u00ebrgjigjem Tojota.<\/p>\n<p>Nejse, kaloi nj\u00ebfar\u00eb kohe dhe Ministria e drejt\u00ebsis\u00eb miratoi rregullore q\u00eb n\u00eb librat am\u00eb t\u00eb t\u00eb lindurve q\u00eb shkruhet p\u00ebrkat\u00ebsia etnike. E falenderoj Qeverin\u00eb q\u00eb tani, kur t\u00eb nxjerr certifikat\u00ebn, do t\u00eb mundem m\u00eb n\u00eb fund t\u00eb regjistrohem si tojotas.<\/p>\n<p>E pastaj, meqen\u00ebse n\u00eb Drejtori do t\u00eb ket\u00eb t\u00eb regjistruar n\u00eb grupin etnik Tojota, do t\u2019i duhet dhe Ministris\u00eb p\u00ebr shoq\u00ebri informatike q\u00eb n\u00eb balancuesin e pun\u00ebsimeve n\u00eb baz\u00eb etnike, t\u00eb shtoj\u00eb dhe nj\u00eb kolon\u00eb \u2013 tojotas. \u00c7far\u00eb? N\u00ebse jam tojotas nuk do t\u00eb kem qasje n\u00eb sh\u00ebrbim publik? Do t\u00eb duhet t\u00eb shkruhem si maqedonas. Apo shqiptar, vllah, rom&#8230;E kur shteti t\u00eb dyshojn\u00eb n\u00eb past\u00ebrtin\u00eb time etnike, n\u00eb vend q\u00eb ta shfuqizoj\u00eb balancuesin, do t\u00eb miratoj\u00eb rregullore t\u00eb re. Imagjinoni! Maqedonasit e kan\u00eb keqp\u00ebrdorur balancuesin e jan\u00eb shkruar si shqiptar\u00eb q\u00eb t\u00eb pun\u00ebsohen n\u00eb administrat\u00ebn shtet\u00ebrore.<\/p>\n<p>E kush i jep t\u00eb drejt\u00ebin shtetit t\u00eb t\u00eb pyes\u00eb se si ndihesh kur aplikon p\u00ebr pun\u00eb?<\/p>\n<p>Nj\u00eb drejtor nj\u00eb institucioni shkencor-hulumtures, dhe at\u00eb shum\u00eb profesional dhe i ndjesh\u00ebm, ka marr\u00eb k\u00ebrc\u00ebnim nga Avokati i popullit se do t\u00eb paguaj\u00eb d\u00ebnim sepse nuk ka dashur t\u00eb shtoj\u00eb t\u00eb dh\u00ebna n\u00eb lidhje me at\u00eb se sa nga t\u00eb pun\u00ebsuarit jan\u00eb maqedonas, shqiptar\u00eb, vllah\u00eb, serb\u00eb, rom\u00eb, bullgar\u00eb, boshnjak\u00eb, kroat\u00eb, malazez\u00eb, kinez\u00eb, tojotas.. Ai \u00ebsht\u00eb p\u00ebrgjigjur: \u201cT\u00eb gjith\u00eb t\u00eb pun\u00ebsuarit jan\u00eb qytetar\u00eb t\u00eb Republik\u00ebs s\u00eb Maqedonis\u00eb s\u00eb Veriut, t\u00eb gjith\u00eb jan\u00eb inxhinier\u00eb, disa prej tyre jan\u00eb doktor\u00eb shkence dhe magjistra, e juve n\u00ebse nuk ju vjen turp, shkoni dhe pyitini vet\u00eb, se mua m\u00eb vjen turp!.<\/p>\n<p>Dhe ashtu \u00ebsht\u00eb. \u00cbsht\u00eb turp dhe \u00ebsht\u00eb bullall\u00ebk, nj\u00eb prej shum\u00eb budallall\u00ebqeve me t\u00eb cilat p\u00ebballemi n\u00eb Maqedoni. E \u00e7far\u00eb n\u00ebse ti ndryshon mendim gjat\u00eb jet\u00ebs? \u00c7far\u00eb n\u00ebse prind\u00ebrit kan\u00eb origjin\u00eb t\u00eb ndryshme etnike? Si v\u00ebrtetohet origjina etnike p\u00ebr t\u2019u regjistruar n\u00eb shkoll\u00eb apo p\u00ebr t\u00eb konkurruar p\u00ebr pun\u00eb? Ai q\u00eb e ka shpikur k\u00ebt\u00eb me siguri ka pasur shkoll\u00eb, por nuk e di se me \u00e7far\u00eb mendje ka imponuar k\u00ebt\u00eb lloj diskriminimi klasik.<\/p>\n<p>E drejta p\u00ebr vet\u00ebp\u00ebrcaktim \u00ebsht\u00eb e padiskutueshme. A nuk po ia v\u00ebrtetojm\u00eb k\u00ebt\u00eb BE-s\u00eb kur luftojm\u00eb kund\u00ebr vetos bullgare, e cila na e mohon at\u00eb t\u00eb drejt\u00eb? Por, t\u00eb mund t\u2019i v\u00ebrtetosh shtetit se cil\u00ebs etni i p\u00ebrket p\u00ebr t\u00eb fituar nj\u00eb pun\u00eb, p\u00ebr t\u00eb jetuar n\u00eb paqe, ky po q\u00eb \u00ebsht\u00eb nj\u00eb naciz\u00ebm klasik.<\/p>\n<p>Dhe nuk e di se pse p\u00ebr k\u00ebt\u00eb askush nuk ka ngritur procedur\u00eb pasa Gjykat\u00ebs kushtetuese. Me shum\u00eb siguri sepse gjyq\u00ebsia nuk do t\u2019i siguroj\u00eb 78 p\u00ebrqind rrog\u00eb m\u00eb t\u00eb madhe.<\/p>\n<p><span class=\"dropcap color firstcharacter\">4 <\/span> Qytetar\u00ebt e qytez\u00ebs gjermane Shvangau n\u00eb Bavari, n\u00eb referendum vendos\u00ebn se duan q\u00eb k\u00ebshtjella lokale Nojshvajnshtajn t\u00eb b\u00ebhet pjes\u00eb e trash\u00ebgimis\u00eb bot\u00ebrore t\u00eb UNESKO-s, n\u00eb mb\u00ebshtetje t\u00eb qeveris\u00eb p\u00ebr ta bindur komisionin e UNESKO-s p\u00ebr r\u00ebnd\u00ebsin\u00eb e madhe t\u00eb k\u00ebshtjellave mbret\u00ebrore t\u00eb Bavaris\u00eb, si p\u00ebrmendore t\u00eb nj\u00eb r\u00ebnd\u00ebsie bot\u00ebrore.<br \/>\nKomisioni i UNESKO-s q\u00eb n\u00eb vitin 1979 ka qen\u00eb i bindur se Ohri dhe Liqeni i Ohrit kan\u00eb\u00a0 r\u00ebnd\u00ebsin\u00eb e nj\u00eb vlere bot\u00ebrore. Por n\u00ebse do t\u00eb ishte b\u00ebr\u00eb nj\u00eb referuendum, qytetar\u00ebt e Ohrit dhe t\u00eb Strug\u00ebs do t\u00eb kishin votuar q\u00eb UNESKO t\u00eb mos e mbroj\u00eb m\u00eb. Sepse nuk i lejon t\u00eb ngren\u00eb kate n\u00eb breg.<br \/>\nNuk i lejon t\u00eb v\u00ebn\u00eb klima dhe panele solare mbi qeramidet n\u00eb b\u00ebrtham\u00ebn e lasht\u00eb t\u00eb qytetit. Nuk i lejon t\u00eb futen n\u00eb liqen me konstuksione metalike\u2026<\/p>\n<p>\u201cUNESKO-ja do t\u00eb na vdes\u00eb\u201d.<\/p>\n<p>\u201cEdhe ne duhet t\u00eb jetojm\u00eb disi\u201d.<\/p>\n<p>K\u00ebshtu ankohen qytetar\u00ebt e Ohrit. Sepse n\u00eb at\u00eb bukuri natyrore, n\u00eb at\u00eb qytet\u00ebrim shekullor, n\u00eb at\u00eb multienicitet, multikonfesionalitet, n\u00eb at\u00eb hisoti unike, at\u00eb udh\u00ebkryq t\u00eb qytet\u00ebrimeve, at\u00eb trash\u00ebgimi kulturore, ata kan\u00eb vendosur t\u00eb p\u00ebrfitojn\u00eb mu nga dhe vet\u00ebm nga platformat metalike n\u00eb liqen, bekatonkat n\u00eb plazh dhe lundureset q\u00eb jan\u00eb t\u00eb ndalura n\u00eb liqenet e Zvicr\u00ebs apo Austris\u00eb sepse shkaktojn\u00eb ndotje t\u00eb madhe dhe prandaj i shesin k\u00ebtu si mbeturina.<\/p>\n<p>T\u00eb shkret\u00ebt banor\u00eb t\u00eb qindra qyteteve n\u00eb bot\u00eb t\u00eb mbrojtura nga UNESKO! Vdesin nga varf\u00ebria.<\/p>\n<p><strong><em>*Teksti nuk \u00ebsht\u00eb sponsoruar nga industria automobilistike, por pasqyron nj\u00eb ndjenj\u00eb personale. <\/em><\/strong><\/p>\n<p><strong><em>\u00a0<\/em><\/strong><\/p>\n<p><em><strong>P\u00ebrktheu: Fjolla Zllatku<\/strong><\/em><\/p>\n<p>&nbsp;<\/p>\n\n<div style=\"font-size: 0px; height: 0px; line-height: 0px; margin: 0; padding: 0; clear: both;\"><\/div>","protected":false},"excerpt":{"rendered":"<p>Nuk \u00ebsht\u00eb \u00e7udi fakti se, pasi kryetari i Strug\u00ebs Ramis Merko u ndodh n\u00eb list\u00ebn e zez\u00eb t\u00eb SHBA-s\u00eb, u [&hellip;]<\/p>\n","protected":false},"author":25,"featured_media":0,"comment_status":"closed","ping_status":"closed","sticky":false,"template":"","format":"standard","meta":{"_mo_disable_npp":"no","inline_featured_image":false},"categories":[1825],"tags":[],"imageURL":false,"thumbURL":false,"categoryNames":["DUA T\u00cb THEM"],"feature_caption":"","subtitle":"Problemi m\u00eb i vog\u00ebl \u00ebsht\u00eb vendosja e Merkos n\u00eb list\u00ebn e zez\u00eb t\u00eb SHBA-s\u00eb. Problemi m\u00eb i madh \u00ebsht\u00eb q\u00eb t\u00eb gjith\u00eb ne jemi n\u00eb list\u00ebn e zez\u00eb n\u00eb vet\u00eb shtetin ton\u00eb.","views":"41","source":"Shkup, (SAKAMDAKAZAM.MK) ","yoast_head":"<!-- This site is optimized with the Yoast SEO Premium plugin v15.0 - https:\/\/yoast.com\/wordpress\/plugins\/seo\/ -->\n<title>BALANCUES P\u00cbR TOJOTA - \u0421\u0430\u043a\u0430\u043c \u0414\u0430 \u041a\u0430\u0436\u0430\u043c<\/title>\n<meta name=\"robots\" content=\"index, follow, max-snippet:-1, max-image-preview:large, max-video-preview:-1\" \/>\n<link rel=\"canonical\" href=\"https:\/\/sdk.mk\/index.php\/dua-te-them\/balancues-per-tojota\/\" \/>\n<meta property=\"og:locale\" content=\"mk_MK\" \/>\n<meta property=\"og:type\" content=\"article\" \/>\n<meta property=\"og:title\" content=\"BALANCUES P\u00cbR TOJOTA - \u0421\u0430\u043a\u0430\u043c \u0414\u0430 \u041a\u0430\u0436\u0430\u043c\" \/>\n<meta property=\"og:description\" content=\"Nuk \u00ebsht\u00eb \u00e7udi fakti se, pasi kryetari i Strug\u00ebs Ramis Merko u ndodh n\u00eb list\u00ebn e zez\u00eb t\u00eb SHBA-s\u00eb, u [&hellip;]\" \/>\n<meta property=\"og:url\" content=\"https:\/\/sdk.mk\/index.php\/dua-te-them\/balancues-per-tojota\/\" \/>\n<meta property=\"og:site_name\" content=\"\u0421\u0430\u043a\u0430\u043c \u0414\u0430 \u041a\u0430\u0436\u0430\u043c\" \/>\n<meta property=\"article:published_time\" content=\"2023-06-26T07:57:09+00:00\" \/>\n<meta property=\"og:image\" content=\"https:\/\/sdk.mk\/wp-content\/uploads\/2015\/12\/goran-mihailovski2.jpg\" \/>\n\t<meta property=\"og:image:width\" content=\"400\" \/>\n\t<meta property=\"og:image:height\" content=\"313\" \/>\n<meta property=\"fb:app_id\" content=\"2407985809428537\" \/>\n<meta name=\"twitter:card\" content=\"summary\" \/>\n<script type=\"application\/ld+json\" class=\"yoast-schema-graph\">{\"@context\":\"https:\/\/schema.org\",\"@graph\":[{\"@type\":\"WebSite\",\"@id\":\"https:\/\/sdk.mk\/#website\",\"url\":\"https:\/\/sdk.mk\/\",\"name\":\"\\u0421\\u0430\\u043a\\u0430\\u043c \\u0414\\u0430 \\u041a\\u0430\\u0436\\u0430\\u043c\",\"description\":\"\\u0417\\u0430 \\u0441\\u043b\\u043e\\u0431\\u043e\\u0434\\u043e\\u0443\\u043c\\u043d\\u0438\",\"potentialAction\":[{\"@type\":\"SearchAction\",\"target\":\"https:\/\/sdk.mk\/?s={search_term_string}\",\"query-input\":\"required name=search_term_string\"}],\"inLanguage\":\"mk-MK\"},{\"@type\":\"WebPage\",\"@id\":\"https:\/\/sdk.mk\/index.php\/dua-te-them\/balancues-per-tojota\/#webpage\",\"url\":\"https:\/\/sdk.mk\/index.php\/dua-te-them\/balancues-per-tojota\/\",\"name\":\"BALANCUES P\\u00cbR TOJOTA - \\u0421\\u0430\\u043a\\u0430\\u043c \\u0414\\u0430 \\u041a\\u0430\\u0436\\u0430\\u043c\",\"isPartOf\":{\"@id\":\"https:\/\/sdk.mk\/#website\"},\"datePublished\":\"2023-06-26T07:57:09+00:00\",\"dateModified\":\"2023-06-26T07:57:09+00:00\",\"author\":{\"@id\":\"https:\/\/sdk.mk\/#\/schema\/person\/737021aeacbe893f7e2c347186c5c7a1\"},\"inLanguage\":\"mk-MK\",\"potentialAction\":[{\"@type\":\"ReadAction\",\"target\":[\"https:\/\/sdk.mk\/index.php\/dua-te-them\/balancues-per-tojota\/\"]}]},{\"@type\":\"Person\",\"@id\":\"https:\/\/sdk.mk\/#\/schema\/person\/737021aeacbe893f7e2c347186c5c7a1\",\"name\":\"\\u0424\\u0458\\u043e\\u043b\\u0430 \\u0417\\u043b\\u0430\\u0442\\u043a\\u0443\"}]}<\/script>\n<!-- \/ Yoast SEO Premium plugin. -->","_links":{"self":[{"href":"https:\/\/sdk.mk\/index.php\/wp-json\/wp\/v2\/posts\/197853"}],"collection":[{"href":"https:\/\/sdk.mk\/index.php\/wp-json\/wp\/v2\/posts"}],"about":[{"href":"https:\/\/sdk.mk\/index.php\/wp-json\/wp\/v2\/types\/post"}],"author":[{"embeddable":true,"href":"https:\/\/sdk.mk\/index.php\/wp-json\/wp\/v2\/users\/25"}],"replies":[{"embeddable":true,"href":"https:\/\/sdk.mk\/index.php\/wp-json\/wp\/v2\/comments?post=197853"}],"version-history":[{"count":0,"href":"https:\/\/sdk.mk\/index.php\/wp-json\/wp\/v2\/posts\/197853\/revisions"}],"wp:attachment":[{"href":"https:\/\/sdk.mk\/index.php\/wp-json\/wp\/v2\/media?parent=197853"}],"wp:term":[{"taxonomy":"category","embeddable":true,"href":"https:\/\/sdk.mk\/index.php\/wp-json\/wp\/v2\/categories?post=197853"},{"taxonomy":"post_tag","embeddable":true,"href":"https:\/\/sdk.mk\/index.php\/wp-json\/wp\/v2\/tags?post=197853"}],"curies":[{"name":"wp","href":"https:\/\/api.w.org\/{rel}","templated":true}]}}