{"id":198456,"date":"2023-07-03T12:40:17","date_gmt":"2023-07-03T10:40:17","guid":{"rendered":"https:\/\/sdk.mk\/?p=198456"},"modified":"2023-07-03T12:40:17","modified_gmt":"2023-07-03T10:40:17","slug":"alo-budalla","status":"publish","type":"post","link":"https:\/\/sdk.mk\/index.php\/dua-te-them\/alo-budalla\/","title":{"rendered":"ALO, BUDALLA"},"content":{"rendered":"<div class=\"f52428582a4b906b2d2e2a7d733c7d27\" data-index=\"7\" style=\"float: none; margin:10px 0 10px 0; text-align:center;\">\n<!-- MSP Ads Asynchronous JS Tag - Generated with Revive Adserver v5.4.1 -->\r\n<ins data-revive-zoneid=\"167\" data-revive-id=\"060fdb01f6430ec164d3519234aa4967\"><\/ins>\r\n<script async src=\"\/\/panel.ads.com.mk\/www\/delivery\/asyncjs.php\"><\/script>\n<\/div>\n<p><span class=\"dropcap color firstcharacter\">1 <\/span> \u00c7do seanc\u00eb e K\u00ebshillit gjyq\u00ebsor ngjason me nj\u00eb episod t\u00eb ndonj\u00eb seriali dhe b\u00ebhet gjithmon\u00eb e m\u00eb josh\u00ebse, me perspektiv\u00ebn pozitive se, kur t\u00eb mbaroj\u00eb ky sezon, p\u00ebrjetimet e personazheve kryesore do t\u00eb vazhdojm\u00eb t\u2019i shohim edhe n\u00eb sezonin e ardhsh\u00ebm. Nuk ka fund seriali \u201cT\u00eb gjitha rrug\u00ebt \u00e7ojn\u00eb drejt K\u00ebshillit gjyq\u00ebsor\u201d. Personazhet e saj, nj\u00eb her\u00eb jan\u00eb n\u00eb rolin e gjykat\u00ebsve, kund\u00ebr t\u00eb cil\u00ebve ngrihen parashtresa p\u00ebr shkarkim, e n\u00eb episodin e ardhsh\u00ebm po t\u00eb nj\u00ebjt\u00ebt gjykat\u00ebs b\u00ebhen an\u00ebtar\u00eb t\u00eb K\u00ebshillit gjyq\u00ebsor.<br \/>\nN\u00eb vend t\u00eb dy an\u00ebtar\u00ebve t\u00eb K\u00ebshillit gjyq\u00ebsor, t\u00eb cil\u00ebt dor\u00ebzuan dor\u00ebheqje, jan\u00eb paraqitur tre kandidat\u00eb. P\u00ebr nj\u00ebrin prej tyre, n\u00eb po k\u00ebt\u00eb K\u00ebshill gjyq\u00ebsor ka iniciativ\u00eb p\u00ebr shkarkim nga pozita\u00a0 e gjykat\u00ebsit. Nd\u00ebrsa p\u00ebr tjetrin, n\u00eb K\u00ebshillin gjyq\u00ebsor ka mb\u00ebrritur shkres\u00eb nga prokuror\u00ebt me d\u00ebshmi p\u00ebr nj\u00eb pal\u00eb t\u00eb d\u00ebmtuar n\u00eb nj\u00eb proces ku bart\u00ebs ka qen\u00eb ai.<\/p>\n<p>Por kjo nuk \u00ebsht\u00eb e gjitha. N\u00eb k\u00ebt\u00eb episod na shfaqet nj\u00eb personazh i tret\u00eb \u2013 an\u00ebtare e K\u00ebshillit gjyq\u00ebsor e cila e mban n\u00eb sirtar l\u00ebnd\u00ebn kund\u00ebr nj\u00ebrit prej gjykat\u00ebsve, mjaftuesh\u00ebm gjat\u00eb q\u00eb t\u00eb arrij\u00eb koha kur po ky gjykat\u00ebs t\u00eb mund t\u00eb b\u00ebhet an\u00ebtar i K\u00ebshillit gjyq\u00ebsor. Po kjo an\u00ebtare e K\u00ebshillit gjyq\u00ebsor, n\u00eb po t\u00eb nj\u00ebjtin episod, \u00ebsht\u00eb futur n\u00eb mbledhje me viber, por kur ka ardhur n\u00eb rend pika p\u00ebr shkarkimin e gjykat\u00ebsit q\u00eb e ka mbajtur l\u00ebnd\u00ebn kund\u00ebr Mijallkovit rreth p\u00ebrgjimit masiv t\u00eb paligjsh\u00ebm mjaftuesh\u00ebm gjat\u00eb, sa ajo t\u00eb vjet\u00ebrohet, viberi i \u00ebsht\u00eb fikur. Pas k\u00ebsaj e kan\u00eb k\u00ebrkuar edhe n\u00eb linj\u00eb t\u00eb hapur, me celular t\u00eb zakonsh\u00ebm kur, si p\u00ebr bela, \u00ebsht\u00eb humbur rrjeti. Pik\u00ebrisht n\u00eb k\u00ebt\u00eb moment. As Internet, as telefon, linj\u00eb e vdekur, parapaguesi nuk \u00ebsht\u00eb i qassh\u00ebm. Alo, alo\u2026 n\u00eb fund \u2013 alo, budallo!<\/p>\n<p>Ashtu \u00ebsht\u00eb. Budallenj jemi ne q\u00eb akoma besojm\u00eb se atyre do t\u2019u vij\u00eb turp p\u00ebr at\u00eb q\u00eb po b\u00ebjn\u00eb. N\u00ebse do ta kishim par\u00eb k\u00ebt\u00eb gj\u00eb n\u00eb nj\u00eb serial, do t\u00eb thoshim me vete \u2013 heej, ky skenaristi e ka tepruar pak me historin\u00eb. Por, ky nuk \u00ebsht\u00eb film. T\u00eb mos pasurit turp \u00ebsht\u00eb nj\u00eb predispozit\u00eb e natyrshme q\u00eb t\u00eb jen\u00eb n\u00eb at\u00eb vend.<\/p>\n<p>Ne \u00e7uditemi se si nuk u vjen turp se \u00e7far\u00eb ka th\u00ebn\u00eb ambasadori i hollandez apo se \u00e7far\u00eb ka th\u00ebn\u00eb ambasadori austiak. Atyre nuk u vjen turp prej nesh, ne q\u00eb i paguajm\u00eb, e do t\u2019u vika turp prej tatimpaguesve t\u00eb huaj. Turp t\u00eb na vij\u00eb neve q\u00eb presim prej tyre t\u2019u vij\u00eb turp.<\/p>\n<p><span class=\"dropcap color firstcharacter\">2 <\/span> Disfata m\u00eb e madhe e LSDM-s\u00eb \u00ebsht\u00eb kur deputet\u00ebt e VMRO-DPMNE-s\u00eb n\u00eb pyetjet e deputet\u00ebve n\u00eb Kuvend e pyesin kryeministrin Dimitar Kova\u00e7evski se pse nuk nd\u00ebrmerr asgj\u00eb kund\u00ebr BDI-s\u00eb dhe kur k\u00ebrc\u00ebnohen se kur ata t\u00eb vijn\u00eb n\u00eb pushtet do t\u2019i arrestojn\u00eb kriminel\u00ebt e pushtetit t\u00eb tanish\u00ebm.<br \/>\nVall\u00eb, ky Ali Ahmeti, nipi i t\u00eb cilit tani blen qendra tregtare n\u00ebp\u00ebr Shkup n\u00eb mosh\u00ebn 25 vje\u00e7e, nuk \u00ebsht\u00eb po ai Ali Ahmeti me t\u00eb cilin qeveriste Gruevski: Eeeeej, VMRO-ja t\u00eb t\u00eb akuzoj\u00eb p\u00ebr krim! \u00c7far\u00eb arriti t\u00eb shoh\u00eb LSDM-ja!? Ajo parti q\u00eb 11 vjet me po at\u00eb BDI, e vodhi shtetin deri n\u00eb komun\u00ebn m\u00eb t\u00eb vog\u00ebl, i rob\u00ebroi institucionet shtet\u00ebrore, p\u00ebrgjoi ilegalisht mij\u00ebra qytetar\u00eb dhe n\u00eb fund dhunsh\u00ebm e sulmoi Kuvendin dhe asnj\u00ebher\u00eb nuk k\u00ebrkoi falje, tani t\u2019i k\u00ebrc\u00ebnohet LSDM-s\u00eb se kur t\u00eb mb\u00ebrrij\u00eb n\u00eb pushtet, do t\u2019i arrestoj\u00eb.<\/p>\n<p>Ve\u00e7 k\u00ebsaj, do t\u00eb shfaqet Artan Grubi n\u00eb television, dhe n\u00eb kontekst t\u00eb vendosjes s\u00eb Ramis Merkos n\u00eb listen e zez\u00eb t\u00eb SHBA-s\u00eb p\u00ebr shkak t\u00eb korrupsionit, do t\u00eb thot\u00eb: \u201cKomisioni p\u00ebr antikorrupsion nuk b\u00ebn. Nuk kan\u00eb asnj\u00eb rast t\u00eb suksessh\u00ebm dhe shpresoj se n\u00eb p\u00ebrb\u00ebrjen e re do t\u00eb jen\u00eb m\u00eb t\u00eb suksessh\u00ebm\u201d.<\/p>\n<p>Ky nuk \u00ebsht\u00eb ciniz\u00ebm. \u00cbsht\u00eb mu ai lloj i situat\u00ebs kur ti \u00e7uditesh se si bashk\u00ebbiseduesit nuk i vjen turp p\u00ebr at\u00eb q\u00eb po t\u00eb thot\u00eb e ai t\u00eb sheh n\u00eb sy e t\u00eb thot\u00eb: Alo, budalla!<\/p>\n<p>Nj\u00ebsoj si kur qeveria na merr p\u00ebr budallenj kur thot\u00eb se \u201cinstitucionet duhet t\u00eb veprojn\u00eb n\u00eb rastin e kryetarit t\u00eb Strug\u00ebs Ramis Merko dhe me nipin e Ali Ahmetit Dritonin\u201d.<\/p>\n<p>Cilat institucione? Ato jan\u00eb p\u00ebrzierje t\u00eb dajave, axhallar\u00ebve, v\u00ebllez\u00ebrve, motrave, djemve dhe vajzave, nuseve, dh\u00ebndrave\u2026Kush n\u00eb K\u00ebshill gjyq\u00ebsor, kush n\u00eb Gjykat\u00ebn e Lart\u00eb, kush n\u00eb Prokurori, kush n\u00eb Akademin\u00eb e gjykat\u00ebve, kush si nd\u00ebrmarr\u00ebs, kur ka pasur ide p\u00ebr biznes\u2026Nuk e di se k\u00eb ka v\u00eblla, k\u00eb ka mot\u00ebr\u2026Thjesht dihet se n\u00eb cilin defter partiak \u00ebsht\u00eb gjendur n\u00eb ato institucione.<\/p>\n<p><span class=\"dropcap color firstcharacter\">3 <\/span>Nuk \u00ebsht\u00eb fare e r\u00ebnd\u00ebsishme se p\u00ebr \u00e7far\u00eb teme u organizua protesta e Kish\u00ebs. Si\u00e7 protestuan kund\u00ebr ligjeve p\u00ebr barazi gjinore dhe evidentim am\u00eb, mund t\u00eb kishin protestuar edhe p\u00ebr mbjelljen e specave dhe domateve. Por, e r\u00ebnd\u00ebsishme \u00ebsht\u00eb q\u00eb u krijua nj\u00eb klim\u00eb shoq\u00ebrore,ku i jepet legjitimitet nj\u00eb institucioni fetar n\u00eb nj\u00eb shtet laik, q\u00eb t\u00eb debatoj\u00eb se kush mundet dhe kush nuk mundet t\u00eb ket\u00eb t\u00eb drejta n\u00eb nj\u00eb shtet demokratik. Ve\u00e7 k\u00ebsaj,b\u00ebn propagand\u00eb p\u00ebr jotoleranc\u00eb dhe urrejte.<br \/>\nNuk do t\u00eb m\u00eb \u00e7udiste n\u00ebse kjo do t\u00eb kishte ndodhur n\u00eb koh\u00ebn kur n\u00eb pushtet ishte VMRO-DPMNE-ja. Por, po ndodh gjat\u00eb qeverisjes s\u00eb nj\u00eb koalicioni t\u00eb s\u00eb majt\u00ebs. S\u00eb pari, i mund\u00ebsuan kish\u00ebs t\u00eb uzurponte parcela shtet\u00ebrore q\u00eb t\u00eb nd\u00ebrtoj\u00eb nd\u00ebrtesa banimi dhe t\u00eb shes\u00eb banesa. E tani, do t\u00eb na b\u00ebjn\u00eb dhe politik\u00eb, e do t\u2019i d\u00ebgjojm\u00eb prift\u00ebrinjt\u00eb se si t\u00eb jetojm\u00eb n\u00eb nj\u00eb shtet laik. Hoxhallar\u00eb dhe prift\u00ebrinj\u00eb do t\u00eb na shkruajn\u00eb ligjet. Le t\u00eb na e ndryshojn\u00eb dhe Kushtetut\u00ebn. Qeveria e s\u00eb majt\u00ebs nga kisha ka b\u00ebr\u00eb faktor politik.<\/p>\n<p>Q\u00eb kur LSDM-ja \u00ebsht\u00eb n\u00eb pushtet p\u00ebrpiqet t\u2019i zhg\u00ebnjej\u00eb ata q\u00eb i ndihmuan ta largoj\u00eb Gruvskin n\u00eb ato kushte t\u00eb tmerrshme t\u00eb 2016-\u00ebs. K\u00ebta jan\u00eb njer\u00ebzit t\u00eb cil\u00ebt besonin n\u00eb progres, n\u00eb drejt\u00ebsi dhe \u00e7lirim t\u00eb shtetit nga partit\u00eb dhe se me LSDM-n\u00eb t\u00eb pakt\u00ebn \u201cajo lig\u00ebsi nuk do t\u00eb p\u00ebrs\u00ebritej\u201d. Dhe pasi asnj\u00eb nga premtimet p\u00ebr qeverisje t\u00eb mire nuk e mbajt\u00ebn, u mbeti vet\u00ebm edhe t\u00eb na ofrojn\u00eb besimin n\u00eb Zot. Pse? Nga populizmi i past\u00ebr. Vazhdimisht i refuzojn\u00eb votuesit potencial\u00eb n\u00eb m\u00ebnyr\u00eb q\u00eb t\u2019i b\u00ebjn\u00eb p\u00ebr vete ata q\u00eb, as t\u00eb \u00e7mendur, nuk do t\u2019i votonin.<\/p>\n<p>Por, m\u00eb e tmerrshme \u00ebsht\u00eb q\u00eb rrezikohen themelet e shtetit laik.<\/p>\n<p><strong><em>P\u00ebrktheu: Fjolla Zllatku <\/em><\/strong><\/p>\n<p>&nbsp;<\/p>\n\n<div style=\"font-size: 0px; height: 0px; line-height: 0px; margin: 0; padding: 0; clear: both;\"><\/div>","protected":false},"excerpt":{"rendered":"<p>\u00c7do seanc\u00eb e K\u00ebshillit gjyq\u00ebsor ngjason me nj\u00eb episod t\u00eb ndonj\u00eb seriali dhe b\u00ebhet gjithmon\u00eb e m\u00eb josh\u00ebse, me perspektiv\u00ebn [&hellip;]<\/p>\n","protected":false},"author":25,"featured_media":0,"comment_status":"closed","ping_status":"closed","sticky":false,"template":"","format":"standard","meta":{"_mo_disable_npp":"no","inline_featured_image":false},"categories":[1825],"tags":[],"imageURL":false,"thumbURL":false,"categoryNames":["DUA T\u00cb THEM"],"feature_caption":"","subtitle":"Qeveria e majt\u00eb e kish\u00ebs u b\u00eb faktor politik.","views":"46","source":"Shkup, (SAKAMDAKAZAM.MK) ","yoast_head":"<!-- This site is optimized with the Yoast SEO Premium plugin v15.0 - https:\/\/yoast.com\/wordpress\/plugins\/seo\/ -->\n<title>ALO, BUDALLA - \u0421\u0430\u043a\u0430\u043c \u0414\u0430 \u041a\u0430\u0436\u0430\u043c<\/title>\n<meta name=\"robots\" content=\"index, follow, max-snippet:-1, max-image-preview:large, max-video-preview:-1\" \/>\n<link rel=\"canonical\" href=\"https:\/\/sdk.mk\/index.php\/dua-te-them\/alo-budalla\/\" \/>\n<meta property=\"og:locale\" content=\"mk_MK\" \/>\n<meta property=\"og:type\" content=\"article\" \/>\n<meta property=\"og:title\" content=\"ALO, BUDALLA - \u0421\u0430\u043a\u0430\u043c \u0414\u0430 \u041a\u0430\u0436\u0430\u043c\" \/>\n<meta property=\"og:description\" content=\"\u00c7do seanc\u00eb e K\u00ebshillit gjyq\u00ebsor ngjason me nj\u00eb episod t\u00eb ndonj\u00eb seriali dhe b\u00ebhet gjithmon\u00eb e m\u00eb josh\u00ebse, me perspektiv\u00ebn [&hellip;]\" \/>\n<meta property=\"og:url\" content=\"https:\/\/sdk.mk\/index.php\/dua-te-them\/alo-budalla\/\" \/>\n<meta property=\"og:site_name\" content=\"\u0421\u0430\u043a\u0430\u043c \u0414\u0430 \u041a\u0430\u0436\u0430\u043c\" \/>\n<meta property=\"article:published_time\" content=\"2023-07-03T10:40:17+00:00\" \/>\n<meta property=\"og:image\" content=\"https:\/\/sdk.mk\/wp-content\/uploads\/2015\/12\/goran-mihailovski2.jpg\" \/>\n\t<meta property=\"og:image:width\" content=\"400\" \/>\n\t<meta property=\"og:image:height\" content=\"313\" \/>\n<meta property=\"fb:app_id\" content=\"2407985809428537\" \/>\n<meta name=\"twitter:card\" content=\"summary\" \/>\n<script type=\"application\/ld+json\" class=\"yoast-schema-graph\">{\"@context\":\"https:\/\/schema.org\",\"@graph\":[{\"@type\":\"WebSite\",\"@id\":\"https:\/\/sdk.mk\/#website\",\"url\":\"https:\/\/sdk.mk\/\",\"name\":\"\\u0421\\u0430\\u043a\\u0430\\u043c \\u0414\\u0430 \\u041a\\u0430\\u0436\\u0430\\u043c\",\"description\":\"\\u0417\\u0430 \\u0441\\u043b\\u043e\\u0431\\u043e\\u0434\\u043e\\u0443\\u043c\\u043d\\u0438\",\"potentialAction\":[{\"@type\":\"SearchAction\",\"target\":\"https:\/\/sdk.mk\/?s={search_term_string}\",\"query-input\":\"required name=search_term_string\"}],\"inLanguage\":\"mk-MK\"},{\"@type\":\"WebPage\",\"@id\":\"https:\/\/sdk.mk\/index.php\/dua-te-them\/alo-budalla\/#webpage\",\"url\":\"https:\/\/sdk.mk\/index.php\/dua-te-them\/alo-budalla\/\",\"name\":\"ALO, BUDALLA - \\u0421\\u0430\\u043a\\u0430\\u043c \\u0414\\u0430 \\u041a\\u0430\\u0436\\u0430\\u043c\",\"isPartOf\":{\"@id\":\"https:\/\/sdk.mk\/#website\"},\"datePublished\":\"2023-07-03T10:40:17+00:00\",\"dateModified\":\"2023-07-03T10:40:17+00:00\",\"author\":{\"@id\":\"https:\/\/sdk.mk\/#\/schema\/person\/737021aeacbe893f7e2c347186c5c7a1\"},\"inLanguage\":\"mk-MK\",\"potentialAction\":[{\"@type\":\"ReadAction\",\"target\":[\"https:\/\/sdk.mk\/index.php\/dua-te-them\/alo-budalla\/\"]}]},{\"@type\":\"Person\",\"@id\":\"https:\/\/sdk.mk\/#\/schema\/person\/737021aeacbe893f7e2c347186c5c7a1\",\"name\":\"\\u0424\\u0458\\u043e\\u043b\\u0430 \\u0417\\u043b\\u0430\\u0442\\u043a\\u0443\"}]}<\/script>\n<!-- \/ Yoast SEO Premium plugin. -->","_links":{"self":[{"href":"https:\/\/sdk.mk\/index.php\/wp-json\/wp\/v2\/posts\/198456"}],"collection":[{"href":"https:\/\/sdk.mk\/index.php\/wp-json\/wp\/v2\/posts"}],"about":[{"href":"https:\/\/sdk.mk\/index.php\/wp-json\/wp\/v2\/types\/post"}],"author":[{"embeddable":true,"href":"https:\/\/sdk.mk\/index.php\/wp-json\/wp\/v2\/users\/25"}],"replies":[{"embeddable":true,"href":"https:\/\/sdk.mk\/index.php\/wp-json\/wp\/v2\/comments?post=198456"}],"version-history":[{"count":0,"href":"https:\/\/sdk.mk\/index.php\/wp-json\/wp\/v2\/posts\/198456\/revisions"}],"wp:attachment":[{"href":"https:\/\/sdk.mk\/index.php\/wp-json\/wp\/v2\/media?parent=198456"}],"wp:term":[{"taxonomy":"category","embeddable":true,"href":"https:\/\/sdk.mk\/index.php\/wp-json\/wp\/v2\/categories?post=198456"},{"taxonomy":"post_tag","embeddable":true,"href":"https:\/\/sdk.mk\/index.php\/wp-json\/wp\/v2\/tags?post=198456"}],"curies":[{"name":"wp","href":"https:\/\/api.w.org\/{rel}","templated":true}]}}