{"id":19932,"date":"2016-12-30T19:16:29","date_gmt":"2016-12-30T18:16:29","guid":{"rendered":"http:\/\/sdk.mk\/\/?p=19932"},"modified":"2016-12-30T19:16:29","modified_gmt":"2016-12-30T18:16:29","slug":"biftek-vici","status":"publish","type":"post","link":"https:\/\/sdk.mk\/index.php\/dua-te-them\/biftek-vici\/","title":{"rendered":"BIFTEK VI\u00c7I"},"content":{"rendered":"<div class=\"f52428582a4b906b2d2e2a7d733c7d27\" data-index=\"7\" style=\"float: none; margin:10px 0 10px 0; text-align:center;\">\n<!-- MSP Ads Asynchronous JS Tag - Generated with Revive Adserver v5.4.1 -->\r\n<ins data-revive-zoneid=\"167\" data-revive-id=\"060fdb01f6430ec164d3519234aa4967\"><\/ins>\r\n<script async src=\"\/\/panel.ads.com.mk\/www\/delivery\/asyncjs.php\"><\/script>\n<\/div>\n<p><span class=\"dropcap dropcap3\">1<\/span> Kur e d\u00ebgjoj liderin e BDI-s\u00eb, Ali Ahmetin, se si rr\u00ebfen historira, se ata do t\u00eb hyjn\u00eb n\u00eb Qeverin\u00eb e re vet\u00ebm n\u00ebse p\u00ebrmbushen nevojat e shqiptar\u00ebve, menj\u00ebher\u00eb m\u00eb shkon mendja te nevoja e atij ministrit t\u00eb vet p\u00ebr testim ekstern, Abdylaqim Ademi, q\u00eb t\u00eb ushqehet me biftek vi\u00e7i prej 100 eurove. Nd\u00ebrkoh\u00eb q\u00eb gjimnazist\u00ebt dhe prind\u00ebrit e tyre flenin n\u00eb tenda duke i mbrojtur t\u00eb drejtat e tyre, n\u00eb m\u00ebnyr\u00eb q\u00eb ato t\u00eb d\u00ebgjohen, ministri i Ali Ahmetit e mbronte t\u00eb drejt\u00ebn e vet p\u00ebr biftek. Sepse, ata q\u00eb luftojn\u00eb p\u00ebr t\u00eb drejtat e njeriut vuajt\u00ebn nga uria dhe ngrin\u00eb, e pastaj kur luftuan p\u00ebr t\u00eb drejtat e tyre q\u00eb t\u2019i harxhonin parat\u00eb tona t\u00eb p\u00ebrbashk\u00ebta, kishin nevoj\u00eb q\u00eb t\u00eb ushqeheshin me biftek\u00eb e t\u00eb ngroheshin n\u00eb hotele me pes\u00eb yje. Dhe k\u00ebshtu p\u00ebr plot pes\u00eb vjet.<\/p>\n<p>Tek tani do t\u2019i shihni, t\u00eb ngopur si\u00e7 do t\u00eb jen\u00eb, sa t\u00eb nxehur do t\u00eb jen\u00eb Ali Ahmeti dhe njer\u00ebzit e tij n\u00eb luft\u00ebn q\u00eb do t\u00eb drejtojn\u00eb p\u00ebr t\u00eb drejtat e shqiptar\u00ebve n\u00eb Maqedoni. Deri tani nuk u ishte dh\u00ebn\u00eb mund\u00ebsia q\u00eb t\u00eb luftonin p\u00ebr p\u00ebrmbushjen e nevojave t\u00eb shqiptar\u00ebve. Se deri tani ishin n\u00eb pushtet, andaj nuk mundeshin.<\/p>\n<p>Po edhe n\u00ebse p\u00ebrs\u00ebri b\u00ebjn\u00eb ujdi me Gruevskin&#8230;ehehe&#8230;Jo q\u00eb do t\u2019i mbrojn\u00eb t\u00eb drejtat. Edhe t\u00eb maqedonasve, edhe t\u00eb shqiptar\u00ebve. Gruevski do ta mbroj\u00eb Maqedonin\u00eb nga shqiptar\u00ebt, Ahmeti do t\u2019i mbroj\u00eb shqiptar\u00ebt nga maqedonasit, kurse bashk\u00eb do t\u2019i mbrojn\u00eb t\u00eb drejtat e ministrave dhe drejtor\u00ebve t\u00eb tyre t\u00eb parealizuar, q\u00eb t\u00eb vazhdojn\u00eb me p\u00ebrmbushjen e pangop\u00ebsis\u00eb s\u00eb tyre n\u00eb d\u00ebmin ton\u00eb. E do t\u00eb vej\u00eb deri te bifteku. Deri te ndonj\u00eb troft\u00eb, gaforre e guack\u00eb. E te ndonj\u00eb ver\u00eb e shtrenjt\u00eb.<\/p>\n<p>Si nuk kan\u00eb turp?<\/p>\n<p>Thua se nuk njihemi. Thua se prej dje njihemi, e tani do t\u00eb na shesin pallavra p\u00ebr patriotioz\u00ebm, 15 vjet pas marr\u00ebveshjes korniz\u00eb. E Ali Ahmeti do t\u00eb b\u00ebnka shantazh. E do t\u00eb vendoska kushte te mandatari, t\u00eb cilat as Edi Rama personalisht, po t\u00eb themelonte qeveri n\u00eb Maqedoni, nuk do t\u2019ia pranonte.\u00a0 Hajdee&#8230;<\/p>\n<p>Ahmeti sapo humbi 10 deputet\u00eb. K\u00ebshtu q\u00eb, jo vet\u00ebm q\u00eb ai vet\u00eb e di, jo vet\u00ebm q\u00eb edhe ne e dim\u00eb, por edhe votuesit e tij e din\u00eb se nuk i ka p\u00ebr q\u00ebllim ai t\u00eb drejtat e shqiptar\u00ebve.<\/p>\n<p><span class=\"dropcap dropcap3\">2<\/span> Cilat jan\u00eb ato nevoja reale t\u00eb shqiptar\u00ebve q\u00eb Ahmeti nuk ka mundur t\u2019i p\u00ebrmbush\u00eb gjat\u00eb k\u00ebtyre dhjet\u00eb vjet\u00ebve, derisa sundonte Gruevski? Cilat t\u00eb drejta t\u00eb shqiptar\u00ebve do t\u2019i siguroj\u00eb tani Ali Ahmeti, q\u00eb nuk ka mundur t\u2019i siguroj\u00eb p\u00ebr 10 vjet derisa sundonte Gruevski? P\u00ebr shembull, e drejta q\u00eb t\u00eb pun\u00ebsohesh pa librez\u00eb partiake. E drejta t\u00eb sh\u00ebrbehesh me drejt\u00ebsi n\u00eb nj\u00eb gjyq\u00ebsi t\u00eb pavarur. E drejta t\u00eb kesh uj\u00eb t\u00eb past\u00ebr p\u00ebr t\u00eb pir\u00eb n\u00ebn malin Sharr. E drejta t\u00eb thith\u00ebsh aj\u00ebr t\u00eb past\u00ebr. E drejta q\u00eb n\u00eb shekullin 21, si qytetar i nj\u00eb shteti evropian, t\u00eb kesh jet\u00eb t\u00eb qytet\u00ebruar. E drejta p\u00ebr mendim t\u00eb lir\u00eb, q\u00eb t\u00eb mund ta shpreh\u00ebsh publikisht.<\/p>\n<p>Ali Ahmeti e di q\u00eb kjo nuk i intereson. Sepse po t\u2019i interesonte, do ta p\u00ebrmbushte at\u00eb. E le t\u00eb mos na rr\u00ebfej\u00eb historira tani p\u00ebr t\u00eb drejtat dhe nevojat reale t\u00eb shqiptar\u00ebve, thua se ato jan\u00eb di\u00e7ka m\u00eb t\u00eb ve\u00e7anta se t\u00eb drejtat dhe nevojat reale t\u00eb maqedonasve. E m\u00eb t\u00eb ve\u00e7anta se t\u00eb drejtat e t\u00eb gjith\u00eb t\u00eb tjer\u00ebve n\u00eb k\u00ebt\u00eb shtet, q\u00eb, paramendoni, n\u00eb shekullin 21 indentifikohen vet\u00ebm si qytetar\u00eb.<\/p>\n<p>Epo, Maqedonia nuk \u00ebsht\u00eb n\u00eb kriz\u00eb p\u00ebr shkak t\u00eb mosrespektimit t\u00eb t\u00eb drejtave t\u00eb shqiptar\u00ebve. Ajo \u00ebsht\u00eb n\u00eb kriz\u00eb p\u00ebr vjedhjet dhe krimet e tjera t\u00eb qeveris\u00eb. Kurse n\u00eb qeveri, le t\u00eb m\u00eb fal\u00eb Aliu, n\u00ebse nuk i d\u00ebgjohet, ishte edhe partia, lider i s\u00eb cil\u00ebs \u00ebsht\u00eb pik\u00ebrisht ai. Edhe zgjedhje t\u00eb parakohshme kishte, p\u00ebr shkak t\u00eb krimeve t\u00eb zbuluara t\u00eb qeveris\u00eb.<\/p>\n<p>K\u00eb mbron Ali Ahmeti? T\u00eb drejtat e shqiptar\u00ebve? Apo t\u00eb drejtat e kriminel\u00ebve?<\/p>\n<p><span class=\"dropcap dropcap3\">3<\/span> M\u00eb falni, kam edhe nj\u00eb pyetje. Si u b\u00eb Edi Rama, si kryeminist\u00ebr i Shqip\u00ebris\u00eb, faktor politik i k\u00ebtij shteti? Me shum\u00eb siguri, si nj\u00eb bashk\u00ebpunues i jasht\u00ebm me an\u00eb t\u00eb kontrat\u00ebs mbi vep\u00ebr t\u00eb Berlinit dhe Uashingtonit.<\/p>\n<p>Eh, kur m\u00eb kujtohet q\u00eb para 10 vjet\u00ebve Nikolla Gruevski ishte i preferuari i Angela Merkelit.\u00a0 Por, kjo nuk doli shum\u00eb mir\u00eb p\u00ebr Maqedonin\u00eb.<\/p>\n<p><span class=\"dropcap dropcap3\">4<\/span> Vjet, 445.000 qytetar\u00eb t\u00eb Maqedonis\u00eb kan\u00eb jetuar n\u00ebn pragun e varf\u00ebris\u00eb. K\u00ebto jan\u00eb t\u00eb dh\u00ebna zyrtare nga Enti shtet\u00ebror i statistik\u00ebs. Nuk \u00ebsht\u00eb llogaritje e Sorosit.<\/p>\n<p>Dometh\u00ebn\u00eb, nga ata q\u00eb kan\u00eb mbetur n\u00eb Maqedoni, p\u00ebrfaq\u00ebsimi i personave t\u00eb varf\u00ebr \u00ebsht\u00eb 21,5 p\u00ebrqind. Sipas Entit p\u00ebr statistik\u00eb, pragu i varf\u00ebris\u00eb p\u00ebr nj\u00eb familje nj\u00eban\u00ebtar\u00ebshe \u00ebsht\u00eb 78,000 denar\u00eb, kurse p\u00ebr nj\u00eb familje kat\u00ebran\u00ebtar\u00ebshe, 164,000 denar\u00eb t\u00eb ardhura vjetore. Dometh\u00ebn\u00eb, nj\u00eb familje kat\u00ebran\u00ebtar\u00ebshe n\u00eb Maqedoni mbijeton me 13,667 denar\u00eb n\u00eb muaj.<\/p>\n<p>Edhe sikur t\u00eb dh\u00ebnat t\u00eb ishin t\u00eb maskuara, prap\u00eb jan\u00eb katastrofike. Plus, edhe nga ata q\u00eb jan\u00eb t\u00eb pun\u00ebsuar, 8,9 p\u00ebrqind jetojn\u00eb n\u00ebn pragun e varf\u00ebris\u00eb. Akoma edhe me rrogat e investimeve t\u00eb fuqishme t\u00eb huaja.<\/p>\n<p>E pastaj, Ahmeti p\u00ebr t\u00eb drejtat e shqiptar\u00ebve, as q\u00eb flet. Kurse Gruevski do t\u00eb na tremb\u00eb me federalizim. Nd\u00ebrsa edhe nj\u00ebri edhe tjetri lav\u00ebdrohen me \u201cDuing biznis\u201d.<\/p>\n<p><span class=\"dropcap dropcap3\">5<\/span> Ndjehem i d\u00ebshp\u00ebruar nga vet\u00eb fakti q\u00eb Gjorge Ivanovi ka di\u00e7ka p\u00ebr t\u00eb th\u00ebn\u00eb. E akoma m\u00eb i d\u00ebshp\u00ebruar se dikush e ka d\u00ebgjuar, madje edhe do t\u00eb analizojn\u00eb at\u00eb q\u00eb ai ka th\u00ebn\u00eb.<\/p>\n<p>E tha ai at\u00eb q\u00eb kishte p\u00ebr t\u00eb th\u00ebn\u00eb, n\u00eb prill, kur i fali 56 funksioner\u00ebt e dyshuar p\u00ebr krim t\u00eb r\u00ebnd\u00eb. Dhe akoma i ndjejm\u00eb pasojat nga ajo e folura e tij. Paramendoni, Ivanovi akoma ka fytyr\u00eb t\u00eb na tregoj\u00eb se me faljen ka penguar skenare t\u00eb err\u00ebta p\u00ebr Maqedonin\u00eb. Po, t\u00eb ket\u00eb vall\u00eb, skenar m\u00eb t\u00eb err\u00ebt se ky, ku presidenti i shtetit, plus edhe profesor i fakultetit t\u00eb drejt\u00ebsis\u00eb, t\u00eb k\u00ebrkoj\u00eb q\u00eb drejt\u00ebsia t\u00eb mos vlej\u00eb vet\u00ebm p\u00ebr njer\u00ebzit e vet?<\/p>\n<p><em>P\u00ebrktheu: Fjolla Zllatku<\/em><\/p>\n\n<div style=\"font-size: 0px; height: 0px; line-height: 0px; margin: 0; padding: 0; clear: both;\"><\/div>","protected":false},"excerpt":{"rendered":"<p>1 Kur e d\u00ebgjoj liderin e BDI-s\u00eb, Ali Ahmetin, se si rr\u00ebfen historira, se ata do t\u00eb hyjn\u00eb n\u00eb Qeverin\u00eb [&hellip;]<\/p>\n","protected":false},"author":1,"featured_media":0,"comment_status":"closed","ping_status":"closed","sticky":false,"template":"","format":"standard","meta":{"_mo_disable_npp":"","inline_featured_image":false},"categories":[1825],"tags":[9739],"imageURL":false,"thumbURL":false,"categoryNames":["DUA T\u00cb THEM"],"feature_caption":"","subtitle":"a:1:{s:11:\"td_subtitle\";s:86:\"K\u00ebpombronAliAhmeti?T\u00ebdrejtateshqiptar\u00ebve?Apot\u00ebdrejtatekriminel\u00ebve?\r\n","views":"2792","source":"","yoast_head":"<!-- This site is optimized with the Yoast SEO Premium plugin v15.0 - https:\/\/yoast.com\/wordpress\/plugins\/seo\/ -->\n<title>BIFTEK VI\u00c7I - \u0421\u0430\u043a\u0430\u043c \u0414\u0430 \u041a\u0430\u0436\u0430\u043c<\/title>\n<meta name=\"robots\" content=\"index, follow, max-snippet:-1, max-image-preview:large, max-video-preview:-1\" \/>\n<link rel=\"canonical\" href=\"https:\/\/sdk.mk\/index.php\/dua-te-them\/biftek-vici\/\" \/>\n<meta property=\"og:locale\" content=\"mk_MK\" \/>\n<meta property=\"og:type\" content=\"article\" \/>\n<meta property=\"og:title\" content=\"BIFTEK VI\u00c7I - \u0421\u0430\u043a\u0430\u043c \u0414\u0430 \u041a\u0430\u0436\u0430\u043c\" \/>\n<meta property=\"og:description\" content=\"1 Kur e d\u00ebgjoj liderin e BDI-s\u00eb, Ali Ahmetin, se si rr\u00ebfen historira, se ata do t\u00eb hyjn\u00eb n\u00eb Qeverin\u00eb [&hellip;]\" \/>\n<meta property=\"og:url\" content=\"https:\/\/sdk.mk\/index.php\/dua-te-them\/biftek-vici\/\" \/>\n<meta property=\"og:site_name\" content=\"\u0421\u0430\u043a\u0430\u043c \u0414\u0430 \u041a\u0430\u0436\u0430\u043c\" \/>\n<meta property=\"article:published_time\" content=\"2016-12-30T18:16:29+00:00\" \/>\n<meta property=\"og:image\" content=\"https:\/\/sdk.mk\/wp-content\/uploads\/2015\/12\/goran-mihailovski2.jpg\" \/>\n\t<meta property=\"og:image:width\" content=\"400\" \/>\n\t<meta property=\"og:image:height\" content=\"313\" \/>\n<meta property=\"fb:app_id\" content=\"2407985809428537\" \/>\n<meta name=\"twitter:card\" content=\"summary\" \/>\n<script type=\"application\/ld+json\" class=\"yoast-schema-graph\">{\"@context\":\"https:\/\/schema.org\",\"@graph\":[{\"@type\":\"WebSite\",\"@id\":\"https:\/\/sdk.mk\/#website\",\"url\":\"https:\/\/sdk.mk\/\",\"name\":\"\\u0421\\u0430\\u043a\\u0430\\u043c \\u0414\\u0430 \\u041a\\u0430\\u0436\\u0430\\u043c\",\"description\":\"\\u0417\\u0430 \\u0441\\u043b\\u043e\\u0431\\u043e\\u0434\\u043e\\u0443\\u043c\\u043d\\u0438\",\"potentialAction\":[{\"@type\":\"SearchAction\",\"target\":\"https:\/\/sdk.mk\/?s={search_term_string}\",\"query-input\":\"required name=search_term_string\"}],\"inLanguage\":\"mk-MK\"},{\"@type\":\"WebPage\",\"@id\":\"https:\/\/sdk.mk\/index.php\/dua-te-them\/biftek-vici\/#webpage\",\"url\":\"https:\/\/sdk.mk\/index.php\/dua-te-them\/biftek-vici\/\",\"name\":\"BIFTEK VI\\u00c7I - \\u0421\\u0430\\u043a\\u0430\\u043c \\u0414\\u0430 \\u041a\\u0430\\u0436\\u0430\\u043c\",\"isPartOf\":{\"@id\":\"https:\/\/sdk.mk\/#website\"},\"datePublished\":\"2016-12-30T18:16:29+00:00\",\"dateModified\":\"2016-12-30T18:16:29+00:00\",\"author\":{\"@id\":\"https:\/\/sdk.mk\/#\/schema\/person\/be7cfa6655c47f7195bfdd0ba8144aa2\"},\"inLanguage\":\"mk-MK\",\"potentialAction\":[{\"@type\":\"ReadAction\",\"target\":[\"https:\/\/sdk.mk\/index.php\/dua-te-them\/biftek-vici\/\"]}]},{\"@type\":\"Person\",\"@id\":\"https:\/\/sdk.mk\/#\/schema\/person\/be7cfa6655c47f7195bfdd0ba8144aa2\",\"name\":\"\\u0413\\u043e\\u0440\\u0430\\u043d \\u041c\\u0438\\u0445\\u0430\\u0458\\u043b\\u043e\\u0432\\u0441\\u043a\\u0438\"}]}<\/script>\n<!-- \/ Yoast SEO Premium plugin. -->","_links":{"self":[{"href":"https:\/\/sdk.mk\/index.php\/wp-json\/wp\/v2\/posts\/19932"}],"collection":[{"href":"https:\/\/sdk.mk\/index.php\/wp-json\/wp\/v2\/posts"}],"about":[{"href":"https:\/\/sdk.mk\/index.php\/wp-json\/wp\/v2\/types\/post"}],"author":[{"embeddable":true,"href":"https:\/\/sdk.mk\/index.php\/wp-json\/wp\/v2\/users\/1"}],"replies":[{"embeddable":true,"href":"https:\/\/sdk.mk\/index.php\/wp-json\/wp\/v2\/comments?post=19932"}],"version-history":[{"count":0,"href":"https:\/\/sdk.mk\/index.php\/wp-json\/wp\/v2\/posts\/19932\/revisions"}],"wp:attachment":[{"href":"https:\/\/sdk.mk\/index.php\/wp-json\/wp\/v2\/media?parent=19932"}],"wp:term":[{"taxonomy":"category","embeddable":true,"href":"https:\/\/sdk.mk\/index.php\/wp-json\/wp\/v2\/categories?post=19932"},{"taxonomy":"post_tag","embeddable":true,"href":"https:\/\/sdk.mk\/index.php\/wp-json\/wp\/v2\/tags?post=19932"}],"curies":[{"name":"wp","href":"https:\/\/api.w.org\/{rel}","templated":true}]}}