{"id":201864,"date":"2023-08-15T09:45:49","date_gmt":"2023-08-15T07:45:49","guid":{"rendered":"https:\/\/sdk.mk\/?p=201864"},"modified":"2023-08-15T09:45:49","modified_gmt":"2023-08-15T07:45:49","slug":"plackitje-e-shpejte","status":"publish","type":"post","link":"https:\/\/sdk.mk\/index.php\/dua-te-them\/plackitje-e-shpejte\/","title":{"rendered":"PLA\u00c7KITJE E SHPEJT\u00cb"},"content":{"rendered":"<div class=\"f52428582a4b906b2d2e2a7d733c7d27\" data-index=\"7\" style=\"float: none; margin:10px 0 10px 0; text-align:center;\">\n<!-- MSP Ads Asynchronous JS Tag - Generated with Revive Adserver v5.4.1 -->\r\n<ins data-revive-zoneid=\"167\" data-revive-id=\"060fdb01f6430ec164d3519234aa4967\"><\/ins>\r\n<script async src=\"\/\/panel.ads.com.mk\/www\/delivery\/asyncjs.php\"><\/script>\n<\/div>\n<p><span class=\"dropcap color firstcharacter\">1 <\/span> Kan\u00eb kaluar nj\u00ebzet e kusur vjet nga konflikti ustarak me U\u00c7K e paraluft\u00ebs n\u00eb shtet. N\u00ebse do kishte dAshur qeveria t\u00eb ngrej\u00eb p\u00ebrmendore p\u00ebr ushtar\u00ebt, polic\u00ebt dhe rezervist\u00ebT t\u00eb r\u00ebn\u00eb m\u00eb Karpallak, Vejce dhe Ljuboten do ta kishte b\u00ebr\u00eb. Her\u00eb LSDM-ja, her\u00eb VMRO-DPMNE-ja. Sidomos marr\u00eb parasysh faktin q\u00eb VMRO-DPMNE-ja q\u00eb prej para dhjet\u00eb vjet\u00ebsh pa procedura, pa respekt t\u00eb asnj\u00eb ligji, gjeti m\u00ebnyr\u00eb se si t\u00eb derdh\u00eb dhjetra e dhjetra p\u00ebrmedore, pothuajse brenda nat\u00ebs, n\u00ebp\u00ebr qendr\u00ebn e Shkupit. E kjo gj\u00eb nga LSDM-ja po diskutohet me nj\u00eb kryetar t\u00eb Zhelin\u00ebs q\u00eb tallet \u2013 nuk qenka n\u00eb kompetenc\u00ebn e tij t\u00eb miratoj\u00eb projekt p\u00ebr p\u00ebrmendore n\u00eb Karpallak.<br \/>\nT\u00eb shihje n\u00ebse nuk do t\u00eb merrte leje nga ndonj\u00eb prej investitor\u00ebve t\u00eb preferuar nd\u00ebrtimor\u00eb t\u00eb qeveris\u00eb, n\u00ebse do kishte dashur q\u00eb mu n\u00eb mes t\u00eb Karpallakut, t\u00eb nd\u00ebrtoj\u00eb nj\u00eb objekt t\u00eb vog\u00ebl me qindra banesa dhe nj\u00eb qend\u00ebr tregtare. Mund t\u00eb kishte premtuar si nj\u00eb kompani me p\u00ebrgjegj\u00ebsi shoq\u00ebrore se do t\u2019i dhuroj\u00eb p\u00ebrmendoret e rezervist\u00ebve t\u00eb r\u00ebn\u00eb n\u00eb 2001. E at\u00ebher\u00eb thuhej puna e Zaevit: Nuk mund t\u00eb jet\u00eb: Jo! Mund t\u00eb jet\u00eb: Po! Menj\u00ebher\u00eb do ta rip\u00ebrshtasnin pllac\u00ebn, do ta formonin parcel\u00ebn me nj\u00eb shitje t\u00eb thjesht\u00eb t\u00eb tok\u00ebs shtet\u00ebrore, do t\u2019i ndryshonin kushtet p\u00ebr nd\u00ebrtim&#8230;.T\u00eb shihje se si, at\u00ebher\u00eb, as kryetari nuk do t\u00eb b\u00ebhej jokompetent, as k\u00ebshilltar\u00ebt nuk do t\u00eb kishin di\u00e7ka kund\u00ebr, e besa as Qeveria nuk do t\u00eb b\u00ebhej e pabes\u00eb si tani &#8211; ne duam t\u00eb ngrem\u00eb p\u00ebrmendore, por BDI-ja nuk e lejon.<\/p>\n<p><span class=\"dropcap color firstcharacter\">2<\/span> P\u00ebr m\u00eb tep\u00ebr, pse Qeveria nuk k\u00ebrkon leje p\u00ebr nd\u00ebrtim t\u00eb p\u00ebrmendores n\u00eb Karpallak nga i nj\u00ebjti institut q\u00eb e dha lejen p\u00ebr p\u00ebrmendoren e U\u00c7K-s\u00eb n\u00eb Sllup\u00e7ane? Pse nuk angazhojn\u00eb ndonj\u00eb konsultant nga Sllup\u00e7ani, q\u00eb t\u2019ua udh\u00ebheq\u00eb procedur\u00ebn p\u00ebr leje p\u00ebr p\u00ebrmendore edhe n\u00eb Komun\u00ebn e Zhelin\u00ebs n\u00eb t\u00eb nj\u00ebjt\u00ebn m\u00ebnyr\u00eb si\u00e7 e kan\u00eb marr\u00eb lejen p\u00ebr p\u00ebrmendoren e U\u00c7K-s\u00eb t\u00eb lart\u00eb 20 metra? U v\u00ebrtetuam n\u00eb ekpertiz\u00ebn e tyre dhe shkatht\u00ebsin\u00eb e tyre p\u00ebr t\u00eb negociuar n\u00eb m\u00ebnyr\u00ebn me t\u00eb cil\u00ebn ishte zgjidhur \u00e7\u00ebshtja e Sllup\u00e7anit me EVN-n\u00eb.<br \/>\nNorvegjia n\u00eb fillim t\u00eb t\u00eb 1990-ave nd\u00ebrmjet\u00ebsonte n\u00eb negociatat paq\u00ebore mes Izraelit dhe Ushtris\u00eb \u00e7lirimtare t\u00eb Palestin\u00ebs, nd\u00ebrsa n\u00eb Oslo u n\u00ebnshkrua marr\u00ebveshje p\u00ebr fillimin e procesit paq\u00ebsor mes Izraleit dhe Palestin\u00ebs. Mir\u00ebpo, Norvegjis\u00eb i duhet edhe shum\u00eb pun\u00eb q\u00eb ta mb\u00ebrrij\u00eb suksesin e negociatave t\u00eb Sllup\u00e7anit. Izraeli dhe Palestina akoma nuk jetojn\u00eb n\u00eb paqe, nd\u00ebrsa Sllup\u00e7ane dhe EVN-ja kan\u00eb arritur paqe q\u00eb \u00ebsht\u00eb kuror\u00ebzuar me nj\u00eb marr\u00ebveshje unike, si anj\u00ebher\u00eb m\u00eb par\u00eb: Secili t\u00eb paguaj\u00eb rrym\u00eb aq sa ka harxhuar vet\u00eb.<\/p>\n<p><span class=\"dropcap color firstcharacter\">3<\/span> Sllup\u00e7ani \u00ebsht\u00eb nj\u00eb nga shembujt pozitiv\u00eb t\u00eb t\u00eb ashtuquajturit font evropian i koalicionit qeveritar q\u00eb i akuzon t\u00eb gjith\u00eb q\u00eb e kritikojn\u00eb qeverin\u00eb se jan\u00eb antievropian\u00eb t\u00eb prapambetur.<br \/>\nPor, ne pse jemi kapur te Sllup\u00e7ani, ku nuk kan\u00eb mundur t\u00eb futen as ekipet e EVN-s\u00eb p\u00ebr t\u2019i ndryshuar mat\u00ebsit e rrym\u00ebs, kur kjo qeveri nuk ka kontroll efekti as n\u00eb qendr\u00ebn e kryeqytetit. Dy kafene me vite maltretojn\u00eb mij\u00ebra qytetar\u00eb me muzik\u00ebn e lart\u00eb dhe askush nuk mund t\u2019i b\u00ebj\u00eb asgj\u00eb as pushtetit lokal e as atij qendror. Nj\u00eb fshat dhe dy kafene me fytyr\u00ebn e qeveris\u00eb s\u00eb korruptuar n\u00eb Maqedonin\u00eb evropiane.<\/p>\n<p>Provo t\u00eb shkosh diku n\u00eb BE dhe thuaju votuesve se n\u00eb nj\u00eb lagje banimi duhet t\u00eb ket\u00eb kafene q\u00eb i maltretojn\u00eb me muzik\u00eb t\u00eb lart\u00eb deri her\u00ebt n\u00eb m\u00ebngjes. Le t\u00eb shkoj\u00eb, p\u00ebr shembull, n\u00eb Berlin, inspektori p\u00ebr zhurm\u00eb q\u00eb t\u2019u thot\u00eb banor\u00ebve \u2013 mbyllini dritaret n\u00eb mes t\u00eb ver\u00ebs q\u00eb t\u00eb mas decibela, sepse ligji k\u00ebshtu thot\u00eb, e shefi i kafenes\u00eb nuk do t\u00eb ma pranoj\u00eb matjen n\u00ebse dritaret i keni t\u00eb hapura. Imagjinoni n\u00eb Paris, nj\u00eb shef t\u00eb nj\u00eb kafeneje q\u00eb maltreton mij\u00ebra banor\u00eb me muzik\u00eb t\u00eb lart\u00eb t\u2019u ofroj\u00eb komshijve nj\u00eb pije me lirim. Nuk mund t\u00eb flini? Ejani te ne q\u00eb t\u00eb pini m\u00eb lir\u00eb.<\/p>\n<p>\u00c7far\u00eb? N\u00eb Berlin mos nuk arg\u00ebtohen njer\u00ebzit?<\/p>\n<p>Nuk \u00ebsht\u00eb as\u00e7far\u00eb problemi fakti q\u00eb ka kafene n\u00eb mes t\u00eb pjes\u00ebs rezidenciale n\u00eb qend\u00ebr t\u00eb kryeqytetit apo n\u00eb nj\u00eb lagje banimi t\u00eb dendur. Gjithandej n\u00ebp\u00ebr BE ka kafene t\u00eb tilla. Problem \u00ebsht\u00eb at\u00ebher\u00eb kur kafenet\u00eb \u00e7do dit\u00eb deri n\u00eb m\u00ebngjes l\u00ebshojn\u00eb muzik\u00eb t\u00eb lart\u00eb, kur duhet t\u2019u vihen pas inspektor\u00eb, e mos o zot t\u2019i d\u00ebnojn\u00eb, duart u dridhen politikan\u00ebve lokal\u00eb dhe shtet\u00ebror\u00eb. Po madje edhe n\u00ebse rast\u00ebsisht nd\u00ebrrojn\u00eb mendje dhe u shkruajn\u00eb nj\u00eb d\u00ebnim, d\u00ebnimi mund t\u00eb shlyhet n\u00ebse e paguajn\u00eb\u00a0 n\u00eb afat prej tet\u00eb dit\u00ebsh. Dhe asnj\u00ebher\u00eb nuk e dim\u00eb se a e kan\u00eb paguar.<\/p>\n<p>Nga nj\u00eb lav\u00ebdrim aq i madh i pushtetit lokal p\u00ebr faktin se ka dal\u00eb inspeksioni, si nuk u gjet, vall\u00eb, t\u00eb pakt\u00ebn nj\u00eb kryetar q\u00eb t\u00eb inicoj\u00eb ndryshime ligjore n\u00eb d\u00ebnim \u2013 n\u00ebse tri her\u00eb t\u00eb d\u00ebnojn\u00eb p\u00ebr nj\u00eb shkelje t\u00eb nj\u00ebjt\u00eb, t\u00eb ta marrin licenc\u00ebn e pun\u00ebs. Nga e folura kaq e madhe p\u00ebr standardet evropiane t\u00eb pushtetit qendror, si, vall\u00eb asnj\u00eb prej k\u00ebtyre ministrave dhe deptutet\u00ebve evropian\u00eb nuk kan\u00eb guxim t\u00eb propozojn\u00eb ligj sipas t\u00eb cilit nuk mundet q\u00eb \u00e7far\u00ebdolloj dyqani t\u00eb kryej\u00eb \u00e7far\u00ebdolloj veprimtrie. Nuk mund t\u00eb ket\u00eb kafene n\u00eb \u00e7do nd\u00ebrtes\u00eb. Sot nj\u00eb parukeri, nes\u00ebr qebaptore. Sot sallon bukurie, nes\u00ebr mishtore me frigorifer\u00eb nga zhurma e t\u00eb cil\u00ebve dridhen t\u00eb gjitha banesat. N\u00eb kontejnerin e nj\u00ebjt\u00eb edhe mbeturinat e banor\u00ebve edhe porcionet e pap\u00ebrfunduara t\u00eb myshterinjve t\u00eb kafeneve edhe ambalazhet e kartonit t\u00eb marketeve.<\/p>\n<p>\u00c7far\u00eb thot\u00eb fronti evropian i qeveris\u00eb? N\u00eb BE mundet ashtu?<\/p>\n<p>Le t\u00eb mos hyjm\u00eb n\u00eb debat se pse qeveria \u00ebsht\u00eb e pafuqishme t\u00eb menaxhoj\u00eb me dy kafene, e jo me me nj\u00eb fshat t\u00eb t\u00ebr\u00eb. E din\u00eb vet\u00eb se prej ku e thithin fuqin\u00eb ata. M\u00eb interson dimensioni njer\u00ebzor i k\u00ebtijj maltretimi t\u00eb banor\u00ebve. A munden k\u00ebta q\u00eb maltretojn\u00eb lagje t\u00eb t\u00ebra me muzik\u00eb t\u00eb lart\u00eb deri n\u00eb m\u00ebngjes, p\u00ebr nj\u00eb moment t\u00eb mendojn\u00eb se ndonj\u00eb komshi kirurg q\u00eb ata e kan\u00eb l\u00ebn\u00eb pagjum\u00eb gjith\u00eb nat\u00ebn, do t\u2019u operoj\u00eb ndonj\u00eb t\u00eb af\u00ebrm? Apo se nj\u00eb shofer autobusi q\u00eb nuk ka mundur t\u00eb fler\u00eb me dritare t\u00eb mbyllura n\u00eb 40 grad\u00eb n\u00eb gusht, nes\u00ebr do t\u2019ia \u00e7oj\u00eb f\u00ebmij\u00ebt n\u00eb ekskursion?<\/p>\n<p><span class=\"dropcap color firstcharacter\">4 <\/span> Mir\u00ebpo, pse po flasim p\u00ebr institucione, standarde t\u00eb BE-s\u00eb dhe mbrojtje t\u00eb t\u00eb drejtave t\u00eb qytetar\u00ebve, kur te ne, shteti nuk mund t\u00eb na mbroj\u00eb as nga vjedhjet q\u00eb b\u00ebhen p\u00ebrmes shoqatave financiare p\u00ebr kredi t\u00eb shpejta me t\u00eb dh\u00ebna t\u00eb vjedhura nga letrat e njoftimit dhe pasportat. \u00c7do dit\u00eb paraqiten viktima t\u00eb reja t\u00eb mashtruesve me vjedhje t\u00eb t\u00eb dh\u00ebnave personale.<br \/>\nMashtruesit paraqiten n\u00eb em\u00ebr t\u00eb huaj, l\u00ebshojn\u00eb n\u00eb post\u00eb elektronike fotografi apo skanim t\u00eb dokumenteve perosnave t\u00eb huaja, marrin kredi t\u00eb shpejt\u00eb n\u00eb emrin e dikujt tjet\u00ebr, me nj\u00eb telefonat\u00eb, pa ardhur vet\u00eb p\u00ebr identifikim, porosisin q\u00eb lek\u00ebt t\u2019u vijn\u00eb n\u00eb llogari n\u00eb ndonj\u00eb dyqan, e marrin mallin, apo me post\u00eb t\u00eb shpejt\u00eb u lihet n\u00eb adres\u00ebn e shpikur dhe pastaj t\u00eb mashtruarve u vjen thirrja p\u00ebr t\u00eb paguar edhe interesin edhe shpenzimet e noterit dhe p\u00ebrmbatuesit p\u00ebr nj\u00eb kredi q\u00eb nuk e kan\u00eb marr\u00eb.<\/p>\n<p>Dometh\u00ebn\u00eb nuk duhet as t\u00eb humbas\u00ebsh letr\u00ebn e njoftimit. Mjafton dikush t\u00eb t\u00eb fotografoj\u00eb. Apo ta shkarkoj\u00eb nga ndonj\u00eb aplikacion ku ajo q\u00ebndron e skanuar dhe e arkivuar. Dhe pastaj \u2013 paguaj ti kredi t\u00eb huaja gjith\u00eb jet\u00ebn. E tmerrshme.<\/p>\n<p>Nga nj\u00eb kredit i shpjet\u00eb b\u00ebhet pla\u00e7kitje e shpejt\u00eb.<\/p>\n<p>P\u00ebr kontroll t\u00eb shoqatave financiare \u00ebsht\u00eb kompetente Ministria e financave. Avokati i popullit, te i cili ka tashm\u00eb dhjet\u00eb parashtresa nga qytetar\u00eb t\u00eb mashtruar k\u00ebrkon nga Ministria t\u00eb d\u00ebrgoj\u00eb inspeksione n\u00eb shoqata. Por, Ministria thot\u00eb se ky \u00ebsht\u00eb problem i MPB-s\u00eb.<\/p>\n<p>Edhe kjo \u00ebsht\u00eb nj\u00eb nga \u00e7udirat origjinale n\u00eb Maqedoni. Ministria e financave refuzon t\u00eb merret me pun\u00ebn e saj. Dmth nuk flasim p\u00ebr inspektor\u00eb t\u00eb zhurm\u00ebs, pushtet t\u00eb korruptuar lokal, ushtar\u00eb arrogant\u00eb partiak\u00eb\u2026Flasim p\u00ebr Ministrin\u00eb e financave.<\/p>\n<p>Le t\u00eb p\u00ebrs\u00ebrisim: Ministria e financave, q\u00eb refuzon t\u00eb zbuloj\u00eb se si b\u00ebhen mashtrimet financiare n\u00eb shoqata q\u00eb jan\u00eb n\u00ebn kontrollin e tij.<\/p>\n<p>E ne, naiv\u00eb, k\u00ebrkojm\u00eb vet\u00ebdije nga kafexhinjt\u00eb q\u00eb l\u00ebshojn\u00eb muzik\u00eb t\u00eb lart\u00eb, nd\u00ebrsa shteti q\u00eb me sukses i ka kaluar skriningjet e t\u00eb gjith\u00eb klasterave n\u00eb Bruksel, mund\u00ebson pla\u00e7kitje brutale t\u00eb qytetar\u00ebve.<\/p>\n<p>Epo, k\u00ebshtu e kemi kur kemi mbetur n\u00ebn ndikimin e boteve ruse dhe nuk duam t\u00eb arg\u00ebtohemi.<\/p>\n<p>&nbsp;<\/p>\n<p><em><strong>P\u00ebrktheu: Fjolla Zllatku<\/strong><\/em><\/p>\n\n<div style=\"font-size: 0px; height: 0px; line-height: 0px; margin: 0; padding: 0; clear: both;\"><\/div>","protected":false},"excerpt":{"rendered":"<p>Kan\u00eb kaluar nj\u00ebzet e kusur vjet nga konflikti ustarak me U\u00c7K e paraluft\u00ebs n\u00eb shtet. N\u00ebse do kishte dAshur qeveria [&hellip;]<\/p>\n","protected":false},"author":25,"featured_media":0,"comment_status":"closed","ping_status":"closed","sticky":false,"template":"","format":"standard","meta":{"_mo_disable_npp":"no","inline_featured_image":false},"categories":[1825],"tags":[],"imageURL":false,"thumbURL":false,"categoryNames":["DUA T\u00cb THEM"],"feature_caption":"","subtitle":"A munden k\u00ebta q\u00eb maltretojn\u00eb lagje t\u00eb t\u00ebra me muzik\u00eb t\u00eb lart\u00eb deri n\u00eb m\u00ebngjes, p\u00ebr nj\u00eb moment t\u00eb mendojn\u00eb se ndonj\u00eb komshi kirurg q\u00eb ata e kan\u00eb l\u00ebn\u00eb pagjum\u00eb gjith\u00eb nat\u00ebn, do t\u2019u operoj\u00eb ndonj\u00eb t\u00eb af\u00ebrm? ","views":"54","source":"Shkup, (SAKAMDAKAZAM.MK)","yoast_head":"<!-- This site is optimized with the Yoast SEO Premium plugin v15.0 - https:\/\/yoast.com\/wordpress\/plugins\/seo\/ -->\n<title>PLA\u00c7KITJE E SHPEJT\u00cb - \u0421\u0430\u043a\u0430\u043c \u0414\u0430 \u041a\u0430\u0436\u0430\u043c<\/title>\n<meta name=\"robots\" content=\"index, follow, max-snippet:-1, max-image-preview:large, max-video-preview:-1\" \/>\n<link rel=\"canonical\" href=\"https:\/\/sdk.mk\/index.php\/dua-te-them\/plackitje-e-shpejte\/\" \/>\n<meta property=\"og:locale\" content=\"mk_MK\" \/>\n<meta property=\"og:type\" content=\"article\" \/>\n<meta property=\"og:title\" content=\"PLA\u00c7KITJE E SHPEJT\u00cb - \u0421\u0430\u043a\u0430\u043c \u0414\u0430 \u041a\u0430\u0436\u0430\u043c\" \/>\n<meta property=\"og:description\" content=\"Kan\u00eb kaluar nj\u00ebzet e kusur vjet nga konflikti ustarak me U\u00c7K e paraluft\u00ebs n\u00eb shtet. N\u00ebse do kishte dAshur qeveria [&hellip;]\" \/>\n<meta property=\"og:url\" content=\"https:\/\/sdk.mk\/index.php\/dua-te-them\/plackitje-e-shpejte\/\" \/>\n<meta property=\"og:site_name\" content=\"\u0421\u0430\u043a\u0430\u043c \u0414\u0430 \u041a\u0430\u0436\u0430\u043c\" \/>\n<meta property=\"article:published_time\" content=\"2023-08-15T07:45:49+00:00\" \/>\n<meta property=\"og:image\" content=\"https:\/\/sdk.mk\/wp-content\/uploads\/2015\/12\/goran-mihailovski2.jpg\" \/>\n\t<meta property=\"og:image:width\" content=\"400\" \/>\n\t<meta property=\"og:image:height\" content=\"313\" \/>\n<meta property=\"fb:app_id\" content=\"2407985809428537\" \/>\n<meta name=\"twitter:card\" content=\"summary\" \/>\n<script type=\"application\/ld+json\" class=\"yoast-schema-graph\">{\"@context\":\"https:\/\/schema.org\",\"@graph\":[{\"@type\":\"WebSite\",\"@id\":\"https:\/\/sdk.mk\/#website\",\"url\":\"https:\/\/sdk.mk\/\",\"name\":\"\\u0421\\u0430\\u043a\\u0430\\u043c \\u0414\\u0430 \\u041a\\u0430\\u0436\\u0430\\u043c\",\"description\":\"\\u0417\\u0430 \\u0441\\u043b\\u043e\\u0431\\u043e\\u0434\\u043e\\u0443\\u043c\\u043d\\u0438\",\"potentialAction\":[{\"@type\":\"SearchAction\",\"target\":\"https:\/\/sdk.mk\/?s={search_term_string}\",\"query-input\":\"required name=search_term_string\"}],\"inLanguage\":\"mk-MK\"},{\"@type\":\"WebPage\",\"@id\":\"https:\/\/sdk.mk\/index.php\/dua-te-them\/plackitje-e-shpejte\/#webpage\",\"url\":\"https:\/\/sdk.mk\/index.php\/dua-te-them\/plackitje-e-shpejte\/\",\"name\":\"PLA\\u00c7KITJE E SHPEJT\\u00cb - \\u0421\\u0430\\u043a\\u0430\\u043c \\u0414\\u0430 \\u041a\\u0430\\u0436\\u0430\\u043c\",\"isPartOf\":{\"@id\":\"https:\/\/sdk.mk\/#website\"},\"datePublished\":\"2023-08-15T07:45:49+00:00\",\"dateModified\":\"2023-08-15T07:45:49+00:00\",\"author\":{\"@id\":\"https:\/\/sdk.mk\/#\/schema\/person\/737021aeacbe893f7e2c347186c5c7a1\"},\"inLanguage\":\"mk-MK\",\"potentialAction\":[{\"@type\":\"ReadAction\",\"target\":[\"https:\/\/sdk.mk\/index.php\/dua-te-them\/plackitje-e-shpejte\/\"]}]},{\"@type\":\"Person\",\"@id\":\"https:\/\/sdk.mk\/#\/schema\/person\/737021aeacbe893f7e2c347186c5c7a1\",\"name\":\"\\u0424\\u0458\\u043e\\u043b\\u0430 \\u0417\\u043b\\u0430\\u0442\\u043a\\u0443\"}]}<\/script>\n<!-- \/ Yoast SEO Premium plugin. -->","_links":{"self":[{"href":"https:\/\/sdk.mk\/index.php\/wp-json\/wp\/v2\/posts\/201864"}],"collection":[{"href":"https:\/\/sdk.mk\/index.php\/wp-json\/wp\/v2\/posts"}],"about":[{"href":"https:\/\/sdk.mk\/index.php\/wp-json\/wp\/v2\/types\/post"}],"author":[{"embeddable":true,"href":"https:\/\/sdk.mk\/index.php\/wp-json\/wp\/v2\/users\/25"}],"replies":[{"embeddable":true,"href":"https:\/\/sdk.mk\/index.php\/wp-json\/wp\/v2\/comments?post=201864"}],"version-history":[{"count":0,"href":"https:\/\/sdk.mk\/index.php\/wp-json\/wp\/v2\/posts\/201864\/revisions"}],"wp:attachment":[{"href":"https:\/\/sdk.mk\/index.php\/wp-json\/wp\/v2\/media?parent=201864"}],"wp:term":[{"taxonomy":"category","embeddable":true,"href":"https:\/\/sdk.mk\/index.php\/wp-json\/wp\/v2\/categories?post=201864"},{"taxonomy":"post_tag","embeddable":true,"href":"https:\/\/sdk.mk\/index.php\/wp-json\/wp\/v2\/tags?post=201864"}],"curies":[{"name":"wp","href":"https:\/\/api.w.org\/{rel}","templated":true}]}}