{"id":20188,"date":"2017-01-03T14:40:40","date_gmt":"2017-01-03T13:40:40","guid":{"rendered":"http:\/\/sdk.mk\/\/?p=20188"},"modified":"2017-01-03T14:40:40","modified_gmt":"2017-01-03T13:40:40","slug":"nje-nepunes-tri-sulme-ne-tru-ka-mbetur-edhe-pa-pushim-mjekesor-edhe-pa-pune","status":"publish","type":"post","link":"https:\/\/sdk.mk\/index.php\/ngrije-zerin-per-avokatin-e-popullit\/nje-nepunes-tri-sulme-ne-tru-ka-mbetur-edhe-pa-pushim-mjekesor-edhe-pa-pune\/","title":{"rendered":"NJ\u00cb N\u00cbPUN\u00cbS ME TRI SULME N\u00cb TRU KA MBETUR EDHE PA PUSHIM MJEK\u00cbSOR EDHE PA PUN\u00cb"},"content":{"rendered":"<div class=\"f52428582a4b906b2d2e2a7d733c7d27\" data-index=\"7\" style=\"float: none; margin:10px 0 10px 0; text-align:center;\">\n<!-- MSP Ads Asynchronous JS Tag - Generated with Revive Adserver v5.4.1 -->\r\n<ins data-revive-zoneid=\"167\" data-revive-id=\"060fdb01f6430ec164d3519234aa4967\"><\/ins>\r\n<script async src=\"\/\/panel.ads.com.mk\/www\/delivery\/asyncjs.php\"><\/script>\n<\/div>\n<p>Nj\u00eb n\u00ebpun\u00ebsi, q\u00eb nuk ka pasur gjasht\u00eb muaj sigurim sh\u00ebndet\u00ebsor t\u00eb pand\u00ebrprer\u00eb, nga dita e par\u00eb e pun\u00ebsimit, Fondi p\u00ebr sh\u00ebndet\u00ebsi nuk do t\u2019ia mbuloj\u00eb pushimin mjek\u00ebsor. Kjo do t\u00eb thot\u00eb q\u00eb, kur t\u00eb pun\u00ebsohet, duhet q\u00eb t\u00eb s\u00ebmuret n\u00eb gjasht\u00eb muajt e ardhsh\u00ebm deri sa t\u00eb ket\u00eb t\u00eb drejt\u00ebn, sipas Ligjit p\u00ebr sigurim sh\u00ebndet\u00ebsor, q\u00eb Fondi t\u2019ia paguaj\u00eb kompenzimin p\u00ebr rrog\u00ebn gjat\u00eb koh\u00ebs q\u00eb nuk shkon n\u00eb pun\u00eb.<\/p>\n<p><span style=\"font-weight: 400;\">P\u00ebr rastet e k\u00ebtilla n\u00eb ligjet ka gropa. N\u00eb asnj\u00eb nga ligjet nuk \u00ebsht\u00eb p\u00ebrcaktuar se cili \u00ebsht\u00eb detyrimi i pun\u00ebdh\u00ebn\u00ebsit n\u00eb lidhje me pages\u00ebn e pushimit mjek\u00ebsor, n\u00ebse ai zgjat m\u00eb tep\u00ebr se 30 dit\u00eb. Kjo nuk \u00ebsht\u00eb e rregulluar askund dhe qytetar\u00ebt e k\u00ebtill\u00eb jan\u00eb l\u00ebn\u00eb literalisht vet\u00ebm p\u00ebr harxhimet e mjekimit. <\/span><\/p>\n<p><span style=\"font-weight: 400;\">Nj\u00eb qytetar me tri sulme n\u00eb tru nga fshati i Shkupit, Morane, ver\u00ebn e kaluar ka dor\u00ebzuar parashtres\u00eb deri te Avokati i popullit, Ixhet Memeti, pasi q\u00eb Fondi p\u00ebr sh\u00ebndet\u00ebsi ka refuzuar t\u2019ia pranoj\u00eb t\u00eb drejt\u00ebn p\u00ebr kompenzim t\u00eb rrog\u00ebs p\u00ebr nd\u00ebrprerje t\u00eb p\u00ebrkohshme pune, p\u00ebr shkak t\u00eb s\u00ebmundjes, p\u00ebr periudh\u00ebn nga 18 shkurt deri m\u00eb 30 prill, 2015, kur ai ka qen\u00eb n\u00eb pushim mjek\u00ebsor, pasi ka pasur sulm n\u00eb tru. N\u00eb momentin kur ka ndodhur sulmi, ai nuk ka pasur sigurim sh\u00ebndet\u00ebsor t\u00eb pand\u00ebrprer\u00eb prej gjasht\u00eb muajsh, sepse te kompania ku \u00ebsht\u00eb pun\u00ebsuar, nuk ka pasur stazh pune prej 6 muajve. \u00cbsht\u00eb s\u00ebmur\u00eb m\u00eb her\u00ebt. <\/span><\/p>\n<p><span style=\"font-weight: 400;\">Fondi ka refuzuar k\u00ebrkes\u00ebn e tij si t\u00eb pabaz\u00eb, sepse ka qen\u00eb i pun\u00ebsuar n\u00eb tre shtator, 2014 dhe deri at\u00ebher\u00eb kur i ndodhi sulmi n\u00eb tru, nuk ka pasur 6 muaj marr\u00ebdh\u00ebnie pune. Sh\u00ebrbimet e Fondit i kan\u00eb shpjeguar Avokatit t\u00eb popullit se n\u00eb rastin konkret, detyrimi q\u00eb t\u00eb paguaj\u00eb pushimin mjek\u00ebsor i ka takuar pun\u00ebdh\u00ebn\u00ebsit. <\/span><\/p>\n<p><span style=\"font-weight: 400;\">Mir\u00ebpo, meqen\u00ebse pun\u00ebdh\u00ebn\u00ebsi, as me Ligjin p\u00ebr sigurim sh\u00ebndet\u00ebsor, as me Ligjin p\u00ebr marr\u00ebdh\u00ebnie pune, nuk \u00ebsht\u00eb i detyruar ta b\u00ebj\u00eb k\u00ebt\u00eb, por vet\u00ebm t\u00eb pun\u00ebsuarit t\u2019i paguaj\u00eb pushim mjek\u00ebsor deri n\u00eb 30 dit\u00eb munges\u00eb nga puna, q\u00eb kur i ka mbaruar ai afat, menj\u00ebher\u00eb e ka pushuar nga puna. K\u00ebshtu, p\u00ebr shkak t\u00eb ligjeve absurde, ka mbetur pa pushim mjek\u00ebsor t\u00eb paguar dhe pa pun\u00eb dhe nga xhepi i tij I \u00ebsht\u00eb dashur ta paguaj\u00eb mjekimin. <\/span><\/p>\n<p><span style=\"font-weight: 400;\">\u201cI siguruari i cili ka dor\u00ebzuar parashtres\u00eb te ne, por edhe t\u00eb siguruarit e tjer\u00eb, q\u00eb nuk i p\u00ebrmbushin kushtet e nenit 15 t\u00eb Ligjit p\u00ebr mbrojtje sh\u00ebndet\u00ebsore p\u00ebr pages\u00ebn e kompenzimit t\u00eb rrog\u00ebs p\u00ebr munges\u00eb nga puna p\u00ebr shkak t\u00eb s\u00ebmundjes, mbeten pa kompenzim dhe ngat\u00ebrrohen n\u00eb labirintet ligjore (as pun\u00ebdh\u00ebn\u00ebsi, as Fondi nuk e paguajn\u00eb kompenzimin), sepse nuk \u00ebsht\u00eb parashikuar zgjidhje p\u00ebr rastet e k\u00ebtilla as me Ligjin p\u00ebr sigurim sh\u00ebndet\u00ebsor, as me Ligjin p\u00ebr marr\u00ebdh\u00ebnie pune, thot\u00eb Vaska Bajramovska-Mustafa, z\u00ebvend\u00ebs Avokat i popullit. <\/span><\/p>\n<p><span style=\"font-weight: 400;\">N\u00eb 30 n\u00ebntor, 2015, Avokati i popullit p\u00ebr k\u00ebt\u00eb rast i \u00ebsht\u00eb drejtuar ministris\u00eb p\u00ebr sh\u00ebndet\u00ebsi dhe Ministris\u00eb p\u00ebr pun\u00eb dhe politik\u00eb sociale. Ka d\u00ebrguar Lajm\u00ebrim me k\u00ebrkes\u00eb t\u00eb mendimit. <\/span><\/p>\n<p><span style=\"font-weight: 400;\">Ministria e sh\u00ebndetsis\u00eb asnj\u00ebher\u00eb nuk ka d\u00ebrguar p\u00ebrgjigje kthyese deri te Avokati i popullit, nd\u00ebrsa Ministria p\u00ebr pun\u00eb dhe politik\u00eb sociale \u00ebsht\u00eb p\u00ebrgjigjur se sipas Ligjit p\u00ebr marr\u00ebdh\u00ebnie pune, nuk \u00ebsht\u00eb kompetente p\u00ebr rastin konkret. <\/span><\/p>\n<p><span style=\"font-weight: 400;\">Ai q\u00eb ka dor\u00ebzuar parashtres\u00ebn, p\u00ebr t\u00eb cilin ka qen\u00eb sulmi i tret\u00eb n\u00eb tru, nuk i ka p\u00ebrmbushur kushtet p\u00ebr pension t\u00eb invalidit dhe ai dhe familja e tij kan\u00eb mbetur literalisht pa t\u00eb ardhura. Ai ka dor\u00ebzuar k\u00ebrkes\u00eb p\u00ebr ndihm\u00eb sociale, por edhe k\u00ebtu nuk ka pasur probleme, sepse nuk e ka p\u00ebrmbushur kushtin q\u00eb t\u00eb mos ket\u00eb pasur asnj\u00eb lloj t\u00eb ardhure paraprakisht p\u00ebr tre muaj. Meq\u00eb ka punuar disa muaj te kompania e cila e ka pushuar kur ka pasur sulmin e tret\u00eb n\u00eb tru, \u00a0ai i s\u00ebmur\u00eb, e shoqja e papun\u00eb, f\u00ebmij\u00ebt t\u00eb mitur, kan\u00eb ngelur n\u00eb sht\u00ebpi pa asnj\u00eb denar. <\/span><\/p>\n<p><span style=\"font-weight: 400;\">Avokati i popullit nuk ka hequr dor\u00eb nga rasti. Ai thekson q\u00eb ky problem ndikon nj\u00eb kategori m\u00eb t\u00eb madhe t\u00eb qytetar\u00ebve. <\/span><span style=\"font-weight: 400;\"><br \/>\n<\/span><span style=\"font-weight: 400;\">N\u00eb 14 qershor t\u00eb k\u00ebtij viti, Ombudsmani, ka d\u00ebrzuar Iniciativ\u00eb p\u00ebr ndryshim dhe plot\u00ebsim t\u00eb ligjit p\u00ebr sigurim sh\u00ebndet\u00ebsor dhe ligjin p\u00ebr marr\u00ebdh\u00ebnie pune, deri te propozuesi i autorizuar i ligjeve \u2013 Qeveria. <\/span><\/p>\n<p>&nbsp;<\/p>\n<p><span style=\"font-weight: 400;\">\u201cAvokati i popullit ka v\u00ebrtetuar q\u00eb n\u00eb procedur\u00ebn p\u00ebr realizimin e kompenzimit t\u00eb rrog\u00ebs, n\u00eb rastet e pamund\u00ebsis\u00eb p\u00ebr t\u00eb punuar p\u00ebr shkak t\u00eb l\u00ebndimit apo s\u00ebmundjes dhe munges\u00ebs nga puna mbi 30 dit\u00eb, zgjidhjet e vazhdueshme normative shkaktojn\u00eb probleme dhe pasiguri ligjore, sepse nuk mbahet llogari p\u00ebr gjendjen faktike t\u00eb qytetar\u00ebve, t\u00eb cil\u00ebt e p\u00ebrdorin k\u00ebt\u00eb pushim mjek\u00ebsor, por n\u00eb praktik\u00eb nuk mund ta realizojn\u00eb t\u00eb drejt\u00ebn e kompenzimit t\u00eb rrog\u00ebs, gj\u00eb me t\u00eb cil\u00ebn cenohen\u201d, i shkruan Ombudsmani Qeveris\u00eb, duke arsyetuar se si d\u00ebmtohen t\u00eb siguruarit e k\u00ebtill\u00eb, nd\u00ebrsa pun\u00ebdh\u00ebn\u00ebsit dhe Fondi p\u00ebr sh\u00ebndet\u00ebsi me ligjet ekzistuese jan\u00eb t\u00eb mbrojtur. <\/span><\/p>\n<p><span style=\"font-weight: 400;\">Avokati i popullit tregon se ka pabarazi t\u00eb qytetar\u00ebve me k\u00ebt\u00eb gjendje t\u00eb parregulluar ligjore, me shkeljen e parimeve kushtetuese t\u00eb s\u00eb drejt\u00ebs dhe ligjshm\u00ebris\u00eb, sigurimit t\u00eb s\u00eb drejt\u00ebs sociale, humanizmit, solidaritetit dhe mbrojtjes s\u00eb garantuar t\u00eb qytetar\u00ebve para kushtetut\u00ebs. K\u00ebrkon q\u00eb k\u00ebto situata t\u00eb rregullohen me ligj. <\/span><\/p>\n<p><span style=\"font-weight: 400;\">Iniciativ\u00ebn p\u00ebr ndryshime ligjore ai e ka dor\u00ebzuar edhe deri te Ministria p\u00ebr financa,p\u00ebr sh\u00ebndet\u00ebsi dhe p\u00ebr pun\u00eb dhe politik\u00eb sociale. Mir\u00ebpo, ministria e financave ka d\u00ebrguar p\u00ebgjigje q\u00eb do t\u00eb shfaq mendimin e saj kur Avokati i popullit t\u00eb dor\u00ebzoj\u00eb propozim konkret p\u00ebr ndryshim t\u00eb ligjit dhe llogaritje t\u00eb implikacioneve financiare. <\/span><\/p>\n<p><span style=\"font-weight: 400;\"> \u201cAs nuk jemi propozues t\u00eb autorizuar t\u00eb ligjeve, as nuk jemi ne ata q\u00eb munden dhe t\u00eb cil\u00ebt duhet t\u00eb llogarsin implikacionet financiare nga ndryshimet ligjore n\u00ebse shteti do t\u2019i b\u00ebnte pushimet mjek\u00ebsore edhe p\u00ebr kategorin\u00eb e t\u00eb siguruarve q\u00eb jan\u00eb s\u00ebmur\u00eb para se t\u00eb mbushin 6 muaj pun\u00eb\u201d shpjegon Bajramovska-Mustafa, e habitur nga p\u00ebrgjigja e k\u00ebtill\u00eb nga Ministria e financave. <\/span><\/p>\n<p><span style=\"font-weight: 400;\">N\u00eb m\u00ebnyr\u00eb pak m\u00eb t\u00eb k\u00ebndshme, Avokati i popullit \u00ebsht\u00eb refuzuar nga Ministria p\u00ebr pun\u00eb dhe politik\u00eb sociale, e cila i \u00ebsht\u00eb p\u00ebrgjigjur se iniciativa ka qen\u00eb e rishikuar me nj\u00eb v\u00ebmendje t\u00eb vazhdueshme dhe q\u00eb do t\u00eb merret parasysh n\u00eb ndonj\u00ebr\u00ebn nga ndryshimet e ardhshme dhe plot\u00ebsimet e ligjit p\u00ebr marr\u00ebdh\u00ebnie pune. <\/span><\/p>\n<p>&nbsp;<\/p>\n<p><span style=\"font-weight: 400;\">Nga Ministria e sh\u00ebndet\u00ebsis\u00eb nuk ka p\u00ebrgjigje kthyese, as pas Iniciativ\u00ebs s\u00eb Avokatit t\u00eb popullit p\u00ebr ndryshim t\u00eb ligjit p\u00ebr sigurim sh\u00ebndet\u00ebsor. <\/span><\/p>\n<p><span style=\"font-weight: 400;\">P\u00ebr shkak t\u00eb mosbashk\u00ebpunimit t\u00eb institucioneve, Avokati i popullit e ka p\u00ebrfunduar procedur\u00ebn e k\u00ebsaj parashtrese. <\/span><\/p>\n<p><span style=\"font-weight: 400;\">Ai q\u00eb ka dor\u00ebzuar parashtres\u00ebn, pasi q\u00eb ka mbushur tre muaj pas asnj\u00eblloj t\u00eb ardhure n\u00eb familje, e ka p\u00ebrmbushur kushtin p\u00ebr rast social dhe p\u00ebr pranimin e ndihm\u00ebs sociale. S\u00ebmundja asnj\u00ebher\u00eb nuk i \u00ebsht\u00eb paguar, ka mbetur i bllokuar n\u00eb labirintet ligjore me tri sulme n\u00eb tru, ai dhe familja tani jetojn\u00eb me ndihm\u00eb sociale t\u00eb cil\u00ebn mezi e kan\u00eb fituar. <\/span><\/p>\n<p><span style=\"font-weight: 400;\">P\u00ebrktheu: Fjolla Zllatku <\/span><\/p>\n<p>&nbsp;<\/p>\n\n<div style=\"font-size: 0px; height: 0px; line-height: 0px; margin: 0; padding: 0; clear: both;\"><\/div>","protected":false},"excerpt":{"rendered":"<p>Nj\u00eb n\u00ebpun\u00ebsi, q\u00eb nuk ka pasur gjasht\u00eb muaj sigurim sh\u00ebndet\u00ebsor t\u00eb pand\u00ebrprer\u00eb, nga dita e par\u00eb e pun\u00ebsimit, Fondi p\u00ebr [&hellip;]<\/p>\n","protected":false},"author":9,"featured_media":19432,"comment_status":"closed","ping_status":"closed","sticky":false,"template":"","format":"standard","meta":{"_mo_disable_npp":"","inline_featured_image":false},"categories":[3085,3083],"tags":[],"imageURL":"https:\/\/sdk.mk\/wp-content\/uploads\/2016\/12\/nikola-todorov-239032903290-650x406.jpg","thumbURL":"https:\/\/sdk.mk\/wp-content\/uploads\/2016\/12\/nikola-todorov-239032903290-250x156.jpg","categoryNames":["Histori t\u00eb parr\u00ebfyera","Ngrije z\u00ebrin p\u00ebr Avokatin e Popullit"],"feature_caption":"","subtitle":"a:3:{s:16:\"td_post_template\";s:23:\"single_template_british\";s:11:\"td_subtitle\";s:334:\"Ministriaesh\u00ebndet\u00ebsis\u00ebnukp\u00ebrgjegjetp\u00ebrIniciativ\u00ebneAvokatitt\u00ebpopullitn\u00eblidhjemendryshimineLigjitp\u00ebrsigurimsh\u00ebndet\u00ebsor,pasparashtres\u00ebss\u00ebn\u00ebpun\u00ebsitt\u00ebcenuar,icilimetrisulmen\u00ebtru,kambeturedhepapushimmjek\u00ebsoredhepapun\u00eb,sepse\u00ebsht\u00ebs\u00ebmur\u00ebparaset\u00ebmbush\u00eb6muajstazhpune.\";s:9:\"td_source\";s:45:\"\u0421\u043a\u043e\u043f\u0458\u0435,(\u0421\u0410\u041a\u0410\u041c\u0414\u0410\u041a\u0410\u0416\u0410\u041c.\u041c\u041a)","views":"2947","source":"","yoast_head":"<!-- This site is optimized with the Yoast SEO Premium plugin v15.0 - https:\/\/yoast.com\/wordpress\/plugins\/seo\/ -->\n<title>NJ\u00cb N\u00cbPUN\u00cbS ME TRI SULME N\u00cb TRU KA MBETUR EDHE PA PUSHIM MJEK\u00cbSOR EDHE PA PUN\u00cb - \u0421\u0430\u043a\u0430\u043c \u0414\u0430 \u041a\u0430\u0436\u0430\u043c<\/title>\n<meta name=\"robots\" content=\"index, follow, max-snippet:-1, max-image-preview:large, max-video-preview:-1\" \/>\n<link rel=\"canonical\" href=\"https:\/\/sdk.mk\/index.php\/ngrije-zerin-per-avokatin-e-popullit\/nje-nepunes-tri-sulme-ne-tru-ka-mbetur-edhe-pa-pushim-mjekesor-edhe-pa-pune\/\" \/>\n<meta property=\"og:locale\" content=\"mk_MK\" \/>\n<meta property=\"og:type\" content=\"article\" \/>\n<meta property=\"og:title\" content=\"NJ\u00cb N\u00cbPUN\u00cbS ME TRI SULME N\u00cb TRU KA MBETUR EDHE PA PUSHIM MJEK\u00cbSOR EDHE PA PUN\u00cb - \u0421\u0430\u043a\u0430\u043c \u0414\u0430 \u041a\u0430\u0436\u0430\u043c\" \/>\n<meta property=\"og:description\" content=\"Nj\u00eb n\u00ebpun\u00ebsi, q\u00eb nuk ka pasur gjasht\u00eb muaj sigurim sh\u00ebndet\u00ebsor t\u00eb pand\u00ebrprer\u00eb, nga dita e par\u00eb e pun\u00ebsimit, Fondi p\u00ebr [&hellip;]\" \/>\n<meta property=\"og:url\" content=\"https:\/\/sdk.mk\/index.php\/ngrije-zerin-per-avokatin-e-popullit\/nje-nepunes-tri-sulme-ne-tru-ka-mbetur-edhe-pa-pushim-mjekesor-edhe-pa-pune\/\" \/>\n<meta property=\"og:site_name\" content=\"\u0421\u0430\u043a\u0430\u043c \u0414\u0430 \u041a\u0430\u0436\u0430\u043c\" \/>\n<meta property=\"article:published_time\" content=\"2017-01-03T13:40:40+00:00\" \/>\n<meta property=\"og:image\" content=\"https:\/\/sdk.mk\/wp-content\/uploads\/2016\/12\/nikola-todorov-239032903290.jpg\" \/>\n\t<meta property=\"og:image:width\" content=\"700\" \/>\n\t<meta property=\"og:image:height\" content=\"437\" \/>\n<meta property=\"fb:app_id\" content=\"2407985809428537\" \/>\n<meta name=\"twitter:card\" content=\"summary\" \/>\n<script type=\"application\/ld+json\" class=\"yoast-schema-graph\">{\"@context\":\"https:\/\/schema.org\",\"@graph\":[{\"@type\":\"WebSite\",\"@id\":\"https:\/\/sdk.mk\/#website\",\"url\":\"https:\/\/sdk.mk\/\",\"name\":\"\\u0421\\u0430\\u043a\\u0430\\u043c \\u0414\\u0430 \\u041a\\u0430\\u0436\\u0430\\u043c\",\"description\":\"\\u0417\\u0430 \\u0441\\u043b\\u043e\\u0431\\u043e\\u0434\\u043e\\u0443\\u043c\\u043d\\u0438\",\"potentialAction\":[{\"@type\":\"SearchAction\",\"target\":\"https:\/\/sdk.mk\/?s={search_term_string}\",\"query-input\":\"required name=search_term_string\"}],\"inLanguage\":\"mk-MK\"},{\"@type\":\"ImageObject\",\"@id\":\"https:\/\/sdk.mk\/index.php\/ngrije-zerin-per-avokatin-e-popullit\/nje-nepunes-tri-sulme-ne-tru-ka-mbetur-edhe-pa-pushim-mjekesor-edhe-pa-pune\/#primaryimage\",\"inLanguage\":\"mk-MK\",\"url\":\"https:\/\/sdk.mk\/wp-content\/uploads\/2016\/12\/nikola-todorov-239032903290.jpg\",\"width\":700,\"height\":437,\"caption\":\"\\u041c\\u0438\\u043d\\u0438\\u0441\\u0442\\u0435\\u0440\\u0441\\u0442\\u0432\\u043e\\u0442\\u043e \\u0437\\u0430 \\u0437\\u0434\\u0440\\u0430\\u0432\\u0441\\u0442\\u0432\\u043e \\u0433\\u043e \\u0438\\u0433\\u043d\\u043e\\u0440\\u0438\\u0440\\u0430 \\u041d\\u0430\\u0440\\u043e\\u0434\\u043d\\u0438\\u043e\\u0442 \\u043f\\u0440\\u0430\\u0432\\u043e\\u0431\\u0440\\u0430\\u043d\\u0438\\u0442\\u0435\\u043b, - \\u043c\\u0438\\u043d\\u0438\\u0441\\u0442\\u0435\\u0440\\u043e\\u0442 \\u041d\\u0438\\u043a\\u043e\\u043b\\u0430 \\u0422\\u043e\\u0434\\u043e\\u0440\\u043e\\u0432 \\u0438 \\u0434\\u0438\\u0440\\u0435\\u043a\\u0442\\u043e\\u0440\\u043e\\u0442 \\u043d\\u0430 \\u0424\\u043e\\u043d\\u0434\\u043e\\u0442 \\u0437\\u0430 \\u0437\\u0434\\u0440\\u0430\\u0432\\u0441\\u0442\\u0432\\u043e \\u0421\\u0430\\u0448\\u043e \\u0421\\u0442\\u0435\\u0444\\u0430\\u043d\\u043e\\u0432\\u0441\\u043a\\u0438. (\\u0424\\u043e\\u0442\\u043e: \\u041c\\u0418\\u0410)\"},{\"@type\":\"WebPage\",\"@id\":\"https:\/\/sdk.mk\/index.php\/ngrije-zerin-per-avokatin-e-popullit\/nje-nepunes-tri-sulme-ne-tru-ka-mbetur-edhe-pa-pushim-mjekesor-edhe-pa-pune\/#webpage\",\"url\":\"https:\/\/sdk.mk\/index.php\/ngrije-zerin-per-avokatin-e-popullit\/nje-nepunes-tri-sulme-ne-tru-ka-mbetur-edhe-pa-pushim-mjekesor-edhe-pa-pune\/\",\"name\":\"NJ\\u00cb N\\u00cbPUN\\u00cbS ME TRI SULME N\\u00cb TRU KA MBETUR EDHE PA PUSHIM MJEK\\u00cbSOR EDHE PA PUN\\u00cb - \\u0421\\u0430\\u043a\\u0430\\u043c \\u0414\\u0430 \\u041a\\u0430\\u0436\\u0430\\u043c\",\"isPartOf\":{\"@id\":\"https:\/\/sdk.mk\/#website\"},\"primaryImageOfPage\":{\"@id\":\"https:\/\/sdk.mk\/index.php\/ngrije-zerin-per-avokatin-e-popullit\/nje-nepunes-tri-sulme-ne-tru-ka-mbetur-edhe-pa-pushim-mjekesor-edhe-pa-pune\/#primaryimage\"},\"datePublished\":\"2017-01-03T13:40:40+00:00\",\"dateModified\":\"2017-01-03T13:40:40+00:00\",\"author\":{\"@id\":\"https:\/\/sdk.mk\/#\/schema\/person\/3e8217f71bc38bd7c592f30c69e10e5a\"},\"inLanguage\":\"mk-MK\",\"potentialAction\":[{\"@type\":\"ReadAction\",\"target\":[\"https:\/\/sdk.mk\/index.php\/ngrije-zerin-per-avokatin-e-popullit\/nje-nepunes-tri-sulme-ne-tru-ka-mbetur-edhe-pa-pushim-mjekesor-edhe-pa-pune\/\"]}]},{\"@type\":\"Person\",\"@id\":\"https:\/\/sdk.mk\/#\/schema\/person\/3e8217f71bc38bd7c592f30c69e10e5a\",\"name\":\"\\u041c\\u0438\\u0440\\u043e\\u0441\\u043b\\u0430\\u0432 \\u0418\\u043b\\u0438\\u043e\\u0441\\u043a\\u0438\"}]}<\/script>\n<!-- \/ Yoast SEO Premium plugin. -->","_links":{"self":[{"href":"https:\/\/sdk.mk\/index.php\/wp-json\/wp\/v2\/posts\/20188"}],"collection":[{"href":"https:\/\/sdk.mk\/index.php\/wp-json\/wp\/v2\/posts"}],"about":[{"href":"https:\/\/sdk.mk\/index.php\/wp-json\/wp\/v2\/types\/post"}],"author":[{"embeddable":true,"href":"https:\/\/sdk.mk\/index.php\/wp-json\/wp\/v2\/users\/9"}],"replies":[{"embeddable":true,"href":"https:\/\/sdk.mk\/index.php\/wp-json\/wp\/v2\/comments?post=20188"}],"version-history":[{"count":0,"href":"https:\/\/sdk.mk\/index.php\/wp-json\/wp\/v2\/posts\/20188\/revisions"}],"wp:featuredmedia":[{"embeddable":true,"href":"https:\/\/sdk.mk\/index.php\/wp-json\/wp\/v2\/media\/19432"}],"wp:attachment":[{"href":"https:\/\/sdk.mk\/index.php\/wp-json\/wp\/v2\/media?parent=20188"}],"wp:term":[{"taxonomy":"category","embeddable":true,"href":"https:\/\/sdk.mk\/index.php\/wp-json\/wp\/v2\/categories?post=20188"},{"taxonomy":"post_tag","embeddable":true,"href":"https:\/\/sdk.mk\/index.php\/wp-json\/wp\/v2\/tags?post=20188"}],"curies":[{"name":"wp","href":"https:\/\/api.w.org\/{rel}","templated":true}]}}