{"id":202163,"date":"2023-08-21T10:51:44","date_gmt":"2023-08-21T08:51:44","guid":{"rendered":"https:\/\/sdk.mk\/?p=202163"},"modified":"2023-08-21T10:51:44","modified_gmt":"2023-08-21T08:51:44","slug":"dergoni-inspeksione-ne-shoqerite-financiare-per-kredi-te-shpejta-kerkon-avokati-i-popullit-nga-ministria-e-financave-e-cila-hiqet-si-jokompetente","status":"publish","type":"post","link":"https:\/\/sdk.mk\/index.php\/histori-te-parrefyera\/dergoni-inspeksione-ne-shoqerite-financiare-per-kredi-te-shpejta-kerkon-avokati-i-popullit-nga-ministria-e-financave-e-cila-hiqet-si-jokompetente\/","title":{"rendered":"D\u00cbRGONI INSPEKSIONE N\u00cb SHOQ\u00cbRIT\u00cb FINANCIARE P\u00cbR KREDI T\u00cb SHPEJTA, K\u00cbRKON AVOKATI I POPULLIT NGA MINISTRIA E FINANCAVE, E CILA HIQET SI JOKOMPETENTE"},"content":{"rendered":"<div class=\"f52428582a4b906b2d2e2a7d733c7d27\" data-index=\"7\" style=\"float: none; margin:10px 0 10px 0; text-align:center;\">\n<!-- MSP Ads Asynchronous JS Tag - Generated with Revive Adserver v5.4.1 -->\r\n<ins data-revive-zoneid=\"167\" data-revive-id=\"060fdb01f6430ec164d3519234aa4967\"><\/ins>\r\n<script async src=\"\/\/panel.ads.com.mk\/www\/delivery\/asyncjs.php\"><\/script>\n<\/div>\n<p>I pak\u00ebnaqur me p\u00ebrgjigjen e Ministris\u00eb s\u00eb Financave, e cila \u00ebsht\u00eb hequr si jokompetente p\u00ebr kontrollin e shoq\u00ebrive financiare q\u00eb u japin kredi t\u00eb shpejta mashtruesve me t\u00eb dh\u00ebna personale t\u00eb vjedhura, Avokati i Popullit i ktheu p\u00ebrgjigje t\u00eb prer\u00eb. I tregon asaj se cilat jan\u00eb kompetencat e veta dhe si duhet t\u00eb ushtroj\u00eb kontroll mbi k\u00ebto kompani, t\u00eb cilave u lejohet t\u00eb japin kredi t\u00eb shpejta dhe vet\u00ebm me nj\u00eb telefonat\u00eb.<\/p>\n<ul>\n<li><a href=\"https:\/\/sdk.mk\/index.php\/neraskazhani-prikazni\/podigaat-brzi-krediti-na-ime-na-litse-so-poprechenost-od-chija-lichna-karta-gi-ukrale-podatotsite-negovite-roditelite-beskonechno-se-zadolzhuvaat-da-gi-vrakaat-i-ja-molat-drzhavata-da-gi-najde-izmamni\/\"><em>\u00a0<strong>MARRIN KREDI T\u00cb SHPEJTA N\u00cb EM\u00cbR T\u00cb NJ\u00cb PERSONI ME AFT\u00cbSI T\u00cb KUFIZUARA NGA LET\u00cbRNJOFTIMI I T\u00cb CILIT I KAN\u00cb VJEDHUR T\u00cb DH\u00cbNAT, PRIND\u00cbRIT E TIJ DETYROHEN T&#8217;I KTHEJN\u00cb ATO DHE I LUTEN SHTETIT QE T&#8217;I GJEJ\u00cb MASHTRUESIT<\/strong> <\/em>\u00a0<\/a><\/li>\n<\/ul>\n<p>Arsyeja \u00ebsht\u00eb ankesa e nj\u00eb gruaje nga Shkupi, e cila ankohet se disa kompani financiare n\u00ebn kontrollin e Ministris\u00eb s\u00eb Financave vazhdimisht l\u00ebshojn\u00eb kredi n\u00eb em\u00ebr t\u00eb djalit t\u00eb saj t\u00eb manipuluar me paraliz\u00eb cerebrale, duke vjedhur emrin dhe numrin e identifikimit nga let\u00ebrnjoftimi i tij.\u00a0 Tre kredite q\u00eb kan\u00eb marr\u00eb mashtruesit, tashm\u00eb jan\u00eb kthyer nga ana e saj dhe e t\u00eb shoqit, nd\u00ebrsa p\u00ebr t\u00eb kat\u00ebrtin nuk kan\u00eb m\u00eb para.<\/p>\n<p>Interesi p\u00ebr kredin\u00eb e fundit t\u00eb shpejt\u00eb prej 36,000 denar\u00ebsh \u00ebsht\u00eb rritur, gruaja i b\u00ebn thirrje shtetit t\u00eb marr\u00eb masa p\u00ebr t\u00eb ndaluar k\u00ebto kompani financiare s\u00eb l\u00ebshuari kredi n\u00eb em\u00ebr t\u00eb djalit t\u00eb saj, dhe Ministris\u00eb s\u00eb Brendshme p\u00ebr t\u00eb gjetur autor\u00ebt dhe p\u00ebr t\u00eb kthyer gjith\u00e7ka q\u00eb kan\u00eb marr\u00eb n\u00eb em\u00ebr t\u00eb t\u00eb s\u00ebmurit r\u00ebnd\u00eb. Ajo iu drejtua individualisht t\u00eb gjitha shoq\u00ebrive financiare n\u00eb vend, q\u00eb jo vet\u00ebm u japin kredi mashtruesve n\u00eb em\u00ebr t\u00eb djalit t\u00eb saj, por edhe se let\u00ebrnjoftimi n\u00eb t\u00eb cil\u00ebn ata e l\u00ebshojn\u00eb at\u00eb \u00ebsht\u00eb i vjedhur, por i zhvler\u00ebsuar dhe anuluar.\u00a0 Ajo gjithashtu i siguroi t\u00eb gjith\u00ebve prova p\u00ebrmes avokatit t\u00eb saj, si dhe nj\u00eb njoftim n\u00eb Gazet\u00ebn Zyrtare se ai let\u00ebrnjoftim ishte i pavlefsh\u00ebm, por m\u00eb kot.<\/p>\n<ul>\n<li><a href=\"https:\/\/sdk.mk\/index.php\/neraskazhani-prikazni\/zemaneto-brzi-krediti-so-ukradeni-lichni-podatotsi-e-problem-na-politsijata-a-ne-nash-velat-od-ministerstvoto-za-finansii-koe-gi-kontrolira-firmite-za-brzi-pari\/\"><em>\u00a0<strong>MARRJA E KREDIVE T\u00cb SHPEJTA ME T\u00cb DH\u00cbNA PERSONALE T\u00cb VJEDHURA \u00cbSHT\u00cb PROBLEM I POLICIS\u00cb, JO I YNI, THON\u00cb NGA MINISTRIA E FINANCAVE, E CILA KONTROLLON KOMPANIT\u00cb E PARAVE T\u00cb SHPEJTA<\/strong> <\/em>\u00a0<\/a><\/li>\n<\/ul>\n<p>Avokati i Popullit Naser Ziberi n\u00eb letr\u00ebn kthyese i k\u00ebrkon Ministris\u00eb s\u00eb Financave t\u00eb mos fshihet pas Ministris\u00eb s\u00eb Brendshme dhe t\u00eb mos i p\u00ebrziej\u00eb kompetencat.<\/p>\n<p>\u201cT\u00eb kryeni mbik\u00ebqyrje inspektuese dhe t\u00eb v\u00ebrtetoni situat\u00ebn faktike &#8211; n\u00ebse jan\u00eb respektuar ose jo dispozitat e Ligjit p\u00ebr Shoq\u00ebrit\u00eb Financiare dhe Ligjit p\u00ebr Mbrojtjen e Konsumatorit gjat\u00eb dh\u00ebnies s\u00eb kredive t\u00eb shpejta nga shoq\u00ebrit\u00eb financiare specifike, gjat\u00eb lidhjes s\u00eb marr\u00ebveshjeve p\u00ebr kredi t\u00eb tilla! P\u00ebr t\u00eb kontrolluar se kur dhe n\u00eb \u00e7far\u00eb m\u00ebnyre jan\u00eb l\u00ebshuar kredit\u00eb individuale, pastaj n\u00ebse, kur dhe nga cili person si p\u00ebrfitues i kredis\u00eb jan\u00eb n\u00ebnshkruar, si \u00ebsht\u00eb kryer pagesa e tyre, n\u00eb \u00e7far\u00eb m\u00ebnyre dhe me shpenzimet e kujt, n\u00ebse m\u00ebnyra e pages\u00ebs \u00ebsht\u00eb n\u00eb p\u00ebrputhje me rregulloret pozitive ligjore dhe p\u00ebrfundimisht \u2013 pse jan\u00eb l\u00ebshuar kredi n\u00eb k\u00ebt\u00eb rast kur t\u00eb gjitha kompanit\u00eb financiare nga avokati i paraqit\u00ebsit t\u00eb ankes\u00ebs jan\u00eb informuar n\u00eb m\u00ebnyr\u00eb adekuate p\u00ebr t\u00eb ndaluar l\u00ebshimin e kredive me let\u00ebrnjoftim t\u00eb pavlefsh\u00ebm!\u201d, shkruan Avokati i Popullit Ministris\u00eb s\u00eb Financave, udh\u00ebhequr nga ministri Fatmir Besimi.<\/p>\n<p>Korrespondenca i tregon Ministris\u00eb se \u00ebsht\u00eb organi i vet\u00ebm kompetent p\u00ebr t\u00eb hetuar operacionet e kompanive financiare, t\u00eb nj\u00ebjt\u00ebn gj\u00eb q\u00eb zyra e guvernatores s\u00eb Bank\u00ebs Popullore Anita Angelovska Bezhoska i tha SAKAMDAKAZAM.MK.<\/p>\n<p>\u201cShqyrtoni pun\u00ebn e shoq\u00ebrive financiare dhe merrni masa. Nuk \u00ebsht\u00eb nj\u00eb p\u00ebrgjigje ajo q\u00eb ju thoni se ndjekja penale ka qen\u00eb \u00e7\u00ebshtje e policis\u00eb, p\u00ebr t\u00eb cil\u00ebn Avokati i Popullit i \u00ebsht\u00eb drejtuar Ministris\u00eb s\u00eb Brendshme me nj\u00eb shkres\u00eb t\u00eb posa\u00e7me \u201d, shkruan Avokati i Popullit.<\/p>\n<p>Duke i shkruar Ministris\u00eb s\u00eb Brendshme, ai k\u00ebrkon informacion n\u00eb lidhje me hetimin dhe p\u00ebr at\u00eb se kur do t\u00eb gjejn\u00eb mashtruesit q\u00eb marrin kredi t\u00eb shpejta n\u00eb em\u00ebr t\u00eb personit me paraliz\u00eb cerebrale. Ende nuk ka p\u00ebrgjigje, autor\u00ebt nuk jan\u00eb zbuluar. As Ministria e Brendshme nuk e respekton Avokatin e Popullit.<\/p>\n<p>P\u00ebr masat e marra, Ministria e Financave duhet t\u00eb njoftoj\u00eb Avokatin e Popullit brenda tet\u00eb dit\u00ebve.<\/p>\n<p>\u201cP\u00ebrndryshe, p\u00ebr shkak t\u00eb pengimit t\u00eb pun\u00ebs s\u00eb Avokatit t\u00eb Popullit dhe pamund\u00ebsimit t\u00eb ushtrimit t\u00eb t\u00eb drejtave t\u00eb k\u00ebrkueses, p\u00ebrkat\u00ebsisht djalit t\u00eb saj t\u00eb s\u00ebmur\u00eb, Avokati i Popullit do t\u00eb nd\u00ebrmarr\u00eb veprime n\u00eb p\u00ebrputhje me nenet 25, 34 dhe 34-a t\u00eb Ligjit p\u00ebr Avokatin e Popullit\u201d, thot\u00eb Avokati i Popullit.<\/p>\n<p>N\u00eb p\u00ebrgjigjen e d\u00ebrguar ku Ministria e Financave thot\u00eb se ajo nuk \u00ebsht\u00eb p\u00ebrgjegj\u00ebse p\u00ebr rastin, por \u00ebsht\u00eb Ministria e Brendshme, Avokati i Popullit e konsideron at\u00eb vet\u00ebm si nj\u00eb justifikim formal p\u00ebr t\u00eb mos vepruar dhe p\u00ebr t\u00eb mos marr\u00eb asnj\u00eb mas\u00eb.<\/p>\n<p>N\u00eb shkres\u00ebn kthyese drejtuar Ministris\u00eb s\u00eb Financave me titull \u201cK\u00ebrkes\u00eb p\u00ebr kryerje t\u00eb mbikqyrjes inspektuese&#8221;, Avokati i Popullit i kujton k\u00ebtij organi se \u00ebsht\u00eb i detyruar t\u00eb bashk\u00ebpunoj\u00eb dhe t\u00eb paraqes\u00eb t\u00eb gjitha provat dhe informacionet dhe ta informoj\u00eb p\u00ebr masat e marra n\u00eb zbatim t\u00eb k\u00ebrkesave t\u00eb tij.<\/p>\n<p>&nbsp;<\/p>\n<p><em>\u00a0<strong>S.K. DELEVSKA<\/strong><\/em><\/p>\n<p>&nbsp;<\/p>\n\n<div style=\"font-size: 0px; height: 0px; line-height: 0px; margin: 0; padding: 0; clear: both;\"><\/div>","protected":false},"excerpt":{"rendered":"<p>I pak\u00ebnaqur me p\u00ebrgjigjen e Ministris\u00eb s\u00eb Financave, e cila \u00ebsht\u00eb hequr si jokompetente p\u00ebr kontrollin e shoq\u00ebrive financiare q\u00eb [&hellip;]<\/p>\n","protected":false},"author":25,"featured_media":197872,"comment_status":"closed","ping_status":"closed","sticky":false,"template":"","format":"standard","meta":{"_mo_disable_npp":"no","inline_featured_image":false},"categories":[3085,3087],"tags":[],"imageURL":"https:\/\/sdk.mk\/wp-content\/uploads\/2023\/06\/naser-ziberi1-650x367.jpg","thumbURL":"https:\/\/sdk.mk\/wp-content\/uploads\/2023\/06\/naser-ziberi1-250x141.jpg","categoryNames":["Histori t\u00eb parr\u00ebfyera","Maqedonia"],"feature_caption":" T\u00eb kontrolloni se kur dhe n\u00eb \u00e7far\u00eb m\u00ebnyre jan\u00eb l\u00ebshuar kredit\u00eb individuale t\u00eb personit me aft\u00ebsi t\u00eb kufizuara, t\u00eb cilit i jan\u00eb vjedhur t\u00eb dh\u00ebnat personale, pastaj n\u00ebse, kur dhe nga cili person si p\u00ebrfitues i kredis\u00eb jan\u00eb n\u00ebnshkruar, si \u00ebsht\u00eb kryer pagesa e tyre, n\u00eb \u00e7far\u00eb m\u00ebnyre dhe me shpenzimet e kujt, k\u00ebrkon Avokati i Popullit Naser Ziberi.   (Foto: SDK.MK)","subtitle":"","views":"34","source":"Shkup, (SAKAMDAKAZAM.MK) ","yoast_head":"<!-- This site is optimized with the Yoast SEO Premium plugin v15.0 - https:\/\/yoast.com\/wordpress\/plugins\/seo\/ -->\n<title>D\u00cbRGONI INSPEKSIONE N\u00cb SHOQ\u00cbRIT\u00cb FINANCIARE P\u00cbR KREDI T\u00cb SHPEJTA, K\u00cbRKON AVOKATI I POPULLIT NGA MINISTRIA E FINANCAVE, E CILA HIQET SI JOKOMPETENTE - \u0421\u0430\u043a\u0430\u043c \u0414\u0430 \u041a\u0430\u0436\u0430\u043c<\/title>\n<meta name=\"robots\" content=\"index, follow, max-snippet:-1, max-image-preview:large, max-video-preview:-1\" \/>\n<link rel=\"canonical\" href=\"https:\/\/sdk.mk\/index.php\/histori-te-parrefyera\/dergoni-inspeksione-ne-shoqerite-financiare-per-kredi-te-shpejta-kerkon-avokati-i-popullit-nga-ministria-e-financave-e-cila-hiqet-si-jokompetente\/\" \/>\n<meta property=\"og:locale\" content=\"mk_MK\" \/>\n<meta property=\"og:type\" content=\"article\" \/>\n<meta property=\"og:title\" content=\"D\u00cbRGONI INSPEKSIONE N\u00cb SHOQ\u00cbRIT\u00cb FINANCIARE P\u00cbR KREDI T\u00cb SHPEJTA, K\u00cbRKON AVOKATI I POPULLIT NGA MINISTRIA E FINANCAVE, E CILA HIQET SI JOKOMPETENTE - \u0421\u0430\u043a\u0430\u043c \u0414\u0430 \u041a\u0430\u0436\u0430\u043c\" \/>\n<meta property=\"og:description\" content=\"I pak\u00ebnaqur me p\u00ebrgjigjen e Ministris\u00eb s\u00eb Financave, e cila \u00ebsht\u00eb hequr si jokompetente p\u00ebr kontrollin e shoq\u00ebrive financiare q\u00eb [&hellip;]\" \/>\n<meta property=\"og:url\" content=\"https:\/\/sdk.mk\/index.php\/histori-te-parrefyera\/dergoni-inspeksione-ne-shoqerite-financiare-per-kredi-te-shpejta-kerkon-avokati-i-popullit-nga-ministria-e-financave-e-cila-hiqet-si-jokompetente\/\" \/>\n<meta property=\"og:site_name\" content=\"\u0421\u0430\u043a\u0430\u043c \u0414\u0430 \u041a\u0430\u0436\u0430\u043c\" \/>\n<meta property=\"article:published_time\" content=\"2023-08-21T08:51:44+00:00\" \/>\n<meta property=\"og:image\" content=\"https:\/\/sdk.mk\/wp-content\/uploads\/2023\/06\/naser-ziberi1.jpg\" \/>\n\t<meta property=\"og:image:width\" content=\"1024\" \/>\n\t<meta property=\"og:image:height\" content=\"578\" \/>\n<meta property=\"fb:app_id\" content=\"2407985809428537\" \/>\n<meta name=\"twitter:card\" content=\"summary\" \/>\n<script type=\"application\/ld+json\" class=\"yoast-schema-graph\">{\"@context\":\"https:\/\/schema.org\",\"@graph\":[{\"@type\":\"WebSite\",\"@id\":\"https:\/\/sdk.mk\/#website\",\"url\":\"https:\/\/sdk.mk\/\",\"name\":\"\\u0421\\u0430\\u043a\\u0430\\u043c \\u0414\\u0430 \\u041a\\u0430\\u0436\\u0430\\u043c\",\"description\":\"\\u0417\\u0430 \\u0441\\u043b\\u043e\\u0431\\u043e\\u0434\\u043e\\u0443\\u043c\\u043d\\u0438\",\"potentialAction\":[{\"@type\":\"SearchAction\",\"target\":\"https:\/\/sdk.mk\/?s={search_term_string}\",\"query-input\":\"required name=search_term_string\"}],\"inLanguage\":\"mk-MK\"},{\"@type\":\"ImageObject\",\"@id\":\"https:\/\/sdk.mk\/index.php\/histori-te-parrefyera\/dergoni-inspeksione-ne-shoqerite-financiare-per-kredi-te-shpejta-kerkon-avokati-i-popullit-nga-ministria-e-financave-e-cila-hiqet-si-jokompetente\/#primaryimage\",\"inLanguage\":\"mk-MK\",\"url\":\"https:\/\/sdk.mk\/wp-content\/uploads\/2023\/06\/naser-ziberi1.jpg\",\"width\":1024,\"height\":578},{\"@type\":\"WebPage\",\"@id\":\"https:\/\/sdk.mk\/index.php\/histori-te-parrefyera\/dergoni-inspeksione-ne-shoqerite-financiare-per-kredi-te-shpejta-kerkon-avokati-i-popullit-nga-ministria-e-financave-e-cila-hiqet-si-jokompetente\/#webpage\",\"url\":\"https:\/\/sdk.mk\/index.php\/histori-te-parrefyera\/dergoni-inspeksione-ne-shoqerite-financiare-per-kredi-te-shpejta-kerkon-avokati-i-popullit-nga-ministria-e-financave-e-cila-hiqet-si-jokompetente\/\",\"name\":\"D\\u00cbRGONI INSPEKSIONE N\\u00cb SHOQ\\u00cbRIT\\u00cb FINANCIARE P\\u00cbR KREDI T\\u00cb SHPEJTA, K\\u00cbRKON AVOKATI I POPULLIT NGA MINISTRIA E FINANCAVE, E CILA HIQET SI JOKOMPETENTE - \\u0421\\u0430\\u043a\\u0430\\u043c \\u0414\\u0430 \\u041a\\u0430\\u0436\\u0430\\u043c\",\"isPartOf\":{\"@id\":\"https:\/\/sdk.mk\/#website\"},\"primaryImageOfPage\":{\"@id\":\"https:\/\/sdk.mk\/index.php\/histori-te-parrefyera\/dergoni-inspeksione-ne-shoqerite-financiare-per-kredi-te-shpejta-kerkon-avokati-i-popullit-nga-ministria-e-financave-e-cila-hiqet-si-jokompetente\/#primaryimage\"},\"datePublished\":\"2023-08-21T08:51:44+00:00\",\"dateModified\":\"2023-08-21T08:51:44+00:00\",\"author\":{\"@id\":\"https:\/\/sdk.mk\/#\/schema\/person\/737021aeacbe893f7e2c347186c5c7a1\"},\"inLanguage\":\"mk-MK\",\"potentialAction\":[{\"@type\":\"ReadAction\",\"target\":[\"https:\/\/sdk.mk\/index.php\/histori-te-parrefyera\/dergoni-inspeksione-ne-shoqerite-financiare-per-kredi-te-shpejta-kerkon-avokati-i-popullit-nga-ministria-e-financave-e-cila-hiqet-si-jokompetente\/\"]}]},{\"@type\":\"Person\",\"@id\":\"https:\/\/sdk.mk\/#\/schema\/person\/737021aeacbe893f7e2c347186c5c7a1\",\"name\":\"\\u0424\\u0458\\u043e\\u043b\\u0430 \\u0417\\u043b\\u0430\\u0442\\u043a\\u0443\"}]}<\/script>\n<!-- \/ Yoast SEO Premium plugin. -->","_links":{"self":[{"href":"https:\/\/sdk.mk\/index.php\/wp-json\/wp\/v2\/posts\/202163"}],"collection":[{"href":"https:\/\/sdk.mk\/index.php\/wp-json\/wp\/v2\/posts"}],"about":[{"href":"https:\/\/sdk.mk\/index.php\/wp-json\/wp\/v2\/types\/post"}],"author":[{"embeddable":true,"href":"https:\/\/sdk.mk\/index.php\/wp-json\/wp\/v2\/users\/25"}],"replies":[{"embeddable":true,"href":"https:\/\/sdk.mk\/index.php\/wp-json\/wp\/v2\/comments?post=202163"}],"version-history":[{"count":0,"href":"https:\/\/sdk.mk\/index.php\/wp-json\/wp\/v2\/posts\/202163\/revisions"}],"wp:featuredmedia":[{"embeddable":true,"href":"https:\/\/sdk.mk\/index.php\/wp-json\/wp\/v2\/media\/197872"}],"wp:attachment":[{"href":"https:\/\/sdk.mk\/index.php\/wp-json\/wp\/v2\/media?parent=202163"}],"wp:term":[{"taxonomy":"category","embeddable":true,"href":"https:\/\/sdk.mk\/index.php\/wp-json\/wp\/v2\/categories?post=202163"},{"taxonomy":"post_tag","embeddable":true,"href":"https:\/\/sdk.mk\/index.php\/wp-json\/wp\/v2\/tags?post=202163"}],"curies":[{"name":"wp","href":"https:\/\/api.w.org\/{rel}","templated":true}]}}