{"id":202204,"date":"2023-08-21T14:51:44","date_gmt":"2023-08-21T12:51:44","guid":{"rendered":"https:\/\/sdk.mk\/?p=202204"},"modified":"2023-08-21T14:52:16","modified_gmt":"2023-08-21T12:52:16","slug":"marrja-e-kredive-te-shpejta-me-te-dhena-personale-te-vjedhura-eshte-problem-per-policine-jo-per-ne-thote-ministria-e-financave-e-cila-kontrollon-kompanite-e-kredive-te-shpejta","status":"publish","type":"post","link":"https:\/\/sdk.mk\/index.php\/histori-te-parrefyera\/marrja-e-kredive-te-shpejta-me-te-dhena-personale-te-vjedhura-eshte-problem-per-policine-jo-per-ne-thote-ministria-e-financave-e-cila-kontrollon-kompanite-e-kredive-te-shpejta\/","title":{"rendered":"MARRJA E KREDIVE T\u00cb SHPEJTA ME T\u00cb DH\u00cbNA PERSONALE T\u00cb VJEDHURA \u00cbSHT\u00cb PROBLEM P\u00cbR POLICIN\u00cb, JO P\u00cbR NE, THOT\u00cb MINISTRIA E FINANCAVE, E CILA KONTROLLON KOMPANIT\u00cb E KREDIVE T\u00cb SHPEJTA"},"content":{"rendered":"<div class=\"f52428582a4b906b2d2e2a7d733c7d27\" data-index=\"7\" style=\"float: none; margin:10px 0 10px 0; text-align:center;\">\n<!-- MSP Ads Asynchronous JS Tag - Generated with Revive Adserver v5.4.1 -->\r\n<ins data-revive-zoneid=\"167\" data-revive-id=\"060fdb01f6430ec164d3519234aa4967\"><\/ins>\r\n<script async src=\"\/\/panel.ads.com.mk\/www\/delivery\/asyncjs.php\"><\/script>\n<\/div>\n<p>Ministria e Financave vler\u00ebson se mashtrimi me t\u00eb ashtuquajturat kredi t\u00eb shpejta t\u00eb marra n\u00eb em\u00ebr t\u00eb dikujt tjet\u00ebr p\u00ebrmes vjedhjes s\u00eb t\u00eb dh\u00ebnave personale t\u00eb viktimave, me vet\u00ebm nj\u00eb \u201cp\u00ebrsh\u00ebndetje\u201d me telefon dhe pa prezenc\u00eb fizike, nuk \u00ebsht\u00eb problem i tij, por problem i MPB-s\u00eb.<\/p>\n<p>Ministria beson se ata nuk kan\u00eb asnj\u00eb p\u00ebrgjegj\u00ebsi n\u00eb rastin e personit t\u00eb mashtruar me aft\u00ebsi t\u00eb kufizuara t\u00eb r\u00ebnd\u00eb, n\u00eb em\u00ebr t\u00eb t\u00eb cilit mashtruesit mor\u00ebn m\u00eb shum\u00eb kredi, t\u00eb cilat prind\u00ebrit nuk kan\u00eb m\u00eb para p\u00ebr t\u00eb shlyer.<\/p>\n<p>Kredia e fundit prej 600 eurosh, e cila me interesa dhe shpenzime t\u00eb m\u00ebdha n\u00eb ato kompani financiare tani \u00ebsht\u00eb rritur jasht\u00ebzakonisht, nuk \u00ebsht\u00eb shlyer. Ata jan\u00eb t\u00eb rraskapitur, nuk kan\u00eb m\u00eb para p\u00ebr t\u00eb shlyer kredit\u00eb e marra nga mashtruesit n\u00eb em\u00ebr t\u00eb djalit t\u00eb tyre t\u00eb s\u00ebmur\u00eb.<\/p>\n<p>Ministria e Financave beson se ky \u00ebsht\u00eb nj\u00eb krim i d\u00ebnuesh\u00ebm me burgim dhe se \u00ebsht\u00eb p\u00ebrgjegj\u00ebsi e Ministris\u00eb s\u00eb Brendshme t\u00eb zbardh\u00eb rastin, i cili u raportua atje nga n\u00ebna e viktim\u00ebs n\u00eb vitin 2021.<\/p>\n<p>\u201cJu njoftojm\u00eb se Ministria e Financave ka dor\u00ebzuar nj\u00eb njoftim nga Avokati i Popullit n\u00eb Ministrin\u00eb e Brendshme p\u00ebr veprime t\u00eb m\u00ebtejshme, pasi lidhet me keqp\u00ebrdorimin e t\u00eb dh\u00ebnave personale gjat\u00eb aplikimit\/marrjes s\u00eb nj\u00eb kredie, e cila \u00ebsht\u00eb p\u00ebrcaktuar si vep\u00ebr penale sipas Kodit Penal dhe d\u00ebnohet me burgim, dometh\u00ebn\u00eb \u00ebsht\u00eb nj\u00eb krim klasik dhe \u00ebsht\u00eb n\u00eb kompetenc\u00eb t\u00eb Ministris\u00eb s\u00eb Brendshme,\u201d u p\u00ebrgjigj zyra e ministrit t\u00eb financave Fatmir Besimi.<\/p>\n<p>Kjo ministri \u00ebsht\u00eb p\u00ebrgjegj\u00ebse p\u00ebr kontrollin e operacioneve t\u00eb shoq\u00ebrive financiare.<\/p>\n<p>\u201cQ\u00ebllimi yn\u00eb si Ministri e Financave \u00ebsht\u00eb t\u00eb rrisim nd\u00ebrgjegj\u00ebsimin e qytetar\u00ebve n\u00eb m\u00ebnyr\u00eb q\u00eb ata t\u00eb mbrojn\u00eb t\u00eb dh\u00ebnat e tyre personale dhe t\u00eb mos i ndajn\u00eb ato me ask\u00eb. Gjegj\u00ebsisht, Ministria e Financave mbik\u00ebqyr operacionet e shoq\u00ebrive financiare n\u00eb p\u00ebrputhje me Ligjin p\u00ebr Shoq\u00ebrit\u00eb Financiare dhe Ligjin p\u00ebr Mbrojtjen e Konsumatorit n\u00eb Marr\u00ebveshjet e Kredis\u00eb Konsumatore. Gjithashtu, n\u00ebse konstatohet se nj\u00eb shoq\u00ebri financiare operon n\u00eb kund\u00ebrshtim me dispozitat ligjore, Ministria e Financave merr masa ndaj shoq\u00ebris\u00eb financiare specifike \u201d, prej atje thon\u00eb se jan\u00eb jokompetent\u00eb p\u00ebr t\u00eb parandaluar dh\u00ebnien e m\u00ebtejshme t\u00eb kredive p\u00ebr viktim\u00ebn.<\/p>\n<p>Ministria i b\u00ebn thirrje Agjencis\u00eb p\u00ebr Mbrojtjen e t\u00eb Dh\u00ebnave Personale, e cila, si\u00e7 thot\u00eb n\u00ebna e personit t\u00eb abuzuar me aft\u00ebsi t\u00eb kufizuara, \u00ebsht\u00eb deklaruar jokompetentet p\u00ebr t\u00eb dh\u00ebnat personale t\u00eb vjedhura.<\/p>\n<p>\u201cSa i p\u00ebrket p\u00ebrpunimit dhe p\u00ebrdorimit t\u00eb t\u00eb dh\u00ebnave personale n\u00eb vet\u00eb shoq\u00ebrin\u00eb financiare, Agjencia e Mbrojtjes s\u00eb t\u00eb Dh\u00ebnave Personale \u00ebsht\u00eb kompetente p\u00ebr t\u00eb sanksionuar shoq\u00ebrit\u00eb financiare, n\u00ebse sistemet e brendshme t\u00eb p\u00ebrpunimit t\u00eb t\u00eb dh\u00ebnave personale nuk jan\u00eb n\u00eb p\u00ebrputhje me ligjin, dometh\u00ebn\u00eb n\u00ebse ato nuk krijojn\u00eb kushte p\u00ebr mbrojtjen e t\u00eb dh\u00ebnave personale t\u00eb klient\u00ebve,\u201d \u00ebsht\u00eb vendimtare Ministria e Financave.<\/p>\n<p>Por Banka Popullore, t\u00eb cil\u00ebs i jemi drejtuar n\u00eb lidhje me qytetar\u00ebt e pambrojtur nga krimi i kredive t\u00eb shpejta, nuk e thot\u00eb k\u00ebt\u00eb. Aty drejtuam nj\u00eb pyetje \u2013 cila \u00ebsht\u00eb kompetenca e Bank\u00ebs Popullore mbi k\u00ebto shoq\u00ebri financiare, duke qen\u00eb se b\u00ebhen abuzime t\u00eb m\u00ebdha me kredi t\u00eb shpejta, jepen pa asnj\u00eb kontroll dhe as procedur\u00eb, madje edhe personave t\u00eb huaj me t\u00eb dh\u00ebna personale t\u00eb vjedhura.<\/p>\n<p>\u201cN\u00eb lidhje me pyetjen tuaj, d\u00ebshirojm\u00eb t&#8217;ju informojm\u00eb p\u00ebr sa m\u00eb posht\u00eb: Sipas Ligjit p\u00ebr Shoq\u00ebrit\u00eb Financiare, institucioni q\u00eb l\u00ebshon dhe heq licenc\u00ebn, mbik\u00ebqyr dhe vendos masa p\u00ebr shoq\u00ebrit\u00eb financiare \u00ebsht\u00eb Ministria e Financave. Sipas Ligjit p\u00ebr Bank\u00ebn Popullore, detyrat e bank\u00ebs qendrore p\u00ebrfshijn\u00eb rregullimin, l\u00ebshimin e lejeve dhe mbik\u00ebqyrjen e bankave, sht\u00ebpive t\u00eb kursimit, kompanive p\u00ebr l\u00ebshimin e paras\u00eb elektronike dhe institucioneve t\u00eb tjera financiare (neni 7, paragrafi 9), \u201d, shpjeguan na zyra e Guvernatores s\u00eb Bank\u00ebs Popullore, Anita Angelovska Bezhoska, se juridiksioni i kompanive financiare nuk \u00ebsht\u00eb n\u00ebn ta, por n\u00ebn Ministrin\u00eb e Financave.<\/p>\n<p>Si\u00e7 shkruan SAKAMDAKAZHAM.MK, n\u00ebna N.I. nga Shkupi k\u00ebrkon ndihm\u00eb para Ministris\u00eb s\u00eb Brendshme dhe autoriteteve t\u00eb tjera kompetente p\u00ebr t\u00eb gjetur personat q\u00eb, pasi vodh\u00ebn let\u00ebnjoftimin e djalit t\u00eb saj t\u00eb pal\u00ebvizsh\u00ebm, kan\u00eb marr\u00eb kredi t\u00eb shpejta n\u00eb internet n\u00eb em\u00ebr t\u00eb tij. Prind\u00ebrit e k\u00ebtij personi me aft\u00ebsi t\u00eb kufizuara p\u00ebr pothuajse dy vjet kan\u00eb kthyer m\u00eb shum\u00eb para se kredit\u00eb e shpejta t\u00eb marra nga mashtrues t\u00eb panjohur duke keqp\u00ebrdorur t\u00eb dh\u00ebnat personale t\u00eb djalit t\u00eb tyre me aft\u00ebsi t\u00eb kufizuara. Ata i shlyejn\u00eb ato menj\u00ebher\u00eb, sepse interesi dhe kostot e tjera jan\u00eb t\u00eb m\u00ebdha. Dhe i gjith\u00eb abuzimi \u00ebsht\u00eb me lejen e shtetit.<\/p>\n<ul>\n<li><a href=\"https:\/\/sdk.mk\/index.php\/neraskazhani-prikazni\/podigaat-brzi-krediti-na-ime-na-litse-so-poprechenost-od-chija-lichna-karta-gi-ukrale-podatotsite-negovite-roditelite-beskonechno-se-zadolzhuvaat-da-gi-vrakaat-i-ja-molat-drzhavata-da-gi-najde-izmamni\/\">\u00a0<em>\u00a0<strong>MARRIN KREDI TE SHPEJTA N\u00cb EM\u00cbR T\u00cb NJ\u00cb PERSONI ME AFT\u00cbSI T\u00cb KUFIZUARA NGA LET\u00cbRNJOFTIMI I T\u00cb CILIT I KAN\u00cb VJEDHUR T\u00cb DHENAT, PRIND\u00cbRIT E TIJ P\u00cbR NJ\u00cb KOH\u00cb T\u00cb PACAKTUAR DETYROHEN T&#8217;I KTHEJNE ATO DHE I LUTEN SHTETIT T&#8217;I GJEJ\u00cb MASHTRUESIT<\/strong> <\/em>\u00a0\u00a0<\/a><\/li>\n<\/ul>\n<p>Kjo \u00ebsht\u00eb arsyeja pse pyetjet e SAKAMDAKAZAM.mk drejtuar Ministris\u00eb s\u00eb Financave ishin specifike:<\/p>\n<ol>\n<li>Si \u00ebsht\u00eb e mundur q\u00eb kompanit\u00eb financiare t\u00eb japin kredi t\u00eb shpejta p\u00ebr qytetar\u00ebt, vet\u00ebm duke b\u00ebr\u00eb thirrje telefonike ose me email?<br \/>\n2. Si lejohet dh\u00ebnia e kredive t\u00eb shpejta n\u00eb em\u00ebr t\u00eb dikujt tjet\u00ebr, n\u00eb k\u00ebt\u00eb rast n\u00eb em\u00ebr t\u00eb nj\u00eb personi me aft\u00ebsi t\u00eb kufizuara t\u00eb cilit i jan\u00eb vjedhur t\u00eb dh\u00ebnat personale nga mashtruesit? Kush do t\u00eb kompensoj\u00eb prind\u00ebrit e tij q\u00eb deri m\u00eb tani kan\u00eb shlyer tre kredi p\u00ebr kompanit\u00eb financiare, pasi i kan\u00eb miratuar ato p\u00ebr mashtruesit e panjohur n\u00eb em\u00ebr t\u00eb djalit t\u00eb tyre?<br \/>\n4. \u00c7far\u00eb do t\u00eb b\u00ebjn\u00eb tani me kredin\u00eb e kat\u00ebrt q\u00eb \u00ebsht\u00eb rritur me interes, t\u00eb cilin nuk mund ta shlyejn\u00eb dot, sepse nuk kan\u00eb para?<br \/>\n5. Si do t&#8217;i p\u00ebrgjigjeni dhe a do t&#8217;i p\u00ebrgjigjeni Avokatit t\u00eb Popullit p\u00ebr k\u00ebt\u00eb rast, i cili i ka shkruar nj\u00eb let\u00ebr Ministris\u00eb s\u00eb Financave q\u00eb m\u00eb 15 qershor?<br \/>\n6. \u00c7far\u00eb po b\u00ebn Ministria e Financave p\u00ebr t\u00eb vendosur kontrollin n\u00eb k\u00ebt\u00eb zon\u00eb gri t\u00eb l\u00ebn\u00eb q\u00ebllimisht p\u00ebr t\u00eb nxjerr\u00eb fitime p\u00ebr kompanit\u00eb financiare? (Ju lutemi tregoni n\u00ebse nd\u00ebrkoh\u00eb \u00ebsht\u00eb p\u00ebrgatitur ose miratuar ndonj\u00eb nj\u00eb ligj q\u00eb p\u00ebrcakton kontrollin)<\/li>\n<\/ol>\n<p>Kredit\u00eb e marra n\u00eb em\u00ebr t\u00eb djalit t\u00eb N.I. kan\u00eb qen\u00eb 40.000, plus 70.000 denar\u00eb dhe prind\u00ebrit i kan\u00eb shlyer ato nga kursimet p\u00ebr djalin e tyre, t\u00eb cilat kan\u00eb qen\u00eb p\u00ebr pas vdekjes s\u00eb tyre. Kredia e fundit e marr\u00eb nga mashtruesit n\u00eb em\u00ebr t\u00eb tij ka qen\u00eb 36.500 denar\u00eb. Por prind\u00ebrit thon\u00eb se tani mund t\u00eb jet\u00eb rritur n\u00eb 500,000 denar\u00eb me interes. Parat\u00eb jan\u00eb zhdukur dhe nuk mund t&#8217;i kthejn\u00eb.<\/p>\n<p>Pasi nga Ministria e Brendshme nuk ka marr\u00eb p\u00ebrgjigje p\u00ebr nj\u00eb koh\u00eb t\u00eb gjat\u00eb n\u00ebse mashtruesit ishin zbuluar, N.I. ka kontaktuar Avokatin e Popullit, prej ku kan\u00eb hapur urgjentisht nj\u00eb \u00e7\u00ebshtje dhe m\u00eb 15 qershor i ka d\u00ebrguar nj\u00eb let\u00ebr si Ministris\u00eb s\u00eb Brendshme ashtu edhe Ministris\u00eb s\u00eb Financave, n\u00ebn kontrollin e t\u00eb cil\u00ebve duhet t\u00eb ishin k\u00ebto kompani financiare p\u00ebr t\u00eb ashtuquajturat kredi t\u00eb shpejta.<\/p>\n<p>Dy vjet m\u00eb par\u00eb, djali\u00a0 L.I., 38 vje\u00e7, u takua me t\u00eb panjohur n\u00eb Facebook. I than\u00eb t\u00eb b\u00ebnte nj\u00eb foto t\u00eb let\u00ebnjoftimit dhe llogaris\u00eb s\u00eb transaksionit, n\u00eb m\u00ebnyr\u00eb q\u00eb t&#8217;u b\u00ebnte nj\u00eb nder, gjegj\u00ebsisht q\u00eb tezja nga Amerika t&#8217;u l\u00ebshonte para p\u00ebrmes llogaris\u00eb s\u00eb tij.\u00a0 Ai e b\u00ebn k\u00ebt\u00eb gj\u00eb.<\/p>\n<p>&#8220;Kjo n\u00eb fakt ishte kredi.\u00a0 Kredia e par\u00eb. Ne e \u00e7uam djalin ton\u00eb n\u00eb shoqat\u00eb.\u00a0 Kur mashtruesi ka t\u00ebrhequr parat\u00eb, ka marr\u00eb kredi n\u00eb em\u00ebr t\u00eb djalit tim. Ato nuk ishin fonde t\u00eb d\u00ebrguara nga Amerika&#8221; , thot\u00eb ajo.<\/p>\n<p>Kredia prej 40,000 denar\u00ebsh e marr\u00eb nga mashtruesi u shlye menj\u00ebher\u00eb nga bashk\u00ebshorti i saj, n\u00eb m\u00ebnyr\u00eb q\u00eb t\u00eb mos rritej me interesat e lart\u00eb.<\/p>\n<p>\u201cPas nj\u00eb muaji, p\u00ebrjetuam nj\u00eb shok! Jemi njoftuar nga edhe tre shoq\u00ebri financiare t\u00eb tjera se duhet t\u00eb shlyejm\u00eb kredit\u00eb n\u00eb em\u00ebr t\u00eb djalit ton\u00eb. Gj\u00ebja e par\u00eb q\u00eb b\u00ebra, shkova n\u00eb t\u00eb gjitha shoq\u00ebrit\u00eb financiare p\u00ebr t\u2019u th\u00ebn\u00eb personalisht q\u00eb t\u00eb mos l\u00ebshojn\u00eb m\u00eb kredi n\u00eb em\u00ebr t\u00eb djalit tim, duke ua treguar let\u00ebrnjoftimin dhe numrin am\u00eb! Un\u00eb personalisht iu luta n\u00eb em\u00ebr t\u00eb L.I. t\u00eb mos jepnin fonde\u201d, thot\u00eb n\u00ebna.<\/p>\n<p>Ajo \u00ebsht\u00eb e stresuar, dhe u ankua se nuk mund t\u00eb merrte dot frym\u00eb nd\u00ebrsa tregonte p\u00ebr k\u00ebt\u00eb rast.\u00a0 Nd\u00ebrkoh\u00eb djalit i ka humbur let\u00ebrnjoftimi dhe prind\u00ebrit i kan\u00eb nxjerr\u00eb let\u00ebrnjoftim t\u00eb ri. Ata shpresonin se kredit\u00eb do t\u00eb p\u00ebrfundonin.<\/p>\n<p>\u201cPor m\u00eb kot. Q\u00eb kur emri i tij \u00ebsht\u00eb futur n\u00eb sistem, numri i tij i identifikimit vazhdon t\u00eb shfaqet pran\u00eb k\u00ebtyre shoq\u00ebrive t\u00eb kredis\u00eb s\u00eb shpejt\u00eb. Shkoj, ia ndryshoj emrin dhe mbiemrin. Shoq\u00ebrit\u00eb m\u00eb shpjegojn\u00eb: \u2018Vendosni \u00e7far\u00ebdo emri q\u00eb d\u00ebshironi, neve p\u00ebrs\u00ebri na del emri L.I. dhe numri i tij i identifikimit. Do t\u00eb nxjerrim kredi.\u00a0 Deri n\u00eb n\u00ebntor 2024, pra deri n\u00eb dat\u00ebn e vlefshm\u00ebris\u00eb s\u00eb let\u00ebrnjoftimit ne do t\u00eb vijojm\u00eb t\u00eb l\u00ebshojm\u00eb kredi.\u00a0 Ne nuk kemi asnj\u00eb mund\u00ebsi t\u00eb shohim se ai let\u00ebrnjoftim nuk \u00ebsht\u00eb i vlefsh\u00ebm, \u201ctregon ajo se \u00e7far\u00eb i kan\u00eb than\u00eb shoq\u00ebrit\u00eb financiare ku \u00ebsht\u00eb lutur q\u00eb t\u00eb pushojn\u00eb s\u00eb dh\u00ebni kredi mashtruesve n\u00eb em\u00ebr t\u00eb djalit t\u00eb saj.<\/p>\n<div class=\"f52428582a4b906b2d2e2a7d733c7d27\" data-index=\"1\">\n<div id=\"beacon_e95fc46188\"><img loading=\"lazy\" src=\"https:\/\/panel.ads.com.mk\/www\/delivery\/lg.php?bannerid=0&amp;campaignid=0&amp;zoneid=31&amp;loc=https%3A%2F%2Fsdk.mk%2Findex.php%2Fhistori-te-parrefyera%2Fmarrin-kredi-te-shpejta-ne-emer-te-nje-personi-me-aftesi-te-kufizuara-nga-leternjoftimi-i-te-cilit-i-kane-vjedhur-te-dhenat-prinderit-per-nje-kohe-te-pacaktuar-detyrohen-t-i-kthejne-ato-dhe-i-luten-s%2F%3Ffbclid%3DIwAR16SHlvHxmjeomvcSSwrZUPMrH3dHT2lx9NCZhI9JGxVMjWXIbseAnd-pA&amp;referer=https%3A%2F%2Fl.facebook.com%2F&amp;cb=e95fc46188\" alt=\"\" width=\"0\" height=\"0\" \/>\r\n\r\nDuke mos ditur se \u00e7far\u00eb t\u00eb b\u00ebj\u00eb, ka shkuar te nj\u00eb avokat. Ajo u d\u00ebrgoi njoftim t\u00eb gjitha shoq\u00ebrive financiare t\u00eb regjistruara n\u00eb vendin ton\u00eb se nuk mund t\u00eb l\u00ebshojn\u00eb kredi p\u00ebr at\u00eb let\u00ebrnjoftim t\u00eb pavlefsh\u00ebm t\u00eb djalit. Avokatja e ka nxjerr\u00eb publikimin n\u00eb Gazet\u00ebn Zyrtare p\u00ebr let\u00ebrnjoftimin e humbur, dhe, edhe at\u00eb prov\u00eb ua ka d\u00ebrguar shoq\u00ebrive financiare.<\/div>\n<\/div>\n<p>\u201cPas nj\u00eb jave, s\u00ebrish l\u00ebshohet nj\u00eb kredi e re n\u00eb em\u00ebr t\u00eb djalit, 36.500 denar\u00eb. Ne nuk e kthejm\u00eb dot. Kemi frik\u00eb t\u00eb shkojm\u00eb me bashk\u00ebshortin p\u00ebr t\u00eb kontrolluar se sa ka arritur borxhi tani, duke pasur parasysh normat e larta t\u00eb interesit. Shpenzuam t\u00eb gjitha kursimet p\u00ebr Ljupcon, kursime q\u00eb i kishte p\u00ebr koh\u00ebn kur do t\u00eb mbeste vet\u00ebm, q\u00eb t\u00eb ket\u00eb kush t\u00eb kujdeset p\u00ebr t\u00eb\u201d, apelon p\u00ebr ndihm\u00eb n\u00ebna.<\/p>\n<p>Nd\u00ebrsa priste n\u00eb MPB informacione q\u00eb t\u00eb pakt\u00ebn jan\u00eb n\u00eb k\u00ebrkim t\u00eb mashtruesve, ajo zbuloi se si, n\u00eb fakt, ato kredi t\u00eb shpejta n\u00eb em\u00ebr t\u00eb djalit t\u00eb saj po \u201cnxirren\u201d.<\/p>\n<p>Ajo jep nj\u00eb shembull trondit\u00ebs t\u00eb asaj se \u00e7far\u00eb mund t\u00eb lejoj\u00eb ky shtet.<\/p>\n<p>\u201cPersoni q\u00eb keqp\u00ebrdor let\u00ebrnjoftimin, dometh\u00ebn\u00eb t\u00eb dh\u00ebnat personale t\u00eb dikujt tjet\u00ebr, paraqitet n\u00eb telefon ose i shkruan email kompanis\u00eb financiare dhe thot\u00eb: \u201cM\u00eb duhen kaq mij\u00ebra denar\u00eb\u201d. \u2018A keni llogari transaksioni?\u2019. Jo. Depozitoni parat\u00eb n\u00eb k\u00ebt\u00eb dyqan t\u00eb teknik\u00ebs s\u00eb bardh\u00eb\u201d. Mashtruesi shkon n\u00eb dyqanin e mallrave t\u00eb bardha, blen mallra p\u00ebr nj\u00eb mij\u00eb euro. Shoq\u00ebria financiare i transferon parat\u00eb n\u00eb dyqan, nuk ka asnj\u00eb kontakt fizik me p\u00ebrdoruesin. N\u00eb k\u00ebt\u00eb shembull, kishte edhe nj\u00eb sharr\u00eb elektrike prej 42,000 denar\u00ebsh midis porosive. Mallrat do t\u00eb \u00e7oheshin n\u00eb Prilep\u201d, tregon ajo.<\/p>\n<p>Ajo pyeti ish-koleg\u00ebt n\u00eb MPB, ku q\u00eb n\u00eb vitin 2021 e ka paraqitur rastin, pse kur dyqani ose shp\u00ebrndar\u00ebsi do t\u00eb d\u00ebrgoj\u00eb sharr\u00ebn, policia nuk e zbulon dhe arreston mashtruesin?<\/p>\n<p>Dyqaneve u ka(n\u00eb) th\u00ebn\u00eb:\u00a0 \u201cNuk kam adres\u00eb t\u00eb p\u00ebrhershme, do t\u2019ju takoj n\u00eb k\u00ebndin e loj\u00ebrave n\u00eb k\u00ebt\u00eb fshat\u201d.<\/p>\n<p>\u201cNuk mund t\u00eb merrja frym\u00eb. Telefonova Agjencin\u00eb e t\u00eb dh\u00ebnave personale. M\u00eb than\u00eb se ata kan\u00eb mbrojtur vet\u00ebm identitetet e njohura\u201d, thot\u00eb N.I..<\/p>\n<p>N\u00eb MPB ka ngritur tre padi penale.\u00a0 Por sipas gjetjeve t\u00eb saj, policia ende nuk mund t\u00eb gjej\u00eb mashtruesit, sepse n\u00eb k\u00ebto kredi t\u00eb shpejta shteti ka l\u00ebn\u00eb q\u00eb t\u00eb mos figuroj\u00eb emri i p\u00ebrdoruesve final\u00eb.<\/p>\n<p>Avokati i Popullit i k\u00ebrkon MPB dhe autoriteteve t\u00eb tjera kompetente t\u00eb mbrojn\u00eb menj\u00ebher\u00eb familjen nga vjedhjet e m\u00ebtejshme duke keqp\u00ebrdorur t\u00eb dh\u00ebnat personale t\u00eb djalit t\u00eb tyre, t\u00eb gjejn\u00eb autor\u00ebt, por edhe t\u00eb ushtrojn\u00eb kontroll n\u00eb ato shoq\u00ebri t\u00eb vogla financiare q\u00eb japin kredi me email, pa pranin\u00eb personale t\u00eb k\u00ebrkuesit. Me shkres\u00ebn, Avokati i Popullit k\u00ebrkon nga MPB, gjegj\u00ebsisht nga Sektori p\u00ebr ekonomi dhe krim kibernetik, reagim nga dita e paraqitjes s\u00eb kall\u00ebzimeve nga n\u00ebna.<\/p>\n<p>Avokati i Popullit pyet n\u00ebse jan\u00eb gjetur autor\u00ebt dhe n\u00ebse dhe kur \u00ebsht\u00eb njoftuar Prokuroria kompetente? Megjith\u00ebse afati i p\u00ebrgjigjes ishte 8 dit\u00eb, deri m\u00eb sot nuk ka pasur asnj\u00eb p\u00ebrgjigje nga Ministria e Brendshme p\u00ebr korrespondenc\u00ebn nga Avokati i Popullit p\u00ebr k\u00ebt\u00eb \u00e7\u00ebshtje.<\/p>\n<p><em><strong>S.K. DELEVSKA<\/strong><\/em><\/p>\n\n<div style=\"font-size: 0px; height: 0px; line-height: 0px; margin: 0; padding: 0; clear: both;\"><\/div>","protected":false},"excerpt":{"rendered":"<p>Ministria e Financave vler\u00ebson se mashtrimi me t\u00eb ashtuquajturat kredi t\u00eb shpejta t\u00eb marra n\u00eb em\u00ebr t\u00eb dikujt tjet\u00ebr p\u00ebrmes [&hellip;]<\/p>\n","protected":false},"author":25,"featured_media":199195,"comment_status":"closed","ping_status":"closed","sticky":false,"template":"","format":"standard","meta":{"_mo_disable_npp":"no","inline_featured_image":false},"categories":[3085,3087],"tags":[],"imageURL":"https:\/\/sdk.mk\/wp-content\/uploads\/2023\/07\/kamen-most-983498438-650x342.jpg","thumbURL":"https:\/\/sdk.mk\/wp-content\/uploads\/2023\/07\/kamen-most-983498438-250x131.jpg","categoryNames":["Histori t\u00eb parr\u00ebfyera","Maqedonia"],"feature_caption":" \r\nMinistria e Financave vler\u00ebson se ky \u00ebsht\u00eb nj\u00eb krim i d\u00ebnuesh\u00ebm me burgim dhe se \u00ebsht\u00eb n\u00eb kompetenc\u00ebn e MPB t\u00eb zgjidh\u00eb raste t\u00eb tilla.  - Qytetar\u00ebt kalojn\u00eb mbi Ur\u00ebn e Gurit n\u00eb Shkup (Foto: K. Popov) \r\n","subtitle":"","views":"153","source":"Shkup, (SAKAMDAKAZAM.MK) ","yoast_head":"<!-- This site is optimized with the Yoast SEO Premium plugin v15.0 - https:\/\/yoast.com\/wordpress\/plugins\/seo\/ -->\n<title>MARRJA E KREDIVE T\u00cb SHPEJTA ME T\u00cb DH\u00cbNA PERSONALE T\u00cb VJEDHURA \u00cbSHT\u00cb PROBLEM P\u00cbR POLICIN\u00cb, JO P\u00cbR NE, THOT\u00cb MINISTRIA E FINANCAVE, E CILA KONTROLLON KOMPANIT\u00cb E KREDIVE T\u00cb SHPEJTA - \u0421\u0430\u043a\u0430\u043c \u0414\u0430 \u041a\u0430\u0436\u0430\u043c<\/title>\n<meta name=\"robots\" content=\"index, follow, max-snippet:-1, max-image-preview:large, max-video-preview:-1\" \/>\n<link rel=\"canonical\" href=\"https:\/\/sdk.mk\/index.php\/histori-te-parrefyera\/marrja-e-kredive-te-shpejta-me-te-dhena-personale-te-vjedhura-eshte-problem-per-policine-jo-per-ne-thote-ministria-e-financave-e-cila-kontrollon-kompanite-e-kredive-te-shpejta\/\" \/>\n<meta property=\"og:locale\" content=\"mk_MK\" \/>\n<meta property=\"og:type\" content=\"article\" \/>\n<meta property=\"og:title\" content=\"MARRJA E KREDIVE T\u00cb SHPEJTA ME T\u00cb DH\u00cbNA PERSONALE T\u00cb VJEDHURA \u00cbSHT\u00cb PROBLEM P\u00cbR POLICIN\u00cb, JO P\u00cbR NE, THOT\u00cb MINISTRIA E FINANCAVE, E CILA KONTROLLON KOMPANIT\u00cb E KREDIVE T\u00cb SHPEJTA - \u0421\u0430\u043a\u0430\u043c \u0414\u0430 \u041a\u0430\u0436\u0430\u043c\" \/>\n<meta property=\"og:description\" content=\"Ministria e Financave vler\u00ebson se mashtrimi me t\u00eb ashtuquajturat kredi t\u00eb shpejta t\u00eb marra n\u00eb em\u00ebr t\u00eb dikujt tjet\u00ebr p\u00ebrmes [&hellip;]\" \/>\n<meta property=\"og:url\" content=\"https:\/\/sdk.mk\/index.php\/histori-te-parrefyera\/marrja-e-kredive-te-shpejta-me-te-dhena-personale-te-vjedhura-eshte-problem-per-policine-jo-per-ne-thote-ministria-e-financave-e-cila-kontrollon-kompanite-e-kredive-te-shpejta\/\" \/>\n<meta property=\"og:site_name\" content=\"\u0421\u0430\u043a\u0430\u043c \u0414\u0430 \u041a\u0430\u0436\u0430\u043c\" \/>\n<meta property=\"article:published_time\" content=\"2023-08-21T12:51:44+00:00\" \/>\n<meta property=\"article:modified_time\" content=\"2023-08-21T12:52:16+00:00\" \/>\n<meta property=\"og:image\" content=\"https:\/\/sdk.mk\/wp-content\/uploads\/2023\/07\/kamen-most-983498438.jpg\" \/>\n\t<meta property=\"og:image:width\" content=\"1024\" \/>\n\t<meta property=\"og:image:height\" content=\"538\" \/>\n<meta property=\"fb:app_id\" content=\"2407985809428537\" \/>\n<meta name=\"twitter:card\" content=\"summary\" \/>\n<script type=\"application\/ld+json\" class=\"yoast-schema-graph\">{\"@context\":\"https:\/\/schema.org\",\"@graph\":[{\"@type\":\"WebSite\",\"@id\":\"https:\/\/sdk.mk\/#website\",\"url\":\"https:\/\/sdk.mk\/\",\"name\":\"\\u0421\\u0430\\u043a\\u0430\\u043c \\u0414\\u0430 \\u041a\\u0430\\u0436\\u0430\\u043c\",\"description\":\"\\u0417\\u0430 \\u0441\\u043b\\u043e\\u0431\\u043e\\u0434\\u043e\\u0443\\u043c\\u043d\\u0438\",\"potentialAction\":[{\"@type\":\"SearchAction\",\"target\":\"https:\/\/sdk.mk\/?s={search_term_string}\",\"query-input\":\"required name=search_term_string\"}],\"inLanguage\":\"mk-MK\"},{\"@type\":\"ImageObject\",\"@id\":\"https:\/\/sdk.mk\/index.php\/histori-te-parrefyera\/marrja-e-kredive-te-shpejta-me-te-dhena-personale-te-vjedhura-eshte-problem-per-policine-jo-per-ne-thote-ministria-e-financave-e-cila-kontrollon-kompanite-e-kredive-te-shpejta\/#primaryimage\",\"inLanguage\":\"mk-MK\",\"url\":\"https:\/\/sdk.mk\/wp-content\/uploads\/2023\/07\/kamen-most-983498438.jpg\",\"width\":1024,\"height\":538},{\"@type\":\"WebPage\",\"@id\":\"https:\/\/sdk.mk\/index.php\/histori-te-parrefyera\/marrja-e-kredive-te-shpejta-me-te-dhena-personale-te-vjedhura-eshte-problem-per-policine-jo-per-ne-thote-ministria-e-financave-e-cila-kontrollon-kompanite-e-kredive-te-shpejta\/#webpage\",\"url\":\"https:\/\/sdk.mk\/index.php\/histori-te-parrefyera\/marrja-e-kredive-te-shpejta-me-te-dhena-personale-te-vjedhura-eshte-problem-per-policine-jo-per-ne-thote-ministria-e-financave-e-cila-kontrollon-kompanite-e-kredive-te-shpejta\/\",\"name\":\"MARRJA E KREDIVE T\\u00cb SHPEJTA ME T\\u00cb DH\\u00cbNA PERSONALE T\\u00cb VJEDHURA \\u00cbSHT\\u00cb PROBLEM P\\u00cbR POLICIN\\u00cb, JO P\\u00cbR NE, THOT\\u00cb MINISTRIA E FINANCAVE, E CILA KONTROLLON KOMPANIT\\u00cb E KREDIVE T\\u00cb SHPEJTA - \\u0421\\u0430\\u043a\\u0430\\u043c \\u0414\\u0430 \\u041a\\u0430\\u0436\\u0430\\u043c\",\"isPartOf\":{\"@id\":\"https:\/\/sdk.mk\/#website\"},\"primaryImageOfPage\":{\"@id\":\"https:\/\/sdk.mk\/index.php\/histori-te-parrefyera\/marrja-e-kredive-te-shpejta-me-te-dhena-personale-te-vjedhura-eshte-problem-per-policine-jo-per-ne-thote-ministria-e-financave-e-cila-kontrollon-kompanite-e-kredive-te-shpejta\/#primaryimage\"},\"datePublished\":\"2023-08-21T12:51:44+00:00\",\"dateModified\":\"2023-08-21T12:52:16+00:00\",\"author\":{\"@id\":\"https:\/\/sdk.mk\/#\/schema\/person\/737021aeacbe893f7e2c347186c5c7a1\"},\"inLanguage\":\"mk-MK\",\"potentialAction\":[{\"@type\":\"ReadAction\",\"target\":[\"https:\/\/sdk.mk\/index.php\/histori-te-parrefyera\/marrja-e-kredive-te-shpejta-me-te-dhena-personale-te-vjedhura-eshte-problem-per-policine-jo-per-ne-thote-ministria-e-financave-e-cila-kontrollon-kompanite-e-kredive-te-shpejta\/\"]}]},{\"@type\":\"Person\",\"@id\":\"https:\/\/sdk.mk\/#\/schema\/person\/737021aeacbe893f7e2c347186c5c7a1\",\"name\":\"\\u0424\\u0458\\u043e\\u043b\\u0430 \\u0417\\u043b\\u0430\\u0442\\u043a\\u0443\"}]}<\/script>\n<!-- \/ Yoast SEO Premium plugin. -->","_links":{"self":[{"href":"https:\/\/sdk.mk\/index.php\/wp-json\/wp\/v2\/posts\/202204"}],"collection":[{"href":"https:\/\/sdk.mk\/index.php\/wp-json\/wp\/v2\/posts"}],"about":[{"href":"https:\/\/sdk.mk\/index.php\/wp-json\/wp\/v2\/types\/post"}],"author":[{"embeddable":true,"href":"https:\/\/sdk.mk\/index.php\/wp-json\/wp\/v2\/users\/25"}],"replies":[{"embeddable":true,"href":"https:\/\/sdk.mk\/index.php\/wp-json\/wp\/v2\/comments?post=202204"}],"version-history":[{"count":0,"href":"https:\/\/sdk.mk\/index.php\/wp-json\/wp\/v2\/posts\/202204\/revisions"}],"wp:featuredmedia":[{"embeddable":true,"href":"https:\/\/sdk.mk\/index.php\/wp-json\/wp\/v2\/media\/199195"}],"wp:attachment":[{"href":"https:\/\/sdk.mk\/index.php\/wp-json\/wp\/v2\/media?parent=202204"}],"wp:term":[{"taxonomy":"category","embeddable":true,"href":"https:\/\/sdk.mk\/index.php\/wp-json\/wp\/v2\/categories?post=202204"},{"taxonomy":"post_tag","embeddable":true,"href":"https:\/\/sdk.mk\/index.php\/wp-json\/wp\/v2\/tags?post=202204"}],"curies":[{"name":"wp","href":"https:\/\/api.w.org\/{rel}","templated":true}]}}