{"id":202602,"date":"2023-08-28T13:12:35","date_gmt":"2023-08-28T11:12:35","guid":{"rendered":"https:\/\/sdk.mk\/?p=202602"},"modified":"2023-08-28T13:12:35","modified_gmt":"2023-08-28T11:12:35","slug":"flete-garancioni","status":"publish","type":"post","link":"https:\/\/sdk.mk\/index.php\/dua-te-them\/flete-garancioni\/","title":{"rendered":"FLET\u00cb GARANCIONI"},"content":{"rendered":"<div class=\"f52428582a4b906b2d2e2a7d733c7d27\" data-index=\"7\" style=\"float: none; margin:10px 0 10px 0; text-align:center;\">\n<!-- MSP Ads Asynchronous JS Tag - Generated with Revive Adserver v5.4.1 -->\r\n<ins data-revive-zoneid=\"167\" data-revive-id=\"060fdb01f6430ec164d3519234aa4967\"><\/ins>\r\n<script async src=\"\/\/panel.ads.com.mk\/www\/delivery\/asyncjs.php\"><\/script>\n<\/div>\n<p><span class=\"dropcap color firstcharacter\">1<\/span> Qeveria nuk duhet t\u00eb na siguroj\u00eb me fushat\u00eb se ne jemi Evrop\u00eb. Kishim nj\u00eb fushat\u00eb t\u00eb till\u00eb \u2013 \u201cDielli \u00ebsht\u00eb yll\u201d q\u00eb n\u00eb vitin 2005, kur u b\u00ebm\u00eb kandidat p\u00ebr BE. Nd\u00ebrkoh\u00eb, qindra mij\u00eb qytetar\u00eb t\u00eb Maqedonis\u00eb, tashm\u00eb u shp\u00ebrngul\u00ebn dhe jetojn\u00eb n\u00eb BE, nd\u00ebrsa ne q\u00eb mbet\u00ebn k\u00ebtu n\u00eb shumic\u00eb t\u00eb madhe akoma \u00ebnd\u00ebrrojm\u00eb p\u00ebr BE-n\u00eb.<br \/>\n\u00cbsht\u00eb koha p\u00ebr nj\u00eb fushat\u00eb t\u00eb re: \u201cJo p\u00ebr veto t\u00eb re\u201d. N\u00eb vend ne, qeveria le ta bind\u00eb BE-n\u00eb se, n\u00ebse jan\u00eb t\u00eb sinqert\u00eb kur thon\u00eb se kan\u00eb vendosur t\u00eb zgjerohen edhe n\u00eb Ballkanin Per\u00ebndimor, maqedonasve duhet t\u2019u japin garanc\u00eb se nuk do t\u00eb ket veto t\u00eb re. \u00c7far\u00ebdolloj garance qoft\u00eb, n\u00eb \u00e7far\u00ebdolloj forme. E qeveria mos t\u2019ua pranoj\u00eb m\u00eb justifikimin se askush nuk mund t\u2019u garantoj\u00eb asgj\u00eb. E kemi par\u00eb se, kur BE-ja do, mund t\u00eb jap\u00eb garanc\u00eb. Jan\u00eb mjaft kreativ\u00eb. Do t\u00eb shpikin di\u00e7ka inventive. Kjo \u00ebsht\u00eb politik\u00eb, jo matematik\u00eb.<\/p>\n<p>Atje le t\u2019u hipin mbi kok\u00eb. E jo qeveria t\u00eb b\u00ebj\u00eb luft\u00eb gjakatatre n\u00eb sht\u00ebpi kund\u00ebr t\u00eb gjith\u00ebve q\u00eb k\u00ebrkojm\u00eb garanc\u00eb t\u00eb till\u00eb. Zihu me t\u00eb gjith\u00eb q\u00eb kan\u00eb frik\u00eb se Bullgaria, edhe pas ndryshimit t\u00eb Kushtetut\u00ebs, do t\u00eb vazhdoj\u00eb me insistimin se nuk e pranon ve\u00e7antin\u00eb e popullit maqedonas dhe gjuh\u00ebs maqedonase. Nd\u00ebrsa me bullgarizimin e vlerave t\u00eb BE-s\u00eb, BE-ja do t\u00eb vazhoj\u00eb t\u00eb marr\u00eb pjes\u00eb n\u00eb krijimin e politikave t\u00eb reja dhe krizave t\u00eb reja brenda-politike.<\/p>\n<p>U zum\u00eb, ore, prap\u00eb u nda shoq\u00ebria maqedonase. E prap\u00eb do t\u00eb zihemi.<\/p>\n<p>\u00c7far\u00eb do t\u00eb ndodh\u00eb n\u00ebse do t\u00eb ket\u00eb veto t\u00eb re bullgare? Prap\u00eb do ta ham\u00eb shkopin. E dim\u00eb se presioni vjen drejt nesh. Rregulli \u201cata jan\u00eb brenda, e ju jeni jasht\u00eb\u201d do t\u00eb vlej\u00eb deri sa nuk hym\u00eb n\u00eb BE. N\u00ebse ndonj\u00ebher\u00eb do t\u00eb hym\u00eb. Sipas m\u00ebnyr\u00ebs se si sillet politika zyrtare shtet\u00ebrore n\u00eb Sofje, ata do t\u00eb shpikin veto t\u00eb reja p\u00ebr milion\u00eb tema.<\/p>\n<p>Nuk b\u00ebhet fjal\u00eb p\u00ebr euroskepticiz\u00ebm, por p\u00ebr mosbesim n\u00eb kapacitetin negociues t\u00eb k\u00ebsaj qeverie, e cila na bind\u00eb, se ja, vet\u00ebm edhe bullgar\u00ebt n\u00eb kushtetut\u00eb, dhe nuk do t\u00eb ket\u00eb k\u00ebrkesa t\u00eb tjera. Edhe p\u00ebr mosbesimin ndaj opozit\u00ebs, e cila \u00ebsht\u00eb e sinqert\u00eb kur thot\u00eb se nuk pranon ndryshim t\u00eb Kushtetut\u00ebs n\u00ebn diktimin bullgar. Po, ata e sh\u00ebtisnin Danell\u00ebn n\u00ebp\u00ebr Shkupi dhe e shisnin si kandidate t\u00eb pavarur p\u00ebr kryetare, bashk\u00eb do t\u00eb blinin autobus\u00eb, e ne duhet t\u00eb besojm\u00eb se nes\u00ebr, n\u00ebse ata kan\u00eb shumic\u00eb n\u00eb Kuvend, nuk do ta ndryshojn\u00eb Kushtetut\u00ebn. Po, edhe p\u00ebr BDI-n\u00eb n\u00eb Qeverin\u00eb e par\u00eb t\u00eb Nikolla Gruesvskit thoshin se nuk hyn\u00eb n\u00eb koalicion, e pastaj kur u rregulluan, qeveris\u00ebn p\u00ebr 8 vjet, na b\u00ebn\u00eb copash.<\/p>\n<p>Ashtu q\u00eb, nuk b\u00ebhet fjal\u00eb n\u00ebse do ta ndryshojm\u00eb Kushtetut\u00ebn. Por, n\u00ebse BE-ja do t\u00eb sigurohet q\u00eb t\u00eb mos ket\u00eb veto t\u00eb re bullgare q\u00eb do t\u2019i p\u00ebrbuz\u00eb maqedonasit?<\/p>\n<p>\u00cbsht\u00eb e thjesht\u00eb. \u00c7mimi q\u00eb k\u00ebsaj here do t\u00eb duhet t\u00eb paguajm\u00eb vet\u00ebm q\u00eb t\u2019i nisim negociatat, por jo edhe q\u00eb t\u00eb hym\u00eb n\u00eb BE, \u00ebsht\u00eb tep\u00ebrsisht i lart\u00eb p\u00ebr ne. Tashm\u00eb nuk jemi n\u00eb gjendje t\u00eb paguajm\u00eb shum\u00eb shrenjt\u00eb p\u00ebr di\u00e7ka q\u00eb nuk e dim\u00eb a do ta fitojm\u00eb pa marr\u00eb nj\u00eb flet\u00eb garancioni. Nuk k\u00ebrkojm\u00eb lirim. Vet\u00ebm flet\u00eb garancioni.<\/p>\n<p>Dometh\u00ebn\u00eb, ne do ta ndryshojm\u00eb Kuhstuetut\u00ebn, e ju t\u00eb garantoni se nuk do t\u00eb ket\u00eb veto t\u00eb re nga Bullgaria.<\/p>\n<p>Vet\u00ebm k\u00ebt\u00eb gj\u00eb e k\u00ebrkojm\u00eb nga BE-ja, e ta p\u00ebrfudojm\u00eb m\u00eb at\u00eb histori. E q\u00eb \u201cNe jemi Evrop\u00eb\u201d, &#8211; jemi.<\/p>\n<p><span class=\"dropcap color firstcharacter\">2<\/span> Puna q\u00eb diplomati i lart\u00eb amerikan Gabriel Eskobar s\u00ebrish erdhi t\u00eb jap\u00eb mb\u00ebshtetje p\u00ebr BE-n\u00eb \u00ebsht\u00eb di\u00e7ka e papritur. Amerikan\u00ebt jan\u00eb s\u00ebrish k\u00ebtu, sipas zakonit, t\u00eb k\u00ebrkojn\u00eb ta rregullojn\u00eb pun\u00ebn q\u00eb BE-ja ia shkaktoi Ballkanit. Jo se na duan shum\u00eb. Por q\u00eb t\u2019i mbrojn\u00eb interesat e tyre. T\u00eb sigurojn\u00eb stabilitet p\u00ebr Evrop\u00ebn juglindore. Konsiderojn\u00eb se p\u00ebr k\u00ebt\u00eb gj\u00eb u duhet nj\u00eb Maqedoni stabile dhe me prosperitet, e cila tashm\u00eb \u00ebsht\u00eb partner strategjik i SHBA-s\u00eb. E p\u00ebr momentin, shohin se k\u00ebt\u00eb mund t\u00eb na e siguroj\u00eb vet\u00ebm an\u00ebtar\u00ebsimi n\u00eb BE.<br \/>\nEdhe ne ashtu mendojm\u00eb.<\/p>\n<p>Nga pavar\u00ebsimi e deri m\u00eb tani, SHBA-ja ka qen\u00eb gjithmon\u00eb k\u00ebtu kur Evropa e prishte pun\u00ebn. N\u00eb 1993 bashk\u00eb me britanik\u00ebt ia dol\u00ebn t\u00eb na fusin n\u00eb OKB, pasi paraprakisht Bashk\u00ebsia e at\u00ebhershme evropiane me t\u00eb ashtuquajtur\u00ebn Deklatat\u00eb t\u00eb Lisbon\u00ebs vendosi asnj\u00ebher\u00eb t\u00eb mos pranoj\u00eb ndonj\u00eb shtet q\u00eb mban fjal\u00ebn Maqedoni. N\u00eb 1995 m\u00eb dhun\u00eb menaxhuan embargo greke. N\u00eb 2001 na e shkruan Marr\u00ebveshjen korniz\u00eb q\u00eb t\u00eb parandalohet q\u00eb konflikti me U\u00c7K-n\u00eb t\u00eb rritet n\u00eb nj\u00eb luft\u00eb t\u00eb madhe dhe t\u00eb gjat\u00eb civile. N\u00eb 2017 na e shkruan Marr\u00ebveshjen e Presp\u00ebs dhe fill pas saj, si\u00e7 premtuan, na fut\u00ebn n\u00eb NATO. Tani thon\u00eb \u2013 Hajde disi t\u2019ju futim n\u00eb BE q\u00eb t\u00eb kemi nj\u00eb problem m\u00eb pak n\u00eb krahun jugor t\u00eb NATO-s.<\/p>\n<p>Ata e shohin interesin e tyre. Dhe p\u00ebrderisa interesi yn\u00eb p\u00ebrputhet me t\u00eb tyrin, at\u00ebher\u00eb jemi OK.<\/p>\n<p><span class=\"dropcap color firstcharacter\">3<\/span> Por, kujt t\u2019ia thuash? Hristijan Mickoskit, lider i tanish\u00ebm i VMRO-DPMNE-s\u00eb q\u00eb shpik se e gjith\u00eb bota dhe e gjith\u00eb Evropa shpikin konspiracione kund\u00ebr partis\u00eb s\u00eb tij? Se nj\u00eb diplomat i lart\u00eb amerikan \u00ebsht\u00eb i gatsh\u00ebm ta ndez\u00eb avionin nga Uashingtoni, t\u00eb harxhoj\u00eb dy dit\u00eb t\u00eb karrier\u00ebs s\u00eb tij profesionale n\u00eb Shkup, vet\u00ebm q\u00eb t\u2019ua b\u00ebj\u00eb qejfin Dimitar Kova\u00e7evskit dhe Bujar Osmanit? Pse? Q\u00eb t\u2019u b\u00ebj\u00eb tortur\u00eb deputet\u00ebve t\u00eb opozit\u00ebs.<br \/>\nEh, ai Hristijan Mickoski tashm\u00eb e sheh veten si kryeminist\u00ebr i ardhsh\u00ebm.<\/p>\n<p>\u00cbsht\u00eb pak e paskrupullt t\u00eb thuash se nuk e pranon ndryshimin e Kushtetut\u00ebs n\u00ebn diktimin bullgar, e t\u00eb mos thuash n\u00ebse do ta ndryshosh fare Kushtetut\u00ebn. Dhe nuk mund t\u00eb thuash \u2013 do t\u2019ju them, po si fillim t\u00eb fitoj n\u00eb zgjedhje.<br \/>\nNa trego, Mickoski, para zgjedhjeve, q\u00eb ta dim\u00eb. A do t\u2019i fusni apo jo bullgar\u00ebt n\u00eb Kushtetut\u00eb?<br \/>\nApo, n\u00ebse nuk e ndryshoni Kushtetut\u00ebn n\u00ebn k\u00ebto kushte, n\u00ebn cilat kushte do ta b\u00ebni?<\/p>\n<p>Por, k\u00ebshtu \u00ebsht\u00eb Mickoski dhe k\u00ebshtu \u00ebsht\u00eb VMRO-DPMNE-ja. P\u00ebr shtat\u00eb vjet e prit\u00ebm Mickoskin t\u00eb thot\u00eb di\u00e7ka konkrete. Si p\u00ebr referendumin p\u00ebr ndryshimin e emrit. Do ta bllokoj\u00eb, do t\u00eb thot\u00eb \u201ck\u00ebt\u00eb ne nuk e b\u00ebjm\u00eb\u201d. E nd\u00ebrkoh\u00eb, nuk tregon se \u00e7far\u00eb do t\u00eb b\u00ebj\u00eb. Ata jan\u00eb kund\u00ebr \u201cgjith\u00e7kaje\u201d, e nuk thon\u00eb se \u201cp\u00ebr\u201d \u00e7far\u00eb jan\u00eb.<\/p>\n<p>Para nj\u00eb muaji deputet\u00ebt e tij nuk votuan p\u00ebr Ligjin p\u00ebr p\u00ebrdorimin e gjuh\u00ebs maqedonase. As vet\u00eb ata nuk e dine p\u00ebrse. Patriot\u00eb t\u00eb m\u00ebdhenj t\u00eb shqet\u00ebsuar p\u00ebr maqedonizmin. Hajde, p\u00ebr at\u00eb q\u00eb nuk votuan \u2013 mund t\u00eb thuhet se nuk votuan nga inati. Por, pse nuk votuan, vall\u00eb p\u00ebr Ligjin p\u00ebr kufizimin e interesit q\u00eb t\u00eb mos mund ta tejkalojn\u00eb borxhin baz\u00eb? Thua me vete, hajde, ndoshta p\u00ebr t\u00eb tjer\u00ebt nuk u b\u00ebhet von\u00eb, por si mundet q\u00eb votuesve t\u00eb tyre t\u00eb mos u shpjegojn\u00eb se nuk \u00ebsht\u00eb keq t\u00eb jetojn\u00eb n\u00eb skllav\u00ebri borxhesh? Dhe m\u00eb interesantja, si munden k\u00ebta t\u2019u besojn\u00eb?<\/p>\n<p>Oh moj n\u00ebn\u00eb. P\u00ebr cil\u00ebt votues po flasim? P\u00ebr ata t\u00eb cil\u00ebve ambasadorja amerikane u jep tejet r\u00ebnd\u00ebsi kur thot\u00eb se qytetar\u00ebt duhet t\u2019u b\u00ebjn\u00eb presion politikan\u00ebve q\u00eb t\u2019u sigurojn\u00eb ardhm\u00ebri evropiane. Cil\u00ebt qytetar\u00eb? Ata q\u00eb ende e p\u00ebrmendin Nikolla Gruevskin n\u00eb anketat p\u00ebr rejting t\u00eb politikan\u00ebve? Ai rri atje, n\u00eb BE, dhe q\u00eb aty si ndonj\u00eb profet shkruan publikime analfabete n\u00eb Facebook me t\u00eb cil\u00ebt e saboton procesin evropian. Kurse BE-ja, e cila na shet vlera evropiane, na e mbron kryeministrin t\u00eb cilin e p\u00ebrndjekim se e ka pla\u00e7kitur shtetin.<\/p>\n<p><span class=\"dropcap color firstcharacter\">4<\/span> Ende nuk ka asnj\u00eb lloj gjykimi kund\u00ebr Nikolla Gruevskit dhe funksionar\u00ebt e lart\u00eb t\u00eb dyshuar p\u00ebr larjen e 4,3 milion\u00eb eurove me vjedhje t\u00eb numrave am\u00eb p\u00ebr an\u00ebtar\u00ebsin\u00eb e VMRO-DPMNE-s\u00eb. Njer\u00ebzit kan\u00eb dh\u00ebn\u00eb donacione nga 300.000 denar\u00eb, por nuk e kan\u00eb ditur. Procesi po rrjedh tashm\u00eb p\u00ebr vitin e pest\u00eb me radh\u00eb, n\u00eb gjykat\u00ebn themelore, n\u00eb shkall\u00ebn e par\u00eb.<br \/>\nProkurorja n\u00eb k\u00ebt\u00eb rast \u00ebsht\u00eb Len\u00e7e Ristovska. Nga koha kur ajo e paraqiti akuz\u00ebn e PSP-s\u00eb, ajo nd\u00ebrkoh\u00eb u dashurua, lindi binjak\u00eb, kaloi pushimin e lehonis\u00eb, f\u00ebmij\u00ebve u festoi dit\u00eblindjen e par\u00eb, nd\u00ebrsa gjykimi rridhte me prokuror t\u00eb dyt\u00eb\u2026<\/p>\n<p>Ja ku \u00ebsht\u00eb Len\u00e7ja, u kthye n\u00eb pun\u00eb, p\u00ebrs\u00ebri hyri n\u00eb gjykat\u00eb dhe si t\u00eb mos kishte ndodhur asgj\u00eb. Gjyqi ende d\u00ebgjon d\u00ebshmitar\u00eb.<\/p>\n<p>Ne jemi tash n\u00eb Evrop\u00eb. Gjykat\u00ebsit do t\u00eb jen\u00eb m\u00eb t\u00eb p\u00ebrdit\u00ebsuar kur do t\u00eb hyn\u00eb n\u00eb BE.<\/p>\n<p><span class=\"dropcap color firstcharacter\">5<\/span> Shkupi mban er\u00ebn e nj\u00eb kontejneri t\u00eb lagur dhe jasht\u00ebqitje t\u00eb qenit, mbytet n\u00eb tym prej deponive t\u00eb djegura, qent\u00eb e pastreh\u00eb na han\u00eb n\u00ebp\u00ebr rrug\u00eb, nuk ka transport t\u00eb rregullt publik, qendra e qytetit po shkat\u00ebrrohet, nj\u00eb ur\u00eb \u00ebsht\u00eb mbyllur, tjetra nuk \u00ebsht\u00eb l\u00ebshuar p\u00ebr komunikacion, nd\u00ebrsa kryetarja Danella Arsovska do ta kthej\u00eb p\u00ebrmendoren e Qoses dhe do t\u2019i ndryshoj\u00eb emrat e rrug\u00ebve. E ka dh\u00ebn\u00eb iniciativ\u00eb deri te K\u00ebshilli, Qosja t\u00eb mos jet\u00eb te gjykat\u00ebsit prej ku e hoqi Petre Shilegovi, por n\u00eb ndonj\u00eb lokacion tjet\u00ebr. Zot, o Zot, \u00e7far\u00eb qasje serioze ka n\u00eb menaxhimin e kryeqytetit. Gjith\u00e7ka sipas procedur\u00ebs.<br \/>\nKush u ka faj k\u00ebtyre t\u00eb LSDM-s\u00eb q\u00eb nuk e shkrin\u00eb Qosen n\u00eb hekur t\u00eb vjet\u00ebr. Ah bre, s\u00eb paku at\u00eb pun\u00eb ta mbaronin deri n\u00eb fund, t\u00eb mos mbetej asnj\u00eb gjurm\u00eb nga Qosja.<\/p>\n<p>Por, Danella mund ta marr\u00eb Qosen dhe ta vendos\u00eb n\u00eb lokacion tjet\u00ebr. Ja, le ta vendos\u00eb para sht\u00ebpis\u00eb s\u00eb saj, aty le t\u2019i p\u00ebrulet bashk\u00eb me ata t\u00eb VMRO-s\u00eb q\u00eb e soll\u00ebn n\u00eb pushtet. E n\u00ebse prap\u00eb ndryshon emrat e rrug\u00ebve, le ta ndryshoj\u00eb vet\u00ebm emrin e rrug\u00ebs s\u00eb saj. E ajo pastaj le t\u00eb shkoj\u00eb t\u00eb ndryshoj\u00eb dokumente me adres\u00ebn e re.<\/p>\n<p><em><strong>P\u00ebrktheu: Fjolla Zllatku<\/strong><\/em><\/p>\n\n<div style=\"font-size: 0px; height: 0px; line-height: 0px; margin: 0; padding: 0; clear: both;\"><\/div>","protected":false},"excerpt":{"rendered":"<p>Qeveria nuk duhet t\u00eb na siguroj\u00eb me fushat\u00eb se ne jemi Evrop\u00eb. Kishim nj\u00eb fushat\u00eb t\u00eb till\u00eb \u2013 \u201cDielli \u00ebsht\u00eb [&hellip;]<\/p>\n","protected":false},"author":25,"featured_media":0,"comment_status":"closed","ping_status":"closed","sticky":false,"template":"","format":"standard","meta":{"_mo_disable_npp":"no","inline_featured_image":false},"categories":[1825],"tags":[],"imageURL":false,"thumbURL":false,"categoryNames":["DUA T\u00cb THEM"],"feature_caption":"","subtitle":"Ne do ta ndryshojm\u00eb Kushtetut\u00ebn, po ju t\u00eb garantoni se do t\u00eb ket\u00eb veto t\u00eb re nga Bullgaria. Vet\u00ebm k\u00ebt\u00eb gj\u00eb e k\u00ebrkojm\u00eb nga BE-ja dhe le t\u00eb mbarojm\u00eb m\u00eb me at\u00eb histori.","views":"58","source":"Shkup, (SAKAMDAKAZAM.MK) ","yoast_head":"<!-- This site is optimized with the Yoast SEO Premium plugin v15.0 - https:\/\/yoast.com\/wordpress\/plugins\/seo\/ -->\n<title>FLET\u00cb GARANCIONI - \u0421\u0430\u043a\u0430\u043c \u0414\u0430 \u041a\u0430\u0436\u0430\u043c<\/title>\n<meta name=\"robots\" content=\"index, follow, max-snippet:-1, max-image-preview:large, max-video-preview:-1\" \/>\n<link rel=\"canonical\" href=\"https:\/\/sdk.mk\/index.php\/dua-te-them\/flete-garancioni\/\" \/>\n<meta property=\"og:locale\" content=\"mk_MK\" \/>\n<meta property=\"og:type\" content=\"article\" \/>\n<meta property=\"og:title\" content=\"FLET\u00cb GARANCIONI - \u0421\u0430\u043a\u0430\u043c \u0414\u0430 \u041a\u0430\u0436\u0430\u043c\" \/>\n<meta property=\"og:description\" content=\"Qeveria nuk duhet t\u00eb na siguroj\u00eb me fushat\u00eb se ne jemi Evrop\u00eb. Kishim nj\u00eb fushat\u00eb t\u00eb till\u00eb \u2013 \u201cDielli \u00ebsht\u00eb [&hellip;]\" \/>\n<meta property=\"og:url\" content=\"https:\/\/sdk.mk\/index.php\/dua-te-them\/flete-garancioni\/\" \/>\n<meta property=\"og:site_name\" content=\"\u0421\u0430\u043a\u0430\u043c \u0414\u0430 \u041a\u0430\u0436\u0430\u043c\" \/>\n<meta property=\"article:published_time\" content=\"2023-08-28T11:12:35+00:00\" \/>\n<meta property=\"og:image\" content=\"https:\/\/sdk.mk\/wp-content\/uploads\/2015\/12\/goran-mihailovski2.jpg\" \/>\n\t<meta property=\"og:image:width\" content=\"400\" \/>\n\t<meta property=\"og:image:height\" content=\"313\" \/>\n<meta property=\"fb:app_id\" content=\"2407985809428537\" \/>\n<meta name=\"twitter:card\" content=\"summary\" \/>\n<script type=\"application\/ld+json\" class=\"yoast-schema-graph\">{\"@context\":\"https:\/\/schema.org\",\"@graph\":[{\"@type\":\"WebSite\",\"@id\":\"https:\/\/sdk.mk\/#website\",\"url\":\"https:\/\/sdk.mk\/\",\"name\":\"\\u0421\\u0430\\u043a\\u0430\\u043c \\u0414\\u0430 \\u041a\\u0430\\u0436\\u0430\\u043c\",\"description\":\"\\u0417\\u0430 \\u0441\\u043b\\u043e\\u0431\\u043e\\u0434\\u043e\\u0443\\u043c\\u043d\\u0438\",\"potentialAction\":[{\"@type\":\"SearchAction\",\"target\":\"https:\/\/sdk.mk\/?s={search_term_string}\",\"query-input\":\"required name=search_term_string\"}],\"inLanguage\":\"mk-MK\"},{\"@type\":\"WebPage\",\"@id\":\"https:\/\/sdk.mk\/index.php\/dua-te-them\/flete-garancioni\/#webpage\",\"url\":\"https:\/\/sdk.mk\/index.php\/dua-te-them\/flete-garancioni\/\",\"name\":\"FLET\\u00cb GARANCIONI - \\u0421\\u0430\\u043a\\u0430\\u043c \\u0414\\u0430 \\u041a\\u0430\\u0436\\u0430\\u043c\",\"isPartOf\":{\"@id\":\"https:\/\/sdk.mk\/#website\"},\"datePublished\":\"2023-08-28T11:12:35+00:00\",\"dateModified\":\"2023-08-28T11:12:35+00:00\",\"author\":{\"@id\":\"https:\/\/sdk.mk\/#\/schema\/person\/737021aeacbe893f7e2c347186c5c7a1\"},\"inLanguage\":\"mk-MK\",\"potentialAction\":[{\"@type\":\"ReadAction\",\"target\":[\"https:\/\/sdk.mk\/index.php\/dua-te-them\/flete-garancioni\/\"]}]},{\"@type\":\"Person\",\"@id\":\"https:\/\/sdk.mk\/#\/schema\/person\/737021aeacbe893f7e2c347186c5c7a1\",\"name\":\"\\u0424\\u0458\\u043e\\u043b\\u0430 \\u0417\\u043b\\u0430\\u0442\\u043a\\u0443\"}]}<\/script>\n<!-- \/ Yoast SEO Premium plugin. -->","_links":{"self":[{"href":"https:\/\/sdk.mk\/index.php\/wp-json\/wp\/v2\/posts\/202602"}],"collection":[{"href":"https:\/\/sdk.mk\/index.php\/wp-json\/wp\/v2\/posts"}],"about":[{"href":"https:\/\/sdk.mk\/index.php\/wp-json\/wp\/v2\/types\/post"}],"author":[{"embeddable":true,"href":"https:\/\/sdk.mk\/index.php\/wp-json\/wp\/v2\/users\/25"}],"replies":[{"embeddable":true,"href":"https:\/\/sdk.mk\/index.php\/wp-json\/wp\/v2\/comments?post=202602"}],"version-history":[{"count":0,"href":"https:\/\/sdk.mk\/index.php\/wp-json\/wp\/v2\/posts\/202602\/revisions"}],"wp:attachment":[{"href":"https:\/\/sdk.mk\/index.php\/wp-json\/wp\/v2\/media?parent=202602"}],"wp:term":[{"taxonomy":"category","embeddable":true,"href":"https:\/\/sdk.mk\/index.php\/wp-json\/wp\/v2\/categories?post=202602"},{"taxonomy":"post_tag","embeddable":true,"href":"https:\/\/sdk.mk\/index.php\/wp-json\/wp\/v2\/tags?post=202602"}],"curies":[{"name":"wp","href":"https:\/\/api.w.org\/{rel}","templated":true}]}}