{"id":203037,"date":"2023-09-04T14:34:06","date_gmt":"2023-09-04T12:34:06","guid":{"rendered":"https:\/\/sdk.mk\/?p=203037"},"modified":"2023-09-04T14:34:06","modified_gmt":"2023-09-04T12:34:06","slug":"muhabet-barcaletash","status":"publish","type":"post","link":"https:\/\/sdk.mk\/index.php\/dua-te-them\/muhabet-barcaletash\/","title":{"rendered":"MUHABET BARCALETASH"},"content":{"rendered":"<div class=\"f52428582a4b906b2d2e2a7d733c7d27\" data-index=\"7\" style=\"float: none; margin:10px 0 10px 0; text-align:center;\">\n<!-- MSP Ads Asynchronous JS Tag - Generated with Revive Adserver v5.4.1 -->\r\n<ins data-revive-zoneid=\"167\" data-revive-id=\"060fdb01f6430ec164d3519234aa4967\"><\/ins>\r\n<script async src=\"\/\/panel.ads.com.mk\/www\/delivery\/asyncjs.php\"><\/script>\n<\/div>\n<p><span class=\"dropcap color firstcharacter\">1<\/span> Apo, an\u00ebtar\u00ebt e Komisionit p\u00ebr antikorrupsion nuk b\u00ebnin p\u00ebr at\u00eb pun\u00eb? Apo, zv.kryeministri Artan Grubi, para dy muajve thoshte se \u201cka dyshime n\u00eb kapacitetet\u201d e njer\u00ebzve t\u00eb Antikorrupsionit? Si tani, ministri Bujar Osmani k\u00ebrkon prej atyre, p\u00ebr t\u00eb cil\u00ebt Artan Grubi thot\u00eb se nuk kan\u00eb kapacitet, t\u00eb thon\u00eb se ai b\u00ebn dhe se gjith\u00e7ka ka qen\u00eb sipas ligjit kur ka zgjedhur firm\u00ebn p\u00ebr nd\u00ebrhyrje nd\u00ebrtimore, p\u00ebr t\u00eb cil\u00ebn prej mediave ka m\u00ebsuar se ka qen\u00eb donatore e partis\u00eb s\u00eb tij BDI? Si, bashk\u00ebpartiaku i tij Artan Grubi thot\u00eb se Antikorrupsioni deri m\u00eb tani nuk ka p\u00ebrpunuar \u201cas edhe nj\u00eb rast\u201d, kurse ai mu nga ata \u201ct\u00eb paaft\u00ebt\u201d k\u00ebrkon p\u00ebr \u201cngjarjen m\u00eb t\u00eb r\u00ebnd\u00ebsishme t\u00eb karrier\u00ebs s\u00eb tij t\u00eb mos ket\u00eb as edhe nj\u00eb njoll\u00eb\u201d urgjentisht t\u00eb hetojn\u00eb se si salla \u201cBoris Trajkovski\u201d p\u00ebr samitin e OSBE-s\u00eb do t\u00eb rregullohet nga nj\u00eb firm\u00eb, e cila, n\u00eb m\u00ebnyra t\u00eb ndryshme, kush p\u00ebrmes nj\u00eb personi juridik, kush m\u00eb vete si burr\u00eb apo grua shefa, kan\u00eb donuar p\u00ebr partin\u00eb e tij mbi 100.000 euro?<\/p>\n<p>Osmani thot\u00eb se aspak nuk ka qen\u00eb i lumtur kur ka lexuar n\u00eb media se kush e ka fituar tenderin p\u00ebr adaptimin e sall\u00ebs \u201cBoris Trajkovski\u201d. Por, \u00e7\u2019t\u00eb b\u00ebj\u00eb. Ligji i shkret\u00eb nuk lejon q\u00eb tenderin ta fitoj\u00eb ndonj\u00eb firm\u00eb tjet\u00ebr, kur pik\u00ebrisht donatori i BDI-s\u00eb ka pasur ofert\u00ebn m\u00eb t\u00eb lir\u00eb. Gjith\u00e7ka sipas ligjit. P\u00ebr m\u00eb tep\u00ebr q\u00eb, Osmani as q\u00eb e ka ditur se firma \u00ebsht\u00eb donatore e partis\u00eb. Fat q\u00eb e ka lexuar, e tani e di. Paramendo mos ta kishte lexuar. Do t\u00eb jetonte n\u00eb rren\u00ebn se vet\u00ebm firmat e maqedonasve fitojn\u00eb tender\u00eb t\u00eb qeveris\u00eb.<\/p>\n<p>P\u00ebr \u00e7udi, k\u00ebt\u00eb her\u00eb nuk u paraqit me deklarat\u00eb ministresha p\u00ebr qeverisje t\u00eb mir\u00eb Sllavica G\u00ebrkovska. Prisja t\u2019i jepte Osmanit nj\u00eb v\u00ebrejtje, por ia kaloi kryeministri Dimitar Kova\u00e7evski, i cili e mbrojti ministrin e pun\u00ebve t\u00eb jashtme. Kryeministri nuk sheh asgj\u00eb t\u00eb kontestueshme n\u00eb zgjedhjen e firm\u00ebs-donatore p\u00ebr partnerin e koalicionit. Q\u00eb kur shefi thot\u00eb: \u201cGjith\u00e7ka sipas ligjit, shef\u201d, at\u00ebher\u00eb as ministresha p\u00ebr qeverisje t\u00eb mir\u00eb nuk duhet t\u00eb p\u00ebrzihet n\u00eb pun\u00ebn e tij.<\/p>\n<p>Kova\u00e7evski thot\u00eb se \u201cdo t\u00eb ishte e dyshimt\u00eb p\u00ebrderisa dikush \u00ebsht\u00eb donator i nj\u00eb partie politike dhe fiton tender me \u00e7mimin m\u00eb t\u00eb lart\u00eb, e jo me m\u00eb t\u00eb ul\u00ebt. Dhe se \u201cdo t\u00eb ishte edhe m\u00eb e dyshimt\u00eb n\u00ebse dikush fiton tender, \u00ebsht\u00eb donator i nj\u00eb partie politike, por nuk \u00ebsht\u00eb regjistruar se \u00ebsht\u00eb donator\u201d.<\/p>\n<p>E m\u00eb e dyshimta nga t\u00eb gjitha \u00ebsht\u00eb kur kryeministri do ta mbroj\u00eb procedur\u00ebn e tenderit me argumentet q\u00eb jan\u00eb ofenduese p\u00ebr inteligjenc\u00ebn.<\/p>\n<p><span class=\"dropcap color firstcharacter\">2<\/span> E q\u00eb kur pa turp e usull normalizojn\u00eb vjedhje t\u00eb parave t\u00eb shtetit, neve edhe <strong>tribinat<\/strong> na mungojn\u00eb. Mezi pres t\u00eb dal n\u00eb shesh dhe t\u00eb m\u00ebsoj nga Bojan Mari\u00e7iqi se \u00e7far\u00eb \u00ebsht\u00eb BE-ja. T\u00eb g\u00ebzohem kur Dimitar Kova\u00e7evski do t\u00eb m\u00eb thot\u00eb se, vet\u00ebm duhet t\u2019i v\u00ebm\u00eb bullgar\u00ebt n\u00eb Kushtetut\u00eb dhe n\u00eb 2023, t\u00eb par\u00ebt n\u00eb rajon do t\u00eb futemi n\u00eb BE. Dhe me v\u00ebmendje ta d\u00ebgjoj Bujar Osmanin, si p\u00ebrkthen me fjal\u00ebt e tija se \u00e7far\u00eb ka th\u00ebn\u00eb Makroni p\u00ebr Evrop\u00ebn me shpejt\u00ebsi t\u00eb ndryshme dhe nevoja q\u00eb \u201cBE-ja t\u00eb reformohet para se t\u00eb zgjerohet\u201d.<\/p>\n<p>Viti i dyt\u00eb shkollor filon pa libra shkollor\u00eb. Edhe k\u00ebt\u00eb vit nuk ka asistent\u00eb p\u00ebr nx\u00ebn\u00ebsit me nevoja t\u00eb ve\u00e7anta. E t\u00eb mos filloj t\u00eb num\u00ebroj t\u00eb gjitha gj\u00ebrat q\u00eb mungojn\u00eb e q\u00eb m\u00eb pengojn\u00eb. M\u00eb besoni q\u00eb m\u00eb vjen m\u00ebrzi m\u00eb t\u00eb jap shembuj t\u00eb gj\u00ebrave q\u00eb qeveria duhej t\u00eb b\u00ebnte n\u00eb k\u00ebt\u00eb mandat e q\u00eb nuk b\u00ebri, nd\u00ebrkoh\u00eb q\u00eb mund ta kishte b\u00ebr\u00eb edhe pa parat\u00eb e BE-s\u00eb dhe pa e ndryshuar Kushtetut\u00ebn. Na e harxhuan koh\u00ebn duke aktruar para BE-s\u00eb se kan\u00eb arritur ben\u00e7marke. E kan\u00eb m\u00eb me r\u00ebnd\u00ebsi t\u2019u shkojn\u00eb p\u00ebr shtat t\u00eb huajve dhe t\u00eb mos e hidh\u00ebrojn\u00eb Bullgarin\u00eb, sesa neve k\u00ebtu t\u00eb na mund\u00ebsojn\u00eb jet\u00eb m\u00eb cil\u00ebsore. \u00c7far\u00eb thot\u00eb m\u00ebsuesja, at\u00eb do ta b\u00ebjm\u00eb. Nd\u00ebrsa m\u00ebsuesja nuk \u00ebsht\u00eb shum\u00eb e qart\u00eb se \u00e7far\u00eb k\u00ebrkon.<\/p>\n<p><span class=\"dropcap color firstcharacter\">3<\/span> Isha n\u00eb Forumin strategjik n\u00eb Bled dhe po e ndiqja debatin e lider\u00ebve p\u00ebr ardhm\u00ebrin\u00eb e BE-s\u00eb, ku merrnin pjes\u00eb kryeministrat e shteteve t\u00eb Ballkanit Per\u00ebndimor dhe kryeministrat e Kroacis\u00eb dhe Bullgaris\u00eb.<br \/>\nDebati u kthye n\u00eb muhabet barcaletash. T\u00eb gjith\u00eb tregonin barcaleta p\u00ebr zgjerimin e BE-s\u00eb. Me th\u00ebn\u00eb t\u00eb drejt\u00ebn, t\u00eb gjitha mbledhit\u00eb e tilla t\u00eb viteve t\u00eb funidt ngjasojn\u00eb me gara n\u00eb tregimin e barcaletave n\u00eb t\u00eb cilat fiton Edi Rama, por edhe t\u00eb tjer\u00ebt p\u00ebrpiqen t\u00eb shkaktojn\u00eb t\u00eb qeshura n\u00eb publik, sidomos q\u00eb kur barcaleta m\u00eb e madhe ishte veoja e Bullgaris\u00eb me t\u00eb cil\u00ebn u bllokua eurointegrimi n\u00eb Ballkanin Per\u00ebndimor.<\/p>\n<p>Nj\u00eb baracalet\u00eb tregoi edhe kryeministri i ri i Bullgaris\u00eb Nikollaj Denkov. Ai tha se zgjerimi i BE-s\u00eb nuk duhet par\u00eb vet\u00ebm nga aspekti gjeostrategjik si nj\u00eb rajon gjeografik i Evrop\u00ebs, por edhe si nj\u00eb total vlerash.<\/p>\n<p>\u00cbsht\u00eb barcalet\u00eb e mir\u00eb kur nj\u00eb kryeminist\u00ebr bullgar t\u00eb flet p\u00ebr vlera. Vler\u00eb \u00ebsht\u00eb kur nuk respekton t\u00eb drejt\u00ebn p\u00ebr vet\u00ebp\u00ebrcaktim, t\u00eb ekzistenc\u00ebs s\u00eb nj\u00eb populli dhe nj\u00eb gjuhe. Vler\u00eb \u00ebsht\u00eb kur nuk respekton t\u00eb drejt\u00ebn e pakicave brenda shtetit. Vler\u00eb \u00ebsht\u00eb kur nuk respekton aktgjykimet e Gjykat\u00ebs p\u00ebr mbrojtjen e t\u00eb drejtave t\u00eb njeriut n\u00eb Strasburg.<\/p>\n<p>Bullgaria \u00ebsht\u00eb edhe shembull se si n\u00eb BE ekzekutohet drejt\u00ebsia. N\u00eb m\u00ebnyr\u00eb shum\u00eb efikase. Kriminel\u00ebt e ndajn\u00eb drejt\u00ebsin\u00eb sipas mendjes s\u00eb tyre. Kriminel\u00ebt rrahin kriminel\u00ebt e tjer\u00eb. Dhe t\u00eb gjith\u00eb jan\u00eb t\u00eb lumtur me rezultatet. K\u00ebshtu sigurohet sundimi i t\u00eb drejt\u00ebs dhe qasja n\u00eb drejt\u00ebsi.<\/p>\n<p>P\u00ebr shkak t\u00eb k\u00ebtyre vlerave, Bullgaria tani \u00ebsht\u00eb n\u00eb BE. Jo p\u00ebr shkak t\u00eb gjeografis\u00eb dhe interesave gjeostrategjik\u00eb t\u00eb SHBA-s\u00eb dhe shteteve t\u00eb m\u00ebdha evropiane.<\/p>\n<p><span class=\"dropcap color firstcharacter\">4<\/span> Do t\u00eb doja t\u00eb kisha dhe un\u00eb optimizmin e Kova\u00e7evskit, Osmanit dhe Mari\u00e7iqit. Por, si? Deri m\u00eb tash, pas pyetjes p\u00ebr zgjerimin e BE-s\u00eb, vlente rregulli: Nuk ju pranojm\u00eb deri sa t\u00eb reformoheni. Tani ka vet\u00ebm edhe nj\u00eb rregull me nj\u00eb komplikim tjet\u00ebr: Nuk jo pranojm\u00eb deri sa edhe ne nuk reformohemi.<br \/>\nT\u00eb pakt\u00ebn gjenerata ime e harxhoi jet\u00ebn duke pritur reformat e BE-s\u00eb q\u00eb t\u00eb mund t\u00eb pranoj\u00eb an\u00ebtare t\u00eb reja.<\/p>\n<p>BE ka agresion rus dhe nj\u00eb luft\u00eb t\u00eb tmerrshme p\u00ebrgjat\u00eb gjith\u00eb kufirit lindor, e mban Ballkanin t\u00eb izoluar dhe jostabil si nj\u00eb vrim\u00eb e zez\u00eb n\u00eb mes t\u00eb Evrop\u00ebs. E n\u00eb vend t\u00eb punojn\u00eb n\u00eb kohezion dhe forcim t\u00eb Bashkimit, t\u00eb sigurojn\u00eb stabilitet, ata tallen \u2013 t\u2019ju pranojm\u00eb, por mos ju pranojm\u00eb, samit formal, e pastaj joformal, forum p\u00ebr reformat tuaja, forum p\u00ebr reformat tona, vetoja \u00ebsht\u00eb e mundur p\u00ebr gjith\u00e7ka dhe n\u00eb \u00e7do koh\u00eb, tani kemi zgjedhje k\u00ebtu, nes\u00ebr do t\u00eb kemi zgjedhje atje&#8230;Do t\u00eb debatojm\u00eb p\u00ebr reforma t\u00eb reja eventuale p\u00ebr zgjerim, pas t\u00eb cilave eventualisht do t\u00eb mund t\u00eb zgjerohemi&#8230;<\/p>\n<p>Sikur t\u00eb mos ishin duke e par\u00eb se \u00e7far\u00eb po ndodh. A thua se nuk kan\u00eb kontakt me realitetin. A thua se BE-ja ka ngecur n\u00eb koh\u00eb.<\/p>\n<p><strong><em>P\u00ebrktheu: Fjolla Zllatku<\/em><\/strong><\/p>\n<p>&nbsp;<\/p>\n\n<div style=\"font-size: 0px; height: 0px; line-height: 0px; margin: 0; padding: 0; clear: both;\"><\/div>","protected":false},"excerpt":{"rendered":"<p>Apo, an\u00ebtar\u00ebt e Komisionit p\u00ebr antikorrupsion nuk b\u00ebnin p\u00ebr at\u00eb pun\u00eb? Apo, zv.kryeministri Artan Grubi, para dy muajve thoshte se [&hellip;]<\/p>\n","protected":false},"author":25,"featured_media":0,"comment_status":"closed","ping_status":"closed","sticky":false,"template":"","format":"standard","meta":{"_mo_disable_npp":"no","inline_featured_image":false},"categories":[1825],"tags":[],"imageURL":false,"thumbURL":false,"categoryNames":["DUA T\u00cb THEM"],"feature_caption":"","subtitle":"E m\u00eb e dyshimta nga t\u00eb gjitha \u00ebsht\u00eb kur kryeministri do ta mbroj\u00eb procedur\u00ebn e tenderit me argumentet q\u00eb jan\u00eb ofenduese p\u00ebr inteligjenc\u00ebn. ","views":"48","source":"Shkup, (SAKAMDAKAZAM.MK)","yoast_head":"<!-- This site is optimized with the Yoast SEO Premium plugin v15.0 - https:\/\/yoast.com\/wordpress\/plugins\/seo\/ -->\n<title>MUHABET BARCALETASH - \u0421\u0430\u043a\u0430\u043c \u0414\u0430 \u041a\u0430\u0436\u0430\u043c<\/title>\n<meta name=\"robots\" content=\"index, follow, max-snippet:-1, max-image-preview:large, max-video-preview:-1\" \/>\n<link rel=\"canonical\" href=\"https:\/\/sdk.mk\/index.php\/dua-te-them\/muhabet-barcaletash\/\" \/>\n<meta property=\"og:locale\" content=\"mk_MK\" \/>\n<meta property=\"og:type\" content=\"article\" \/>\n<meta property=\"og:title\" content=\"MUHABET BARCALETASH - \u0421\u0430\u043a\u0430\u043c \u0414\u0430 \u041a\u0430\u0436\u0430\u043c\" \/>\n<meta property=\"og:description\" content=\"Apo, an\u00ebtar\u00ebt e Komisionit p\u00ebr antikorrupsion nuk b\u00ebnin p\u00ebr at\u00eb pun\u00eb? Apo, zv.kryeministri Artan Grubi, para dy muajve thoshte se [&hellip;]\" \/>\n<meta property=\"og:url\" content=\"https:\/\/sdk.mk\/index.php\/dua-te-them\/muhabet-barcaletash\/\" \/>\n<meta property=\"og:site_name\" content=\"\u0421\u0430\u043a\u0430\u043c \u0414\u0430 \u041a\u0430\u0436\u0430\u043c\" \/>\n<meta property=\"article:published_time\" content=\"2023-09-04T12:34:06+00:00\" \/>\n<meta property=\"og:image\" content=\"https:\/\/sdk.mk\/wp-content\/uploads\/2015\/12\/goran-mihailovski2.jpg\" \/>\n\t<meta property=\"og:image:width\" content=\"400\" \/>\n\t<meta property=\"og:image:height\" content=\"313\" \/>\n<meta property=\"fb:app_id\" content=\"2407985809428537\" \/>\n<meta name=\"twitter:card\" content=\"summary\" \/>\n<script type=\"application\/ld+json\" class=\"yoast-schema-graph\">{\"@context\":\"https:\/\/schema.org\",\"@graph\":[{\"@type\":\"WebSite\",\"@id\":\"https:\/\/sdk.mk\/#website\",\"url\":\"https:\/\/sdk.mk\/\",\"name\":\"\\u0421\\u0430\\u043a\\u0430\\u043c \\u0414\\u0430 \\u041a\\u0430\\u0436\\u0430\\u043c\",\"description\":\"\\u0417\\u0430 \\u0441\\u043b\\u043e\\u0431\\u043e\\u0434\\u043e\\u0443\\u043c\\u043d\\u0438\",\"potentialAction\":[{\"@type\":\"SearchAction\",\"target\":\"https:\/\/sdk.mk\/?s={search_term_string}\",\"query-input\":\"required name=search_term_string\"}],\"inLanguage\":\"mk-MK\"},{\"@type\":\"WebPage\",\"@id\":\"https:\/\/sdk.mk\/index.php\/dua-te-them\/muhabet-barcaletash\/#webpage\",\"url\":\"https:\/\/sdk.mk\/index.php\/dua-te-them\/muhabet-barcaletash\/\",\"name\":\"MUHABET BARCALETASH - \\u0421\\u0430\\u043a\\u0430\\u043c \\u0414\\u0430 \\u041a\\u0430\\u0436\\u0430\\u043c\",\"isPartOf\":{\"@id\":\"https:\/\/sdk.mk\/#website\"},\"datePublished\":\"2023-09-04T12:34:06+00:00\",\"dateModified\":\"2023-09-04T12:34:06+00:00\",\"author\":{\"@id\":\"https:\/\/sdk.mk\/#\/schema\/person\/737021aeacbe893f7e2c347186c5c7a1\"},\"inLanguage\":\"mk-MK\",\"potentialAction\":[{\"@type\":\"ReadAction\",\"target\":[\"https:\/\/sdk.mk\/index.php\/dua-te-them\/muhabet-barcaletash\/\"]}]},{\"@type\":\"Person\",\"@id\":\"https:\/\/sdk.mk\/#\/schema\/person\/737021aeacbe893f7e2c347186c5c7a1\",\"name\":\"\\u0424\\u0458\\u043e\\u043b\\u0430 \\u0417\\u043b\\u0430\\u0442\\u043a\\u0443\"}]}<\/script>\n<!-- \/ Yoast SEO Premium plugin. -->","_links":{"self":[{"href":"https:\/\/sdk.mk\/index.php\/wp-json\/wp\/v2\/posts\/203037"}],"collection":[{"href":"https:\/\/sdk.mk\/index.php\/wp-json\/wp\/v2\/posts"}],"about":[{"href":"https:\/\/sdk.mk\/index.php\/wp-json\/wp\/v2\/types\/post"}],"author":[{"embeddable":true,"href":"https:\/\/sdk.mk\/index.php\/wp-json\/wp\/v2\/users\/25"}],"replies":[{"embeddable":true,"href":"https:\/\/sdk.mk\/index.php\/wp-json\/wp\/v2\/comments?post=203037"}],"version-history":[{"count":0,"href":"https:\/\/sdk.mk\/index.php\/wp-json\/wp\/v2\/posts\/203037\/revisions"}],"wp:attachment":[{"href":"https:\/\/sdk.mk\/index.php\/wp-json\/wp\/v2\/media?parent=203037"}],"wp:term":[{"taxonomy":"category","embeddable":true,"href":"https:\/\/sdk.mk\/index.php\/wp-json\/wp\/v2\/categories?post=203037"},{"taxonomy":"post_tag","embeddable":true,"href":"https:\/\/sdk.mk\/index.php\/wp-json\/wp\/v2\/tags?post=203037"}],"curies":[{"name":"wp","href":"https:\/\/api.w.org\/{rel}","templated":true}]}}