{"id":203443,"date":"2023-09-11T11:57:00","date_gmt":"2023-09-11T09:57:00","guid":{"rendered":"https:\/\/sdk.mk\/?p=203443"},"modified":"2023-09-11T11:57:00","modified_gmt":"2023-09-11T09:57:00","slug":"fundjave-e-vazhduar","status":"publish","type":"post","link":"https:\/\/sdk.mk\/index.php\/dua-te-them\/fundjave-e-vazhduar\/","title":{"rendered":"FUNDJAV\u00cb E VAZHDUAR"},"content":{"rendered":"<div class=\"f52428582a4b906b2d2e2a7d733c7d27\" data-index=\"7\" style=\"float: none; margin:10px 0 10px 0; text-align:center;\">\n<!-- MSP Ads Asynchronous JS Tag - Generated with Revive Adserver v5.4.1 -->\r\n<ins data-revive-zoneid=\"167\" data-revive-id=\"060fdb01f6430ec164d3519234aa4967\"><\/ins>\r\n<script async src=\"\/\/panel.ads.com.mk\/www\/delivery\/asyncjs.php\"><\/script>\n<\/div>\n<p><span class=\"dropcap color firstcharacter\">\u00a01<\/span> Festojm\u00eb dit\u00ebn e pavar\u00ebsis\u00eb. Nj\u00eb funjdav\u00eb t\u00eb bukur t\u00eb zgjatur. Pse ky zhg\u00ebnjim? Nuk \u00ebsht\u00eb dhe aq i tmerrsh\u00ebm fakti q\u00eb me ndryshimet n\u00eb Ligjin penal, Kuvendi votoi d\u00ebnime m\u00eb t\u00eb vogla p\u00ebr funksionar\u00ebt q\u00eb do t\u00eb vjedhin para nga buxheti. Shikojeni k\u00ebt\u00eb n\u00eb m\u00ebnyr\u00eb proevropiane. Do ta rregullojm\u00eb statistik\u00ebn p\u00ebr luft\u00eb t\u00eb suksesshme kund\u00ebr korrupsionit. Qoft\u00eb kapitull, qoft\u00eb klaster \u2013 \u00ebsht\u00eb mbyllur me sukses. Edhe at\u00eb, para se t\u00eb fillojn\u00eb negociatat me BE-n\u00eb.<br \/>\nMe k\u00ebt\u00eb zgjidhje inventive, t\u00eb votuar me shpejt\u00ebsi, me nj\u00eb flamur evropian, p\u00ebr t\u00eb kapur korsin\u00eb e shpejt\u00eb p\u00ebr BE, n\u00eb vend q\u00eb kriminel\u00ebt t\u00eb p\u00ebrshaten me ligjet, ne i p\u00ebrshtatim ligjet me kriminel\u00ebt. N\u00eb vend q\u00eb t\u00eb d\u00ebnohen gjyqtar\u00ebt e korruptuar q\u00eb ishin mjeshtra n\u00eb zvarritjen e proceseve gjyq\u00ebsore kund\u00ebr politikan\u00ebve sipas ligjit t\u00eb vjet\u00ebr, ne ua p\u00ebrshtat\u00ebm ligjet e reja q\u00eb t\u2019ua leht\u00ebsojm\u00eb vjet\u00ebrimin e veprave t\u00eb t\u00eb akuzuarve.<\/p>\n<p>Te ne m\u00eb leht\u00eb ndryshohet ligji sesa hyn n\u00eb fuqi nj\u00eb aktgjykim kund\u00ebr nj\u00eb politikani. Edhe Kushtetut\u00ebn do ta ndryshojm\u00eb para se funksionar\u00ebt q\u00eb kan\u00eb vjedhur parat\u00eb tona t\u00eb shkojn\u00eb n\u00eb burg.<\/p>\n<p>Ju pengon mosd\u00ebnimi? Epo ja, nga tani mosd\u00ebnimi do t\u00eb jet\u00eb me ligj. M\u00eb n\u00eb fund edhe ne do t\u00eb mund t\u00eb ofrojm\u00eb nj\u00eb zgjidhje unike p\u00ebr BE-n\u00eb, me \u00e7ka do t\u00eb kontribuojm\u00eb drejt nj\u00eb perceptimi t\u00eb qeverisjes s\u00eb ndershme. Nuk ka gjykim, nuk ka krim. Nuk ka politikan\u00eb t\u00eb d\u00ebnuar, nuk ka korrupsion.<\/p>\n<p style=\"margin: 0in;margin-bottom: .0001pt;background: white\"><span style=\"font-size: 10.5pt;font-family: 'Arial','sans-serif';color: #333333\"><span class=\"dropcap color firstcharacter\">2 <\/span> Nj\u00eb tjet\u00ebr gj\u00eb pozitive e k\u00ebtyre ndryshimeve ligjore \u00ebsht\u00eb q\u00eb, deri m\u00eb tani flitej vet\u00ebm se si qeveria vjedh shum\u00eb \u2013 nga punonj\u00ebsi m\u00eb i vog\u00ebl publik i mbrojtur nga partia, e deri te funksionar\u00ebt m\u00eb t\u00eb lart\u00eb. Tani t\u00eb gjitha dyshimet jan\u00eb zhdukur. Q\u00eb kur LSDM-ja dhe BDI-ja u p\u00ebrpoq\u00ebn aq shum\u00eb q\u00eb n\u00eb tri dit\u00eb ta sjellin ligjin, ta publikojn\u00eb at\u00eb n\u00eb Gazet\u00ebn Zyrtare n\u00eb dit\u00eb feste, q\u00eb m\u00eb shpejt\u00eb t\u00eb harrojm\u00eb, se t\u00eb h\u00ebn\u00ebn do t\u00eb nxjerrin nj\u00eb tjet\u00ebr skandal, kjo do t\u00eb thot\u00eb se ata nuk kan\u00eb q\u00ebllim t\u00eb pushojn\u00eb s\u00eb vjedhuri. Madje, jan\u00eb t\u00eb gatsh\u00ebm q\u00eb p\u00ebr at\u00eb \u00e7ka \u00ebsht\u00eb vjedhur t\u00eb shkojn\u00eb n\u00eb gjyq, por mb\u00ebshteten te gjyq\u00ebsia joefikase, dhe n\u00eb vjet\u00ebrimin e shpejt\u00eb t\u00eb l\u00ebnd\u00ebve. P\u00ebr m\u00eb tep\u00ebr, m\u00eb interesantja \u00ebsht\u00eb shfaqja teatrale e VMRO-DPMNE-s\u00eb q\u00eb donte t\u00eb na bind\u00eb se qeveria \u00ebsht\u00eb fajtore se pse nga ky ligj m\u00eb s\u00eb shumti do t\u00eb p\u00ebrfitojn\u00eb pik\u00ebrisht funksionar\u00ebt e tyre t\u00eb m\u00ebparsh\u00ebm dhe ata t\u00eb tash\u00ebm. Ku e kan\u00eb bllokad\u00ebn aktive? Ku e kan\u00eb q\u00ebndrimin para dere? Ku e kan\u00eb bllokimin e foltores, transparent\u00ebt, fishk\u00ebllimat, tenxheret? Si, ore, deputet\u00ebt e VMRO-DPMNE-s\u00eb nuk hynin n\u00eb sall\u00eb q\u00eb t\u00eb votojn\u00eb p\u00ebr kufizimin e interesave p\u00ebr masat kund\u00ebr kovidin, p\u00ebr Ligjin p\u00ebr gjuh\u00ebn maqedonase, e mu p\u00ebr k\u00ebt\u00eb ligj u fut\u00ebn n\u00eb sall\u00eb dhe krijuan kuorum? <\/span><\/p>\n<p style=\"margin: 0in;margin-bottom: .0001pt;background: white\"><span style=\"font-size: 10.5pt;font-family: 'Arial','sans-serif';color: #333333\">\u00a0<\/span><\/p>\n<p style=\"background: white;text-align: start;margin: 0in 0in 20.4pt 0in\"><span style=\"font-size: 10.5pt;font-family: 'Arial','sans-serif';color: #333333\">K\u00ebto ndryshime VMRO-DPMNE-ja i k\u00ebrkonte q\u00eb n\u00eb vitin 2018. Vet\u00ebm se at\u00ebher\u00eb LSDM-ja nuk e ka ditur se edhe ata do t\u00eb vjedhin. As n\u00eb \u00ebndrrat m\u00eb t\u00eb guximshme nuk u ka ardhur nd\u00ebrmend se mund t\u2019i arrijn\u00eb sukseset e Nikolla Gruevskit dhe shoq\u00ebris\u00eb s\u00eb tij. T\u00eb kishin par\u00eb nga e ardhmja, t\u00eb kishin qen\u00eb aq vizionar\u00ebq\u00eb prej para pes\u00eb vjet\u00ebve, t\u00eb kishin parafytyruar se sa jan\u00eb dhe ku mund t\u00eb vjedhin nd\u00ebrkoh\u00eb q\u00eb u ec\u00ebn mandati, q\u00eb at\u00ebher\u00eb do ta kishin votuar ligjin.<\/span><\/p>\n<p style=\"background: white;text-align: start;margin: 0in 0in 20.4pt 0in\"><span style=\"font-size: 10.5pt;font-family: 'Arial','sans-serif';color: #333333\">Po, hajde p\u00ebrfundimisht le ta thyejm\u00eb iluzionin se shoq\u00ebrin\u00eb e kemi t\u00eb ndar\u00eb thell\u00ebsisht p\u00ebr shkak t\u00eb dallimeve t\u00eb papajtueshme mes qeveris\u00eb dhe opozit\u00ebs. Jo, bre. Shikoni se si leht\u00ebsisht gjejm\u00eb nj\u00eb pik\u00eb pajtimi kur funksionar\u00ebt duhen shp\u00ebtuar nga p\u00ebrndjekja e krimit.<\/span><\/p>\n<p style=\"margin: 0in;margin-bottom: .0001pt;background: white\"><span style=\"font-size: 10.5pt;font-family: 'Arial','sans-serif';color: #333333\"><span class=\"dropcap color firstcharacter\">3<\/span> Gj\u00ebja e tret\u00eb positive \u00ebsht\u00eb se ndoshta kjo do t\u00eb na i hap\u00eb syt\u00eb, e me nj\u00eb sebep do t\u00eb na e ndryshoj\u00eb edhe raportin me sultan-partit\u00eb q\u00eb sundojn\u00eb, n\u00eb m\u00ebnyr\u00eb q\u00eb qytetar\u00ebt t\u00eb krijojn\u00eb klient\u00eb. Kur kryeministri Dimitar Kova\u00e7evski, n\u00eb rastin e krimit n\u00eb Klinik\u00ebn e onkologjis\u00eb, thot\u00eb se \u201cQeveria nuk do t\u00eb intervenoj\u00eb q\u00eb t\u00eb mb\u00ebshtes\u00eb ask\u00eb\u201d, e di se Qeveria zakonisht intervenon q\u00eb t\u00eb mbuloj\u00eb krimin p\u00ebr njer\u00ebzit e v\u00ebn\u00eb n\u00eb qeveri nga partia. Se \u00ebsht\u00eb normale Qeveria t\u00eb mos intervenoj\u00eb kur Enti shtet\u00ebror i revizionit jep informacion me indicie p\u00ebr krim serioz, si\u00e7 ka dh\u00ebn\u00eb para dy vjet\u00ebve p\u00ebr Klinik\u00ebn e onkologlogjis\u00eb, por pritet t\u00eb intervenoj\u00eb p\u00ebr ta mbrojtur krimin partiak. <\/span><\/p>\n<p style=\"background: white;text-align: start;margin: 0in 0in 20.4pt 0in\"><span style=\"font-size: 10.5pt;font-family: 'Arial','sans-serif';color: #333333\">Deri m\u00eb sot asnj\u00eb pal\u00eb nuk u \u00e7udit kur partit\u00eb u b\u00ebn\u00eb uzurpime n\u00eb profesion \u2013 as ajo e mjek\u00ebve, as e inxhinier\u00ebve, as e gazetar\u00ebve, as n\u00eb kultur\u00eb, as n\u00eb arsim, as n\u00eb sport, as n\u00eb art\u2026.Ndoshta kjo \u00ebsht\u00eb nj\u00eb pik\u00eb kthyese, ku qytetar\u00ebt do t\u00eb kuptojn\u00eb se duhet ta kthejn\u00eb integritetin. T\u00eb mos shkojn\u00eb n\u00ebp\u00ebr udh\u00ebn m\u00eb t\u00eb leht\u00eb dhe prap\u00eb t\u00eb mbeten t\u00eb pak\u00ebnaqur. Ndoshta tani \u00ebsht\u00eb koha p\u00ebr vet\u00ebdij\u00ebsim. Rishqyrtim. Shtypje t\u00eb butonit t\u00eb kompjuterit p\u00ebr \u201cresetim\u201d dhe fillim nga e para. Me ankesa, qarje dhe britma n\u00eb FB, shteti nuk b\u00ebhet. <\/span><\/p>\n<p style=\"background: white;text-align: start;margin: 0in 0in 20.4pt 0in\"><span style=\"font-size: 10.5pt;font-family: 'Arial','sans-serif';color: #333333\">P\u00ebr m\u00eb tep\u00ebr, edhe k\u00ebto trollet partiake do t\u00eb na shesin mend \u2013 mos e politizoni krimin me citostate. E si t\u00eb mos e bjm\u00eb, kur t\u00eb gjith\u00eb drejtor\u00ebt e institucioneve sh\u00ebndet\u00ebsore shtet\u00ebrore jan\u00eb vendosur poltikisht? \u00c7far\u00eb budallall\u00ebku \u00ebsht\u00eb ky q\u00eb t\u00eb vihen drejtor\u00eb t\u00eb spitaleve n\u00eb baz\u00eb t\u00eb marr\u00ebveshjeve t\u00eb koalicionit? P\u00ebr m\u00eb tep\u00ebr, jo sipas asaj se cili spital kujt i p\u00ebrket, por me \u00e7far\u00eb p\u00ebrakt\u00ebsi etnike duhet t\u00eb jet\u00eb drejtori. Partia zgjedh se k\u00eb do t\u00eb ndryshoj\u00eb dhe se n\u00ebse b\u00ebn krim, a do t\u00eb procesuohet fare n\u00eb gjyq.<\/span><\/p>\n<p style=\"background: white;text-align: start;margin: 0in 0in 20.4pt 0in\"><span style=\"font-size: 10.5pt;font-family: 'Arial','sans-serif';color: #333333\">\u00c7\u2019\u00ebsht\u00eb ky degradim i \u00e7far\u00ebdolloj profesioni q\u00eb n\u00ebse ndonj\u00eb profesionist d\u00ebshiron t\u00eb p\u00ebrparoj\u00eb, duhet t\u00eb p\u00ebrulet para ndonj\u00eb analfabeti dhe lajkatari t\u00eb udh\u00ebheq\u00ebsive partiake. Ore, neve drejtor\u00ebt e shoqatave t\u00eb valleve popllore na vendosen nga partit\u00eb. Student\u00ebt p\u00ebr nj\u00eb krevat n\u00eb konvikt kapin lidhje n\u00eb parti.<\/span><\/p>\n<p style=\"background: white;text-align: start;margin: 0in 0in 20.4pt 0in\"><span style=\"font-size: 10.5pt;font-family: 'Arial','sans-serif';color: #333333\">A nuk \u00ebsht\u00eb koha p\u00ebr konkurse ku kandidat\u00ebt do t\u00eb konkurrojn\u00eb me plan, program, buxhet, ekspertiz\u00eb, profesioniz\u00ebm, aft\u00ebsi menaxhieriale, reputacion te koleg\u00ebt dhe publiku? Aq e v\u00ebshtir\u00eb dhe e parealizueshme \u00ebsht\u00eb kjo, vall\u00eb?<\/span><\/p>\n<p style=\"background: white;text-align: start;margin: 0in 0in 20.4pt 0in\"><span style=\"font-size: 10.5pt;font-family: 'Arial','sans-serif';color: #333333\">Ka ardhur koha. Ka ardhur koha q\u00eb partive t\u2019u thuhet: Refuzoj t\u00eb jem klienti juaj.<\/span><\/p>\n<p style=\"background: white;text-align: start;margin: 0in 0in 20.4pt 0in\"><span style=\"font-size: 10.5pt;font-family: 'Arial','sans-serif';color: #333333\">E pas k\u00ebsaj q\u00eb na ndodhi q\u00eb t\u2019u lejojm\u00eb parive t\u00eb na i uzurpojn\u00eb profesionet dhe t\u00eb na i komplikojn\u00eb jet\u00ebt, at\u00ebher\u00eb edhe meritojn\u00eb q\u00eb krimin me parat\u00eb tona t\u00eb na e shesin si vler\u00eb evropiane, por si arritje kulminante e civilizimit.<\/span><\/p>\n<p><span class=\"dropcap color firstcharacter\">4<\/span> Krimi n\u00eb klinik\u00ebn e onkologjis\u00eb dhe fatet e shkundura t\u00eb mij\u00ebra t\u00eb s\u00ebmur\u00ebve t\u00eb kancerit dhe familjeve t\u00eb tyre na rikujtuan se q\u00eb na viti 2013 n\u00eb m\u00ebnyr\u00eb ceremoniale ishin goditur themelet e bunkerave p\u00ebr tri akselerator\u00eb t\u00eb tjer\u00eb p\u00ebr radioterapi. Edhe pas dhjetr vjet\u00ebsh, aparatet ende nuk punojn\u00eb.<br \/>\nKurse ne flasim p\u00ebr rrug\u00ebn deri n\u00eb Oh\u00ebr. K\u00ebto parat\u00eb tona, t\u00eb futura n\u00eb krim, aparatet p\u00ebr s\u00ebmundje t\u00eb kancerit 10 vjet nuk arrit\u00ebn ta v\u00ebn\u00eb n\u00eb funksion, kurse ne presim prej tyre q\u00eb t\u00eb na e b\u00ebjn\u00eb rrug\u00ebn. Mir\u00eb rrug\u00ebn, por as mbeturinat nga koha e Jugosallvis\u00eb n\u00eb Strazh\u00eb nuk jan\u00eb t\u00eb aft\u00eb t\u00eb na i pastrojn\u00eb, sepse nuk e din\u00eb se cila parti duhet ta pastroj\u00eb. Ngaq\u00eb, edhe n\u00ebse nuk e pastron, ashtu si\u00e7 nuk \u00ebsht\u00eb pastruar me dekada, nuk do t\u00eb mbaj\u00eb p\u00ebrgjegj\u00ebsi, sepse i vetmi gjyq t\u00eb cilit i p\u00ebrgjigjet \u00ebsht\u00eb gjyqi i partis\u00eb. E as partia nuk e gjykon.<\/p>\n<p>Mir\u00eb mbeturinat. Mir\u00eb rruga. Por, as tekste shkollore nuk ka. Ministria e arsimit thot\u00eb se printimi i teksteve shkollore \u00ebsht\u00eb nj\u00eb process shum\u00eb i nd\u00ebrlikuar. Dhe me t\u00eb v\u00ebrtet\u00eb. Duhet t\u00eb jet\u00eb shum\u00eb e komplikuar t\u00eb kurdis\u00ebsh nj\u00eb tender me dik\u00eb q\u00eb do t\u00eb jet\u00eb i gatsh\u00ebm t\u00eb siguroj\u00eb tekste shkollore, dhe parat\u00eb t\u00eb vidhen dhe ndahen n\u00eb m\u00ebnyr\u00eb t\u00eb barabart\u00eb. Zakonisht k\u00ebto dy gj\u00ebra nuk p\u00ebrputhen leht\u00eb.<\/p>\n<p>T\u00eb s\u00ebmur\u00ebt pa ila\u00e7e, nx\u00ebn\u00ebsit pa tekste shkollore, politikan\u00ebt pa fytyr\u00eb, qytetar\u00ebt pa integritet, shteti pa drejt\u00ebsi, natyra pa shoq\u00ebri\u2026<\/p>\n<p>G\u00ebzuar fest\u00ebn, moj Maqedoni! Shum\u00eb t\u00eb dua. \u00a0Por \u00a0tashm\u00eb, po ia nxjerr fundin!<\/p>\n<p>&nbsp;<\/p>\n<p><em><strong>P\u00ebrktheu: Fjolla Zllatku<\/strong><\/em><\/p>\n<p>&nbsp;<\/p>\n\n<div style=\"font-size: 0px; height: 0px; line-height: 0px; margin: 0; padding: 0; clear: both;\"><\/div>","protected":false},"excerpt":{"rendered":"<p>Festojm\u00eb dit\u00ebn e pavar\u00ebsis\u00eb. Nj\u00eb funjdav\u00eb t\u00eb bukur t\u00eb zgjatur. Pse ky zhg\u00ebnjim? Nuk \u00ebsht\u00eb dhe aq i tmerrsh\u00ebm fakti [&hellip;]<\/p>\n","protected":false},"author":25,"featured_media":0,"comment_status":"closed","ping_status":"closed","sticky":false,"template":"","format":"standard","meta":{"_mo_disable_npp":"no","inline_featured_image":false},"categories":[1825],"tags":[],"imageURL":false,"thumbURL":false,"categoryNames":["DUA T\u00cb THEM"],"feature_caption":"","subtitle":"T\u00eb s\u00ebmur\u00ebt pa ila\u00e7e, nx\u00ebn\u00ebsit pa tekste shkollore, politikan\u00ebt pa fytyr\u00eb, qytetar\u00ebt pa integritet, shteti pa drejt\u00ebsi, natyra pa shoq\u00ebri\u2026G\u00ebzuar fest\u00ebn, moj Maqedoni!  Shum\u00eb t\u00eb dua.  Por  tashm\u00eb, po ia nxjerr fundin!","views":"95","source":"Shkup, (SAKAMDAKAZAM.MK) ","yoast_head":"<!-- This site is optimized with the Yoast SEO Premium plugin v15.0 - https:\/\/yoast.com\/wordpress\/plugins\/seo\/ -->\n<title>FUNDJAV\u00cb E VAZHDUAR - \u0421\u0430\u043a\u0430\u043c \u0414\u0430 \u041a\u0430\u0436\u0430\u043c<\/title>\n<meta name=\"robots\" content=\"index, follow, max-snippet:-1, max-image-preview:large, max-video-preview:-1\" \/>\n<link rel=\"canonical\" href=\"https:\/\/sdk.mk\/index.php\/dua-te-them\/fundjave-e-vazhduar\/\" \/>\n<meta property=\"og:locale\" content=\"mk_MK\" \/>\n<meta property=\"og:type\" content=\"article\" \/>\n<meta property=\"og:title\" content=\"FUNDJAV\u00cb E VAZHDUAR - \u0421\u0430\u043a\u0430\u043c \u0414\u0430 \u041a\u0430\u0436\u0430\u043c\" \/>\n<meta property=\"og:description\" content=\"Festojm\u00eb dit\u00ebn e pavar\u00ebsis\u00eb. Nj\u00eb funjdav\u00eb t\u00eb bukur t\u00eb zgjatur. Pse ky zhg\u00ebnjim? Nuk \u00ebsht\u00eb dhe aq i tmerrsh\u00ebm fakti [&hellip;]\" \/>\n<meta property=\"og:url\" content=\"https:\/\/sdk.mk\/index.php\/dua-te-them\/fundjave-e-vazhduar\/\" \/>\n<meta property=\"og:site_name\" content=\"\u0421\u0430\u043a\u0430\u043c \u0414\u0430 \u041a\u0430\u0436\u0430\u043c\" \/>\n<meta property=\"article:published_time\" content=\"2023-09-11T09:57:00+00:00\" \/>\n<meta property=\"og:image\" content=\"https:\/\/sdk.mk\/wp-content\/uploads\/2015\/12\/goran-mihailovski2.jpg\" \/>\n\t<meta property=\"og:image:width\" content=\"400\" \/>\n\t<meta property=\"og:image:height\" content=\"313\" \/>\n<meta property=\"fb:app_id\" content=\"2407985809428537\" \/>\n<meta name=\"twitter:card\" content=\"summary\" \/>\n<script type=\"application\/ld+json\" class=\"yoast-schema-graph\">{\"@context\":\"https:\/\/schema.org\",\"@graph\":[{\"@type\":\"WebSite\",\"@id\":\"https:\/\/sdk.mk\/#website\",\"url\":\"https:\/\/sdk.mk\/\",\"name\":\"\\u0421\\u0430\\u043a\\u0430\\u043c \\u0414\\u0430 \\u041a\\u0430\\u0436\\u0430\\u043c\",\"description\":\"\\u0417\\u0430 \\u0441\\u043b\\u043e\\u0431\\u043e\\u0434\\u043e\\u0443\\u043c\\u043d\\u0438\",\"potentialAction\":[{\"@type\":\"SearchAction\",\"target\":\"https:\/\/sdk.mk\/?s={search_term_string}\",\"query-input\":\"required name=search_term_string\"}],\"inLanguage\":\"mk-MK\"},{\"@type\":\"WebPage\",\"@id\":\"https:\/\/sdk.mk\/index.php\/dua-te-them\/fundjave-e-vazhduar\/#webpage\",\"url\":\"https:\/\/sdk.mk\/index.php\/dua-te-them\/fundjave-e-vazhduar\/\",\"name\":\"FUNDJAV\\u00cb E VAZHDUAR - \\u0421\\u0430\\u043a\\u0430\\u043c \\u0414\\u0430 \\u041a\\u0430\\u0436\\u0430\\u043c\",\"isPartOf\":{\"@id\":\"https:\/\/sdk.mk\/#website\"},\"datePublished\":\"2023-09-11T09:57:00+00:00\",\"dateModified\":\"2023-09-11T09:57:00+00:00\",\"author\":{\"@id\":\"https:\/\/sdk.mk\/#\/schema\/person\/737021aeacbe893f7e2c347186c5c7a1\"},\"inLanguage\":\"mk-MK\",\"potentialAction\":[{\"@type\":\"ReadAction\",\"target\":[\"https:\/\/sdk.mk\/index.php\/dua-te-them\/fundjave-e-vazhduar\/\"]}]},{\"@type\":\"Person\",\"@id\":\"https:\/\/sdk.mk\/#\/schema\/person\/737021aeacbe893f7e2c347186c5c7a1\",\"name\":\"\\u0424\\u0458\\u043e\\u043b\\u0430 \\u0417\\u043b\\u0430\\u0442\\u043a\\u0443\"}]}<\/script>\n<!-- \/ Yoast SEO Premium plugin. -->","_links":{"self":[{"href":"https:\/\/sdk.mk\/index.php\/wp-json\/wp\/v2\/posts\/203443"}],"collection":[{"href":"https:\/\/sdk.mk\/index.php\/wp-json\/wp\/v2\/posts"}],"about":[{"href":"https:\/\/sdk.mk\/index.php\/wp-json\/wp\/v2\/types\/post"}],"author":[{"embeddable":true,"href":"https:\/\/sdk.mk\/index.php\/wp-json\/wp\/v2\/users\/25"}],"replies":[{"embeddable":true,"href":"https:\/\/sdk.mk\/index.php\/wp-json\/wp\/v2\/comments?post=203443"}],"version-history":[{"count":0,"href":"https:\/\/sdk.mk\/index.php\/wp-json\/wp\/v2\/posts\/203443\/revisions"}],"wp:attachment":[{"href":"https:\/\/sdk.mk\/index.php\/wp-json\/wp\/v2\/media?parent=203443"}],"wp:term":[{"taxonomy":"category","embeddable":true,"href":"https:\/\/sdk.mk\/index.php\/wp-json\/wp\/v2\/categories?post=203443"},{"taxonomy":"post_tag","embeddable":true,"href":"https:\/\/sdk.mk\/index.php\/wp-json\/wp\/v2\/tags?post=203443"}],"curies":[{"name":"wp","href":"https:\/\/api.w.org\/{rel}","templated":true}]}}