{"id":206473,"date":"2023-10-23T10:14:29","date_gmt":"2023-10-23T08:14:29","guid":{"rendered":"https:\/\/sdk.mk\/?p=206473"},"modified":"2023-10-23T10:14:29","modified_gmt":"2023-10-23T08:14:29","slug":"a-thua-se-nuk-ka-ndodhur-gje","status":"publish","type":"post","link":"https:\/\/sdk.mk\/index.php\/dua-te-them\/a-thua-se-nuk-ka-ndodhur-gje\/","title":{"rendered":"A THUA SE NUK KA NDODHUR GJ\u00cb"},"content":{"rendered":"<div class=\"f52428582a4b906b2d2e2a7d733c7d27\" data-index=\"7\" style=\"float: none; margin:10px 0 10px 0; text-align:center;\">\n<!-- MSP Ads Asynchronous JS Tag - Generated with Revive Adserver v5.4.1 -->\r\n<ins data-revive-zoneid=\"167\" data-revive-id=\"060fdb01f6430ec164d3519234aa4967\"><\/ins>\r\n<script async src=\"\/\/panel.ads.com.mk\/www\/delivery\/asyncjs.php\"><\/script>\n<\/div>\n<p><span class=\"dropcap color firstcharacter\">1 <\/span> Kur n\u00eb korrik t\u00eb 2017 Zoran Zaev u b\u00eb kryeminist\u00ebr me premtimin: \u201cKjo lig\u00ebsi asnj\u00ebher\u00eb nuk do t\u00eb p\u00ebrs\u00ebritet\u201d, koalicioni qeveritar, i udh\u00ebhequr prej LSDM-s\u00eb fitoi mandat nga qyetetar\u00ebt q\u00eb t\u00eb kryente vet\u00ebm tri gj\u00ebra:<\/p>\n<ul>\n<li>Zbulim i krimeve<\/li>\n<li>D\u00ebnim i atyre q\u00eb kan\u00eb b\u00ebr\u00eb zullume<\/li>\n<li>Kthim i parave t\u00eb vjedhura t\u00eb popullit<\/li>\n<\/ul>\n<p>Mbet\u00ebn n\u00eb pik\u00ebn e par\u00eb. Vet\u00ebm krimet i zbulan. Dy pikat e tjera i harruan.<\/p>\n<p>E? \u00c7far\u00eb mund t\u00eb konstatojm\u00eb pas gjasht\u00eb vjet\u00ebve n\u00eb qeveri t\u00eb LSDM-s\u00eb dhe BDI-s\u00eb? Se ata n\u00eb fakt, gjithmon\u00eb kan\u00eb \u00ebnd\u00ebrruar t\u00eb jen\u00eb Nikolla Gruevski dhe Sasho Mijallkov.<\/p>\n<p>Vet\u00ebm q\u00eb e ndryshuan Kodin penal q\u00eb t\u00eb mos duhet t\u00eb shkojn\u00eb n\u00eb burg. N\u00ebse i z\u00ebn\u00eb duke vjedhur, veprat t\u2019u vjet\u00ebrohen shpejt, e t\u00eb mos duhet as letrat e njoftimit t\u2019i nd\u00ebrrojn\u00eb p\u00ebr t\u00eb sh\u00ebrbyer d\u00ebnimin n\u00eb Strug\u00eb. Ose larg qoft\u00eb t\u2019ju duhet t\u00eb ikin larg nga shteti i tyre e t\u00eb shkruajn\u00eb statuse fejsbuku nga ndonj\u00eb shtet i huaj. T\u00eb mos mund t\u2019i harxhojn\u00eb parat\u00eb e vjedhura n\u00eb vendin e tyre.<\/p>\n<p>E n\u00ebse nuk \u00ebsht\u00eb e domosdoshme, Amerika t\u00eb mos i v\u00ebr\u00eb n\u00eb list\u00ebn e zez\u00eb.<\/p>\n<p><span class=\"dropcap color firstcharacter\">2<\/span> Presidenti Stevo Pendarovski n\u00eb nj\u00eb intervist\u00eb p\u00ebr TV 21 tha se disa gjykat\u00ebs me q\u00ebllim i kan\u00eb fshehur l\u00ebnd\u00ebt, e k\u00ebshtu \u00ebsht\u00eb vjet\u00ebruar edhe l\u00ebnda p\u00ebr p\u00ebrgjimin e paligjsh\u00ebm t\u00eb mij\u00ebra qytetar\u00ebve kund\u00ebr shefit t\u00eb at\u00ebhersh\u00ebm DSK-s\u00eb Sasho Mijallkov. U ankua se edhe ai \u00ebsht\u00eb nj\u00eb nga t\u00eb p\u00ebrgjuarit dhe pyeti: \u201cAjo l\u00ebnd\u00eb kthehet tri her\u00eb me radh\u00eb n\u00eb gjykim t\u00eb par\u00eb. Pse nuk ka mbaruar deri m\u00eb tani?\u201d<br \/>\nPendarovski po b\u00ebn vitin e fundit t\u00eb mandatit dhe akoma jep deklarata si t\u00eb ishte nj\u00eb qytetar i thjesht\u00eb t\u00eb cilit i \u00ebsht\u00eb b\u00ebr\u00eb padrejt\u00ebsi, e q\u00eb n\u00ebse do t\u00eb ishte m\u00eb i ri, do ta braktiste k\u00ebt\u00eb moti k\u00ebt\u00eb shtet. Harron se, ndryshe nga qytetari Pendarovski, presidenti Pendarovski mund t\u00eb mos e kishte n\u00ebnshkruar ligjin me t\u00eb cilin u lejua vjet\u00ebrimi i shum\u00eb krimeve, duke p\u00ebrfshir\u00eb k\u00ebtu edhe p\u00ebrgjimin e paligjsh\u00ebm t\u00eb telefonit t\u00eb tij. Vall\u00eb, tani e mori vesh se gjykat\u00ebsit i fshehin l\u00ebnd\u00ebt, pasi e n\u00ebnshkroi ligjin?<\/p>\n<p>Dikush e shtyn gjykimin, dikush e kthen at\u00eb n\u00eb gjykim t\u00eb s\u00ebrish\u00ebm, K\u00ebshilli gjyq\u00ebsor nuk diskuton mbi ask\u00ebnd, Qeveria propozon ligj, deputet\u00ebt e votojn\u00eb ligjin\u2026\u00c7\u2019t\u00eb b\u00ebhet? U duhet leht\u00ebsuar jeta kriminel\u00ebve t\u00eb elitave politike, andaj ndihmon kush t\u00eb mundet \u2013 prokuror\u00eb, hulumtues, gjykat\u00ebs, K\u00ebshilli gjyq\u00ebsor, K\u00ebshilli i prokuror\u00ebve publik\u00eb, Qeveria, deputet\u00ebt\u2026.Ja edhe presidenti zgjodhi t\u2019ua leht\u00ebsoj\u00eb jet\u00ebn.<\/p>\n<p>Qytetari Pendarovski le t\u00eb mos shqet\u00ebsohet fare se p\u00ebr tri vjet me radh\u00eb e kan\u00eb p\u00ebrgjuar dhe se nuk do t\u00eb ket\u00eb zgjidhje gjyq\u00ebsore p\u00ebr p\u00ebrgjimin e paligjsh\u00ebm, jo vet\u00ebm p\u00ebr t\u00eb, por edhe p\u00ebr mij\u00ebra bashk\u00ebqytetar\u00eb t\u00eb tij. A thua se nuk ka ndodhur gj\u00eb.<\/p>\n<p>Ja, un\u00eb fare nuk shqet\u00ebsohem q\u00eb m\u00eb duhej t\u00eb shkoja dhe t\u00eb d\u00ebshmoja dy her\u00eb p\u00ebr faktin se m\u00eb kan\u00eb p\u00ebrgjuar p\u00ebr dy vjet e gjysm\u00eb. Tani t\u00eb pakt\u00ebn jam rehat, nuk do t\u00eb m\u00eb th\u00ebrrasin p\u00ebr her\u00eb t\u00eb tret\u00eb, e nd\u00ebrkoh\u00eb kam harruar se sa d\u00ebmshp\u00ebrblim k\u00ebrkova her\u00ebn e par\u00eb kur d\u00ebshmova. Turp, \u00e7far\u00eb do t\u00eb mendojn\u00eb p\u00ebr mua t\u00eb akuzuarit?<\/p>\n<p>Ore, le t\u00eb vazhdoj\u00eb jeta.<\/p>\n<p><span class=\"dropcap color firstcharacter\">3 <\/span> Me mahnitje u pranua deklarata e ambasadorit holandez Dirk Jan Kop se n\u00eb Maqedoni nuk ka vullnet politik p\u00ebr reforma dhe pyeti: \u201cKu shkojn\u00eb parat\u00eb e tatimpaguesve tan\u00eb?\u201d Se, t\u00eb gjith\u00eb k\u00ebt\u00eb pyesim, t\u00eb gjith\u00eb k\u00ebt\u00eb mendojm\u00eb, por ja q\u00eb ambasadorit i ka ardhur n\u00eb maj\u00eb t\u00eb hund\u00ebs.<br \/>\nAmbasadori holandez u prit me duartrokitje sepse pyeti di\u00e7ka e cila \u00ebsht\u00eb pyetja m\u00eb logjike q\u00eb mund t\u00eb b\u00ebj\u00eb nj\u00eb zyratar holandez, i cili paguhet nga tatimpaguesit holandez\u00eb. Ai \u00ebsht\u00eb d\u00ebrguar n\u00eb Maqdoni q\u00eb t\u2019i mbroj\u00eb interesat e Mbret\u00ebris\u00eb s\u00eb Holand\u00ebs. Dhe nuk ka asgj\u00eb t\u00eb \u00e7uditshme te fakti se ka pyetur se ku shkojn\u00eb parat\u00eb e tatimpaguesve holandez\u00eb.<\/p>\n<p>Kur ka ndodhur, vall\u00eb, q\u00eb n\u00eb Maqedoni dikujt t\u2019i duartrokitet sepse ka pyetur: Ku jan\u00eb parat\u00eb e tatimpaguesve maqedonas? Ato para jan\u00eb shum\u00eb her\u00eb m\u00eb tep\u00ebr se parat\u00eb e t\u00eb gjith\u00eb donator\u00ebve t\u00eb huaj bashk\u00eb. T\u00eb gjith\u00eb ne ndajm\u00eb p\u00ebr buxhetin maqedonas \u00e7do dit\u00eb, shum\u00eb m\u00eb tep\u00ebr se donator\u00ebt e huaj, por nuk kemi ambasador maqedonas n\u00eb Maqedoni, t\u00eb cilit do t\u2019i vij\u00eb n\u00eb maj\u00eb t\u00eb hud\u00ebs e t\u00eb pyes\u00eb: Ku jan\u00eb parat\u00eb tona?<\/p>\n<p>Si mundet q\u00eb neve t\u00eb mos na vij\u00eb n\u00eb maj\u00eb t\u00eb hund\u00ebs?<\/p>\n<p>N\u00ebse pyet dik\u00eb nga qeveria, qoft\u00eb n\u00eb nivel shtet\u00ebror apo lokal: Ku jan\u00eb parat\u00eb e mia?, jo vet\u00ebm q\u00eb nuk do t\u00eb duartrokitesh, por edhe do t\u00eb qeshin me ty. Do t\u00eb t\u00eb akuzojn\u00eb se dikush po t\u00eb paguan t\u00eb b\u00ebsh pyetje t\u00eb tilla, se ti d\u00ebshiron ta kthesh Gruevskin, se i ke lakmi ngaq\u00eb kan\u00eb para dhe privilegje, se je qaraman, pa eksperienc\u00eb, provokues&#8230;E jo vet\u00ebm ata t\u00eb qeveris\u00eb, por n\u00eb p\u00ebrgjith\u00ebsi t\u00eb gjith\u00eb qytetar\u00ebt, do t\u00eb t\u00eb shohin a thua se po pyet budallall\u00ebqe.<\/p>\n<p>Jo shum\u00eb koh\u00eb m\u00eb par\u00eb m\u00eb ndodhi q\u00eb kur pyeta se kush e p\u00ebrdor avionin e qeveris\u00eb dhe p\u00ebr \u00e7far\u00eb asye; sa shpesh fluturon ai, nj\u00eb zyrtar shtet\u00ebror mu p\u00ebrgjigj: Leht\u00eb \u00ebsht\u00eb t\u00eb kritikosh, shko, fito n\u00eb zgjedhje, pastaj kritiko! Mbeta. Nuk dija si t\u2019i p\u00ebrgjigjesha nj\u00eb paftyr\u00ebsie t\u00eb tij nga nj\u00eb njeri t\u00eb cilin e paguaj vet\u00eb.<\/p>\n<p>Ambasadori holandez tha se me parat\u00eb holandeze tashm\u00eb tre her\u00eb \u00ebsht\u00eb ngritur vet\u00ebdija p\u00ebr projekte t\u00eb ndryshme, me plane aksionare n\u00eb dy pjes\u00eb dhe trajnime n\u00eb kat\u00ebr pjes\u00eb. Por qytetari maqedonas akoma nuk \u00ebsht\u00eb vet\u00ebdij\u00ebsuar se me parat\u00eb e tij paguhen t\u00eb gjith\u00eb funksionar\u00ebt shtet\u00ebror\u00eb dhe zyrtar\u00ebt shtet\u00ebrore. Dhe se ata njer\u00ebz jan\u00eb zyrtar\u00ebt tan\u00eb. Ka ardhur dikush nga Holanda t\u00eb pyes\u00eb se ku jan\u00eb parat\u00eb e tij, nd\u00ebrsa ne k\u00ebtu nuk pyesim se ku jan\u00eb parat\u00eb tona.<\/p>\n<p>Si mund t\u00eb zhduket korrupsioni, kur askujt nga ne q\u00eb japim vot\u00ebn ton\u00eb n\u00eb zgjedhje, nuk na pengon?<\/p>\n<p><span class=\"dropcap color firstcharacter\">4 <\/span> Kryemininstri Dimitar Kova\u00e7evski lajm\u00ebroi se p\u00ebr nj\u00eb apo dy jav\u00eb do t\u00eb jet\u00eb gati materiali punues p\u00ebr vendimin ligjor me t\u00eb cilin do t\u00eb korrigjohen \u201cn\u00eb nj\u00eb nivel m\u00eb t\u00eb pranuesh\u00ebm\u201d rrogat e funksionar\u00ebve, q\u00eb tashm\u00eb p\u00ebr shtat\u00eb muaj me radh\u00eb jan\u00eb rritur p\u00ebr 78 p\u00ebrqind, me vendimin e Gjykat\u00ebs kushtetuese.<br \/>\nN\u00ebse Qeveris\u00eb iu desh\u00ebn shtat\u00eb muaj t\u00eb hap\u00eb diskutim p\u00eb nj\u00eb nga hapat m\u00eb t\u00eb k\u00ebqinj q\u00eb ka marr\u00eb n\u00eb \u00e7do aspekt, edhe politik, edhe ekonomik, edhe moral, at\u00ebher\u00eb do t\u00eb duhet t\u00eb kalojn\u00eb shtat\u00eb vjet q\u00eb t\u00eb gjendjet nj\u00eb zgjidhje \u201ce pranueshme dhe e q\u00ebndrueshme\u201d p\u00ebr rrogat e funksionar\u00ebve. Tamam deri n\u00eb vitin 2030, kur do t\u00eb hym\u00eb n\u00eb BE.<\/p>\n<p>&nbsp;<\/p>\n<p><strong><em>P\u00ebrketheu: Fjolla Zllatku <\/em><\/strong><\/p>\n\n<div style=\"font-size: 0px; height: 0px; line-height: 0px; margin: 0; padding: 0; clear: both;\"><\/div>","protected":false},"excerpt":{"rendered":"<p>Kur n\u00eb korrik t\u00eb 2017 Zoran Zaev u b\u00eb kryeminist\u00ebr me premtimin: \u201cKjo lig\u00ebsi asnj\u00ebher\u00eb nuk do t\u00eb p\u00ebrs\u00ebritet\u201d, koalicioni [&hellip;]<\/p>\n","protected":false},"author":25,"featured_media":0,"comment_status":"closed","ping_status":"closed","sticky":false,"template":"","format":"standard","meta":{"_mo_disable_npp":"no","inline_featured_image":false},"categories":[1825],"tags":[],"imageURL":false,"thumbURL":false,"categoryNames":["DUA T\u00cb THEM"],"feature_caption":"","subtitle":"Si mund t\u00eb zhduket korrupsioni, kur askujt nga ne q\u00eb japim vot\u00ebn ton\u00eb n\u00eb zgjedhje, nuk na pengon?","views":"34","source":"Shkup, (SAKAMDAKAZAM.MK)","yoast_head":"<!-- This site is optimized with the Yoast SEO Premium plugin v15.0 - https:\/\/yoast.com\/wordpress\/plugins\/seo\/ -->\n<title>A THUA SE NUK KA NDODHUR GJ\u00cb - \u0421\u0430\u043a\u0430\u043c \u0414\u0430 \u041a\u0430\u0436\u0430\u043c<\/title>\n<meta name=\"robots\" content=\"index, follow, max-snippet:-1, max-image-preview:large, max-video-preview:-1\" \/>\n<link rel=\"canonical\" href=\"https:\/\/sdk.mk\/index.php\/dua-te-them\/a-thua-se-nuk-ka-ndodhur-gje\/\" \/>\n<meta property=\"og:locale\" content=\"mk_MK\" \/>\n<meta property=\"og:type\" content=\"article\" \/>\n<meta property=\"og:title\" content=\"A THUA SE NUK KA NDODHUR GJ\u00cb - \u0421\u0430\u043a\u0430\u043c \u0414\u0430 \u041a\u0430\u0436\u0430\u043c\" \/>\n<meta property=\"og:description\" content=\"Kur n\u00eb korrik t\u00eb 2017 Zoran Zaev u b\u00eb kryeminist\u00ebr me premtimin: \u201cKjo lig\u00ebsi asnj\u00ebher\u00eb nuk do t\u00eb p\u00ebrs\u00ebritet\u201d, koalicioni [&hellip;]\" \/>\n<meta property=\"og:url\" content=\"https:\/\/sdk.mk\/index.php\/dua-te-them\/a-thua-se-nuk-ka-ndodhur-gje\/\" \/>\n<meta property=\"og:site_name\" content=\"\u0421\u0430\u043a\u0430\u043c \u0414\u0430 \u041a\u0430\u0436\u0430\u043c\" \/>\n<meta property=\"article:published_time\" content=\"2023-10-23T08:14:29+00:00\" \/>\n<meta property=\"og:image\" content=\"https:\/\/sdk.mk\/wp-content\/uploads\/2015\/12\/goran-mihailovski2.jpg\" \/>\n\t<meta property=\"og:image:width\" content=\"400\" \/>\n\t<meta property=\"og:image:height\" content=\"313\" \/>\n<meta property=\"fb:app_id\" content=\"2407985809428537\" \/>\n<meta name=\"twitter:card\" content=\"summary\" \/>\n<script type=\"application\/ld+json\" class=\"yoast-schema-graph\">{\"@context\":\"https:\/\/schema.org\",\"@graph\":[{\"@type\":\"WebSite\",\"@id\":\"https:\/\/sdk.mk\/#website\",\"url\":\"https:\/\/sdk.mk\/\",\"name\":\"\\u0421\\u0430\\u043a\\u0430\\u043c \\u0414\\u0430 \\u041a\\u0430\\u0436\\u0430\\u043c\",\"description\":\"\\u0417\\u0430 \\u0441\\u043b\\u043e\\u0431\\u043e\\u0434\\u043e\\u0443\\u043c\\u043d\\u0438\",\"potentialAction\":[{\"@type\":\"SearchAction\",\"target\":\"https:\/\/sdk.mk\/?s={search_term_string}\",\"query-input\":\"required name=search_term_string\"}],\"inLanguage\":\"mk-MK\"},{\"@type\":\"WebPage\",\"@id\":\"https:\/\/sdk.mk\/index.php\/dua-te-them\/a-thua-se-nuk-ka-ndodhur-gje\/#webpage\",\"url\":\"https:\/\/sdk.mk\/index.php\/dua-te-them\/a-thua-se-nuk-ka-ndodhur-gje\/\",\"name\":\"A THUA SE NUK KA NDODHUR GJ\\u00cb - \\u0421\\u0430\\u043a\\u0430\\u043c \\u0414\\u0430 \\u041a\\u0430\\u0436\\u0430\\u043c\",\"isPartOf\":{\"@id\":\"https:\/\/sdk.mk\/#website\"},\"datePublished\":\"2023-10-23T08:14:29+00:00\",\"dateModified\":\"2023-10-23T08:14:29+00:00\",\"author\":{\"@id\":\"https:\/\/sdk.mk\/#\/schema\/person\/737021aeacbe893f7e2c347186c5c7a1\"},\"inLanguage\":\"mk-MK\",\"potentialAction\":[{\"@type\":\"ReadAction\",\"target\":[\"https:\/\/sdk.mk\/index.php\/dua-te-them\/a-thua-se-nuk-ka-ndodhur-gje\/\"]}]},{\"@type\":\"Person\",\"@id\":\"https:\/\/sdk.mk\/#\/schema\/person\/737021aeacbe893f7e2c347186c5c7a1\",\"name\":\"\\u0424\\u0458\\u043e\\u043b\\u0430 \\u0417\\u043b\\u0430\\u0442\\u043a\\u0443\"}]}<\/script>\n<!-- \/ Yoast SEO Premium plugin. -->","_links":{"self":[{"href":"https:\/\/sdk.mk\/index.php\/wp-json\/wp\/v2\/posts\/206473"}],"collection":[{"href":"https:\/\/sdk.mk\/index.php\/wp-json\/wp\/v2\/posts"}],"about":[{"href":"https:\/\/sdk.mk\/index.php\/wp-json\/wp\/v2\/types\/post"}],"author":[{"embeddable":true,"href":"https:\/\/sdk.mk\/index.php\/wp-json\/wp\/v2\/users\/25"}],"replies":[{"embeddable":true,"href":"https:\/\/sdk.mk\/index.php\/wp-json\/wp\/v2\/comments?post=206473"}],"version-history":[{"count":0,"href":"https:\/\/sdk.mk\/index.php\/wp-json\/wp\/v2\/posts\/206473\/revisions"}],"wp:attachment":[{"href":"https:\/\/sdk.mk\/index.php\/wp-json\/wp\/v2\/media?parent=206473"}],"wp:term":[{"taxonomy":"category","embeddable":true,"href":"https:\/\/sdk.mk\/index.php\/wp-json\/wp\/v2\/categories?post=206473"},{"taxonomy":"post_tag","embeddable":true,"href":"https:\/\/sdk.mk\/index.php\/wp-json\/wp\/v2\/tags?post=206473"}],"curies":[{"name":"wp","href":"https:\/\/api.w.org\/{rel}","templated":true}]}}