{"id":206975,"date":"2023-10-30T12:36:53","date_gmt":"2023-10-30T11:36:53","guid":{"rendered":"https:\/\/sdk.mk\/?p=206975"},"modified":"2023-10-30T12:37:25","modified_gmt":"2023-10-30T11:37:25","slug":"206975","status":"publish","type":"post","link":"https:\/\/sdk.mk\/index.php\/histori-te-parrefyera\/206975\/","title":{"rendered":"NJ\u00cb SHKUPJANEJE I JAN\u00cb GRABITUR 800 METRA KATROR\u00cb T\u00cb TOK\u00cbS PRIVATE, KAN\u00cb ND\u00cbRTUAR NJ\u00cb RRUG\u00cb T\u00cb GJAT\u00cb 125 METRA, ND\u00cbRKAQ AJO DUHET T\u00cb PAGUAJ\u00cb TATIM MBI PRON\u00cbN E KONFISKUAR N\u00cb M\u00cbNYR\u00cb T\u00cb PALIGJSHME"},"content":{"rendered":"<div class=\"f52428582a4b906b2d2e2a7d733c7d27\" data-index=\"7\" style=\"float: none; margin:10px 0 10px 0; text-align:center;\">\n<!-- MSP Ads Asynchronous JS Tag - Generated with Revive Adserver v5.4.1 -->\r\n<ins data-revive-zoneid=\"167\" data-revive-id=\"060fdb01f6430ec164d3519234aa4967\"><\/ins>\r\n<script async src=\"\/\/panel.ads.com.mk\/www\/delivery\/asyncjs.php\"><\/script>\n<\/div>\n<p>N\u00eb komun\u00ebn e Butelit, pa pyetur dhe pa shpron\u00ebsim, u bastis nj\u00eb truall privat q\u00eb i p\u00ebrkiste Lile Stanoesk\u00ebs dhe kush\u00ebririt t\u00eb saj, duke nd\u00ebrtuar aty nj\u00eb rrug\u00eb lokale t\u00eb asfaltuar 5 metra t\u00eb gjer\u00eb dhe 125 metra t\u00eb gjat\u00eb.<\/p>\n<p>Nga trualli privat i Stanoesk\u00ebs dhe familjes s\u00eb saj, q\u00eb ka qen\u00eb n\u00ebn pron\u00ebsi e tyre me breza, me nj\u00eb sip\u00ebrfaqe totale prej rreth 3.000 metra katror\u00eb, e q\u00eb ndodhet n\u00eb zon\u00ebn industriale pran\u00eb Vizbegut, tani nj\u00eb rrug\u00eb e nd\u00ebrtuar n\u00eb m\u00ebnyr\u00eb t\u00eb paligjshme z\u00eb deri 800 metra katror\u00eb.<\/p>\n<p>\u201cNuk mjafton q\u00eb ma kan\u00eb vjedhur pron\u00ebn, por un\u00eb paguaj dhe tatim p\u00ebr pron\u00ebn e vjedhur. Edhe nuk \u00ebsht\u00eb e imja, edhe vazhdoj t\u00eb paguaj tatim p\u00ebr 800 metrat katror\u00eb mbi t\u00eb cilat tani \u00ebsht\u00eb shtruar asfalt. Un\u00eb i paguaj tatim Qytetit t\u00eb Shkupit si p\u00ebr nj\u00eb truall n\u00eb zon\u00eb industriale!\u00a0 Ky tatim \u00ebsht\u00eb shum\u00eb m\u00eb i lart\u00eb,&#8221; tha Lile Stanoeska n\u00eb nj\u00eb deklarat\u00eb p\u00ebr SAKAMDAKAZAM.MK, duke k\u00ebrkuar ndihm\u00eb nga Komuna e Butelit.<\/p>\n<p>Por, sa i p\u00ebrket asaj se si i shkon asaj komunikimi me kryetarin Darko Kostovski, flet fakti se p\u00ebr nj\u00eb vit e gjysm\u00eb ajo ka k\u00ebrkuar q\u00eb ai ta pranoj\u00eb, por kjo nuk ka ndodhur.<\/p>\n<p>Kostovski as nuk d\u00ebshiron t\u00eb thot\u00eb se kush e ka nd\u00ebrtuar rrug\u00ebn \u2013 nd\u00ebrtim i paligjsh\u00ebm, e jo m\u00eb ta shemb\u00eb at\u00eb.\u00a0 D\u00ebmshp\u00ebrblimi i pronares Stanoeska dhe kush\u00ebririt t\u00eb saj, megjithat\u00eb, as q\u00eb b\u00ebhet fjal\u00eb.<\/p>\n<p>E pyet\u00ebm se kush e ka nd\u00ebrtuar rrug\u00ebn para se ai t\u00eb vinte n\u00eb funksion, por nuk ka treguar. K\u00ebt\u00eb gj\u00eb nuk ia ka th\u00ebn\u00eb as Avokatit t\u00eb Popullit, cili i \u00ebsht\u00eb drejtuar dy her\u00eb.<\/p>\n<p>Si d\u00ebshmi, ja ku jan\u00eb pyetjet specifike t\u00eb paraqitura nga ne, e m\u00eb posht\u00eb p\u00ebrgjigjja e tij.<\/p>\n<p>\u201cI nderuar kryetar Darko Kostovski,<\/p>\n<p>Redaksia digjitale e lajmeve SAKAMDAKAZAM.MK k\u00ebrkon t\u00eb na p\u00ebrgjigjeni p\u00ebr at\u00eb se kur do ta\u00a0 shembni rrug\u00ebn e madhe-nd\u00ebrtim i paligjsh\u00ebm, t\u00eb nd\u00ebrtuar n\u00eb nj\u00eb truall privat KP Nr. 38\/0, pa asnj\u00eb shpron\u00ebsim?\u00a0 B\u00ebhet fjal\u00eb p\u00ebr nj\u00eb rrug\u00eb lokale t\u00eb nd\u00ebrtuar n\u00eb m\u00ebnyr\u00eb t\u00eb paligjshme, 5 metra e gjer\u00eb, 125 metra e gjat\u00eb, p\u00ebr t\u00eb cil\u00ebn nj\u00eb nga pronar\u00ebt, Lile Stanoeska, ka paraqitur ankes\u00eb pran\u00eb Avokatit t\u00eb Popullit.<\/p>\n<p>Pavar\u00ebsisht se kush e ka nd\u00ebrtuar, \u00ebsht\u00eb detyrim i komun\u00ebs q\u00eb t\u00eb shemb\u00eb dhe t\u00eb eliminoj\u00eb nd\u00ebrtimet e paligjshme. Ju lutemi t\u00eb na p\u00ebrgjigjeni se kush e ka nd\u00ebrtuar rrug\u00ebn me nd\u00ebrhyrje t\u00eb paligjshme n\u00eb nj\u00eb truall privat, sepse shpresojm\u00eb se deri m\u00eb tani e keni hetuar k\u00ebt\u00eb \u00e7\u00ebshtje, n\u00eb p\u00ebrputhje me detyr\u00ebn tuaj ndaj qytetar\u00ebve dhe funksionit,&#8221; jan\u00eb pyetjet nga SDK.MK.<\/p>\n<p>Ja se \u00e7far\u00eb u p\u00ebrgjigj kryetari Kostovski:<\/p>\n<p>\u201cSipas pyetjeve tuaja, ju njoftojm\u00eb nga Kryetari i KP 38\/9 KO \u00c7air, mbi rrug\u00ebn n\u00eb pron\u00ebsi private q\u00eb mbulohet nga PDU p\u00ebr Lagjen e Qytetit SSI 01, Komuna Butel, si pjes\u00eb e rr. 1562 \u2013 rruga e re e planifikuar e banimit 2 dhe pjes\u00eb e rrug\u00ebs 1562 &#8211; rrug\u00eb e re e planifikuar e sh\u00ebrbimit.\u00a0 Kjo rrug\u00eb nuk mbulohet nga Programi Vjetor (J) p\u00ebr aktivitetet komunale t\u00eb Komun\u00ebs Butel, pra Komuna Butel nuk ka filluar procedur\u00ebn p\u00ebr projektimin dhe nd\u00ebrtimin e rrug\u00ebs n\u00eb fjal\u00eb n\u00eb periudh\u00ebn e kaluar. Komuna Butel si autoritet kompetent, nuk ka filluar procedur\u00ebn p\u00ebr l\u00ebshimin e lejes p\u00ebr nd\u00ebrtim t\u00eb rrug\u00ebs, nuk ka l\u00ebshuar leje nd\u00ebrtimi t\u00eb rrug\u00ebs q\u00eb p\u00ebrfshin truallin e lartp\u00ebrmendur kadastral dhe nuk figuron si investitor n\u00eb realizimin e rrug\u00ebs. Sipas gjetjeve t\u00eb qytetar\u00ebve, n\u00eb periudh\u00ebn nga viti 2019 deri n\u00eb vitin 2021 jan\u00eb kryer aktivitete nd\u00ebrtimore n\u00eb lokacion, p\u00ebrkat\u00ebsisht shtrim i asfaltit. N\u00eb periudh\u00ebn e m\u00ebsip\u00ebrme, nuk \u00ebsht\u00eb kryer asnj\u00eb mbik\u00ebqyrje inspektimi nga nj\u00eb sh\u00ebrbim inspektimi dhe, n\u00eb p\u00ebrputhje me rrethanat, nuk \u00ebsht\u00eb filluar asnj\u00eb procedur\u00eb inspektimi p\u00ebr nd\u00ebrtime t\u00eb paligjshme.\u00a0 Lidhur me procedur\u00ebn e shpron\u00ebsimit t\u00eb kryer, ju njoftojm\u00eb se Komuna Butel nuk ka filluar procedur\u00ebn e shpron\u00ebsimit, pasi sipas Programit Vjetor (J) p\u00ebr aktivitetet komunale t\u00eb Komun\u00ebs Butel p\u00ebr vitin 2023, nuk parashikohet realizimi i nj\u00eb rruge t\u00eb planifikuar rishtazi n\u00eb p\u00ebrputhje me Planin e Detajuar Urbanistik p\u00ebr Lagjen e Qytetit SSE 01, Komuna Butel. Bashk\u00ebngjitur, me k\u00ebrkes\u00eb p\u00ebr informacion (nr 23-664\/4 dat\u00eb 30.05.2023), i dor\u00ebzojm\u00eb njoftim Avokatit t\u00eb Popullit (me adres\u00eb rr. \u201cMakedonija\u201d nr. 19 Shkup)\u201d.<\/p>\n<p>Ai nuk tregon se kush e ka nd\u00ebrtuar rrug\u00ebn e paligjshme, dhe n\u00eb p\u00ebrgjigjen e tij ai askund nuk ka deklaruar se do t\u00eb b\u00ebj\u00eb ndonj\u00eb gj\u00eb p\u00ebr shembjen e saj ose t\u00eb pakt\u00ebn p\u00ebr t\u00eb kompensuar pronar\u00ebt.<\/p>\n<p>Kjo \u00ebsht\u00eb nj\u00eb shkelje e r\u00ebnd\u00eb e t\u00eb drejt\u00ebs s\u00eb pron\u00ebs private t\u00eb garantuar me kushtetut\u00eb, p\u00ebr t\u00eb cil\u00ebn p\u00ebr momentin shqet\u00ebsohet vet\u00ebm Avokati i Popullit, drejt t\u00eb cilit pronar\u00ebt e pafuqish\u00ebm kan\u00eb paraqitur ankes\u00eb p\u00ebr at\u00eb q\u00eb u ka ndodhur.<\/p>\n<div id=\"attachment_202580\" style=\"width: 910px\" class=\"wp-caption aligncenter\"><a href=\"https:\/\/sdk.mk\/wp-content\/uploads\/2023\/08\/ulica-vizbegovo-49839848934.jpg\"><img aria-describedby=\"caption-attachment-202580\" loading=\"lazy\" class=\"wp-image-202580 size-full\" src=\"https:\/\/sdk.mk\/wp-content\/uploads\/2023\/08\/ulica-vizbegovo-49839848934.jpg\" alt=\"\" width=\"900\" height=\"473\" srcset=\"https:\/\/sdk.mk\/wp-content\/uploads\/2023\/08\/ulica-vizbegovo-49839848934.jpg 900w, https:\/\/sdk.mk\/wp-content\/uploads\/2023\/08\/ulica-vizbegovo-49839848934-400x210.jpg 400w, https:\/\/sdk.mk\/wp-content\/uploads\/2023\/08\/ulica-vizbegovo-49839848934-650x342.jpg 650w, https:\/\/sdk.mk\/wp-content\/uploads\/2023\/08\/ulica-vizbegovo-49839848934-250x131.jpg 250w, https:\/\/sdk.mk\/wp-content\/uploads\/2023\/08\/ulica-vizbegovo-49839848934-768x404.jpg 768w, https:\/\/sdk.mk\/wp-content\/uploads\/2023\/08\/ulica-vizbegovo-49839848934-150x79.jpg 150w, https:\/\/sdk.mk\/wp-content\/uploads\/2023\/08\/ulica-vizbegovo-49839848934-50x26.jpg 50w, https:\/\/sdk.mk\/wp-content\/uploads\/2023\/08\/ulica-vizbegovo-49839848934-100x53.jpg 100w, https:\/\/sdk.mk\/wp-content\/uploads\/2023\/08\/ulica-vizbegovo-49839848934-200x105.jpg 200w, https:\/\/sdk.mk\/wp-content\/uploads\/2023\/08\/ulica-vizbegovo-49839848934-300x158.jpg 300w, https:\/\/sdk.mk\/wp-content\/uploads\/2023\/08\/ulica-vizbegovo-49839848934-350x184.jpg 350w, https:\/\/sdk.mk\/wp-content\/uploads\/2023\/08\/ulica-vizbegovo-49839848934-450x237.jpg 450w, https:\/\/sdk.mk\/wp-content\/uploads\/2023\/08\/ulica-vizbegovo-49839848934-500x263.jpg 500w, https:\/\/sdk.mk\/wp-content\/uploads\/2023\/08\/ulica-vizbegovo-49839848934-550x289.jpg 550w, https:\/\/sdk.mk\/wp-content\/uploads\/2023\/08\/ulica-vizbegovo-49839848934-800x420.jpg 800w\" sizes=\"(max-width: 900px) 100vw, 900px\" \/><\/a><p id=\"caption-attachment-202580\" class=\"wp-caption-text\">Edhe nuk \u00ebsht\u00eb e imja, edhe vazhdoj t\u00eb paguaj tatim p\u00ebr 800 metrat katror\u00eb mbi t\u00eb cilat tani \u00ebsht\u00eb shtruar asfalt&#8221;, thot\u00eb pronarja Lile Stanoeska.\u00a0 (Foto: arkivi privat)<\/p><\/div>\n<p>Ata nuk jetojn\u00eb atje dhe aksidentalisht kan\u00eb zbuluar se gjat\u00eb pandemis\u00eb s\u00eb koronavirusit, kur t\u00eb gjith\u00eb ishin t\u00eb mbyllur n\u00eb sht\u00ebpi, n\u00eb truallin e tyre dikush kishte nd\u00ebrtuar nj\u00eb rrug\u00eb t\u00eb madhe.\u00a0 Ata supozojn\u00eb se ka qen\u00eb komuna.<\/p>\n<p>\u201cK\u00ebshtu e ka ky shtet. E r\u00ebnd\u00ebsishme \u00ebsht\u00eb q\u00eb kryetar\u00ebt tan\u00eb t\u00eb mos e prishin koalicionin me BDI-n\u00eb, e n\u00ebse duhet le ta uzurpojn\u00eb nj\u00eb shesh t\u00eb t\u00ebr\u00eb.\u00a0 T\u00eb pakt\u00ebn le t\u00eb na lirojn\u00eb nga tatimi\u201d, k\u00ebrkon Stanoeska.<\/p>\n<p>Avokati i Popullit nga Komuna (sektori i urbanizmit) ka k\u00ebrkuar t\u00eb informohet n\u00ebse Komuna Butel \u00ebsht\u00eb investitor n\u00eb rrug\u00ebn e p\u00ebrcaktuar, dhe n\u00ebse po, t &#8216;i siguroj\u00eb nj\u00eb kopje t\u00eb lejes s\u00eb nd\u00ebrtimit dhe t\u00eb p\u00ebrgjigjet brenda 30 dit\u00ebve n\u00eb lidhje me karakterin e truallit dhe se \u00e7far\u00eb parashikohet n\u00eb p\u00ebrputhje me planin urbanistik t\u00eb Komun\u00ebs Butel.<\/p>\n<p>Avokati i Popullit gjithashtu k\u00ebrkon t\u00eb njoftohet n\u00ebse jan\u00eb zgjidhur m\u00eb par\u00eb marr\u00ebdh\u00ebniet juridike pron\u00ebsore me personat nga t\u00eb cil\u00ebt mund t\u00eb ket\u00eb nevoj\u00eb t\u00eb sekuestrohen-pasurit\u00eb e paluajtshme.<\/p>\n<p>\u201cP\u00ebr rrjedhoj\u00eb, \u00ebsht\u00eb e nevojshme t\u00eb deklarohet n\u00ebse shpron\u00ebsimi nga pasurit\u00eb e paluajtshme nga ana e parashtruesit t\u00eb ankes\u00ebs \u00ebsht\u00eb planifikuar p\u00ebr k\u00ebt\u00eb q\u00ebllim, nga sa m2 \u00ebsht\u00eb dep\u00ebrtuar n\u00eb pronat private, konkretisht p\u00ebr parashtruesin e ankes\u00ebs,\u201d pyet Avokati i Popullit n\u00eb fjal\u00ebn e tij drejtuar sektorit t\u00eb urbanizmit n\u00eb Butel.<\/p>\n<p>Nd\u00ebrkoh\u00eb, Kryetarit t\u00eb Komun\u00ebs Darko Kostovski, Avokati i Popullit i thot\u00eb se ai duhet t\u00eb kishte marr\u00eb masa p\u00ebr rrug\u00ebn n\u00eb pron\u00ebn private t\u00eb dikujt tjet\u00ebr.<\/p>\n<p>\u201cAvokati i Popullit beson se Komuna Butel, duke mos vepruar, nuk respekton t\u00eb drejtat pron\u00ebsore t\u00eb shtetasve t\u00eb saj. Kjo do t\u00eb thot\u00eb, n\u00ebse Komuna Butel nuk \u00ebsht\u00eb investitor n\u00eb rrug\u00ebn e asfaltuar n\u00eb fjal\u00eb, ajo duhet t\u00eb kishte marr\u00eb masat e duhura p\u00ebr t\u00eb parandaluar nd\u00ebrtimin e k\u00ebtij lloji &#8211; pa marr\u00eb leje nd\u00ebrtimi dhe n\u00eb t\u00eb nj\u00ebjt\u00ebn koh\u00eb t\u00eb filloj\u00eb nj\u00eb procedur\u00eb kund\u00ebrvajt\u00ebse p\u00ebr uzurpimin e paligjsh\u00ebm. N\u00ebse e ka nd\u00ebrtuar vet\u00eb Komuna, kjo \u00ebsht\u00eb n\u00eb kund\u00ebrshtim me rregulloret ligjore t\u00eb shtetit, me t\u00eb cilat nuk \u00ebsht\u00eb nisur asnj\u00eb procedur\u00eb p\u00ebr pastrimin e pron\u00ebs dhe problemet ligjore p\u00ebr nd\u00ebrtimin paraprakisht, n\u00eb fakt, justifikon arsyen pse nuk \u00ebsht\u00eb l\u00ebshuar asnj\u00eb leje nd\u00ebrtimi, \u201dreagoi ashp\u00ebr Avokati i Popullit.<\/p>\n<p>Gjithashtu, Avokati i Popullit i v\u00ebrteton kryetarit t\u00eb komun\u00ebs se pronar\u00ebt e d\u00ebmtuar kan\u00eb t\u00eb drejt\u00eb ligjore p\u00ebr largimin e nd\u00ebrtimit t\u00eb paligjsh\u00ebm, n\u00ebse kryetari i komun\u00ebs e mban veten pa kompetenca.<\/p>\n<p><strong><em>S. K. DELEVSKA<\/em><\/strong><\/p>\n\n<div style=\"font-size: 0px; height: 0px; line-height: 0px; margin: 0; padding: 0; clear: both;\"><\/div>","protected":false},"excerpt":{"rendered":"<p>N\u00eb komun\u00ebn e Butelit, pa pyetur dhe pa shpron\u00ebsim, u bastis nj\u00eb truall privat q\u00eb i p\u00ebrkiste Lile Stanoesk\u00ebs dhe [&hellip;]<\/p>\n","protected":false},"author":25,"featured_media":202579,"comment_status":"closed","ping_status":"closed","sticky":false,"template":"","format":"standard","meta":{"_mo_disable_npp":"no","inline_featured_image":false},"categories":[3085,3087],"tags":[],"imageURL":"https:\/\/sdk.mk\/wp-content\/uploads\/2023\/08\/vizbegovo-ulica-483894389-650x341.jpg","thumbURL":"https:\/\/sdk.mk\/wp-content\/uploads\/2023\/08\/vizbegovo-ulica-483894389-250x131.jpg","categoryNames":["Histori t\u00eb parr\u00ebfyera","Maqedonia"],"feature_caption":"Ata nuk jetojn\u00eb atje dhe aksidentalisht kan\u00eb zbuluar se gjat\u00eb pandemis\u00eb s\u00eb koronavirusit, kur t\u00eb gjith\u00eb ishin t\u00eb mbyllur n\u00eb sht\u00ebpi, n\u00eb truallin e tyre dikush kishte nd\u00ebrtuar nj\u00eb rrug\u00eb t\u00eb madhe.\u00a0 Ata supozojn\u00eb se ka qen\u00eb komuna.(Foto: video private\/printscreen)","subtitle":"","views":"20","source":"\u0421\u043a\u043e\u043f\u0458\u0435, (\u0421\u0410\u041a\u0410\u041c\u0414\u0410\u041a\u0410\u0416\u0410\u041c.\u041c\u041a)","yoast_head":"<!-- This site is optimized with the Yoast SEO Premium plugin v15.0 - https:\/\/yoast.com\/wordpress\/plugins\/seo\/ -->\n<title>NJ\u00cb SHKUPJANEJE I JAN\u00cb GRABITUR 800 METRA KATROR\u00cb T\u00cb TOK\u00cbS PRIVATE, KAN\u00cb ND\u00cbRTUAR NJ\u00cb RRUG\u00cb T\u00cb GJAT\u00cb 125 METRA, ND\u00cbRKAQ AJO DUHET T\u00cb PAGUAJ\u00cb TATIM MBI PRON\u00cbN E KONFISKUAR N\u00cb M\u00cbNYR\u00cb T\u00cb PALIGJSHME - \u0421\u0430\u043a\u0430\u043c \u0414\u0430 \u041a\u0430\u0436\u0430\u043c<\/title>\n<meta name=\"robots\" content=\"index, follow, max-snippet:-1, max-image-preview:large, max-video-preview:-1\" \/>\n<link rel=\"canonical\" href=\"https:\/\/sdk.mk\/index.php\/histori-te-parrefyera\/206975\/\" \/>\n<meta property=\"og:locale\" content=\"mk_MK\" \/>\n<meta property=\"og:type\" content=\"article\" \/>\n<meta property=\"og:title\" content=\"NJ\u00cb SHKUPJANEJE I JAN\u00cb GRABITUR 800 METRA KATROR\u00cb T\u00cb TOK\u00cbS PRIVATE, KAN\u00cb ND\u00cbRTUAR NJ\u00cb RRUG\u00cb T\u00cb GJAT\u00cb 125 METRA, ND\u00cbRKAQ AJO DUHET T\u00cb PAGUAJ\u00cb TATIM MBI PRON\u00cbN E KONFISKUAR N\u00cb M\u00cbNYR\u00cb T\u00cb PALIGJSHME - \u0421\u0430\u043a\u0430\u043c \u0414\u0430 \u041a\u0430\u0436\u0430\u043c\" \/>\n<meta property=\"og:description\" content=\"N\u00eb komun\u00ebn e Butelit, pa pyetur dhe pa shpron\u00ebsim, u bastis nj\u00eb truall privat q\u00eb i p\u00ebrkiste Lile Stanoesk\u00ebs dhe [&hellip;]\" \/>\n<meta property=\"og:url\" content=\"https:\/\/sdk.mk\/index.php\/histori-te-parrefyera\/206975\/\" \/>\n<meta property=\"og:site_name\" content=\"\u0421\u0430\u043a\u0430\u043c \u0414\u0430 \u041a\u0430\u0436\u0430\u043c\" \/>\n<meta property=\"article:published_time\" content=\"2023-10-30T11:36:53+00:00\" \/>\n<meta property=\"article:modified_time\" content=\"2023-10-30T11:37:25+00:00\" \/>\n<meta property=\"og:image\" content=\"https:\/\/sdk.mk\/wp-content\/uploads\/2023\/08\/vizbegovo-ulica-483894389.jpg\" \/>\n\t<meta property=\"og:image:width\" content=\"800\" \/>\n\t<meta property=\"og:image:height\" content=\"420\" \/>\n<meta property=\"fb:app_id\" content=\"2407985809428537\" \/>\n<meta name=\"twitter:card\" content=\"summary\" \/>\n<script type=\"application\/ld+json\" class=\"yoast-schema-graph\">{\"@context\":\"https:\/\/schema.org\",\"@graph\":[{\"@type\":\"WebSite\",\"@id\":\"https:\/\/sdk.mk\/#website\",\"url\":\"https:\/\/sdk.mk\/\",\"name\":\"\\u0421\\u0430\\u043a\\u0430\\u043c \\u0414\\u0430 \\u041a\\u0430\\u0436\\u0430\\u043c\",\"description\":\"\\u0417\\u0430 \\u0441\\u043b\\u043e\\u0431\\u043e\\u0434\\u043e\\u0443\\u043c\\u043d\\u0438\",\"potentialAction\":[{\"@type\":\"SearchAction\",\"target\":\"https:\/\/sdk.mk\/?s={search_term_string}\",\"query-input\":\"required name=search_term_string\"}],\"inLanguage\":\"mk-MK\"},{\"@type\":\"ImageObject\",\"@id\":\"https:\/\/sdk.mk\/index.php\/histori-te-parrefyera\/206975\/#primaryimage\",\"inLanguage\":\"mk-MK\",\"url\":\"https:\/\/sdk.mk\/wp-content\/uploads\/2023\/08\/vizbegovo-ulica-483894389.jpg\",\"width\":800,\"height\":420},{\"@type\":\"WebPage\",\"@id\":\"https:\/\/sdk.mk\/index.php\/histori-te-parrefyera\/206975\/#webpage\",\"url\":\"https:\/\/sdk.mk\/index.php\/histori-te-parrefyera\/206975\/\",\"name\":\"NJ\\u00cb SHKUPJANEJE I JAN\\u00cb GRABITUR 800 METRA KATROR\\u00cb T\\u00cb TOK\\u00cbS PRIVATE, KAN\\u00cb ND\\u00cbRTUAR NJ\\u00cb RRUG\\u00cb T\\u00cb GJAT\\u00cb 125 METRA, ND\\u00cbRKAQ AJO DUHET T\\u00cb PAGUAJ\\u00cb TATIM MBI PRON\\u00cbN E KONFISKUAR N\\u00cb M\\u00cbNYR\\u00cb T\\u00cb PALIGJSHME - \\u0421\\u0430\\u043a\\u0430\\u043c \\u0414\\u0430 \\u041a\\u0430\\u0436\\u0430\\u043c\",\"isPartOf\":{\"@id\":\"https:\/\/sdk.mk\/#website\"},\"primaryImageOfPage\":{\"@id\":\"https:\/\/sdk.mk\/index.php\/histori-te-parrefyera\/206975\/#primaryimage\"},\"datePublished\":\"2023-10-30T11:36:53+00:00\",\"dateModified\":\"2023-10-30T11:37:25+00:00\",\"author\":{\"@id\":\"https:\/\/sdk.mk\/#\/schema\/person\/737021aeacbe893f7e2c347186c5c7a1\"},\"inLanguage\":\"mk-MK\",\"potentialAction\":[{\"@type\":\"ReadAction\",\"target\":[\"https:\/\/sdk.mk\/index.php\/histori-te-parrefyera\/206975\/\"]}]},{\"@type\":\"Person\",\"@id\":\"https:\/\/sdk.mk\/#\/schema\/person\/737021aeacbe893f7e2c347186c5c7a1\",\"name\":\"\\u0424\\u0458\\u043e\\u043b\\u0430 \\u0417\\u043b\\u0430\\u0442\\u043a\\u0443\"}]}<\/script>\n<!-- \/ Yoast SEO Premium plugin. -->","_links":{"self":[{"href":"https:\/\/sdk.mk\/index.php\/wp-json\/wp\/v2\/posts\/206975"}],"collection":[{"href":"https:\/\/sdk.mk\/index.php\/wp-json\/wp\/v2\/posts"}],"about":[{"href":"https:\/\/sdk.mk\/index.php\/wp-json\/wp\/v2\/types\/post"}],"author":[{"embeddable":true,"href":"https:\/\/sdk.mk\/index.php\/wp-json\/wp\/v2\/users\/25"}],"replies":[{"embeddable":true,"href":"https:\/\/sdk.mk\/index.php\/wp-json\/wp\/v2\/comments?post=206975"}],"version-history":[{"count":0,"href":"https:\/\/sdk.mk\/index.php\/wp-json\/wp\/v2\/posts\/206975\/revisions"}],"wp:featuredmedia":[{"embeddable":true,"href":"https:\/\/sdk.mk\/index.php\/wp-json\/wp\/v2\/media\/202579"}],"wp:attachment":[{"href":"https:\/\/sdk.mk\/index.php\/wp-json\/wp\/v2\/media?parent=206975"}],"wp:term":[{"taxonomy":"category","embeddable":true,"href":"https:\/\/sdk.mk\/index.php\/wp-json\/wp\/v2\/categories?post=206975"},{"taxonomy":"post_tag","embeddable":true,"href":"https:\/\/sdk.mk\/index.php\/wp-json\/wp\/v2\/tags?post=206975"}],"curies":[{"name":"wp","href":"https:\/\/api.w.org\/{rel}","templated":true}]}}