{"id":207004,"date":"2023-10-30T14:57:50","date_gmt":"2023-10-30T13:57:50","guid":{"rendered":"https:\/\/sdk.mk\/?p=207004"},"modified":"2023-10-30T14:57:50","modified_gmt":"2023-10-30T13:57:50","slug":"15-drejtore-jane-shkarkuar-apo-vete-kane-dhene-doreheqje-gjate-nje-viti-e-gjysem-nga-mandati-i-arsovskes","status":"publish","type":"post","link":"https:\/\/sdk.mk\/index.php\/rrjeti-i-korrespondenteve\/15-drejtore-jane-shkarkuar-apo-vete-kane-dhene-doreheqje-gjate-nje-viti-e-gjysem-nga-mandati-i-arsovskes\/","title":{"rendered":"15 DREJTOR\u00cb JAN\u00cb SHKARKUAR APO VET\u00cb KAN\u00cb DH\u00cbN\u00cb DOR\u00cbHEQJE GJAT\u00cb NJ\u00cb VITI E GJYS\u00cbM NGA MANDATI I ARSOVSK\u00cbS"},"content":{"rendered":"<div class=\"f52428582a4b906b2d2e2a7d733c7d27\" data-index=\"7\" style=\"float: none; margin:10px 0 10px 0; text-align:center;\">\n<!-- MSP Ads Asynchronous JS Tag - Generated with Revive Adserver v5.4.1 -->\r\n<ins data-revive-zoneid=\"167\" data-revive-id=\"060fdb01f6430ec164d3519234aa4967\"><\/ins>\r\n<script async src=\"\/\/panel.ads.com.mk\/www\/delivery\/asyncjs.php\"><\/script>\n<\/div>\n<p>Kryetarja Danella Arsovska p\u00ebr nj\u00eb vit e gjys\u00ebm nga mandati i saj ka nd\u00ebrruar 15 drejtor\u00eb t\u00eb nd\u00ebrmarrjeve publike dhe institucioneve. Ka shkarkuar 7 drejtor\u00eb q\u00eb ajo vet\u00eb i vendosi n\u00eb funksion, nd\u00ebrsa 8 kan\u00eb dh\u00ebn\u00eb vet\u00eb dor\u00ebheqje. Dy drejtor\u00eb i ka kaluar nga nj\u00eb nd\u00ebrmarrje publike n\u00eb nj\u00eb tjet\u00ebr.<\/p>\n<p>Praktika e ndryshimeve t\u00eb pozicioneve drejtuese filloi nga NP \u201cParkingu i qytetit\u201d, ku vet\u00ebm dhjet\u00eb dit\u00eb nga em\u00ebrimi i Filip Pashut si drejtor e nd\u00ebrroi dhe n\u00eb vendin e tij e vuri Bojan Hristovskin nga VMRO-DPMNE-ja.<\/p>\n<p>I pari q\u00eb dha dor\u00ebheqje nga funksioni ishte drejtori i JSP \u201cSkopje\u201d Ivan Ilievski, n\u00eb maj t\u00eb vitit t\u00eb kaluar, vet\u00ebm 5 muaj pasi erdhi n\u00eb funksion. N\u00eb vendin e tij m\u00eb pas Arskovska e em\u00ebroi Aleksandar Stojkovskin.<\/p>\n<p>N\u00eb fillim t\u00eb korrikut, kryetarja e shkarkoi drejtorin e NP \u201cHigjiena komunale\u201d Zudi Enuz, pas incidentit n\u00eb Sheshin Skenderbe, kur lideri i VMRO-DPMNE-s\u00eb Hristijan Mickoski akuzoi se nj\u00eb person i armatosur ka dashur ta vras\u00eb gjat\u00eb protest\u00ebs kund\u00ebr propozimit francez, e b\u00ebhet fjal\u00eb p\u00ebr Cufi Kok\u00ebn, v\u00ebllan\u00eb e drejtorit Enuz Koka. Pas k\u00ebsaj, Aleanca p\u00ebr shqiptar\u00ebt e p\u00ebrfundoi bashk\u00ebpunimin me Arsovsk\u00ebn. P\u00ebr drejtoreshe t\u00eb re t\u00eb \u201cHigjien\u00ebs komunale\u201d u emrua Kosana Mazneva, e cila akoma \u00ebsht\u00eb n\u00eb funksion.<\/p>\n<p>Dy jav\u00eb m\u00eb pas, Arsovska e shkarkoi edhe drejtorin e Kopshit zoologjik Hristijan Stamenov, sepse n\u00eb kopsht vrau 12 kuaj dhe nj\u00eb gomar. Nj\u00eb muaj m\u00eb Arsovska k\u00ebrkonte z\u00ebvend\u00ebsim p\u00ebr Stamenovin, gj\u00eb pas s\u00eb cil\u00ebs p\u00ebr drejtor e vuri Dragan Ilievskin.<\/p>\n<p>N\u00eb shtator t\u00eb vitit t\u00eb kaluar filloi z\u00ebnka oficiale mes Arsovsk\u00ebs dhe VMRO-DPMNE-s\u00eb me shkarkimin e Zllatko Perinskit nga vendi drejtorial n\u00eb \u201cUj\u00ebsjell\u00ebsi dhe kanalizimi\u201d. Arsovska tha se e ka kapur Perinskin duke vjedhur, gjegj\u00ebsisht se ka dashur ta kursej\u00eb tenderin p\u00ebr stacionin e pastrimit t\u00eb uj\u00ebrave t\u00eb zeza, nd\u00ebrsa nga VMRO-DPMNE-ja jan\u00eb p\u00ebrgjigjur se ajo d\u00ebshiron ta kurdis\u00eb tenderin n\u00eb dobi t\u00eb firm\u00ebs turke. N\u00eb vendin e Perinskit p\u00ebr drejtor ushtues detyre e ka caktuar Marjan\u00e7e Mitovskin.<\/p>\n<p>Disa dit\u00eb m\u00eb pas, vijojn\u00eb dor\u00ebheqjet e kuadrove t\u00eb drejtor\u00ebve t\u00eb VMRO-DPMNE-s\u00eb, gjegj\u00ebsisht dor\u00ebheqje dhan\u00eb drejtor\u00ebt e NP \u201cParkingu i Shkupit\u201d Bojan Hristovski dhe i \u201cDrislla\u201d Jane Micesvski, i \u201cRrug\u00eb dhe rrugica\u201d Boris Nastov, i \u201cParqe dhe gjelb\u00ebrime\u201d Angell Sotirovski, i \u201cLlaja\u201d Voisllav Dimitrovski, i JSP \u201cTurs\u201c Filp Vasilevski. T\u00eb gjitha than\u00eb se Arsovska fare nuk ka komunikauar me ta dhe se nuk interesohet p\u00ebr qytetin.<\/p>\n<p>Pas dor\u00ebheqjeve grupore, Arsovska n\u00eb NP \u201cLlajka\u201d p\u00ebr drejtoreshe ushtruese t\u00eb detyr\u00ebs e em\u00ebroi aktivisten p\u00ebr mbrojtje t\u00eb kafsh\u00ebve Radmilla Pesheva, n\u00eb \u201cParkingun e qytetit\u201d K\u00ebrste Petreskin nga GROM, nd\u00ebrsa n\u00eb \u201cDrislla\u201d, Aleksandar Kuzinakovin. Me ndryshimet e reja t\u00eb vendeve drejtoriale, fitojn\u00eb kuadro t\u00eb BDI-s\u00eb dhe at\u00eb n\u00eb \u201cRrug\u00eb dhe rrugica\u201d p\u00ebr drejtor \u00ebsht\u00eb em\u00ebruar Said Said dhe n\u00eb \u201cParqe dhe gjelb\u00ebrim\u201d Zuhejr Rexhepi.<\/p>\n<p>N\u00eb janar t\u00eb k\u00ebtij viti, Arsovska s\u00ebrish ka vendosr drejtor t\u00eb ri t\u00eb \u201cUj\u00ebsjell\u00ebsi\u201d q\u00eb \u00ebsht\u00eb drejtori i tret\u00eb brenda nj\u00eb viti. E shkarkoi Mitovskin, e n\u00eb vend t\u00eb tij erdhi drejtori i Kopshtit zoologjik Dragan Ilievski. Edhe Kopshti zoologjik ka drejtorin e tret\u00eb, gjegj\u00ebsisht Zoran Popovi i cili erdhi si pjes\u00eb e kipit t\u00eb Ilievskit.<\/p>\n<p>N\u00eb dit\u00ebn e nj\u00ebjt\u00eb, kryetaja shkarkoi dhe drejtorin e Qendr\u00ebs kulturore rinore (MKC) Van\u00e7o Bogoev dhe n\u00eb vendin e tij e vuri Nikolla Aleksovin.<\/p>\n<p>Para 20 dit\u00ebsh, drejtor t\u00eb tret\u00eb fitoi edhe NP \u201cSkopje\u201d. Arsovska nuk ia vazhdoi kontrat\u00ebn Aleksandar Stojkovskit dhe n\u00eb vend t\u00eb tij em\u00ebroi drejtorin e \u201cParkingut t\u00eb Shkupit\u201d K\u00ebrste Petrevski. Me kalimin e tij n\u00eb nd\u00ebrmarrjen e komunikacionit, \u201cParkingu i Qytetit\u201d fitoi drejtorin e kat\u00ebrt, Mihaill Petrovski.<\/p>\n<p>Arsovska n\u00eb prill p\u00ebr her\u00eb t\u00eb par\u00eb dha kontrata menaxheriale prej 4 vjet\u00ebsh dhe at\u00eb kuadrove t\u00eb BDI-s\u00eb Said dhe Rexhepi. Por, vet\u00ebm dy jav\u00eb pas refuzimit t\u00eb marr\u00ebevshjes menaxheriale, drejtori i \u201cParqe dhe gejlb\u00ebrime\u201d m\u00eb 30 prill dha dor\u00ebheqje.<\/p>\n<p>Me gjith\u00eb k\u00ebro dor\u00ebheqje dhe shkarkime, asgj\u00eb drejtor nuk ka mbetur i nj\u00ebjt\u00eb nga fillimi i mandatit t\u00eb Arsovsk\u00ebs e deri m\u00eb tani.<\/p>\n<p><strong><em>\u00a0A. ANTEVSKA <\/em><\/strong><\/p>\n\n<div style=\"font-size: 0px; height: 0px; line-height: 0px; margin: 0; padding: 0; clear: both;\"><\/div>","protected":false},"excerpt":{"rendered":"<p>Kryetarja Danella Arsovska p\u00ebr nj\u00eb vit e gjys\u00ebm nga mandati i saj ka nd\u00ebrruar 15 drejtor\u00eb t\u00eb nd\u00ebrmarrjeve publike dhe [&hellip;]<\/p>\n","protected":false},"author":25,"featured_media":194014,"comment_status":"closed","ping_status":"closed","sticky":false,"template":"","format":"standard","meta":{"_mo_disable_npp":"no","inline_featured_image":false},"categories":[3095],"tags":[],"imageURL":"https:\/\/sdk.mk\/wp-content\/uploads\/2023\/05\/danela-so-kasana-i-marjance-01.052023-650x324.jpg","thumbURL":"https:\/\/sdk.mk\/wp-content\/uploads\/2023\/05\/danela-so-kasana-i-marjance-01.052023-250x125.jpg","categoryNames":["Rrjeti i korrespondent\u00ebve"],"feature_caption":"Arsovska me drejtoresh\u00ebn e \u201cHigjien\u00ebs komunale\u201d Kosana Mazneva dhe ish-drejtorin e \u201cUj\u00ebsjell\u00ebsit\u201d Marjan\u00e7e Mitovski. (Foto: K. Popov) ","subtitle":"","views":"23","source":"Shkup, (SAKAMDAKAZAM.MK)","yoast_head":"<!-- This site is optimized with the Yoast SEO Premium plugin v15.0 - https:\/\/yoast.com\/wordpress\/plugins\/seo\/ -->\n<title>15 DREJTOR\u00cb JAN\u00cb SHKARKUAR APO VET\u00cb KAN\u00cb DH\u00cbN\u00cb DOR\u00cbHEQJE GJAT\u00cb NJ\u00cb VITI E GJYS\u00cbM NGA MANDATI I ARSOVSK\u00cbS - \u0421\u0430\u043a\u0430\u043c \u0414\u0430 \u041a\u0430\u0436\u0430\u043c<\/title>\n<meta name=\"robots\" content=\"index, follow, max-snippet:-1, max-image-preview:large, max-video-preview:-1\" \/>\n<link rel=\"canonical\" href=\"https:\/\/sdk.mk\/index.php\/rrjeti-i-korrespondenteve\/15-drejtore-jane-shkarkuar-apo-vete-kane-dhene-doreheqje-gjate-nje-viti-e-gjysem-nga-mandati-i-arsovskes\/\" \/>\n<meta property=\"og:locale\" content=\"mk_MK\" \/>\n<meta property=\"og:type\" content=\"article\" \/>\n<meta property=\"og:title\" content=\"15 DREJTOR\u00cb JAN\u00cb SHKARKUAR APO VET\u00cb KAN\u00cb DH\u00cbN\u00cb DOR\u00cbHEQJE GJAT\u00cb NJ\u00cb VITI E GJYS\u00cbM NGA MANDATI I ARSOVSK\u00cbS - \u0421\u0430\u043a\u0430\u043c \u0414\u0430 \u041a\u0430\u0436\u0430\u043c\" \/>\n<meta property=\"og:description\" content=\"Kryetarja Danella Arsovska p\u00ebr nj\u00eb vit e gjys\u00ebm nga mandati i saj ka nd\u00ebrruar 15 drejtor\u00eb t\u00eb nd\u00ebrmarrjeve publike dhe [&hellip;]\" \/>\n<meta property=\"og:url\" content=\"https:\/\/sdk.mk\/index.php\/rrjeti-i-korrespondenteve\/15-drejtore-jane-shkarkuar-apo-vete-kane-dhene-doreheqje-gjate-nje-viti-e-gjysem-nga-mandati-i-arsovskes\/\" \/>\n<meta property=\"og:site_name\" content=\"\u0421\u0430\u043a\u0430\u043c \u0414\u0430 \u041a\u0430\u0436\u0430\u043c\" \/>\n<meta property=\"article:published_time\" content=\"2023-10-30T13:57:50+00:00\" \/>\n<meta property=\"og:image\" content=\"https:\/\/sdk.mk\/wp-content\/uploads\/2023\/05\/danela-so-kasana-i-marjance-01.052023.jpg\" \/>\n\t<meta property=\"og:image:width\" content=\"1024\" \/>\n\t<meta property=\"og:image:height\" content=\"510\" \/>\n<meta property=\"fb:app_id\" content=\"2407985809428537\" \/>\n<meta name=\"twitter:card\" content=\"summary\" \/>\n<script type=\"application\/ld+json\" class=\"yoast-schema-graph\">{\"@context\":\"https:\/\/schema.org\",\"@graph\":[{\"@type\":\"WebSite\",\"@id\":\"https:\/\/sdk.mk\/#website\",\"url\":\"https:\/\/sdk.mk\/\",\"name\":\"\\u0421\\u0430\\u043a\\u0430\\u043c \\u0414\\u0430 \\u041a\\u0430\\u0436\\u0430\\u043c\",\"description\":\"\\u0417\\u0430 \\u0441\\u043b\\u043e\\u0431\\u043e\\u0434\\u043e\\u0443\\u043c\\u043d\\u0438\",\"potentialAction\":[{\"@type\":\"SearchAction\",\"target\":\"https:\/\/sdk.mk\/?s={search_term_string}\",\"query-input\":\"required name=search_term_string\"}],\"inLanguage\":\"mk-MK\"},{\"@type\":\"ImageObject\",\"@id\":\"https:\/\/sdk.mk\/index.php\/rrjeti-i-korrespondenteve\/15-drejtore-jane-shkarkuar-apo-vete-kane-dhene-doreheqje-gjate-nje-viti-e-gjysem-nga-mandati-i-arsovskes\/#primaryimage\",\"inLanguage\":\"mk-MK\",\"url\":\"https:\/\/sdk.mk\/wp-content\/uploads\/2023\/05\/danela-so-kasana-i-marjance-01.052023.jpg\",\"width\":1024,\"height\":510},{\"@type\":\"WebPage\",\"@id\":\"https:\/\/sdk.mk\/index.php\/rrjeti-i-korrespondenteve\/15-drejtore-jane-shkarkuar-apo-vete-kane-dhene-doreheqje-gjate-nje-viti-e-gjysem-nga-mandati-i-arsovskes\/#webpage\",\"url\":\"https:\/\/sdk.mk\/index.php\/rrjeti-i-korrespondenteve\/15-drejtore-jane-shkarkuar-apo-vete-kane-dhene-doreheqje-gjate-nje-viti-e-gjysem-nga-mandati-i-arsovskes\/\",\"name\":\"15 DREJTOR\\u00cb JAN\\u00cb SHKARKUAR APO VET\\u00cb KAN\\u00cb DH\\u00cbN\\u00cb DOR\\u00cbHEQJE GJAT\\u00cb NJ\\u00cb VITI E GJYS\\u00cbM NGA MANDATI I ARSOVSK\\u00cbS - \\u0421\\u0430\\u043a\\u0430\\u043c \\u0414\\u0430 \\u041a\\u0430\\u0436\\u0430\\u043c\",\"isPartOf\":{\"@id\":\"https:\/\/sdk.mk\/#website\"},\"primaryImageOfPage\":{\"@id\":\"https:\/\/sdk.mk\/index.php\/rrjeti-i-korrespondenteve\/15-drejtore-jane-shkarkuar-apo-vete-kane-dhene-doreheqje-gjate-nje-viti-e-gjysem-nga-mandati-i-arsovskes\/#primaryimage\"},\"datePublished\":\"2023-10-30T13:57:50+00:00\",\"dateModified\":\"2023-10-30T13:57:50+00:00\",\"author\":{\"@id\":\"https:\/\/sdk.mk\/#\/schema\/person\/737021aeacbe893f7e2c347186c5c7a1\"},\"inLanguage\":\"mk-MK\",\"potentialAction\":[{\"@type\":\"ReadAction\",\"target\":[\"https:\/\/sdk.mk\/index.php\/rrjeti-i-korrespondenteve\/15-drejtore-jane-shkarkuar-apo-vete-kane-dhene-doreheqje-gjate-nje-viti-e-gjysem-nga-mandati-i-arsovskes\/\"]}]},{\"@type\":\"Person\",\"@id\":\"https:\/\/sdk.mk\/#\/schema\/person\/737021aeacbe893f7e2c347186c5c7a1\",\"name\":\"\\u0424\\u0458\\u043e\\u043b\\u0430 \\u0417\\u043b\\u0430\\u0442\\u043a\\u0443\"}]}<\/script>\n<!-- \/ Yoast SEO Premium plugin. -->","_links":{"self":[{"href":"https:\/\/sdk.mk\/index.php\/wp-json\/wp\/v2\/posts\/207004"}],"collection":[{"href":"https:\/\/sdk.mk\/index.php\/wp-json\/wp\/v2\/posts"}],"about":[{"href":"https:\/\/sdk.mk\/index.php\/wp-json\/wp\/v2\/types\/post"}],"author":[{"embeddable":true,"href":"https:\/\/sdk.mk\/index.php\/wp-json\/wp\/v2\/users\/25"}],"replies":[{"embeddable":true,"href":"https:\/\/sdk.mk\/index.php\/wp-json\/wp\/v2\/comments?post=207004"}],"version-history":[{"count":0,"href":"https:\/\/sdk.mk\/index.php\/wp-json\/wp\/v2\/posts\/207004\/revisions"}],"wp:featuredmedia":[{"embeddable":true,"href":"https:\/\/sdk.mk\/index.php\/wp-json\/wp\/v2\/media\/194014"}],"wp:attachment":[{"href":"https:\/\/sdk.mk\/index.php\/wp-json\/wp\/v2\/media?parent=207004"}],"wp:term":[{"taxonomy":"category","embeddable":true,"href":"https:\/\/sdk.mk\/index.php\/wp-json\/wp\/v2\/categories?post=207004"},{"taxonomy":"post_tag","embeddable":true,"href":"https:\/\/sdk.mk\/index.php\/wp-json\/wp\/v2\/tags?post=207004"}],"curies":[{"name":"wp","href":"https:\/\/api.w.org\/{rel}","templated":true}]}}