{"id":207009,"date":"2023-10-30T14:59:46","date_gmt":"2023-10-30T13:59:46","guid":{"rendered":"https:\/\/sdk.mk\/?p=207009"},"modified":"2023-10-30T14:59:46","modified_gmt":"2023-10-30T13:59:46","slug":"arsovska-serish-nuk-erdhi-ne-seance-qe-t-u-pergjigjet-pyetjeve-te-keshilltareve-konferencen-e-fundit-e-kishte-me-20-maj","status":"publish","type":"post","link":"https:\/\/sdk.mk\/index.php\/rrjeti-i-korrespondenteve\/arsovska-serish-nuk-erdhi-ne-seance-qe-t-u-pergjigjet-pyetjeve-te-keshilltareve-konferencen-e-fundit-e-kishte-me-20-maj\/","title":{"rendered":"ARSOVSKA S\u00cbRISH NUK ERDHI N\u00cb SEANC\u00cb Q\u00cb T\u2019U P\u00cbRGJIGJET PYETJEVE T\u00cb K\u00cbSHILLTAR\u00cbVE, KONFERENC\u00cbN E FUNDIT E KISHTE M\u00cb 20 MAJ"},"content":{"rendered":"<div class=\"f52428582a4b906b2d2e2a7d733c7d27\" data-index=\"7\" style=\"float: none; margin:10px 0 10px 0; text-align:center;\">\n<!-- MSP Ads Asynchronous JS Tag - Generated with Revive Adserver v5.4.1 -->\r\n<ins data-revive-zoneid=\"167\" data-revive-id=\"060fdb01f6430ec164d3519234aa4967\"><\/ins>\r\n<script async src=\"\/\/panel.ads.com.mk\/www\/delivery\/asyncjs.php\"><\/script>\n<\/div>\n<p>Kryetarja Danella Arskovska sot p\u00ebrs\u00ebri nuk erdhi n\u00eb seanc\u00ebn p\u00ebr pyetje t\u00eb k\u00ebshilltar\u00ebve t\u00eb K\u00ebshillit t\u00eb Qytetit t\u00eb Shkupit. Para fillimit t\u00eb seanc\u00ebs drejt kryetarit t\u00eb K\u00ebshillit Trajko Sllaveski ka mbrritur njoftim nga kabineti i Arsovsk\u00ebs se kryetarja nuk do t\u00eb jet\u00eb e pranishme n\u00eb seanc\u00eb.<\/p>\n<p>\u201cNga kabineti i Arsovsk\u00ebs para pak m\u00eb informuan se kryetarja nuk do t\u00eb jet\u00eb e pranishme p\u00ebr shkak t\u00eb moskoordinimit n\u00eb lidhje me dat\u00ebn e mbajtjes s\u00eb seanc\u00ebs. Kjo nuk \u00ebsht\u00eb e v\u00ebrtet\u00eb, sepse q\u00eb m\u00eb 14 apo 15 qershor \u00ebsht\u00eb d\u00ebrguar njoftim se m\u00eb 29 qershor caktohet seanc\u00eb p\u00ebr pyetje t\u00eb k\u00ebshilltar\u00ebve\u201d, tha Sllaveski.<\/p>\n<p>Pas k\u00ebsaj, k\u00ebshilltar\u00ebt nga LSDM-ja e braktis\u00ebn sall\u00ebn duke th\u00ebn\u00eb se nuk do t\u00eb marrin pjes\u00eb n\u00eb nj\u00eb seanc\u00eb ku nuk do t\u00eb ket\u00eb se kush t\u2019u p\u00ebrgjigjet.<\/p>\n<p>\u201cKryetarja vazhdon me mosrespektim t\u00eb K\u00ebshillit dhe qytetar\u00ebve. Nuk \u00ebsht\u00eb hera e par\u00eb q\u00eb ajo t\u00eb mos vij\u00eb n\u00eb seanc\u00eb dhe q\u00eb t\u00eb mos marrin p\u00ebrgjigje. Asnj\u00eb pyetje e k\u00ebshilltar\u00ebve nga seanca e kaluar nuk ka marr\u00eb p\u00ebrgjiegje. Arsovska thot\u00eb se ka punuar ndersh\u00ebm, p\u00ebrgjegj\u00ebsh\u00ebm dhe me p\u00ebrpik\u00ebri, e un\u00eb e pyes se sa jeni e ndershme, e p\u00ebrgjegjshme dhe e p\u00ebrpikt\u00eb kur na ofendoni duke mos u shfaqur p\u00ebr t\u2019u p\u00ebrgjigjur ndaj pyetjeve t\u00eb k\u00ebshilltar\u00ebve\u201d, tha koordinatorja e LSDM-s\u00eb Ljubica Jan\u00e7eva.<\/p>\n<p>Koordinatorja e grupit t\u00eb k\u00ebshilltar\u00ebve t\u00eb VMRO-DPMNE-s\u00eb Marija Andonovska pyeti se ku ka shkuar n\u00eb udh\u00ebtim p\u00eb rmomentin Arsovska dhe se \u00e7far\u00eb \u00ebsht\u00eb m\u00eb me r\u00ebnd\u00ebsi sesa problemet e qytetar\u00ebve.<\/p>\n<p>\u201cP\u00ebrgjigje nuk ka, m\u00eb e r\u00ebnd\u00ebsishme p\u00ebr Arsovsk\u00ebn \u00ebsht\u00eb t\u00eb sh\u00ebtis\u00eb n\u00ebp\u00ebr bot\u00eb p\u00ebr interesat e saja personale. P\u00ebrse udh\u00ebtimet nga t\u00eb cilat Qyteti nuk p\u00ebrfiton asgj\u00eb jan\u00eb m\u00eb t\u00eb r\u00ebnd\u00ebsishme p\u00ebr t\u00eb sesa p\u00ebrgjigjet ndaj pyetjeve p\u00ebr problemet t\u00eb cilat i mundojn\u00eb qytetar\u00ebt?\u201d, tha Andonovska.<\/p>\n<p>Nga kabineti i Arsovsk\u00ebs nuk mor\u00ebm p\u00ebrgjigje p\u00ebr at\u00eb se ku ndodhet kryetarja dhe se pse nuk merr pjes\u00eb n\u00eb seanc\u00eb. Personi p\u00ebr marr\u00ebdh\u00ebnie me publikun Kristina Depo, si disa her\u00eb deri m\u00eb sot, edhe tash nuk iu p\u00ebrgjigj telefonatave tona.<\/p>\n<p>Arskovka p\u00ebrgjat\u00eb gjith\u00eb mandatit rrall\u00ebher\u00eb ka ardhur n\u00eb seancat ku n\u00eb rend ditor jan\u00eb pyetjet e k\u00ebshilltar\u00ebve. Kur vjen, zihet me k\u00ebshilltar\u00ebt dhe ik\u00ebn. Nuk duket askund n\u00eb hap\u00ebsir\u00ebn publike, nuk mban konferenca shtypi dhe brifingje, as nuk zhvillon ngjarje ku ka gazetar\u00eb t\u00eb ftuar.<\/p>\n<p><strong><em>A. ANTEVSKA<\/em><\/strong><\/p>\n\n<div style=\"font-size: 0px; height: 0px; line-height: 0px; margin: 0; padding: 0; clear: both;\"><\/div>","protected":false},"excerpt":{"rendered":"<p>Kryetarja Danella Arskovska sot p\u00ebrs\u00ebri nuk erdhi n\u00eb seanc\u00ebn p\u00ebr pyetje t\u00eb k\u00ebshilltar\u00ebve t\u00eb K\u00ebshillit t\u00eb Qytetit t\u00eb Shkupit. Para [&hellip;]<\/p>\n","protected":false},"author":25,"featured_media":196215,"comment_status":"closed","ping_status":"closed","sticky":false,"template":"","format":"standard","meta":{"_mo_disable_npp":"no","inline_featured_image":false},"categories":[3095],"tags":[],"imageURL":"https:\/\/sdk.mk\/wp-content\/uploads\/2023\/05\/danela-arsovska-30.05.2023-650x337.jpg","thumbURL":"https:\/\/sdk.mk\/wp-content\/uploads\/2023\/05\/danela-arsovska-30.05.2023-250x129.jpg","categoryNames":["Rrjeti i korrespondent\u00ebve"],"feature_caption":"Para fillimit t\u00eb seanc\u00ebs, drejt kryetarit t\u00eb K\u00ebshillit Trajko Sllaveski ka mb\u00ebrritur njoftim nga kabineti i Arsovsk\u00ebs se kryetarja nuk do t\u00eb jet\u00eb e pranishme n\u00eb seanc\u00eb. (Foto: K. Popov)","subtitle":"","views":"8","source":"Shkup, (SAKAMDAKAZAM.MK)","yoast_head":"<!-- This site is optimized with the Yoast SEO Premium plugin v15.0 - https:\/\/yoast.com\/wordpress\/plugins\/seo\/ -->\n<title>ARSOVSKA S\u00cbRISH NUK ERDHI N\u00cb SEANC\u00cb Q\u00cb T\u2019U P\u00cbRGJIGJET PYETJEVE T\u00cb K\u00cbSHILLTAR\u00cbVE, KONFERENC\u00cbN E FUNDIT E KISHTE M\u00cb 20 MAJ - \u0421\u0430\u043a\u0430\u043c \u0414\u0430 \u041a\u0430\u0436\u0430\u043c<\/title>\n<meta name=\"robots\" content=\"index, follow, max-snippet:-1, max-image-preview:large, max-video-preview:-1\" \/>\n<link rel=\"canonical\" href=\"https:\/\/sdk.mk\/index.php\/rrjeti-i-korrespondenteve\/arsovska-serish-nuk-erdhi-ne-seance-qe-t-u-pergjigjet-pyetjeve-te-keshilltareve-konferencen-e-fundit-e-kishte-me-20-maj\/\" \/>\n<meta property=\"og:locale\" content=\"mk_MK\" \/>\n<meta property=\"og:type\" content=\"article\" \/>\n<meta property=\"og:title\" content=\"ARSOVSKA S\u00cbRISH NUK ERDHI N\u00cb SEANC\u00cb Q\u00cb T\u2019U P\u00cbRGJIGJET PYETJEVE T\u00cb K\u00cbSHILLTAR\u00cbVE, KONFERENC\u00cbN E FUNDIT E KISHTE M\u00cb 20 MAJ - \u0421\u0430\u043a\u0430\u043c \u0414\u0430 \u041a\u0430\u0436\u0430\u043c\" \/>\n<meta property=\"og:description\" content=\"Kryetarja Danella Arskovska sot p\u00ebrs\u00ebri nuk erdhi n\u00eb seanc\u00ebn p\u00ebr pyetje t\u00eb k\u00ebshilltar\u00ebve t\u00eb K\u00ebshillit t\u00eb Qytetit t\u00eb Shkupit. Para [&hellip;]\" \/>\n<meta property=\"og:url\" content=\"https:\/\/sdk.mk\/index.php\/rrjeti-i-korrespondenteve\/arsovska-serish-nuk-erdhi-ne-seance-qe-t-u-pergjigjet-pyetjeve-te-keshilltareve-konferencen-e-fundit-e-kishte-me-20-maj\/\" \/>\n<meta property=\"og:site_name\" content=\"\u0421\u0430\u043a\u0430\u043c \u0414\u0430 \u041a\u0430\u0436\u0430\u043c\" \/>\n<meta property=\"article:published_time\" content=\"2023-10-30T13:59:46+00:00\" \/>\n<meta property=\"og:image\" content=\"https:\/\/sdk.mk\/wp-content\/uploads\/2023\/05\/danela-arsovska-30.05.2023.jpg\" \/>\n\t<meta property=\"og:image:width\" content=\"950\" \/>\n\t<meta property=\"og:image:height\" content=\"492\" \/>\n<meta property=\"fb:app_id\" content=\"2407985809428537\" \/>\n<meta name=\"twitter:card\" content=\"summary\" \/>\n<script type=\"application\/ld+json\" class=\"yoast-schema-graph\">{\"@context\":\"https:\/\/schema.org\",\"@graph\":[{\"@type\":\"WebSite\",\"@id\":\"https:\/\/sdk.mk\/#website\",\"url\":\"https:\/\/sdk.mk\/\",\"name\":\"\\u0421\\u0430\\u043a\\u0430\\u043c \\u0414\\u0430 \\u041a\\u0430\\u0436\\u0430\\u043c\",\"description\":\"\\u0417\\u0430 \\u0441\\u043b\\u043e\\u0431\\u043e\\u0434\\u043e\\u0443\\u043c\\u043d\\u0438\",\"potentialAction\":[{\"@type\":\"SearchAction\",\"target\":\"https:\/\/sdk.mk\/?s={search_term_string}\",\"query-input\":\"required name=search_term_string\"}],\"inLanguage\":\"mk-MK\"},{\"@type\":\"ImageObject\",\"@id\":\"https:\/\/sdk.mk\/index.php\/rrjeti-i-korrespondenteve\/arsovska-serish-nuk-erdhi-ne-seance-qe-t-u-pergjigjet-pyetjeve-te-keshilltareve-konferencen-e-fundit-e-kishte-me-20-maj\/#primaryimage\",\"inLanguage\":\"mk-MK\",\"url\":\"https:\/\/sdk.mk\/wp-content\/uploads\/2023\/05\/danela-arsovska-30.05.2023.jpg\",\"width\":950,\"height\":492},{\"@type\":\"WebPage\",\"@id\":\"https:\/\/sdk.mk\/index.php\/rrjeti-i-korrespondenteve\/arsovska-serish-nuk-erdhi-ne-seance-qe-t-u-pergjigjet-pyetjeve-te-keshilltareve-konferencen-e-fundit-e-kishte-me-20-maj\/#webpage\",\"url\":\"https:\/\/sdk.mk\/index.php\/rrjeti-i-korrespondenteve\/arsovska-serish-nuk-erdhi-ne-seance-qe-t-u-pergjigjet-pyetjeve-te-keshilltareve-konferencen-e-fundit-e-kishte-me-20-maj\/\",\"name\":\"ARSOVSKA S\\u00cbRISH NUK ERDHI N\\u00cb SEANC\\u00cb Q\\u00cb T\\u2019U P\\u00cbRGJIGJET PYETJEVE T\\u00cb K\\u00cbSHILLTAR\\u00cbVE, KONFERENC\\u00cbN E FUNDIT E KISHTE M\\u00cb 20 MAJ - \\u0421\\u0430\\u043a\\u0430\\u043c \\u0414\\u0430 \\u041a\\u0430\\u0436\\u0430\\u043c\",\"isPartOf\":{\"@id\":\"https:\/\/sdk.mk\/#website\"},\"primaryImageOfPage\":{\"@id\":\"https:\/\/sdk.mk\/index.php\/rrjeti-i-korrespondenteve\/arsovska-serish-nuk-erdhi-ne-seance-qe-t-u-pergjigjet-pyetjeve-te-keshilltareve-konferencen-e-fundit-e-kishte-me-20-maj\/#primaryimage\"},\"datePublished\":\"2023-10-30T13:59:46+00:00\",\"dateModified\":\"2023-10-30T13:59:46+00:00\",\"author\":{\"@id\":\"https:\/\/sdk.mk\/#\/schema\/person\/737021aeacbe893f7e2c347186c5c7a1\"},\"inLanguage\":\"mk-MK\",\"potentialAction\":[{\"@type\":\"ReadAction\",\"target\":[\"https:\/\/sdk.mk\/index.php\/rrjeti-i-korrespondenteve\/arsovska-serish-nuk-erdhi-ne-seance-qe-t-u-pergjigjet-pyetjeve-te-keshilltareve-konferencen-e-fundit-e-kishte-me-20-maj\/\"]}]},{\"@type\":\"Person\",\"@id\":\"https:\/\/sdk.mk\/#\/schema\/person\/737021aeacbe893f7e2c347186c5c7a1\",\"name\":\"\\u0424\\u0458\\u043e\\u043b\\u0430 \\u0417\\u043b\\u0430\\u0442\\u043a\\u0443\"}]}<\/script>\n<!-- \/ Yoast SEO Premium plugin. -->","_links":{"self":[{"href":"https:\/\/sdk.mk\/index.php\/wp-json\/wp\/v2\/posts\/207009"}],"collection":[{"href":"https:\/\/sdk.mk\/index.php\/wp-json\/wp\/v2\/posts"}],"about":[{"href":"https:\/\/sdk.mk\/index.php\/wp-json\/wp\/v2\/types\/post"}],"author":[{"embeddable":true,"href":"https:\/\/sdk.mk\/index.php\/wp-json\/wp\/v2\/users\/25"}],"replies":[{"embeddable":true,"href":"https:\/\/sdk.mk\/index.php\/wp-json\/wp\/v2\/comments?post=207009"}],"version-history":[{"count":0,"href":"https:\/\/sdk.mk\/index.php\/wp-json\/wp\/v2\/posts\/207009\/revisions"}],"wp:featuredmedia":[{"embeddable":true,"href":"https:\/\/sdk.mk\/index.php\/wp-json\/wp\/v2\/media\/196215"}],"wp:attachment":[{"href":"https:\/\/sdk.mk\/index.php\/wp-json\/wp\/v2\/media?parent=207009"}],"wp:term":[{"taxonomy":"category","embeddable":true,"href":"https:\/\/sdk.mk\/index.php\/wp-json\/wp\/v2\/categories?post=207009"},{"taxonomy":"post_tag","embeddable":true,"href":"https:\/\/sdk.mk\/index.php\/wp-json\/wp\/v2\/tags?post=207009"}],"curies":[{"name":"wp","href":"https:\/\/api.w.org\/{rel}","templated":true}]}}