{"id":207085,"date":"2023-10-31T14:13:42","date_gmt":"2023-10-31T13:13:42","guid":{"rendered":"https:\/\/sdk.mk\/?p=207085"},"modified":"2023-10-31T14:13:42","modified_gmt":"2023-10-31T13:13:42","slug":"bankat-evropiane-dhe-be-ja-jane-te-shqetesuar-se-arsovska-dhe-drejtori-i-ujesjelles-it-nuk-punojne-ne-projektin-per-stacionin-e-pastrimit","status":"publish","type":"post","link":"https:\/\/sdk.mk\/index.php\/rrjeti-i-korrespondenteve\/bankat-evropiane-dhe-be-ja-jane-te-shqetesuar-se-arsovska-dhe-drejtori-i-ujesjelles-it-nuk-punojne-ne-projektin-per-stacionin-e-pastrimit\/","title":{"rendered":"BANKAT EVROPIANE DHE BE-JA JAN\u00cb T\u00cb SHQET\u00cbSUAR SE ARSOVSKA DHE DREJTORI I \u201cUJ\u00cbSJELL\u00cbS\u201d-IT NUK PUNOJN\u00cb N\u00cb PROJEKTIN P\u00cbR STACIONIN E PASTRIMIT"},"content":{"rendered":"<div class=\"f52428582a4b906b2d2e2a7d733c7d27\" data-index=\"7\" style=\"float: none; margin:10px 0 10px 0; text-align:center;\">\n<!-- MSP Ads Asynchronous JS Tag - Generated with Revive Adserver v5.4.1 -->\r\n<ins data-revive-zoneid=\"167\" data-revive-id=\"060fdb01f6430ec164d3519234aa4967\"><\/ins>\r\n<script async src=\"\/\/panel.ads.com.mk\/www\/delivery\/asyncjs.php\"><\/script>\n<\/div>\n<p>Bankat evropiane, Bashkimi evropian dhe institucionet shtet\u00ebrore t\u00eb p\u00ebrfshira n\u00eb projektin p\u00ebr nj\u00eb stacion pastimi p\u00ebr uj\u00ebra t\u00eb zeza jan\u00eb t\u00eb shqet\u00ebsuar se Qyteti i Shkupit dhe \u201cUj\u00ebsjell\u00ebsi dhe kanalizimi\u201d nuk e mb\u00ebshtesin implementimin e k\u00ebtij projekti kapital. Kjo q\u00ebndon n\u00eb rregulloren nga mbledhja e fundit t\u00eb mbajtur mbajtur m\u00eb 11 maj, ku nuk kan\u00eb ardhur p\u00ebrfaq\u00ebsues t\u00eb Qytetit. N\u00eb k\u00ebt\u00eb mbledhje \u00ebsht\u00eb konkluduar gjithashtu se edhe pse parat\u00eb jan\u00eb siguruar, k\u00ebsti i par\u00eb nuk mund t\u00eb \u2026. n\u00eb llogari sepse Qyteti i Shkupit nuk i ka mbaruar pun\u00ebt e nevojshme administrative.<\/p>\n<p>P\u00ebrfaq\u00ebsues t\u00eb Bank\u00ebs evropiane p\u00ebr rind\u00ebrtim dhe zhvillim (BERZH), Banka evropiane p\u00ebr investime (BEI), Delegacioni i BE-s\u00eb, Ministria e financave, Ministria e mjedisit jet\u00ebsor, Sekretariati p\u00ebr \u00e7\u00ebshtje evropiane, an\u00ebtar\u00ebt e nj\u00ebsive projektuese p\u00ebr zbatimin e projektit dhe p\u00ebrfaq\u00ebsues t\u00eb \u201cUj\u00ebsjell\u00ebsit dhe kanalizimit\u201d mbajn\u00eb mbledhje t\u00eb rregullta mujore p\u00ebr zbatimin e projektit. N\u00eb k\u00ebto takime deri m\u00eb sot kan\u00eb munguar vet\u00ebm p\u00ebrfaq\u00ebsuesit e Qytetit t\u00eb Shkupit, edhe pse e kan\u00eb p\u00ebr detyrim t\u00eb marrin pjes\u00eb.<\/p>\n<p>Mbledhja e fundit \u00ebsht\u00eb mbajtur m\u00eb 11 maj dhe aty \u00ebaht\u00eb shprehur pak\u00ebnaq\u00ebsia ndaj angazhimit t\u00eb Qytetit dhe \u201cUj\u00ebsjell\u00ebsit dhe kanalitimit\u201d p\u00ebr zbatimin e projektit. Sipas rregullores t\u00eb cil\u00ebn e ka rishikuar SAKAMDAKAZAM.MK, fillimisht \u00ebsht\u00eb b\u00ebr\u00eb e ditur se shtojca e marr\u00ebveshjes me firm\u00ebn zbatuese, e p\u00ebrgatitur nga nj\u00ebsia projektuese dhe e mirtuar nga banka evropiane p\u00ebr investime, akoma nuk \u00ebsht\u00eb n\u00ebnshkruar nga drejtori i \u201cUj\u00ebsjell\u00ebsit\u201d Dragan Ilievski.<\/p>\n<p>N\u00eb mbledhje, p\u00ebrfaq\u00ebsuesi i Bank\u00ebs evropiane p\u00ebr rind\u00ebrtim dhe zhvillim ka th\u00ebn\u00eb se edhe pse kredia \u00ebsht\u00eb efikase, kushtet p\u00ebr pages\u00ebn e parave nuk jan\u00eb t\u00eb p\u00ebrmbushura. Nga Banka kan\u00eb shtuar se nuk respektohen kushtet p\u00ebr pages\u00ebn e kredis\u00eb dhe se nuk mund t\u00eb p\u00ebrdoren mjete. \u00cbsht\u00eb b\u00ebr\u00eb e ditur se \u00ebsht\u00eb e nevojshme t\u00eb mbarohet procesi i shpron\u00ebsimit dhe nevojiten resurse dhe mb\u00ebstetje p\u00ebr pun\u00ebn n\u00eb nj\u00ebsin\u00eb projektuese. Nga banka edhe nj\u00ebher\u00eb n\u00eb mbledhje kan\u00eb shprehur shqet\u00ebsimin e tyre se menaxhmeti i \u201dUj\u00ebsjell\u00ebsit\u201d dhe udh\u00ebheq\u00ebsia e\u00a0 Qytetit t\u00eb Shkupit nuk e mb\u00ebshtesin implementimin e projektit. Gjithashtu \u00ebsht\u00eb th\u00ebn\u00eb se t\u00eb gjitha shpenzimet q\u00eb do t\u00eb dilnin nga padit\u00eb eventuale t\u00eb realizuesit p\u00ebr shkak t\u00eb mosplot\u00ebsimit t\u00eb kushteve t\u00eb marr\u00ebveshjes dueht t\u2019i paguaj\u00eb \u201cUj\u00ebsjell\u00ebsi dhe kanalizimi\u201d.<\/p>\n<ul>\n<li><strong><em><u>BANKAT EVROPIANE E NGRIN\u00cb PROJEKTIN P\u00cbR STACIONIN E PASTRIMIT N\u00cb SHKUP SEPSE P\u00cbRFAQ\u00cbSUESIT E QYTETIT NUK VIJN\u00cb N\u00cb TAKIME<\/u><\/em><\/strong><\/li>\n<li><strong><em><u>DANELLA P\u00cbR NJ\u00cb MUAJ T\u00cb T\u00cbR\u00cb KA FSHEHUR NGA BANKAT EVROPIANE DHE BE-JA SE E KA SHKARKUAR UDH\u00cbHEQ\u00cbSEN E PROJEKTIT P\u00cbR STACIONIN E PASTRIMIT, E K\u00cbT\u00cb NUK E DITUR AS E SHKARKUARA <\/u><\/em><\/strong><\/li>\n<\/ul>\n<p>P\u00ebrfq\u00ebsuesit e \u201cUj\u00ebsjell\u00ebsit dhe kanalizimit\u201d t\u00eb cil\u00ebt kan\u00eb qen\u00eb n\u00eb mbledhje kan\u00eb th\u00ebn\u00eb se kryetarja Danella Arskovska ka pasur takime me ministren e mjedisit jet\u00ebsor Kaja Shukova, ku i ka th\u00ebn\u00eb se Qyteti ka problem me shpron\u00ebsimin me Komun\u00ebn Gazi Bab\u00eb, \u00ebsht\u00eb premtuar se n\u00eb takimin e ardhsh\u00ebm do t\u00eb d\u00ebrgoj\u00eb p\u00ebrfaq\u00ebsues nga Qyteti dhe i ka th\u00ebn\u00eb se tashm\u00eb \u00ebsht\u00eb hapur nj\u00eb llogari e ve\u00e7ant\u00eb p\u00ebr parat\u00eb nga krediti. Por, nj\u00eb an\u00ebtar i nj\u00ebsis\u00eb projektuese menj\u00ebher\u00eb ka b\u00ebr\u00eb t\u00eb ditur se nj\u00eb llogari e va\u00e7ant\u00eb ende nuk \u00ebsht\u00eb hapur, e as nuk ka pasur p\u00ebrfaq\u00ebsues t\u00eb Qytetit si\u00e7 i ka th\u00ebn\u00eb Arsovska Shukov\u00ebs.<\/p>\n<p>Nga Qytet i Shkupit kan\u00eb d\u00ebrguar let\u00ebr drejt Mnistris\u00eb t\u00eb financave me t\u00eb cil\u00ebn k\u00ebrkojn\u00eb q\u00eb ata t\u2019i zgjidhin problemet me shpron\u00ebsimin. K\u00ebsaj letre Ministria, si\u00e7 u tha n\u00eb mbledhje, I \u00ebsht\u00eb p\u00ebrgjigjur se detyra e tyre \u00ebsht\u00eb t\u00eb menaxhojn\u00eb me parat\u00eb e kredits\u00eb dhe grantit, e jo t\u2019i zgjidhin detyrimet e Qytetit t\u00eb Shkupit.<\/p>\n<p>N\u00eb konkludimin e taimit \u00ebsht\u00eb th\u00ebn\u00eb se urgjenitisht duhet t\u00eb hapet nj\u00eb llogari e ve\u00e7ant\u00eb q\u00eb t\u00eb mund t\u00eb vij\u00eb n\u00eb llogari pagesa e par\u00eb. Edhe nj\u00ebher\u00eb \u00ebsht\u00eb shprehur shqet\u00ebsimi p\u00ebr statusin e projektit dhe \u00ebsht\u00eb k\u00ebrkuar \u201cmb\u00ebshtetje m\u00eb e madhe nga drejtori i \u201cUj\u00ebsjell\u00ebsit\u201d dhe nga Qyteti i Shkupit.<\/p>\n<p>Mbledhja e ardhshme \u00ebsht\u00eb caktuar m\u00eb 25 maj, por ajo nuk u mbajt sepse nga bankat evropiane i kan\u00eb d\u00ebrguar let\u00ebr Qyteti t\u00eb Shkupit dhe \u201cUj\u00ebsjell\u00ebsit\u201dse nuk do t\u00eb marrin pjes\u00eb n\u00eb mbledhjet e rregullta mujore dhe javore, derisa nuk d\u00ebrgohet p\u00ebrfaq\u00ebsues nga Qyteti i Shkupit.<\/p>\n<p>Gjithashtu, nj\u00ebsia projektuese ka mbetur pa udh\u00ebheq\u00ebs q\u00eb kur drejtori i \u201cUj\u00ebsjell\u00ebsit\u201d Dragan Ilievski e shkarkoi udh\u00ebheq\u00ebsen m\u00eb 20 prill, nd\u00ebrsa vendimin ia ka dh\u00ebn\u00eb n\u00eb 18 maj. P\u00ebr k\u00ebt\u00eb vendim, nuk jan\u00eb konsultuar bankat, edhe pse kjo \u00ebsht\u00eb dashur t\u00eb b\u00ebhet.<\/p>\n<p>\u00cbsht\u00eb dita e pest\u00eb q\u00eb nga Qyteti i Shkupit nuk ka p\u00ebrgjigje t\u00eb pyetjeve t\u00eb SAKAMDAKAZAM.MK. N\u00eb vend t\u00eb vendimit, mor\u00ebm k\u00ebrc\u00ebnim p\u00ebr padi n\u00ebse nuk e t\u00ebrheqim tekstin Brenda 48 or\u00ebve.<\/p>\n<p><strong><em>A. ANTEVSKA <\/em><\/strong><\/p>\n\n<div style=\"font-size: 0px; height: 0px; line-height: 0px; margin: 0; padding: 0; clear: both;\"><\/div>","protected":false},"excerpt":{"rendered":"<p>Bankat evropiane, Bashkimi evropian dhe institucionet shtet\u00ebrore t\u00eb p\u00ebrfshira n\u00eb projektin p\u00ebr nj\u00eb stacion pastimi p\u00ebr uj\u00ebra t\u00eb zeza jan\u00eb [&hellip;]<\/p>\n","protected":false},"author":25,"featured_media":186841,"comment_status":"closed","ping_status":"closed","sticky":false,"template":"","format":"standard","meta":{"_mo_disable_npp":"no","inline_featured_image":false},"categories":[3095],"tags":[],"imageURL":"https:\/\/sdk.mk\/wp-content\/uploads\/2023\/01\/dragan-nov-direktor-vodovod-650x375.jpg","thumbURL":"https:\/\/sdk.mk\/wp-content\/uploads\/2023\/01\/dragan-nov-direktor-vodovod-250x144.jpg","categoryNames":["Rrjeti i korrespondent\u00ebve"],"feature_caption":"N\u00eb mbledhjen e fundit m\u00eb 11 maj, mes t\u00eb gjith\u00eb t\u00eb p\u00ebrfshir\u00ebve n\u00eb projekt, \u00ebsht\u00eb shprehur pak\u00ebnaq\u00ebsi nga angazhimi i Qytetit dhe \u201cUj\u00ebsjell\u00ebsit dhe kanalizimit\u201d (Foto: K.Popov)","subtitle":"","views":"15","source":"Shkup, (SAKAMDAKAZAM.MK) ","yoast_head":"<!-- This site is optimized with the Yoast SEO Premium plugin v15.0 - https:\/\/yoast.com\/wordpress\/plugins\/seo\/ -->\n<title>BANKAT EVROPIANE DHE BE-JA JAN\u00cb T\u00cb SHQET\u00cbSUAR SE ARSOVSKA DHE DREJTORI I \u201cUJ\u00cbSJELL\u00cbS\u201d-IT NUK PUNOJN\u00cb N\u00cb PROJEKTIN P\u00cbR STACIONIN E PASTRIMIT - \u0421\u0430\u043a\u0430\u043c \u0414\u0430 \u041a\u0430\u0436\u0430\u043c<\/title>\n<meta name=\"robots\" content=\"index, follow, max-snippet:-1, max-image-preview:large, max-video-preview:-1\" \/>\n<link rel=\"canonical\" href=\"https:\/\/sdk.mk\/index.php\/rrjeti-i-korrespondenteve\/bankat-evropiane-dhe-be-ja-jane-te-shqetesuar-se-arsovska-dhe-drejtori-i-ujesjelles-it-nuk-punojne-ne-projektin-per-stacionin-e-pastrimit\/\" \/>\n<meta property=\"og:locale\" content=\"mk_MK\" \/>\n<meta property=\"og:type\" content=\"article\" \/>\n<meta property=\"og:title\" content=\"BANKAT EVROPIANE DHE BE-JA JAN\u00cb T\u00cb SHQET\u00cbSUAR SE ARSOVSKA DHE DREJTORI I \u201cUJ\u00cbSJELL\u00cbS\u201d-IT NUK PUNOJN\u00cb N\u00cb PROJEKTIN P\u00cbR STACIONIN E PASTRIMIT - \u0421\u0430\u043a\u0430\u043c \u0414\u0430 \u041a\u0430\u0436\u0430\u043c\" \/>\n<meta property=\"og:description\" content=\"Bankat evropiane, Bashkimi evropian dhe institucionet shtet\u00ebrore t\u00eb p\u00ebrfshira n\u00eb projektin p\u00ebr nj\u00eb stacion pastimi p\u00ebr uj\u00ebra t\u00eb zeza jan\u00eb [&hellip;]\" \/>\n<meta property=\"og:url\" content=\"https:\/\/sdk.mk\/index.php\/rrjeti-i-korrespondenteve\/bankat-evropiane-dhe-be-ja-jane-te-shqetesuar-se-arsovska-dhe-drejtori-i-ujesjelles-it-nuk-punojne-ne-projektin-per-stacionin-e-pastrimit\/\" \/>\n<meta property=\"og:site_name\" content=\"\u0421\u0430\u043a\u0430\u043c \u0414\u0430 \u041a\u0430\u0436\u0430\u043c\" \/>\n<meta property=\"article:published_time\" content=\"2023-10-31T13:13:42+00:00\" \/>\n<meta property=\"og:image\" content=\"https:\/\/sdk.mk\/wp-content\/uploads\/2023\/01\/dragan-nov-direktor-vodovod.jpg\" \/>\n\t<meta property=\"og:image:width\" content=\"1020\" \/>\n\t<meta property=\"og:image:height\" content=\"588\" \/>\n<meta property=\"fb:app_id\" content=\"2407985809428537\" \/>\n<meta name=\"twitter:card\" content=\"summary\" \/>\n<script type=\"application\/ld+json\" class=\"yoast-schema-graph\">{\"@context\":\"https:\/\/schema.org\",\"@graph\":[{\"@type\":\"WebSite\",\"@id\":\"https:\/\/sdk.mk\/#website\",\"url\":\"https:\/\/sdk.mk\/\",\"name\":\"\\u0421\\u0430\\u043a\\u0430\\u043c \\u0414\\u0430 \\u041a\\u0430\\u0436\\u0430\\u043c\",\"description\":\"\\u0417\\u0430 \\u0441\\u043b\\u043e\\u0431\\u043e\\u0434\\u043e\\u0443\\u043c\\u043d\\u0438\",\"potentialAction\":[{\"@type\":\"SearchAction\",\"target\":\"https:\/\/sdk.mk\/?s={search_term_string}\",\"query-input\":\"required name=search_term_string\"}],\"inLanguage\":\"mk-MK\"},{\"@type\":\"ImageObject\",\"@id\":\"https:\/\/sdk.mk\/index.php\/rrjeti-i-korrespondenteve\/bankat-evropiane-dhe-be-ja-jane-te-shqetesuar-se-arsovska-dhe-drejtori-i-ujesjelles-it-nuk-punojne-ne-projektin-per-stacionin-e-pastrimit\/#primaryimage\",\"inLanguage\":\"mk-MK\",\"url\":\"https:\/\/sdk.mk\/wp-content\/uploads\/2023\/01\/dragan-nov-direktor-vodovod.jpg\",\"width\":1020,\"height\":588},{\"@type\":\"WebPage\",\"@id\":\"https:\/\/sdk.mk\/index.php\/rrjeti-i-korrespondenteve\/bankat-evropiane-dhe-be-ja-jane-te-shqetesuar-se-arsovska-dhe-drejtori-i-ujesjelles-it-nuk-punojne-ne-projektin-per-stacionin-e-pastrimit\/#webpage\",\"url\":\"https:\/\/sdk.mk\/index.php\/rrjeti-i-korrespondenteve\/bankat-evropiane-dhe-be-ja-jane-te-shqetesuar-se-arsovska-dhe-drejtori-i-ujesjelles-it-nuk-punojne-ne-projektin-per-stacionin-e-pastrimit\/\",\"name\":\"BANKAT EVROPIANE DHE BE-JA JAN\\u00cb T\\u00cb SHQET\\u00cbSUAR SE ARSOVSKA DHE DREJTORI I \\u201cUJ\\u00cbSJELL\\u00cbS\\u201d-IT NUK PUNOJN\\u00cb N\\u00cb PROJEKTIN P\\u00cbR STACIONIN E PASTRIMIT - \\u0421\\u0430\\u043a\\u0430\\u043c \\u0414\\u0430 \\u041a\\u0430\\u0436\\u0430\\u043c\",\"isPartOf\":{\"@id\":\"https:\/\/sdk.mk\/#website\"},\"primaryImageOfPage\":{\"@id\":\"https:\/\/sdk.mk\/index.php\/rrjeti-i-korrespondenteve\/bankat-evropiane-dhe-be-ja-jane-te-shqetesuar-se-arsovska-dhe-drejtori-i-ujesjelles-it-nuk-punojne-ne-projektin-per-stacionin-e-pastrimit\/#primaryimage\"},\"datePublished\":\"2023-10-31T13:13:42+00:00\",\"dateModified\":\"2023-10-31T13:13:42+00:00\",\"author\":{\"@id\":\"https:\/\/sdk.mk\/#\/schema\/person\/737021aeacbe893f7e2c347186c5c7a1\"},\"inLanguage\":\"mk-MK\",\"potentialAction\":[{\"@type\":\"ReadAction\",\"target\":[\"https:\/\/sdk.mk\/index.php\/rrjeti-i-korrespondenteve\/bankat-evropiane-dhe-be-ja-jane-te-shqetesuar-se-arsovska-dhe-drejtori-i-ujesjelles-it-nuk-punojne-ne-projektin-per-stacionin-e-pastrimit\/\"]}]},{\"@type\":\"Person\",\"@id\":\"https:\/\/sdk.mk\/#\/schema\/person\/737021aeacbe893f7e2c347186c5c7a1\",\"name\":\"\\u0424\\u0458\\u043e\\u043b\\u0430 \\u0417\\u043b\\u0430\\u0442\\u043a\\u0443\"}]}<\/script>\n<!-- \/ Yoast SEO Premium plugin. -->","_links":{"self":[{"href":"https:\/\/sdk.mk\/index.php\/wp-json\/wp\/v2\/posts\/207085"}],"collection":[{"href":"https:\/\/sdk.mk\/index.php\/wp-json\/wp\/v2\/posts"}],"about":[{"href":"https:\/\/sdk.mk\/index.php\/wp-json\/wp\/v2\/types\/post"}],"author":[{"embeddable":true,"href":"https:\/\/sdk.mk\/index.php\/wp-json\/wp\/v2\/users\/25"}],"replies":[{"embeddable":true,"href":"https:\/\/sdk.mk\/index.php\/wp-json\/wp\/v2\/comments?post=207085"}],"version-history":[{"count":0,"href":"https:\/\/sdk.mk\/index.php\/wp-json\/wp\/v2\/posts\/207085\/revisions"}],"wp:featuredmedia":[{"embeddable":true,"href":"https:\/\/sdk.mk\/index.php\/wp-json\/wp\/v2\/media\/186841"}],"wp:attachment":[{"href":"https:\/\/sdk.mk\/index.php\/wp-json\/wp\/v2\/media?parent=207085"}],"wp:term":[{"taxonomy":"category","embeddable":true,"href":"https:\/\/sdk.mk\/index.php\/wp-json\/wp\/v2\/categories?post=207085"},{"taxonomy":"post_tag","embeddable":true,"href":"https:\/\/sdk.mk\/index.php\/wp-json\/wp\/v2\/tags?post=207085"}],"curies":[{"name":"wp","href":"https:\/\/api.w.org\/{rel}","templated":true}]}}