{"id":207131,"date":"2023-11-01T10:33:42","date_gmt":"2023-11-01T09:33:42","guid":{"rendered":"https:\/\/sdk.mk\/?p=207131"},"modified":"2023-11-01T10:33:42","modified_gmt":"2023-11-01T09:33:42","slug":"gjykata-e-velesit-ka-pare-se-nikollovi-ka-qene-duke-vozitur-ne-gjendje-te-dehur-dhe-pa-leje-dhe-se-ai-eshte-arratisur-pasi-ka-shkelur-nje-femije-dhe-nenen-e-tij-ne-vizebardha-ndersa-gjykata-e-apelit-s","status":"publish","type":"post","link":"https:\/\/sdk.mk\/index.php\/rrjeti-i-korrespondenteve\/gjykata-e-velesit-ka-pare-se-nikollovi-ka-qene-duke-vozitur-ne-gjendje-te-dehur-dhe-pa-leje-dhe-se-ai-eshte-arratisur-pasi-ka-shkelur-nje-femije-dhe-nenen-e-tij-ne-vizebardha-ndersa-gjykata-e-apelit-s\/","title":{"rendered":"GJYKATA E VELESIT KA PAR\u00cb SE NIKOLLOVI KA QEN\u00cb DUKE VOZITUR N\u00cb GJENDJE T\u00cb DEHUR DHE PA LEJE DHE SE AI \u00cbSHT\u00cb ARRATISUR PASI KA SHKELUR NJ\u00cb F\u00cbMIJ\u00cb DHE N\u00cbN\u00cbN E TIJ N\u00cb VIZ\u00cbBARDHA, ND\u00cbRSA GJYKATA E APELIT SHKUP IA ZVOG\u00cbLOI D\u00cbNIMIN SEPSE KA QEN\u00cb I PAMARTUAR DHE SE \u00cbSHT\u00cb PENDUAR"},"content":{"rendered":"<div class=\"f52428582a4b906b2d2e2a7d733c7d27\" data-index=\"7\" style=\"float: none; margin:10px 0 10px 0; text-align:center;\">\n<!-- MSP Ads Asynchronous JS Tag - Generated with Revive Adserver v5.4.1 -->\r\n<ins data-revive-zoneid=\"167\" data-revive-id=\"060fdb01f6430ec164d3519234aa4967\"><\/ins>\r\n<script async src=\"\/\/panel.ads.com.mk\/www\/delivery\/asyncjs.php\"><\/script>\n<\/div>\n<p>Pas nj\u00eb muaji nga d\u00ebnimi i Gjykat\u00ebs s\u00eb Apelit n\u00eb Shkup m\u00eb 10 korrik, e cila uli d\u00ebnimin me 18 vjet burg t\u00eb Gjykat\u00ebs Themelore n\u00eb Veles p\u00ebr shoferin Angel\u00e7e Nikolov n\u00eb 8 vjet, ai u botua sot n\u00eb faqen e internetit t\u00eb gjykat\u00ebs.<\/p>\n<p>Nikollovi shkeli 11-vje\u00e7aren Magdalena Ivanova n\u00eb nj\u00eb kalim k\u00ebmb\u00ebsor\u00ebsh m\u00eb 17 dhjetor t\u00eb vitit t\u00eb kaluar dhe plagosi n\u00ebn\u00ebn e saj, kur po ngiste i dehur. Ai ishte duke vozitur dy her\u00eb m\u00eb shpejt se sa lejohet me 68 km\/or\u00eb, n\u00eb vend t\u00eb 30 km\/or\u00eb t\u00eb lejuara. Gjithashtu, n\u00eb momentet e drejtimit t\u00eb automjetit t\u00eb tipit \u201cMercedes\u201d, Nikollovi e ka pasur t\u00eb ndaluar t\u00eb drejtoj\u00eb automjet. Gj\u00ebja m\u00eb e tmerrshme \u00ebsht\u00eb se pas shkeljes s\u00eb vajz\u00ebs dhe n\u00ebn\u00ebs s\u00eb saj n\u00eb udh\u00ebkryqin n\u00eb Veles, Nikollovi i dehur ia ka mbathur dhe \u00ebsht\u00eb fshehur n\u00eb nj\u00eb vend p\u00ebr 37 or\u00eb.<\/p>\n<p>Dje, Gjykata Themelore Veles njoftoi se d\u00ebnimi me burgim \u00ebsht\u00eb zvog\u00eblua n\u00eb k\u00ebt\u00eb gjykat\u00eb nga k\u00ebshilli penal prej pes\u00eb an\u00ebtar\u00ebsh i kryesuar nga gjyqtarja Gabriella Gajdova. Gjykimi \u00ebsht\u00eb p\u00ebrfundimtar.<\/p>\n<ul>\n<li><a href=\"https:\/\/sdk.mk\/index.php\/dopisna-mrezha\/apelatsija-mu-ja-namali-zatvorskata-kazna-od-18-na-8-godini-na-pijaniot-vozach-koj-usmrti-dete-na-peshachki-vo-veles-i-pobegna\/\">\u00a0<em>\u00a0<strong>APELI ZVOG\u00cbLON D\u00cbNIMIN ME BURG NGA 18 N\u00cb 8 VJET P\u00cbR SHOFERIN E DEHUR Q\u00cb VRAU F\u00cbMIJ\u00cbN N\u00cb K\u00cbMB\u00cbSOR N\u00cb VELES DHE IA MBATHI<\/strong> <\/em>\u00a0<\/a><\/li>\n<\/ul>\n<p>Vendimi i zbutur n\u00eb m\u00ebnyr\u00eb drastike u shpall nga gjyqtar\u00ebt: Gjoko Ristov, kryetar i k\u00ebshillit, Lirie Elezi-AjrulLau, Lidija Zimbovska, Enver Bexheti dhe Enver Amzai, an\u00ebtar\u00eb t\u00eb k\u00ebshillit. Ata\u00a0 vler\u00ebsuan se n\u00eb shqiptimin e d\u00ebnimit n\u00eb Gjykat\u00ebn Themelore Veles, rrethanat leht\u00ebsuese jan\u00eb marr\u00eb n\u00eb konsiderat\u00eb n\u00eb mas\u00eb t\u00eb pamjaftueshme. Sipas gjykat\u00ebs m\u00eb t\u00eb lart\u00eb, theksi duhej t &#8216;u vihej rrethanave leht\u00ebsuese, si rrethanave personale, familjare dhe materiale t\u00eb t\u00eb pandehurit, i cili kishte humbur v\u00ebllain n\u00eb nj\u00eb aksident dy vjet m\u00eb par\u00eb. Gjegj\u00ebsisht se ai \u00ebsht\u00eb nj\u00eb i ri, i pamartuar, fakti q\u00eb deri m\u00eb tani ai nuk \u00ebsht\u00eb d\u00ebnuar dhe nuk jan\u00eb zhvilluar procedime p\u00ebr ndonj\u00eb krim tjet\u00ebr ndaj tij. M\u00eb pas, i r\u00ebnd\u00ebsish\u00ebm \u00ebsht\u00eb edhe kontributi i t\u00eb pandehurit n\u00eb p\u00ebrfundimin efektiv t\u00eb procedur\u00ebs penale, i shprehur p\u00ebrmes pranimit t\u00eb fajit p\u00ebr krimet p\u00ebr t\u00eb cilat akuzohet, \u00a0keqardhjes s\u00eb shprehur, premtimit t\u00eb dh\u00ebn\u00eb se nuk do t\u00eb p\u00ebrs\u00ebriste at\u00eb q\u00eb kishte b\u00ebr\u00eb, gatishm\u00ebris\u00eb p\u00ebr t\u00eb ndryshuar statusin e tij personal dhe p\u00ebr t &#8216;u angazhuar n\u00eb rrjedh\u00ebn normale t\u00eb jet\u00ebs s\u00eb sh\u00ebndetshme shoq\u00ebrore.<\/p>\n<p>P\u00ebr shkak t\u00eb k\u00ebtyre momenteve, Apeli i Shkupit shkurton dhjet\u00eb vjet nga d\u00ebnimi i shkall\u00ebs s\u00eb par\u00eb nga gjyqtarja Gajdova. M\u00eb sakt\u00ebsisht, p\u00ebr vepr\u00ebn penale\u00a0 \u201cKrime t\u00eb r\u00ebnda kund\u00ebr siguris\u00eb s\u00eb njer\u00ebzve dhe pron\u00ebs n\u00eb trafik\u201d, t\u00eb pandehurin Nikollov, Apeli e d\u00ebnon me burgim p\u00ebr shtat\u00eb vjet e gjasht\u00eb muaj, n\u00eb vend t\u00eb shkall\u00ebs s\u00eb par\u00eb 17 vjet e gjasht\u00eb muaj.\u00a0 Nd\u00ebrsa, p\u00ebr vepr\u00ebn penale \u201cMosdh\u00ebnia e ndihm\u00ebs personit t\u00eb d\u00ebmtuar n\u00eb aksident trafiku\u201d, v\u00ebrteton t\u00eb nj\u00ebjtin d\u00ebnim me burgim me vendimin e shkall\u00ebs s\u00eb par\u00eb, prej nj\u00eb viti, pra p\u00ebr t\u00eb dy krimet cakton nj\u00eb d\u00ebnim t\u00eb vet\u00ebm me burgim p\u00ebr nj\u00eb periudh\u00eb prej tet\u00eb\u00a0 vjet\u00ebsh.<\/p>\n<p>T\u00eb dy Gjykata e Apelit Shkup dhe Gjykata Themelore Veles kan\u00eb t\u00eb nj\u00ebjtin vendim, nj\u00eb d\u00ebnim &#8211; ndalimi i drejtimit t\u00eb nj\u00eb automjeti t\u00eb kategoris\u00eb &#8220;B&#8221; p\u00ebr pes\u00eb vjet, marr\u00eb parasysh\u00a0 q\u00eb koha e kaluar n\u00eb burg nuk llogaritet n\u00eb rrjedh\u00ebn e saj, por llogaritet nga dita kur ai e kryen at\u00eb.<\/p>\n<p>Apeli vler\u00ebson se\u00a0 d\u00ebnimi i vet\u00ebm i dh\u00ebn\u00eb me 8 vjet burg \u00ebsht\u00eb n\u00eb p\u00ebrputhje me jurisprudenc\u00ebn e p\u00ebrcaktuar kur peshon k\u00ebto lloj d\u00ebnimesh p\u00ebr k\u00ebto krime dhe \u00ebsht\u00eb nj\u00eb p\u00ebrgjigje adekuate ndaj veprimeve t\u00eb paligjshme t\u00eb nd\u00ebrmarra nga i pandehuri.<\/p>\n<p><em><strong>P. PE\u00c7KOV<\/strong><\/em><\/p>\n\n<div style=\"font-size: 0px; height: 0px; line-height: 0px; margin: 0; padding: 0; clear: both;\"><\/div>","protected":false},"excerpt":{"rendered":"<p>Pas nj\u00eb muaji nga d\u00ebnimi i Gjykat\u00ebs s\u00eb Apelit n\u00eb Shkup m\u00eb 10 korrik, e cila uli d\u00ebnimin me 18 [&hellip;]<\/p>\n","protected":false},"author":25,"featured_media":201361,"comment_status":"closed","ping_status":"closed","sticky":false,"template":"","format":"standard","meta":{"_mo_disable_npp":"no","inline_featured_image":false},"categories":[3095],"tags":[],"imageURL":"https:\/\/sdk.mk\/wp-content\/uploads\/2023\/08\/presuda-veles-nikolov1-650x321.jpg","thumbURL":"https:\/\/sdk.mk\/wp-content\/uploads\/2023\/08\/presuda-veles-nikolov1-250x123.jpg","categoryNames":["Rrjeti i korrespondent\u00ebve"],"feature_caption":"P\u00ebr shkak t\u00eb rrethanave t\u00eb ndryshme midis gjyqtar\u00ebve t\u00eb Apelit t\u00eb Shkupit dhe gatishm\u00ebris\u00eb p\u00ebr t\u00eb par\u00eb rrethanat leht\u00ebsuese t\u00eb shoferit t\u00eb dehur nga Velesi i cili u arratis pasi vrau Magdalen\u00ebn 11-vje\u00e7are, d\u00ebnimi i tij u ul nga 18 n\u00eb 8 vjet burg (Foto: SDK.MK)","subtitle":"","views":"24","source":"Veles, (SAKAMDAKAZAM.MK)","yoast_head":"<!-- This site is optimized with the Yoast SEO Premium plugin v15.0 - https:\/\/yoast.com\/wordpress\/plugins\/seo\/ -->\n<title>GJYKATA E VELESIT KA PAR\u00cb SE NIKOLLOVI KA QEN\u00cb DUKE VOZITUR N\u00cb GJENDJE T\u00cb DEHUR DHE PA LEJE DHE SE AI \u00cbSHT\u00cb ARRATISUR PASI KA SHKELUR NJ\u00cb F\u00cbMIJ\u00cb DHE N\u00cbN\u00cbN E TIJ N\u00cb VIZ\u00cbBARDHA, ND\u00cbRSA GJYKATA E APELIT SHKUP IA ZVOG\u00cbLOI D\u00cbNIMIN SEPSE KA QEN\u00cb I PAMARTUAR DHE SE \u00cbSHT\u00cb PENDUAR - \u0421\u0430\u043a\u0430\u043c \u0414\u0430 \u041a\u0430\u0436\u0430\u043c<\/title>\n<meta name=\"robots\" content=\"index, follow, max-snippet:-1, max-image-preview:large, max-video-preview:-1\" \/>\n<link rel=\"canonical\" href=\"https:\/\/sdk.mk\/index.php\/rrjeti-i-korrespondenteve\/gjykata-e-velesit-ka-pare-se-nikollovi-ka-qene-duke-vozitur-ne-gjendje-te-dehur-dhe-pa-leje-dhe-se-ai-eshte-arratisur-pasi-ka-shkelur-nje-femije-dhe-nenen-e-tij-ne-vizebardha-ndersa-gjykata-e-apelit-s\/\" \/>\n<meta property=\"og:locale\" content=\"mk_MK\" \/>\n<meta property=\"og:type\" content=\"article\" \/>\n<meta property=\"og:title\" content=\"GJYKATA E VELESIT KA PAR\u00cb SE NIKOLLOVI KA QEN\u00cb DUKE VOZITUR N\u00cb GJENDJE T\u00cb DEHUR DHE PA LEJE DHE SE AI \u00cbSHT\u00cb ARRATISUR PASI KA SHKELUR NJ\u00cb F\u00cbMIJ\u00cb DHE N\u00cbN\u00cbN E TIJ N\u00cb VIZ\u00cbBARDHA, ND\u00cbRSA GJYKATA E APELIT SHKUP IA ZVOG\u00cbLOI D\u00cbNIMIN SEPSE KA QEN\u00cb I PAMARTUAR DHE SE \u00cbSHT\u00cb PENDUAR - \u0421\u0430\u043a\u0430\u043c \u0414\u0430 \u041a\u0430\u0436\u0430\u043c\" \/>\n<meta property=\"og:description\" content=\"Pas nj\u00eb muaji nga d\u00ebnimi i Gjykat\u00ebs s\u00eb Apelit n\u00eb Shkup m\u00eb 10 korrik, e cila uli d\u00ebnimin me 18 [&hellip;]\" \/>\n<meta property=\"og:url\" content=\"https:\/\/sdk.mk\/index.php\/rrjeti-i-korrespondenteve\/gjykata-e-velesit-ka-pare-se-nikollovi-ka-qene-duke-vozitur-ne-gjendje-te-dehur-dhe-pa-leje-dhe-se-ai-eshte-arratisur-pasi-ka-shkelur-nje-femije-dhe-nenen-e-tij-ne-vizebardha-ndersa-gjykata-e-apelit-s\/\" \/>\n<meta property=\"og:site_name\" content=\"\u0421\u0430\u043a\u0430\u043c \u0414\u0430 \u041a\u0430\u0436\u0430\u043c\" \/>\n<meta property=\"article:published_time\" content=\"2023-11-01T09:33:42+00:00\" \/>\n<meta property=\"og:image\" content=\"https:\/\/sdk.mk\/wp-content\/uploads\/2023\/08\/presuda-veles-nikolov1.jpg\" \/>\n\t<meta property=\"og:image:width\" content=\"886\" \/>\n\t<meta property=\"og:image:height\" content=\"437\" \/>\n<meta property=\"fb:app_id\" content=\"2407985809428537\" \/>\n<meta name=\"twitter:card\" content=\"summary\" \/>\n<script type=\"application\/ld+json\" class=\"yoast-schema-graph\">{\"@context\":\"https:\/\/schema.org\",\"@graph\":[{\"@type\":\"WebSite\",\"@id\":\"https:\/\/sdk.mk\/#website\",\"url\":\"https:\/\/sdk.mk\/\",\"name\":\"\\u0421\\u0430\\u043a\\u0430\\u043c \\u0414\\u0430 \\u041a\\u0430\\u0436\\u0430\\u043c\",\"description\":\"\\u0417\\u0430 \\u0441\\u043b\\u043e\\u0431\\u043e\\u0434\\u043e\\u0443\\u043c\\u043d\\u0438\",\"potentialAction\":[{\"@type\":\"SearchAction\",\"target\":\"https:\/\/sdk.mk\/?s={search_term_string}\",\"query-input\":\"required name=search_term_string\"}],\"inLanguage\":\"mk-MK\"},{\"@type\":\"ImageObject\",\"@id\":\"https:\/\/sdk.mk\/index.php\/rrjeti-i-korrespondenteve\/gjykata-e-velesit-ka-pare-se-nikollovi-ka-qene-duke-vozitur-ne-gjendje-te-dehur-dhe-pa-leje-dhe-se-ai-eshte-arratisur-pasi-ka-shkelur-nje-femije-dhe-nenen-e-tij-ne-vizebardha-ndersa-gjykata-e-apelit-s\/#primaryimage\",\"inLanguage\":\"mk-MK\",\"url\":\"https:\/\/sdk.mk\/wp-content\/uploads\/2023\/08\/presuda-veles-nikolov1.jpg\",\"width\":886,\"height\":437},{\"@type\":\"WebPage\",\"@id\":\"https:\/\/sdk.mk\/index.php\/rrjeti-i-korrespondenteve\/gjykata-e-velesit-ka-pare-se-nikollovi-ka-qene-duke-vozitur-ne-gjendje-te-dehur-dhe-pa-leje-dhe-se-ai-eshte-arratisur-pasi-ka-shkelur-nje-femije-dhe-nenen-e-tij-ne-vizebardha-ndersa-gjykata-e-apelit-s\/#webpage\",\"url\":\"https:\/\/sdk.mk\/index.php\/rrjeti-i-korrespondenteve\/gjykata-e-velesit-ka-pare-se-nikollovi-ka-qene-duke-vozitur-ne-gjendje-te-dehur-dhe-pa-leje-dhe-se-ai-eshte-arratisur-pasi-ka-shkelur-nje-femije-dhe-nenen-e-tij-ne-vizebardha-ndersa-gjykata-e-apelit-s\/\",\"name\":\"GJYKATA E VELESIT KA PAR\\u00cb SE NIKOLLOVI KA QEN\\u00cb DUKE VOZITUR N\\u00cb GJENDJE T\\u00cb DEHUR DHE PA LEJE DHE SE AI \\u00cbSHT\\u00cb ARRATISUR PASI KA SHKELUR NJ\\u00cb F\\u00cbMIJ\\u00cb DHE N\\u00cbN\\u00cbN E TIJ N\\u00cb VIZ\\u00cbBARDHA, ND\\u00cbRSA GJYKATA E APELIT SHKUP IA ZVOG\\u00cbLOI D\\u00cbNIMIN SEPSE KA QEN\\u00cb I PAMARTUAR DHE SE \\u00cbSHT\\u00cb PENDUAR - \\u0421\\u0430\\u043a\\u0430\\u043c \\u0414\\u0430 \\u041a\\u0430\\u0436\\u0430\\u043c\",\"isPartOf\":{\"@id\":\"https:\/\/sdk.mk\/#website\"},\"primaryImageOfPage\":{\"@id\":\"https:\/\/sdk.mk\/index.php\/rrjeti-i-korrespondenteve\/gjykata-e-velesit-ka-pare-se-nikollovi-ka-qene-duke-vozitur-ne-gjendje-te-dehur-dhe-pa-leje-dhe-se-ai-eshte-arratisur-pasi-ka-shkelur-nje-femije-dhe-nenen-e-tij-ne-vizebardha-ndersa-gjykata-e-apelit-s\/#primaryimage\"},\"datePublished\":\"2023-11-01T09:33:42+00:00\",\"dateModified\":\"2023-11-01T09:33:42+00:00\",\"author\":{\"@id\":\"https:\/\/sdk.mk\/#\/schema\/person\/737021aeacbe893f7e2c347186c5c7a1\"},\"inLanguage\":\"mk-MK\",\"potentialAction\":[{\"@type\":\"ReadAction\",\"target\":[\"https:\/\/sdk.mk\/index.php\/rrjeti-i-korrespondenteve\/gjykata-e-velesit-ka-pare-se-nikollovi-ka-qene-duke-vozitur-ne-gjendje-te-dehur-dhe-pa-leje-dhe-se-ai-eshte-arratisur-pasi-ka-shkelur-nje-femije-dhe-nenen-e-tij-ne-vizebardha-ndersa-gjykata-e-apelit-s\/\"]}]},{\"@type\":\"Person\",\"@id\":\"https:\/\/sdk.mk\/#\/schema\/person\/737021aeacbe893f7e2c347186c5c7a1\",\"name\":\"\\u0424\\u0458\\u043e\\u043b\\u0430 \\u0417\\u043b\\u0430\\u0442\\u043a\\u0443\"}]}<\/script>\n<!-- \/ Yoast SEO Premium plugin. -->","_links":{"self":[{"href":"https:\/\/sdk.mk\/index.php\/wp-json\/wp\/v2\/posts\/207131"}],"collection":[{"href":"https:\/\/sdk.mk\/index.php\/wp-json\/wp\/v2\/posts"}],"about":[{"href":"https:\/\/sdk.mk\/index.php\/wp-json\/wp\/v2\/types\/post"}],"author":[{"embeddable":true,"href":"https:\/\/sdk.mk\/index.php\/wp-json\/wp\/v2\/users\/25"}],"replies":[{"embeddable":true,"href":"https:\/\/sdk.mk\/index.php\/wp-json\/wp\/v2\/comments?post=207131"}],"version-history":[{"count":0,"href":"https:\/\/sdk.mk\/index.php\/wp-json\/wp\/v2\/posts\/207131\/revisions"}],"wp:featuredmedia":[{"embeddable":true,"href":"https:\/\/sdk.mk\/index.php\/wp-json\/wp\/v2\/media\/201361"}],"wp:attachment":[{"href":"https:\/\/sdk.mk\/index.php\/wp-json\/wp\/v2\/media?parent=207131"}],"wp:term":[{"taxonomy":"category","embeddable":true,"href":"https:\/\/sdk.mk\/index.php\/wp-json\/wp\/v2\/categories?post=207131"},{"taxonomy":"post_tag","embeddable":true,"href":"https:\/\/sdk.mk\/index.php\/wp-json\/wp\/v2\/tags?post=207131"}],"curies":[{"name":"wp","href":"https:\/\/api.w.org\/{rel}","templated":true}]}}