{"id":207143,"date":"2023-11-01T12:02:58","date_gmt":"2023-11-01T11:02:58","guid":{"rendered":"https:\/\/sdk.mk\/?p=207143"},"modified":"2023-11-01T12:02:58","modified_gmt":"2023-11-01T11:02:58","slug":"eshte-anuluar-plani-rregulativ-per-lagjen-vllae-parandalohet-nje-betonizim-i-ri-ne-shkup","status":"publish","type":"post","link":"https:\/\/sdk.mk\/index.php\/rrjeti-i-korrespondenteve\/eshte-anuluar-plani-rregulativ-per-lagjen-vllae-parandalohet-nje-betonizim-i-ri-ne-shkup\/","title":{"rendered":"\u00cbSHT\u00cb ANULUAR PLANI RREGULATIV P\u00cbR LAGJEN VLLAE, PARANDALOHET NJ\u00cb BETONIZIM I RI N\u00cb SHKUP"},"content":{"rendered":"<div class=\"f52428582a4b906b2d2e2a7d733c7d27\" data-index=\"7\" style=\"float: none; margin:10px 0 10px 0; text-align:center;\">\n<!-- MSP Ads Asynchronous JS Tag - Generated with Revive Adserver v5.4.1 -->\r\n<ins data-revive-zoneid=\"167\" data-revive-id=\"060fdb01f6430ec164d3519234aa4967\"><\/ins>\r\n<script async src=\"\/\/panel.ads.com.mk\/www\/delivery\/asyncjs.php\"><\/script>\n<\/div>\n<p>K\u00ebshilli i Qyteti t\u00eb Shkupit mbr\u00ebm\u00eb e anuloi Planin rregulativ C3 10 p\u00ebr lagjen Vllae. Ky plan \u00ebsht\u00eb baz\u00eb p\u00ebr p\u00ebrpunimin e Planit t\u00eb detajuar urbanistik p\u00ebr k\u00ebt\u00eb lagje, me t\u00eb cilin parashikohen nd\u00ebrtesa dhe betonizim t\u00eb t\u00ebr\u00ebsish\u00ebm t\u00eb Vllaes. Me k\u00ebt\u00eb, tani nuk vlen PDU i cili nj\u00ebher\u00eb ishte n\u00eb anket\u00eb publike, por p\u00ebr shkak t\u00eb v\u00ebretjeve dhe protestave t\u00eb qytetar\u00ebve \u00ebsht\u00eb kthyer p\u00ebr p\u00ebrpunim t\u00eb m\u00ebtejsh\u00ebm.<\/p>\n<p>Iniciative p\u00ebr anulimin e planit u ngrit nga \u201cZelen human grad\u201d, me k\u00ebrkes\u00ebn e grupit qytetar \u201cBorba za Vlae\u201d, i cili shum\u00eb her\u00eb ka organizuar protesta kund\u00ebr vendimeve t\u00eb reja p\u00ebr lagjen.<\/p>\n<p>P\u00ebr anulimin e planit votuan 23 k\u00ebshilltar\u00eb dhe at\u00eb dy k\u00ebshilltar\u00eb nga \u201cZelen human grad\u201d, grupi k\u00ebshillues i VMRO-DPMNE-s\u00eb dhe koalicioni, nj\u00eb an\u00ebtar nga Aleanca\/Alternativa, grupi k\u00ebshillues i Levic\u00ebs dhe dy k\u00ebshilltar\u00eb nga Aleanca\/Alternativa, grupi i k\u00ebshilltar\u00ebve t\u00eb LSDM-s\u00eb dhe koalicioni u p\u00ebrmbajt\u00ebn nga votimi, kurse i gjith\u00eb grupi k\u00ebshillues i BDI-s\u00eb nuk ishte i pranish\u00ebm n\u00eb sall\u00ebn e votimit.<\/p>\n<ul>\n<li><strong><em><u>ME PDU T\u00cb RI DO T\u00cb LUL\u00cbZOJN\u00cb 10-KAT\u00cbSHE N\u00cb VENDIN E KINEMAS\u00cb VLLAE, SI DHE NJ\u00cb KISH\u00cb N\u00cb KOPSHTIN INKLUZIV T\u00cb F\u00cbMIJ\u00cbVE DERI TE SHESHI DELFINA<\/u><\/em><\/strong><\/li>\n<li><strong><em><u>PO VIZATOJN\u00cb RRUG\u00cb N\u00cb OBORR SHKOLLOR P\u00cbR T\u00cb ND\u00cbRTUAR 11-KAT\u00cbSHE, PETICIONI I BANOR\u00cbVE T\u00cb VLLAES KUND\u00cbR PLANIT T\u00cb RI<\/u><\/em><\/strong><\/li>\n<\/ul>\n<p>Me Planin urbanistik t\u00eb detajuar t\u00eb miratuar n\u00eb baz\u00eb t\u00eb Planit rregulariv, parashikohen nd\u00ebrtesa n\u00eb hap\u00ebrsir\u00ebn n\u00eb kinaman\u00eb e dikurshme Vllae, gjegj\u00ebsisht pas stacionit t\u00eb autobusit n\u00eb bulevardin Partizanski odredi. Nd\u00ebrtesat planifikoheshin t\u00eb jen\u00eb n\u00eb lart\u00ebsi prej 6 deri n\u00eb 10 kat. Parcela p\u00ebr shenja p\u00ebr rrug\u00eb \u00ebsht\u00eb zgjeruar edhe n\u00eb rrug\u00ebn Esperanto deri te sheshi Delfina. Me planin e ri, rruga prashikohej q\u00eb t\u00eb dep\u00ebrtoj\u00eb deri pas kinemas\u00eb, gjejg\u00ebsisht para shkoll\u00ebs fillore \u201cDimo Haxhi Dimov\u201d.<\/p>\n<p>N\u00eb vendin e kopshtit inkluziv p\u00ebr f\u00ebmij\u00eb me nevoja t\u00eb ve\u00e7anta n\u00eb sheshin Delfina, ishte vendosur shenj\u00eb p\u00ebr kish\u00eb. Kopshti \u00ebsht\u00eb b\u00ebr\u00eb para dy vjet\u00ebve dhe at\u00eb aso kohe e hapi ish \u2013kryetari Stefan Bogoev.<\/p>\n<p>Shenj\u00eb p\u00ebr nd\u00ebrtim parashikohej edhe n\u00eb hap\u00ebsir\u00ebn e zbraz\u00ebt te \u201cKam marketi\u201d gjegj\u00ebsisht n\u00eb sektorin ku lagjja Vllae kufizohet me lagjen Hrom. Kjo hap\u00ebsir\u00eb, si\u00e7 thon\u00eb banor\u00ebt, \u00ebsht\u00eb tok\u00eb shtet\u00ebrore dhe k\u00ebrkojn\u00eb t\u00eb b\u00ebhet nj\u00eb park, e jo t\u00eb shitet toka p\u00ebr interese t\u00eb biznesit me nd\u00ebrtues private.<\/p>\n<p><strong><em>A. ANTEVSKA<\/em><\/strong><\/p>\n\n<div style=\"font-size: 0px; height: 0px; line-height: 0px; margin: 0; padding: 0; clear: both;\"><\/div>","protected":false},"excerpt":{"rendered":"<p>K\u00ebshilli i Qyteti t\u00eb Shkupit mbr\u00ebm\u00eb e anuloi Planin rregulativ C3 10 p\u00ebr lagjen Vllae. Ky plan \u00ebsht\u00eb baz\u00eb p\u00ebr [&hellip;]<\/p>\n","protected":false},"author":25,"featured_media":194462,"comment_status":"closed","ping_status":"closed","sticky":false,"template":"","format":"standard","meta":{"_mo_disable_npp":"no","inline_featured_image":false},"categories":[3095],"tags":[],"imageURL":"https:\/\/sdk.mk\/wp-content\/uploads\/2023\/05\/vlae-zgradi-dup-peticija-07.05.2023-650x361.jpg","thumbURL":"https:\/\/sdk.mk\/wp-content\/uploads\/2023\/05\/vlae-zgradi-dup-peticija-07.05.2023-250x139.jpg","categoryNames":["Rrjeti i korrespondent\u00ebve"],"feature_caption":"Iniciativ\u00eb p\u00ebr anulimin e planit u ngrit nga \u201cZelen human grad\u201d, me k\u00ebrkes\u00ebn e grupit qytetar \u201cBorba za Vlae\u201d, i cili shum\u00eb her\u00eb ka organizuar protesta kund\u00ebr vendimeve t\u00eb reja p\u00ebr lagjen. (Foto: Borba za Vlae)","subtitle":"","views":"14","source":"Shkup, (SAKAMDAKAZAM.MK)","yoast_head":"<!-- This site is optimized with the Yoast SEO Premium plugin v15.0 - https:\/\/yoast.com\/wordpress\/plugins\/seo\/ -->\n<title>\u00cbSHT\u00cb ANULUAR PLANI RREGULATIV P\u00cbR LAGJEN VLLAE, PARANDALOHET NJ\u00cb BETONIZIM I RI N\u00cb SHKUP - \u0421\u0430\u043a\u0430\u043c \u0414\u0430 \u041a\u0430\u0436\u0430\u043c<\/title>\n<meta name=\"robots\" content=\"index, follow, max-snippet:-1, max-image-preview:large, max-video-preview:-1\" \/>\n<link rel=\"canonical\" href=\"https:\/\/sdk.mk\/index.php\/rrjeti-i-korrespondenteve\/eshte-anuluar-plani-rregulativ-per-lagjen-vllae-parandalohet-nje-betonizim-i-ri-ne-shkup\/\" \/>\n<meta property=\"og:locale\" content=\"mk_MK\" \/>\n<meta property=\"og:type\" content=\"article\" \/>\n<meta property=\"og:title\" content=\"\u00cbSHT\u00cb ANULUAR PLANI RREGULATIV P\u00cbR LAGJEN VLLAE, PARANDALOHET NJ\u00cb BETONIZIM I RI N\u00cb SHKUP - \u0421\u0430\u043a\u0430\u043c \u0414\u0430 \u041a\u0430\u0436\u0430\u043c\" \/>\n<meta property=\"og:description\" content=\"K\u00ebshilli i Qyteti t\u00eb Shkupit mbr\u00ebm\u00eb e anuloi Planin rregulativ C3 10 p\u00ebr lagjen Vllae. Ky plan \u00ebsht\u00eb baz\u00eb p\u00ebr [&hellip;]\" \/>\n<meta property=\"og:url\" content=\"https:\/\/sdk.mk\/index.php\/rrjeti-i-korrespondenteve\/eshte-anuluar-plani-rregulativ-per-lagjen-vllae-parandalohet-nje-betonizim-i-ri-ne-shkup\/\" \/>\n<meta property=\"og:site_name\" content=\"\u0421\u0430\u043a\u0430\u043c \u0414\u0430 \u041a\u0430\u0436\u0430\u043c\" \/>\n<meta property=\"article:published_time\" content=\"2023-11-01T11:02:58+00:00\" \/>\n<meta property=\"og:image\" content=\"https:\/\/sdk.mk\/wp-content\/uploads\/2023\/05\/vlae-zgradi-dup-peticija-07.05.2023.jpg\" \/>\n\t<meta property=\"og:image:width\" content=\"2048\" \/>\n\t<meta property=\"og:image:height\" content=\"1139\" \/>\n<meta property=\"fb:app_id\" content=\"2407985809428537\" \/>\n<meta name=\"twitter:card\" content=\"summary\" \/>\n<script type=\"application\/ld+json\" class=\"yoast-schema-graph\">{\"@context\":\"https:\/\/schema.org\",\"@graph\":[{\"@type\":\"WebSite\",\"@id\":\"https:\/\/sdk.mk\/#website\",\"url\":\"https:\/\/sdk.mk\/\",\"name\":\"\\u0421\\u0430\\u043a\\u0430\\u043c \\u0414\\u0430 \\u041a\\u0430\\u0436\\u0430\\u043c\",\"description\":\"\\u0417\\u0430 \\u0441\\u043b\\u043e\\u0431\\u043e\\u0434\\u043e\\u0443\\u043c\\u043d\\u0438\",\"potentialAction\":[{\"@type\":\"SearchAction\",\"target\":\"https:\/\/sdk.mk\/?s={search_term_string}\",\"query-input\":\"required name=search_term_string\"}],\"inLanguage\":\"mk-MK\"},{\"@type\":\"ImageObject\",\"@id\":\"https:\/\/sdk.mk\/index.php\/rrjeti-i-korrespondenteve\/eshte-anuluar-plani-rregulativ-per-lagjen-vllae-parandalohet-nje-betonizim-i-ri-ne-shkup\/#primaryimage\",\"inLanguage\":\"mk-MK\",\"url\":\"https:\/\/sdk.mk\/wp-content\/uploads\/2023\/05\/vlae-zgradi-dup-peticija-07.05.2023.jpg\",\"width\":2048,\"height\":1139},{\"@type\":\"WebPage\",\"@id\":\"https:\/\/sdk.mk\/index.php\/rrjeti-i-korrespondenteve\/eshte-anuluar-plani-rregulativ-per-lagjen-vllae-parandalohet-nje-betonizim-i-ri-ne-shkup\/#webpage\",\"url\":\"https:\/\/sdk.mk\/index.php\/rrjeti-i-korrespondenteve\/eshte-anuluar-plani-rregulativ-per-lagjen-vllae-parandalohet-nje-betonizim-i-ri-ne-shkup\/\",\"name\":\"\\u00cbSHT\\u00cb ANULUAR PLANI RREGULATIV P\\u00cbR LAGJEN VLLAE, PARANDALOHET NJ\\u00cb BETONIZIM I RI N\\u00cb SHKUP - \\u0421\\u0430\\u043a\\u0430\\u043c \\u0414\\u0430 \\u041a\\u0430\\u0436\\u0430\\u043c\",\"isPartOf\":{\"@id\":\"https:\/\/sdk.mk\/#website\"},\"primaryImageOfPage\":{\"@id\":\"https:\/\/sdk.mk\/index.php\/rrjeti-i-korrespondenteve\/eshte-anuluar-plani-rregulativ-per-lagjen-vllae-parandalohet-nje-betonizim-i-ri-ne-shkup\/#primaryimage\"},\"datePublished\":\"2023-11-01T11:02:58+00:00\",\"dateModified\":\"2023-11-01T11:02:58+00:00\",\"author\":{\"@id\":\"https:\/\/sdk.mk\/#\/schema\/person\/737021aeacbe893f7e2c347186c5c7a1\"},\"inLanguage\":\"mk-MK\",\"potentialAction\":[{\"@type\":\"ReadAction\",\"target\":[\"https:\/\/sdk.mk\/index.php\/rrjeti-i-korrespondenteve\/eshte-anuluar-plani-rregulativ-per-lagjen-vllae-parandalohet-nje-betonizim-i-ri-ne-shkup\/\"]}]},{\"@type\":\"Person\",\"@id\":\"https:\/\/sdk.mk\/#\/schema\/person\/737021aeacbe893f7e2c347186c5c7a1\",\"name\":\"\\u0424\\u0458\\u043e\\u043b\\u0430 \\u0417\\u043b\\u0430\\u0442\\u043a\\u0443\"}]}<\/script>\n<!-- \/ Yoast SEO Premium plugin. -->","_links":{"self":[{"href":"https:\/\/sdk.mk\/index.php\/wp-json\/wp\/v2\/posts\/207143"}],"collection":[{"href":"https:\/\/sdk.mk\/index.php\/wp-json\/wp\/v2\/posts"}],"about":[{"href":"https:\/\/sdk.mk\/index.php\/wp-json\/wp\/v2\/types\/post"}],"author":[{"embeddable":true,"href":"https:\/\/sdk.mk\/index.php\/wp-json\/wp\/v2\/users\/25"}],"replies":[{"embeddable":true,"href":"https:\/\/sdk.mk\/index.php\/wp-json\/wp\/v2\/comments?post=207143"}],"version-history":[{"count":0,"href":"https:\/\/sdk.mk\/index.php\/wp-json\/wp\/v2\/posts\/207143\/revisions"}],"wp:featuredmedia":[{"embeddable":true,"href":"https:\/\/sdk.mk\/index.php\/wp-json\/wp\/v2\/media\/194462"}],"wp:attachment":[{"href":"https:\/\/sdk.mk\/index.php\/wp-json\/wp\/v2\/media?parent=207143"}],"wp:term":[{"taxonomy":"category","embeddable":true,"href":"https:\/\/sdk.mk\/index.php\/wp-json\/wp\/v2\/categories?post=207143"},{"taxonomy":"post_tag","embeddable":true,"href":"https:\/\/sdk.mk\/index.php\/wp-json\/wp\/v2\/tags?post=207143"}],"curies":[{"name":"wp","href":"https:\/\/api.w.org\/{rel}","templated":true}]}}