{"id":207151,"date":"2023-11-01T12:12:36","date_gmt":"2023-11-01T11:12:36","guid":{"rendered":"https:\/\/sdk.mk\/?p=207151"},"modified":"2023-11-01T12:12:36","modified_gmt":"2023-11-01T11:12:36","slug":"me-ne-fund-eshte-votuar-ribalanci-i-famshem-i-buxhetit-te-komunes-se-manastirit-ne-mungese-te-konjanovskit-i-cili-kishte-shkuar-ne-udhetim-studimor-ne-shba","status":"publish","type":"post","link":"https:\/\/sdk.mk\/index.php\/rrjeti-i-korrespondenteve\/me-ne-fund-eshte-votuar-ribalanci-i-famshem-i-buxhetit-te-komunes-se-manastirit-ne-mungese-te-konjanovskit-i-cili-kishte-shkuar-ne-udhetim-studimor-ne-shba\/","title":{"rendered":"M\u00cb N\u00cb FUND \u00cbSHT\u00cb VOTUAR RIBALANCI I FAMSH\u00cbM I BUXHETIT T\u00cb KOMUN\u00cbS S\u00cb MANASTIRIT N\u00cb MUNGES\u00cb T\u00cb KONJANOVSKIT, I CILI KISHTE SHKUAR N\u00cb UDH\u00cbTIM STUDIMOR N\u00cb SHBA"},"content":{"rendered":"<div class=\"f52428582a4b906b2d2e2a7d733c7d27\" data-index=\"7\" style=\"float: none; margin:10px 0 10px 0; text-align:center;\">\n<!-- MSP Ads Asynchronous JS Tag - Generated with Revive Adserver v5.4.1 -->\r\n<ins data-revive-zoneid=\"167\" data-revive-id=\"060fdb01f6430ec164d3519234aa4967\"><\/ins>\r\n<script async src=\"\/\/panel.ads.com.mk\/www\/delivery\/asyncjs.php\"><\/script>\n<\/div>\n<p>Pas dy muaj tensionesh dhe grindjesh politike, sot k\u00ebshilltar\u00ebt e Komun\u00ebs s\u00eb Manastirit votuan unanimisht me 27 vota pro ribalancin e buxhetit. Gjat\u00eb votimit n\u00eb sall\u00eb nuk ka pasur k\u00ebshilltar\u00eb t\u00eb Levic\u00ebs. N\u00eb fakt, u votua ribalanci i 11 korrikut, me ndryshime q\u00eb p\u00ebrfshinin uljen e fondeve t\u00eb parashikuara p\u00ebr ndryshimet e propozuara nga opozita n\u00eb m\u00ebnyr\u00eb q\u00eb t\u00eb mund t\u00eb ngarkoheshin n\u00eb kuadrin financiar t\u00eb siguruar nga Ministria e Financave.<\/p>\n<p>Ribalanci i ri i propozuar nga kryetari i bashkis\u00eb Toni Konjanovski n\u00eb gusht t\u00eb k\u00ebtij viti nuk ishte n\u00eb axhend\u00ebn e K\u00ebshillit. Dje, Konjanovski shkoi n\u00eb nj\u00eb udh\u00ebtim studimor n\u00eb Shtetet e Bashkuara.<\/p>\n<p>P\u00ebr k\u00ebshilltar\u00ebt e opozit\u00ebs, dalja e tij jasht\u00eb vendit n\u00eb k\u00ebt\u00eb moment t\u00eb r\u00ebnd\u00ebsish\u00ebm p\u00ebr Komun\u00ebn nuk \u00ebsht\u00eb e drejt\u00eb.<\/p>\n<p>\u201cAi moment \u00ebsht\u00eb tragjik p\u00ebr mua sepse n\u00eb periudh\u00ebn e kaluar jam sulmuar maksimalisht\u00a0\u00a0 p\u00ebr mos thirrjen e nj\u00eb seance, se qyteti \u00ebsht\u00eb i bllokuar nga ne, se nuk ka kush t &#8216;i zgjidh\u00eb gj\u00ebrat. T\u00eb h\u00ebn\u00ebn kemi r\u00ebn\u00eb dakord p\u00ebr organet e pun\u00ebs dhe brenda nj\u00eb dite kam thirrur seanc\u00eb. Dhe dua t\u00eb pyes n\u00ebse dikush ishte kaq i shqet\u00ebsuar p\u00ebr qytetin, kush dhe si do ta n\u00ebnshkruante k\u00ebt\u00eb ribalanc? M\u00ebsova nga mediat se un\u00eb, si kryetare e K\u00ebshillit, nuk jam informuar se kryetari i komun\u00ebs nuk do t\u00eb jet\u00eb k\u00ebtu, ai nuk do t\u00eb kthehet deri m\u00eb 16 shtator, dhe detyrimi i tij p\u00ebr t\u00eb n\u00ebnshkruar ribalancin mund t\u00eb p\u00ebrmbushet t\u00eb h\u00ebn\u00ebn&#8221;, tha Gabriella Ilievska nga Poinaku.<\/p>\n<p>\u201cKomuna e Manastirit \u00ebsht\u00eb p\u00ebr her\u00eb t\u00eb par\u00eb n\u00eb nj\u00eb periudh\u00eb t\u00eb till\u00eb vakumi. Kryetari i komun\u00ebs mund t\u00eb thot\u00eb vet\u00eb se cila \u00ebsht\u00eb urgjenca p\u00ebr t\u00eb qen\u00eb n\u00eb Shtetet e Bashkuara, jo k\u00ebtu. Ai mund t\u00eb autorizoj\u00eb dik\u00eb nga administrata komunale q\u00eb ta b\u00ebnte k\u00ebt\u00eb gj\u00eb p\u00ebr t\u00eb.\u00a0 Por mbi t\u00eb gjitha, \u00ebsht\u00eb \u00e7\u00ebshtje parimi dhe detyrimi ndaj funksionit&#8221;, tha Metodija Ilievski, koordinator i grupit k\u00ebshillimor t\u00eb LSDM-s\u00eb.<\/p>\n<p>Bojan Bojkoski, k\u00ebshilltar nga VMRO-DPMNE dhe n\u00ebnkryetar i komun\u00ebs, shpjegoi se n\u00ebse miratohet buxheti, kryetja ka tre dit\u00eb pune p\u00ebr t\u00eb n\u00ebnshkruar vendimet, kryetari i komun\u00ebs 7 dit\u00eb, dhe deri at\u00ebher\u00eb ai do t\u00eb kthehet.<\/p>\n<p>\u201cDuke qen\u00eb se \u00ebsht\u00eb e m\u00ebrkur\u00eb, e premte \u00ebsht\u00eb dit\u00eb jo pune, kryetari i komun\u00ebs kthehet m\u00eb 16 shtator, nuk do t\u00eb ket\u00eb vonesa n\u00eb funksionimin normal t\u00eb Komun\u00ebs.\u00a0 Gjithmon\u00eb ka qen\u00eb praktik\u00eb q\u00eb vendimet t\u00eb n\u00ebnshkruhen, pavar\u00ebsisht n\u00ebse kryetari i komun\u00ebs \u00ebsht\u00eb i pranish\u00ebm apo jo&#8221;,tha Bojkoski.<\/p>\n<p>Kryetari i Komun\u00ebs njoftoi dje n\u00eb faqen e tij n\u00eb Facebook se nga data 6 deri m\u00eb 16 shtator, me ftes\u00eb t\u00eb Ambasad\u00ebs Amerikane, s\u00eb bashku me tet\u00eb koleg\u00eb, do t\u00eb marr\u00eb pjes\u00eb n\u00eb Programin e Lidershipit Nd\u00ebrkomb\u00ebtar t\u00eb Vizitor\u00ebve me tem\u00eb \u201cMenaxhimi efektiv i financave dhe burimeve t\u00eb vet\u00ebqeverisjes vendore\u201d. Ai kishte paraqitur m\u00eb par\u00eb ndryshime t\u00eb reja n\u00eb ribalancin q\u00eb nuk ishin hedhur n\u00eb votim.<\/p>\n<p><em><strong>ZH. ZDRAVKOVSKA<\/strong><\/em><\/p>\n\n<div style=\"font-size: 0px; height: 0px; line-height: 0px; margin: 0; padding: 0; clear: both;\"><\/div>","protected":false},"excerpt":{"rendered":"<p>Pas dy muaj tensionesh dhe grindjesh politike, sot k\u00ebshilltar\u00ebt e Komun\u00ebs s\u00eb Manastirit votuan unanimisht me 27 vota pro ribalancin [&hellip;]<\/p>\n","protected":false},"author":25,"featured_media":203202,"comment_status":"closed","ping_status":"closed","sticky":false,"template":"","format":"standard","meta":{"_mo_disable_npp":"no","inline_featured_image":false},"categories":[3095],"tags":[],"imageURL":"https:\/\/sdk.mk\/wp-content\/uploads\/2023\/09\/sovet-bitola-4889439834-650x341.jpg","thumbURL":"https:\/\/sdk.mk\/wp-content\/uploads\/2023\/09\/sovet-bitola-4889439834-250x131.jpg","categoryNames":["Rrjeti i korrespondent\u00ebve"],"feature_caption":"Ribalanci i ri i propozuar nga kryetari Toni Konjanovski n\u00eb gusht t\u00eb k\u00ebtij viti nuk u vu n\u00eb rendin e dit\u00ebs p\u00ebr vendim n\u00eb K\u00ebshill. (Foto: SDK.MK)","subtitle":"","views":"12","source":"Manastir, (SAKAMDAKAZAM.MK)","yoast_head":"<!-- This site is optimized with the Yoast SEO Premium plugin v15.0 - https:\/\/yoast.com\/wordpress\/plugins\/seo\/ -->\n<title>M\u00cb N\u00cb FUND \u00cbSHT\u00cb VOTUAR RIBALANCI I FAMSH\u00cbM I BUXHETIT T\u00cb KOMUN\u00cbS S\u00cb MANASTIRIT N\u00cb MUNGES\u00cb T\u00cb KONJANOVSKIT, I CILI KISHTE SHKUAR N\u00cb UDH\u00cbTIM STUDIMOR N\u00cb SHBA - \u0421\u0430\u043a\u0430\u043c \u0414\u0430 \u041a\u0430\u0436\u0430\u043c<\/title>\n<meta name=\"robots\" content=\"index, follow, max-snippet:-1, max-image-preview:large, max-video-preview:-1\" \/>\n<link rel=\"canonical\" href=\"https:\/\/sdk.mk\/index.php\/rrjeti-i-korrespondenteve\/me-ne-fund-eshte-votuar-ribalanci-i-famshem-i-buxhetit-te-komunes-se-manastirit-ne-mungese-te-konjanovskit-i-cili-kishte-shkuar-ne-udhetim-studimor-ne-shba\/\" \/>\n<meta property=\"og:locale\" content=\"mk_MK\" \/>\n<meta property=\"og:type\" content=\"article\" \/>\n<meta property=\"og:title\" content=\"M\u00cb N\u00cb FUND \u00cbSHT\u00cb VOTUAR RIBALANCI I FAMSH\u00cbM I BUXHETIT T\u00cb KOMUN\u00cbS S\u00cb MANASTIRIT N\u00cb MUNGES\u00cb T\u00cb KONJANOVSKIT, I CILI KISHTE SHKUAR N\u00cb UDH\u00cbTIM STUDIMOR N\u00cb SHBA - \u0421\u0430\u043a\u0430\u043c \u0414\u0430 \u041a\u0430\u0436\u0430\u043c\" \/>\n<meta property=\"og:description\" content=\"Pas dy muaj tensionesh dhe grindjesh politike, sot k\u00ebshilltar\u00ebt e Komun\u00ebs s\u00eb Manastirit votuan unanimisht me 27 vota pro ribalancin [&hellip;]\" \/>\n<meta property=\"og:url\" content=\"https:\/\/sdk.mk\/index.php\/rrjeti-i-korrespondenteve\/me-ne-fund-eshte-votuar-ribalanci-i-famshem-i-buxhetit-te-komunes-se-manastirit-ne-mungese-te-konjanovskit-i-cili-kishte-shkuar-ne-udhetim-studimor-ne-shba\/\" \/>\n<meta property=\"og:site_name\" content=\"\u0421\u0430\u043a\u0430\u043c \u0414\u0430 \u041a\u0430\u0436\u0430\u043c\" \/>\n<meta property=\"article:published_time\" content=\"2023-11-01T11:12:36+00:00\" \/>\n<meta property=\"og:image\" content=\"https:\/\/sdk.mk\/wp-content\/uploads\/2023\/09\/sovet-bitola-4889439834.jpg\" \/>\n\t<meta property=\"og:image:width\" content=\"800\" \/>\n\t<meta property=\"og:image:height\" content=\"420\" \/>\n<meta property=\"fb:app_id\" content=\"2407985809428537\" \/>\n<meta name=\"twitter:card\" content=\"summary\" \/>\n<script type=\"application\/ld+json\" class=\"yoast-schema-graph\">{\"@context\":\"https:\/\/schema.org\",\"@graph\":[{\"@type\":\"WebSite\",\"@id\":\"https:\/\/sdk.mk\/#website\",\"url\":\"https:\/\/sdk.mk\/\",\"name\":\"\\u0421\\u0430\\u043a\\u0430\\u043c \\u0414\\u0430 \\u041a\\u0430\\u0436\\u0430\\u043c\",\"description\":\"\\u0417\\u0430 \\u0441\\u043b\\u043e\\u0431\\u043e\\u0434\\u043e\\u0443\\u043c\\u043d\\u0438\",\"potentialAction\":[{\"@type\":\"SearchAction\",\"target\":\"https:\/\/sdk.mk\/?s={search_term_string}\",\"query-input\":\"required name=search_term_string\"}],\"inLanguage\":\"mk-MK\"},{\"@type\":\"ImageObject\",\"@id\":\"https:\/\/sdk.mk\/index.php\/rrjeti-i-korrespondenteve\/me-ne-fund-eshte-votuar-ribalanci-i-famshem-i-buxhetit-te-komunes-se-manastirit-ne-mungese-te-konjanovskit-i-cili-kishte-shkuar-ne-udhetim-studimor-ne-shba\/#primaryimage\",\"inLanguage\":\"mk-MK\",\"url\":\"https:\/\/sdk.mk\/wp-content\/uploads\/2023\/09\/sovet-bitola-4889439834.jpg\",\"width\":800,\"height\":420},{\"@type\":\"WebPage\",\"@id\":\"https:\/\/sdk.mk\/index.php\/rrjeti-i-korrespondenteve\/me-ne-fund-eshte-votuar-ribalanci-i-famshem-i-buxhetit-te-komunes-se-manastirit-ne-mungese-te-konjanovskit-i-cili-kishte-shkuar-ne-udhetim-studimor-ne-shba\/#webpage\",\"url\":\"https:\/\/sdk.mk\/index.php\/rrjeti-i-korrespondenteve\/me-ne-fund-eshte-votuar-ribalanci-i-famshem-i-buxhetit-te-komunes-se-manastirit-ne-mungese-te-konjanovskit-i-cili-kishte-shkuar-ne-udhetim-studimor-ne-shba\/\",\"name\":\"M\\u00cb N\\u00cb FUND \\u00cbSHT\\u00cb VOTUAR RIBALANCI I FAMSH\\u00cbM I BUXHETIT T\\u00cb KOMUN\\u00cbS S\\u00cb MANASTIRIT N\\u00cb MUNGES\\u00cb T\\u00cb KONJANOVSKIT, I CILI KISHTE SHKUAR N\\u00cb UDH\\u00cbTIM STUDIMOR N\\u00cb SHBA - \\u0421\\u0430\\u043a\\u0430\\u043c \\u0414\\u0430 \\u041a\\u0430\\u0436\\u0430\\u043c\",\"isPartOf\":{\"@id\":\"https:\/\/sdk.mk\/#website\"},\"primaryImageOfPage\":{\"@id\":\"https:\/\/sdk.mk\/index.php\/rrjeti-i-korrespondenteve\/me-ne-fund-eshte-votuar-ribalanci-i-famshem-i-buxhetit-te-komunes-se-manastirit-ne-mungese-te-konjanovskit-i-cili-kishte-shkuar-ne-udhetim-studimor-ne-shba\/#primaryimage\"},\"datePublished\":\"2023-11-01T11:12:36+00:00\",\"dateModified\":\"2023-11-01T11:12:36+00:00\",\"author\":{\"@id\":\"https:\/\/sdk.mk\/#\/schema\/person\/737021aeacbe893f7e2c347186c5c7a1\"},\"inLanguage\":\"mk-MK\",\"potentialAction\":[{\"@type\":\"ReadAction\",\"target\":[\"https:\/\/sdk.mk\/index.php\/rrjeti-i-korrespondenteve\/me-ne-fund-eshte-votuar-ribalanci-i-famshem-i-buxhetit-te-komunes-se-manastirit-ne-mungese-te-konjanovskit-i-cili-kishte-shkuar-ne-udhetim-studimor-ne-shba\/\"]}]},{\"@type\":\"Person\",\"@id\":\"https:\/\/sdk.mk\/#\/schema\/person\/737021aeacbe893f7e2c347186c5c7a1\",\"name\":\"\\u0424\\u0458\\u043e\\u043b\\u0430 \\u0417\\u043b\\u0430\\u0442\\u043a\\u0443\"}]}<\/script>\n<!-- \/ Yoast SEO Premium plugin. -->","_links":{"self":[{"href":"https:\/\/sdk.mk\/index.php\/wp-json\/wp\/v2\/posts\/207151"}],"collection":[{"href":"https:\/\/sdk.mk\/index.php\/wp-json\/wp\/v2\/posts"}],"about":[{"href":"https:\/\/sdk.mk\/index.php\/wp-json\/wp\/v2\/types\/post"}],"author":[{"embeddable":true,"href":"https:\/\/sdk.mk\/index.php\/wp-json\/wp\/v2\/users\/25"}],"replies":[{"embeddable":true,"href":"https:\/\/sdk.mk\/index.php\/wp-json\/wp\/v2\/comments?post=207151"}],"version-history":[{"count":0,"href":"https:\/\/sdk.mk\/index.php\/wp-json\/wp\/v2\/posts\/207151\/revisions"}],"wp:featuredmedia":[{"embeddable":true,"href":"https:\/\/sdk.mk\/index.php\/wp-json\/wp\/v2\/media\/203202"}],"wp:attachment":[{"href":"https:\/\/sdk.mk\/index.php\/wp-json\/wp\/v2\/media?parent=207151"}],"wp:term":[{"taxonomy":"category","embeddable":true,"href":"https:\/\/sdk.mk\/index.php\/wp-json\/wp\/v2\/categories?post=207151"},{"taxonomy":"post_tag","embeddable":true,"href":"https:\/\/sdk.mk\/index.php\/wp-json\/wp\/v2\/tags?post=207151"}],"curies":[{"name":"wp","href":"https:\/\/api.w.org\/{rel}","templated":true}]}}