{"id":207920,"date":"2023-11-13T13:58:50","date_gmt":"2023-11-13T12:58:50","guid":{"rendered":"https:\/\/sdk.mk\/?p=207920"},"modified":"2023-11-13T13:58:50","modified_gmt":"2023-11-13T12:58:50","slug":"fol-hoxhe","status":"publish","type":"post","link":"https:\/\/sdk.mk\/index.php\/dua-te-them\/fol-hoxhe\/","title":{"rendered":"FOL, HOXH\u00cb"},"content":{"rendered":"<div class=\"f52428582a4b906b2d2e2a7d733c7d27\" data-index=\"7\" style=\"float: none; margin:10px 0 10px 0; text-align:center;\">\n<!-- MSP Ads Asynchronous JS Tag - Generated with Revive Adserver v5.4.1 -->\r\n<ins data-revive-zoneid=\"167\" data-revive-id=\"060fdb01f6430ec164d3519234aa4967\"><\/ins>\r\n<script async src=\"\/\/panel.ads.com.mk\/www\/delivery\/asyncjs.php\"><\/script>\n<\/div>\n<p><span class=\"dropcap color firstcharacter\">1<\/span> Fol, hoxh\u00eb, fol. Un\u00eb prap\u00eb te ime m\u00eb do t\u00eb shkoj. \u00a0K\u00ebshtu pak a shum\u00eb zv.kryeministri Bojan Mari\u00e7iq prezantoi raportin m\u00eb t\u00eb ri t\u00eb Komisionit Evropian p\u00ebr p\u00ebrparimin e Maqedonis\u00eb n\u00eb eurointegrime. Ata kan\u00eb shkruar \u201cnuk keni p\u00ebrparim\u201d e gjyq\u00ebsin\u00eb dhe luft\u00ebn kund\u00ebr korrupsionit e keni katastrof\u00eb, nd\u00ebrsa Mari\u00e7iqi thot\u00eb mir\u00eb de, po hajde tani t\u2019i v\u00ebm\u00eb bullgar\u00ebt n\u00eb Kushtetut\u00eb.<\/p>\n<p>A thua se \u00ebsht\u00eb nga nj\u00eb planet tjet\u00ebr kur thot\u00eb: \u201cN\u00eb k\u00ebt\u00eb raport nuk ka problem q\u00eb nuk mund ta zgjidhim gjat\u00eb negociatave me BE-n\u00eb, por q\u00eb ta b\u00ebjm\u00eb k\u00ebt\u00eb duhet ta mbarojm\u00eb detyrimin me ndryshimet kushtetuese\u201d.<\/p>\n<p>Dometh\u00ebn\u00eb \u2013 vet\u00ebm detyrimi ndaj Brukselit qenka i r\u00ebnd\u00ebsish\u00ebm. Po detyrimi ndaj qytetar\u00ebve? Po detyrimi ndaj tatimpaguesve q\u00eb ua sigurojn\u00eb rrog\u00ebn dhe udh\u00ebtimet zyrtare p\u00ebr n\u00eb Bruksel? Edhe ne q\u00eb kemi mbetur t\u00eb jetojm\u00eb k\u00ebtu meritojm\u00eb q\u00eb dikush t\u00eb p\u00ebrkujdeset p\u00ebr ne. Sa nga gjith\u00eb ato pun\u00eb q\u00eb Komisioni Evropian i ka sh\u00ebnuar me \u201cnuk ka p\u00ebrparim\u201d mund t\u00eb kishin p\u00ebrfunduar n\u00eb gjasht\u00eb vjet\u00ebt e fundit edhe pa BE-n\u00eb? Apo, t\u00eb pakt\u00ebn t\u00eb kishin ndonj\u00eb p\u00ebrparim?<\/p>\n<p>Po. E ardhmja \u00ebsht\u00eb n\u00eb BE. Dhe po \u2013 pa mb\u00ebshtetjen e BE-s\u00eb nuk mund t\u00eb p\u00ebrfundohen disa investime kapitale, lidhje rajonale, harmonizim me tregun e gjer\u00eb\u2026Por t\u00eb mos vidhet \u2013 kjo po q\u00eb mund t\u00eb b\u00ebhet edhe pa BE-n\u00eb. T\u00eb respektohet ligji \u2013 kjo mund t\u00eb b\u00ebhet edhe pa BE-n\u00eb. Edhe mbeturinat mund t\u00eb pastrohen pa BE-n\u00eb. Fshesave nuk u duhen flamuj evropian\u00eb. A duhet, vall\u00eb,t\u00eb jesh an\u00ebtar i BE-s\u00eb q\u00eb t\u00eb parkohesh aty ku lejohet? Apo q\u00eb t\u00eb mund t\u00eb nxjerr\u00ebsh nga Interneti dokument nga drejtoria e librave am\u00eb. A duhet t\u00eb jesh an\u00ebtar i BE-s\u00eb q\u00eb nx\u00ebn\u00ebsit t\u00eb ken\u00eb tekste shkollore dhe d\u00ebftesa n\u00eb koh\u00eb? A duhet t\u00eb jesh an\u00ebtar i BE-s\u00eb q\u00eb t\u00eb pushosh s\u00eb shituri pa m\u00ebshir\u00eb truall t\u00eb shtetit q\u00eb t\u2019i lumturosh miqt\u00eb e biznesit e t\u2019i d\u00ebshp\u00ebrosh qytetar\u00ebt t\u00eb cil\u00ebve ua ul cil\u00ebsin\u00eb e jet\u00ebs? A duhet t\u00eb jesh an\u00ebtar i BE-s\u00eb q\u00eb t\u2019i nd\u00ebrpresh pazaret partiake dh\u0435 do ta grumbullosh administrat\u00ebn p\u00ebr t\u00eb shkat\u00ebrruar pasurin\u00eb shtet\u00ebrore? More, jemi shtet pa post\u00eb. Ndodhemi n\u00eb kryq\u00ebzimin e Ballkanit, pa dalje n\u00eb det, por jemi pa hekurudha. \u00cbsht\u00eb e gjat\u00eb lista e gjith\u00eb \u00e7ka mund t\u00eb b\u00ebhet pa u dashur t\u00eb nisin negociatat me BE-n\u00eb, dhe sinqerisht, m\u00eb dhemb kur i num\u00ebroj.<\/p>\n<p>N\u00ebse qeveria \u00ebsht\u00eb kaq e shqet\u00ebsuar p\u00ebr detyrimet ndaj Brukselit, at\u00ebher\u00eb p\u00ebrse nuk e d\u00ebgjon Brukselin q\u00eb t\u00eb mos i kaloj\u00eb n\u00ebn flamurin evropian\u00eb ndryshimet e Kodit penal me t\u00eb cilin e legalizooi mosd\u00ebnimin p\u00ebr vjedhje t\u00eb nivelit t\u00eb lart\u00eb? Sikur t\u00eb mos mjaftonte kjo, na tregojn\u00eb histori t\u00eb tipit: \u201cK\u00ebrkuam nga BE-ja t\u00eb na jap\u00eb informacione p\u00ebr K\u00ebshillin gjyq\u00ebsor\u201d. Le t\u00eb vijn\u00eb ata nga Brukseli t\u00eb na tregojn\u00eb. K\u00ebshilli gjyq\u00ebsor \u00ebsht\u00eb n\u00eb Shkup. I njohim edhe an\u00ebtar\u00ebt e K\u00ebshillit gjyq\u00ebsor dhe gjykat\u00ebsit si dhe me k\u00eb \u00ebsht\u00eb lidhur dhe cil\u00ebt biznesmen\u00eb jan\u00eb p\u00ebrzier e cil\u00ebt politikan\u00eb jan\u00eb t\u00eb lidhur me bizneset dhe gjykat\u00ebsit&#8230;T\u00eb gjith\u00eb ata jan\u00eb qytetar\u00eb t\u00eb nderuar, elit\u00eb intelektuale, xhan\u00ebm, kremi i shoq\u00ebris\u00eb. E vog\u00ebl \u00ebsht\u00eb Maqedonia, t\u00eb gjith\u00eb njihemi, nuk na duhet Brukseli q\u00eb t\u00eb na njoftoj\u00eb me nj\u00ebri-tjetrin.<\/p>\n<p><span class=\"dropcap color firstcharacter\">2<\/span> Nuk mund ta marr seriozisht eurokomisionerin p\u00ebr zgjerim Oliver Varhei kur kritikon se Maqedonia nuk ka as\u00e7far\u00eb p\u00ebrparmi n\u00eb luft\u00ebn kund\u00ebr korrupsionit, nd\u00ebrsa Hungaria e tij na e mbron si azilant politik politikanin profesionalisht m\u00eb t\u00eb lart\u00eb t\u00eb akuzuar p\u00ebr korrupsion \u2013 Nikolla Greuvskin &#8211; derisa nuk i vjet\u00ebrohen veprat. Nuk mund t\u00eb kuptoj se si Ukraina ia doli q\u00eb n\u00eb koh\u00eb lufte t\u00eb ket\u00eb p\u00ebrparim n\u00eb praktikimin e nj\u00eb shteti t\u00eb drejt\u00eb. Nuk e di se n\u00eb baz\u00eb t\u00eb cilave kritere Komisioni Evropian e ka vler\u00ebsuar Ukrain\u00ebn, Moldavin\u00eb dhe Gjeorgjin\u00eb t\u00eb cilat nuk kontrollojn\u00eb pjes\u00eb t\u00eb territotit t\u00eb tyre, e nd\u00ebrkaq e kan\u00eb kaluar kapitullin p\u00ebr marr\u00ebdh\u00ebnie t\u00eb mira fqinj\u00ebsore. Edhe p\u00ebr Bosnj\u00ebn m\u00eb vjen keq. A thua se lufta e tyre ishte m\u00eb pak tragjike se sa lufta e Ukrain\u00ebs, po edhe boshnjak\u00ebt t\u00eb meritojn\u00eb fillim t\u00eb pakusht\u00ebzuar t\u00eb negociatave? .<\/p>\n<p>Por e gjith\u00eb kjo \u00ebsht\u00eb politik\u00eb. Politika nuk \u00ebsht\u00eb fer. BE-ja nuk \u00ebsht\u00eb fer. Vet\u00ebm nga shembulli i Maqedonis\u00eb, ajo k\u00ebt\u00eb gj\u00eb e ka v\u00ebrtetuar disa her\u00eb. Nd\u00ebrsa neve na duhet BE-ja m\u00eb shum\u00eb sesa i duhemi ne BE-s\u00eb.<\/p>\n<p>Lufta n\u00eb Ukrain\u00eb e ktheu n\u00eb rend t\u00eb dit\u00ebs zgjerimin e BE-s\u00eb. Flasim p\u00ebr momentum, p\u00ebr dritare t\u00eb hapura, er\u00ebra, para, kredi t\u00eb volitshme, reformat e BE-s\u00eb, p\u00ebrfshirje graduale n\u00eb BE\u2026 Por si mund t\u00eb shfryt\u00ebzohet kjo er\u00eb me nj\u00eb pushtet t\u00eb kombinuar me paaaft\u00ebsin\u00eb, dembelizmin dhe korrupsionin e LSDM-n\u00eb e t\u00eb fuqizuar nga fryma e dhunshme, analfabetizmi dhe korruptimi\u00a0 BDI-s\u00eb, ideja e p\u00ebrbashk\u00ebt evropiane e t\u00eb cilave \u00ebsht\u00eb mentaliteti i lyp\u00ebsit: \u201cDo t\u00eb na japin para\u201d. E q\u00eb t\u00eb jet\u00eb ende m\u00eb d\u00ebshp\u00ebruese, p\u00ebr pushtet p\u00ebrgatitet VMRO-DPMNE-ja, q\u00eb vodhi gjith\u00e7ka q\u00eb mundej, e rob\u00ebroi shtetin deri n\u00eb at\u00eb mas\u00eb sa q\u00eb institucionet nuk po e marrin dot akoma veten.<\/p>\n<p>Q\u00eb tani m\u00eb vjen p\u00ebr t\u00eb vjell\u00eb kur mendoj se \u00e7far\u00eb do t\u00eb d\u00ebgjojm\u00eb n\u00eb fushatat zgjedhore. Prap\u00eb do t\u00eb flasin p\u00ebr BE-n\u00eb, Ore, a mund mos t\u00eb merremi me at\u00eb se \u00e7far\u00eb do t\u2019i ndodh\u00eb BE-s\u00eb, por t\u00eb merremi me at\u00eb q\u00eb do t\u00eb na ndodh\u00eb neve? T\u00eb shohim se \u00e7\u2019mund t\u00eb b\u00ebjm\u00eb n\u00eb sht\u00ebpi nd\u00ebrkoh\u00eb q\u00eb kemi ndihm\u00ebn dhe mb\u00ebshtetjen e BE-s\u00eb. T\u00eb mos flasim p\u00ebr Maqedonin\u00eb n\u00eb BE- n\u00eb ndonj\u00eb t\u00eb ardhme. Por t\u00eb flasim p\u00ebr nj\u00eb Maqedoni demokratike dhe me prosepritet, n\u00eb t\u00eb cil\u00ebn do t\u00eb sundoj\u00eb shteti i drejt\u00eb tani. Pastaj do t\u00eb flasim edhe p\u00ebr BE-n\u00eb. As q\u00eb do ta v\u00ebm\u00eb re kur do t\u00eb hym\u00eb, n\u00ebse p\u00ebrditshm\u00ebria jon\u00eb ndjek rregullat evropiane.<\/p>\n<p>N\u00ebse duan t\u00eb b\u00ebjn\u00eb reforma sipas standardeve evropiane, kush mundet t\u2019ua ndaloj\u00eb? Po ata nuk duan. Sepse n\u00eb nj\u00eb shtet t\u00eb atill\u00eb nuk mund t\u00eb vjedh\u00ebsh pa u d\u00ebnuar.<\/p>\n<p><span class=\"dropcap color firstcharacter\">3<\/span> Si afrohen zgjedhjet, edhe BDI-ja fillon t\u2019i nxjerr\u00eb historit\u00eb p\u00ebr Shqip\u00ebrin\u00eb e Madhe. Si nuk u m\u00ebrzit\u00ebn nga kjo? Vall\u00eb,votuesit e tyre, nuk kan\u00eb asnj\u00eb sfide tjet\u00ebr n\u00eb jet\u00eb?<br \/>\nF\u00ebmij\u00ebt q\u00eb kan\u00eb lindur n\u00eb luft\u00ebn e 2001, tashm\u00eb po mbarojn\u00eb fakultete dhe renditen n\u00eb listat e vizave t\u00eb pun\u00ebs n\u00eb Gjermani, Zvic\u00ebr, Suedi\u2026Ata q\u00eb nuk kan\u00eb studiuar tashm\u00eb jan\u00eb shp\u00ebrngulur. Kujt po ia ofron BDI-ja historin\u00eb e Shqip\u00ebris\u00eb s\u00eb Madhe? Atyre q\u00eb mbet\u00ebn k\u00ebtu dhe q\u00eb duhet t\u00eb pun\u00ebsohen n\u00eb institucione shtet\u00ebtore p\u00ebr t\u00eb qen\u00eb votuesit e tyre besnik\u00eb dhe biznesmen\u00ebve t\u00eb cil\u00ebve duhet t\u2019ua kurdisin tender\u00ebt shtet\u00ebror\u00eb.<\/p>\n<p>Ali Ahmeti dhe ekipi i tij nuk kan\u00eb se \u00e7far\u00eb t\u2019u ofrojn\u00eb votuesve, e deri n\u00eb fund do t\u2019ia nxjerrin l\u00ebngun mitit t\u00eb Shqip\u00ebris\u00eb s\u00eb Madhe Kur, emri Shqip\u00ebria e Madhe, \u00ebsht\u00eb n\u00eb fakt, em\u00ebr kod p\u00ebr t\u00eb then \u201cpla\u00e7kitje\u201d.<\/p>\n<p><span class=\"dropcap color firstcharacter\">4<\/span> N\u00eb shkollat filore n\u00ebp\u00ebr komun\u00ebn Karposh t\u00eb Shkupit jan\u00eb helmuar nga salmonela 12 f\u00ebmij\u00eb nga klasat m\u00eb t\u00eb ul\u00ebta. Mir\u00eb ama, prind\u00ebrit nuk kan\u00eb dashur t\u00eb flasin para kamer\u00ebs. Prej kujt frik\u00ebsohen? Prej kryetarit t\u00eb komun\u00ebs? Prej drejtorit t\u00eb shkoll\u00ebs? Prej shefit t\u00eb kuzhin\u00ebs?<br \/>\nPo t\u00eb kishte ndodhur kjo gj\u00eb n\u00eb shtet tjet\u00ebr, prin\u00ebdrit nuk do t\u00eb shkuleshin nga kamera. Kurse te ne, t\u00eb vjedhin, t\u00eb marrin hap\u00ebsir\u00ebn e jetes\u00ebs, t\u00eb futen n\u00eb oborre, me muaj nuk t\u00eb japing rrog\u00eb, por shuplak\u00ebn do ta ruajm\u00eb p\u00ebr m\u00eb von\u00eb. Dhe plus, n\u00ebse mundet dikush tjetr\u00eb ta marr\u00eb p\u00ebrgjegj\u00ebsin\u00eb p\u00ebr at\u00eb \u00e7far\u00eb do t\u00eb themi.<\/p>\n<p>N\u00ebse fakti q\u00eb t\u00eb \u00ebsht\u00eb helmuar f\u00ebmija nuk \u00ebsht\u00eb sfid\u00eb e mjaftueshme p\u00ebr t\u00eb t\u00eb inkurajuar p\u00ebr t\u00eb folur at\u00ebher\u00eb ka faj shteti. Qeveria, sakt\u00ebsisht ka vler\u00ebsuar se sa mundet t\u00eb t\u00eb shtrydh\u00eb.<\/p>\n<p>K\u00ebt\u00eb radh\u00eb BE-n\u00eb do ta lirojm\u00eb nga p\u00ebrgjegj\u00ebsia.<\/p>\n<p><strong><em>P\u00ebrktheu: Fjolla Zllatku <\/em><\/strong><\/p>\n<p>&nbsp;<\/p>\n\n<div style=\"font-size: 0px; height: 0px; line-height: 0px; margin: 0; padding: 0; clear: both;\"><\/div>","protected":false},"excerpt":{"rendered":"<p>Fol, hoxh\u00eb, fol. Un\u00eb prap\u00eb te ime m\u00eb do t\u00eb shkoj. \u00a0K\u00ebshtu pak a shum\u00eb zv.kryeministri Bojan Mari\u00e7iq prezantoi raportin [&hellip;]<\/p>\n","protected":false},"author":25,"featured_media":0,"comment_status":"closed","ping_status":"closed","sticky":false,"template":"","format":"standard","meta":{"_mo_disable_npp":"no","inline_featured_image":false},"categories":[1825],"tags":[],"imageURL":false,"thumbURL":false,"categoryNames":["DUA T\u00cb THEM"],"feature_caption":"","subtitle":"N\u00ebse duan t\u00eb b\u00ebjn\u00eb reforma sipas standardeve evropiane, kush mundet t\u2019ua ndaloj\u00eb?","views":"57","source":"Shkup, (SAKAMDAKAZAM.MK) ","yoast_head":"<!-- This site is optimized with the Yoast SEO Premium plugin v15.0 - https:\/\/yoast.com\/wordpress\/plugins\/seo\/ -->\n<title>FOL, HOXH\u00cb - \u0421\u0430\u043a\u0430\u043c \u0414\u0430 \u041a\u0430\u0436\u0430\u043c<\/title>\n<meta name=\"robots\" content=\"index, follow, max-snippet:-1, max-image-preview:large, max-video-preview:-1\" \/>\n<link rel=\"canonical\" href=\"https:\/\/sdk.mk\/index.php\/dua-te-them\/fol-hoxhe\/\" \/>\n<meta property=\"og:locale\" content=\"mk_MK\" \/>\n<meta property=\"og:type\" content=\"article\" \/>\n<meta property=\"og:title\" content=\"FOL, HOXH\u00cb - \u0421\u0430\u043a\u0430\u043c \u0414\u0430 \u041a\u0430\u0436\u0430\u043c\" \/>\n<meta property=\"og:description\" content=\"Fol, hoxh\u00eb, fol. Un\u00eb prap\u00eb te ime m\u00eb do t\u00eb shkoj. \u00a0K\u00ebshtu pak a shum\u00eb zv.kryeministri Bojan Mari\u00e7iq prezantoi raportin [&hellip;]\" \/>\n<meta property=\"og:url\" content=\"https:\/\/sdk.mk\/index.php\/dua-te-them\/fol-hoxhe\/\" \/>\n<meta property=\"og:site_name\" content=\"\u0421\u0430\u043a\u0430\u043c \u0414\u0430 \u041a\u0430\u0436\u0430\u043c\" \/>\n<meta property=\"article:published_time\" content=\"2023-11-13T12:58:50+00:00\" \/>\n<meta property=\"og:image\" content=\"https:\/\/sdk.mk\/wp-content\/uploads\/2015\/12\/goran-mihailovski2.jpg\" \/>\n\t<meta property=\"og:image:width\" content=\"400\" \/>\n\t<meta property=\"og:image:height\" content=\"313\" \/>\n<meta property=\"fb:app_id\" content=\"2407985809428537\" \/>\n<meta name=\"twitter:card\" content=\"summary\" \/>\n<script type=\"application\/ld+json\" class=\"yoast-schema-graph\">{\"@context\":\"https:\/\/schema.org\",\"@graph\":[{\"@type\":\"WebSite\",\"@id\":\"https:\/\/sdk.mk\/#website\",\"url\":\"https:\/\/sdk.mk\/\",\"name\":\"\\u0421\\u0430\\u043a\\u0430\\u043c \\u0414\\u0430 \\u041a\\u0430\\u0436\\u0430\\u043c\",\"description\":\"\\u0417\\u0430 \\u0441\\u043b\\u043e\\u0431\\u043e\\u0434\\u043e\\u0443\\u043c\\u043d\\u0438\",\"potentialAction\":[{\"@type\":\"SearchAction\",\"target\":\"https:\/\/sdk.mk\/?s={search_term_string}\",\"query-input\":\"required name=search_term_string\"}],\"inLanguage\":\"mk-MK\"},{\"@type\":\"WebPage\",\"@id\":\"https:\/\/sdk.mk\/index.php\/dua-te-them\/fol-hoxhe\/#webpage\",\"url\":\"https:\/\/sdk.mk\/index.php\/dua-te-them\/fol-hoxhe\/\",\"name\":\"FOL, HOXH\\u00cb - \\u0421\\u0430\\u043a\\u0430\\u043c \\u0414\\u0430 \\u041a\\u0430\\u0436\\u0430\\u043c\",\"isPartOf\":{\"@id\":\"https:\/\/sdk.mk\/#website\"},\"datePublished\":\"2023-11-13T12:58:50+00:00\",\"dateModified\":\"2023-11-13T12:58:50+00:00\",\"author\":{\"@id\":\"https:\/\/sdk.mk\/#\/schema\/person\/737021aeacbe893f7e2c347186c5c7a1\"},\"inLanguage\":\"mk-MK\",\"potentialAction\":[{\"@type\":\"ReadAction\",\"target\":[\"https:\/\/sdk.mk\/index.php\/dua-te-them\/fol-hoxhe\/\"]}]},{\"@type\":\"Person\",\"@id\":\"https:\/\/sdk.mk\/#\/schema\/person\/737021aeacbe893f7e2c347186c5c7a1\",\"name\":\"\\u0424\\u0458\\u043e\\u043b\\u0430 \\u0417\\u043b\\u0430\\u0442\\u043a\\u0443\"}]}<\/script>\n<!-- \/ Yoast SEO Premium plugin. -->","_links":{"self":[{"href":"https:\/\/sdk.mk\/index.php\/wp-json\/wp\/v2\/posts\/207920"}],"collection":[{"href":"https:\/\/sdk.mk\/index.php\/wp-json\/wp\/v2\/posts"}],"about":[{"href":"https:\/\/sdk.mk\/index.php\/wp-json\/wp\/v2\/types\/post"}],"author":[{"embeddable":true,"href":"https:\/\/sdk.mk\/index.php\/wp-json\/wp\/v2\/users\/25"}],"replies":[{"embeddable":true,"href":"https:\/\/sdk.mk\/index.php\/wp-json\/wp\/v2\/comments?post=207920"}],"version-history":[{"count":0,"href":"https:\/\/sdk.mk\/index.php\/wp-json\/wp\/v2\/posts\/207920\/revisions"}],"wp:attachment":[{"href":"https:\/\/sdk.mk\/index.php\/wp-json\/wp\/v2\/media?parent=207920"}],"wp:term":[{"taxonomy":"category","embeddable":true,"href":"https:\/\/sdk.mk\/index.php\/wp-json\/wp\/v2\/categories?post=207920"},{"taxonomy":"post_tag","embeddable":true,"href":"https:\/\/sdk.mk\/index.php\/wp-json\/wp\/v2\/tags?post=207920"}],"curies":[{"name":"wp","href":"https:\/\/api.w.org\/{rel}","templated":true}]}}