{"id":208440,"date":"2023-11-20T18:47:35","date_gmt":"2023-11-20T17:47:35","guid":{"rendered":"https:\/\/sdk.mk\/?p=208440"},"modified":"2023-11-20T18:47:35","modified_gmt":"2023-11-20T17:47:35","slug":"nish-ekspres-2","status":"publish","type":"post","link":"https:\/\/sdk.mk\/index.php\/dua-te-them\/nish-ekspres-2\/","title":{"rendered":"NISH EKSPRES"},"content":{"rendered":"<div class=\"f52428582a4b906b2d2e2a7d733c7d27\" data-index=\"7\" style=\"float: none; margin:10px 0 10px 0; text-align:center;\">\n<!-- MSP Ads Asynchronous JS Tag - Generated with Revive Adserver v5.4.1 -->\r\n<ins data-revive-zoneid=\"167\" data-revive-id=\"060fdb01f6430ec164d3519234aa4967\"><\/ins>\r\n<script async src=\"\/\/panel.ads.com.mk\/www\/delivery\/asyncjs.php\"><\/script>\n<\/div>\n<p><span class=\"dropcap color firstcharacter\">1<\/span> Hiti im i jav\u00ebs \u00ebsht\u00eb se do t\u00eb nd\u00ebrtohet hekurudha me shpejt\u00ebsi t\u00eb lart\u00eb Shkup-Nish. Kryeministri Dimitar Kova\u00e7evski dhe Ministri i Transportit, Bllagoja Bo\u00e7varski, shkuan n\u00eb Beograd p\u00ebr t\u00eb n\u00ebnshkruar nj\u00eb memorandum me Serbin\u00eb p\u00ebr t&#8217;i k\u00ebrkuar BE-s\u00eb para p\u00ebr t\u00eb nd\u00ebrtuar nj\u00eb hekurudh\u00eb. U pi goxha sasi vere, u k\u00ebnduan mori k\u00ebng\u00ebsh, synimi p\u00ebr t\u00eb udh\u00ebtuar nga Shkupi n\u00eb Nish me tren p\u00ebr dy or\u00eb n\u00eb t\u00eb ardhmen u sh\u00ebnua me dinjitet.<\/p>\n<p>Dy dit\u00eb m\u00eb par\u00eb, ura mbi lumin C\u00ebrna n\u00eb hekurudh\u00ebn p\u00ebr n\u00eb Gjevgjeli u hap dhe ne mbet\u00ebm t\u00eb shk\u00ebputur nga porti i Selanikut. Treni i vet\u00ebm p\u00ebr n\u00eb Manastir nuk nisi sepse lokomotiva u prish. Korrespondenti yn\u00eb nga Velesi paraqitet \u00e7do dit\u00eb me histori p\u00ebr aventurat e Hekurudhave t\u00eb Maqedonis\u00eb. Tani ka filluar t\u00eb k\u00ebrkoj\u00eb ekspert\u00eb q\u00eb t&#8217;i pyes se kur do ta riparojn\u00eb ur\u00ebn. Madje, m\u00eb duket se ne jemi m\u00eb t\u00eb shqet\u00ebsuar se Qeveria e Maqedonis\u00eb se e gjith\u00eb ekonomia po p\u00ebson humbje p\u00ebr shkak se lidhja e saj me portin e Selanikut \u00ebsht\u00eb nd\u00ebrprer\u00eb. Fabrikat n\u00eb Zonat teknologjike dhe zhvillimore p\u00ebr t\u00eb cilat krenohet Qeveria, vall\u00eb si do t&#8217;i importojn\u00eb l\u00ebnd\u00ebt e para, si do t&#8217;i eksportojn\u00eb produktet e gatshme?<\/p>\n<p>Le q\u00eb nuk shkojn\u00eb trenat e pasagjer\u00ebva.\u00a0 Le t\u00eb mendojm\u00eb se \u00ebsht\u00eb nj\u00eb forc\u00eb madhore q\u00eb na ka penguar t\u00eb arrijm\u00eb n\u00eb Selanik, n\u00eb Manastir, n\u00eb Ko\u00e7an, ose K\u00ebr\u00e7ov\u00eb me tren p\u00ebr nj\u00eb koh\u00eb t\u00eb gjat\u00eb. Po me transportin e mallrave si e kemi pun\u00ebn? Aksi Shkup-Selanik dhe Manastir-Selanik ka qen\u00eb nj\u00eb arterie kryesore e trafikut p\u00ebr shekuj me radh\u00eb. Treni i par\u00eb n\u00eb Stacionin Hekurudhor t\u00eb Shkupit arriti nga Selaniku n\u00eb vitin 1873. Sulltan Mehmed V Reshad mb\u00ebrriti me tren n\u00eb Manastir n\u00eb vitin 1911. Hekurudha gjithashtu p\u00ebrballoi r\u00ebnien e Perandoris\u00eb Osmane dhe dy luft\u00ebrave bot\u00ebrore dhe r\u00ebnien e Jugosllavis\u00eb, por ajo u shemb tani gjat\u00eb sundimit t\u00eb LSDM-s\u00eb dhe BDI-s\u00eb.<\/p>\n<p>A mendoni se dikush kujdeset p\u00ebr hekurudh\u00ebn p\u00ebr n\u00eb Greqi n\u00eb nj\u00eb situat\u00eb ku Qeveria \u00ebsht\u00eb n\u00eb platform\u00eb p\u00ebr trenin me shpejt\u00ebsi t\u00eb lart\u00eb p\u00ebr n\u00eb BE? Nuk ka asgj\u00eb p\u00ebr t&#8217;u shqet\u00ebsuar tani, n\u00eb nj\u00eb koh\u00eb kur 2030 \u00ebsht\u00eb prapa der\u00ebs. Mos flasim se Selaniku gjjithsesi \u00ebsht\u00eb i yni. Ve\u00e7se \u00ebsht\u00eb i paqassh\u00ebm tani. Kush ta mendoj\u00eb tani p\u00ebr ur\u00ebn hekurudhore t\u00eb C\u00ebrn\u00ebs, kur nuk \u00ebsht\u00eb mir\u00eb t&#8217;i mbetet hatri Aleksandar Vu\u00e7iqit? Nd\u00ebrsa LSDM-ja njihet p\u00ebr at\u00eb se hatrin s&#8217;e prish, dhe as pun\u00ebn se kryn.<\/p>\n<p><span class=\"dropcap color firstcharacter\">2<\/span> N\u00ebse dikush ende nuk e kupton se si korrupsioni k\u00ebrc\u00ebnon jet\u00ebn ton\u00eb, literalisht, ja ku \u00ebsht\u00eb shembulli i shitjes s\u00eb tok\u00ebs shtet\u00ebrore p\u00ebr nd\u00ebrtimin e nj\u00eb kompleksi spitalor 17-kat\u00ebsh te Spitali 8 Shtatori n\u00eb Shkup, pothuajse n\u00eb oborrin e Poliklinik\u00ebs &#8216;Bukuresht&#8217; n\u00eb nj\u00eb vend q\u00eb n\u00eb t\u00eb kaluar\u00ebn \u00ebsht\u00eb p\u00ebrdorur si heliodrom spitalor p\u00ebr emergjenca, shp\u00ebtim dhe k\u00ebrkim.<\/p>\n<p>Bllokimi i aksesit n\u00eb infrastruktur\u00ebn sh\u00ebndet\u00ebsore shtet\u00ebrore me nj\u00eb nd\u00ebrtes\u00eb private prej 400 apartamentesh dhe dyqanesh nuk do t\u00eb thot\u00eb se zogjt\u00eb t&#8217;i kan\u00eb ngr\u00ebn\u00eb mendt, por se je thell\u00ebsisht i korruptuar dhe se je i interesuar vet\u00ebm p\u00ebr \u00e7astin, p\u00ebr t\u00eb rr\u00ebmbyer sa m\u00eb shum\u00eb q\u00eb t\u00eb jet\u00eb e mundur gjat\u00eb koh\u00ebs q\u00eb je n\u00eb pushtet. Si u kujtuan q\u00eb kjo tok\u00eb shtet\u00ebrore midis nj\u00eb spitali dhe nj\u00eb poliklinike duhet t\u00eb nxirrej n\u00eb shitje? Ky rast \u00ebsht\u00eb shembulli m\u00eb i mir\u00eb i korrupsionit si i pushtetit qendror ashtu dhe ai lokal, nga kryetari i komun\u00ebs, k\u00ebshilli komunal, administrata komunale, qeveria me disa ministri deri te Qendra e Konservimit, dhe n\u00eb vazhdim\u00ebsin\u00eb e disa qeverive, nga VMRO, LSDM, BDI deri te satelit\u00ebt e tyre.<\/p>\n<p>Nj\u00eb shoq\u00ebrim i v\u00ebrtet\u00eb kriminal.<\/p>\n<p>Nuk nd\u00ebrtuam nj\u00eb Qend\u00ebr t\u00eb re Klinike. Klinka ekzistuese \u00ebsht\u00eb ngulfatur dhe nuk ka qasje nga lakmia p\u00ebr t\u00eb l\u00ebruar Vodno-n p\u00ebr t\u00eb b\u00ebr\u00eb nd\u00ebrtesat rezidanciale monstra, dhe mbeti e nj\u00ebjta rrug\u00eb ku pacient\u00ebt vdesin nd\u00ebrsa jan\u00eb ende n\u00eb ambulanca gjat\u00eb rrug\u00ebs p\u00ebr n\u00eb spital. Spitali i vjet\u00ebr i Qytetit n\u00eb qend\u00ebr t\u00eb Shkupit tashm\u00eb \u00ebsht\u00eb ngulfatur p\u00ebr shkak t\u00eb lakmis\u00eb s\u00eb KOM me tok\u00ebn q\u00eb ka n\u00eb pron\u00ebsi t\u00eb hyj\u00eb n\u00eb biznesin e nd\u00ebrtimit dhe p\u00ebr t\u00eb shitur apartamente dhe dyqane. Prift\u00ebrinjt\u00eb, si dhe ai q\u00eb i dha lejen e nd\u00ebrtimit tre nj\u00ebzetvje\u00e7ar\u00ebve, mendojn\u00eb se Zoti do t\u00eb na ndihmoj\u00eb n\u00ebse duhet t\u00eb na d\u00ebrgojn\u00eb n\u00eb emergjenc\u00eb nga nj\u00eb aksident. Kush ta mendoj tani se sa makina dhe n\u00eb cilat rrug\u00eb dhe n\u00eb cilat ura do t\u00eb dalin ata banor\u00eb.<\/p>\n<p>Hap\u00ebsira rreth &#8220;8 Shtatorit&#8221; mbeti deri diku e arritshme p\u00ebr\u00a0 shp\u00ebtim pas fatkeq\u00ebsive t\u00eb m\u00ebdha dhe aksidenteve masive, dhe ja q\u00eb tridhjet\u00eb vitet e fundit kemi pasur t\u00eb tilla, si rr\u00ebzime t\u00eb avion\u00ebve ashtu edhe aksidente t\u00eb autobus\u00ebve, p\u00ebrmbytje dhe luft\u00ebra. Do ta humbasim edhe at\u00eb hap\u00ebsir\u00eb. Pse? P\u00ebr nj\u00eb banes\u00eb? P\u00ebr dy banesa? P\u00ebr nj\u00eb dyqan? P\u00ebr t\u00eb shp\u00ebtuar koalicionin? Pse? T\u00eb gjith\u00eb humbasim aksesin n\u00eb spital. Pse? Pse duhej t\u00eb p\u00ebrfitohet maksimalisht nga momenti kur je n\u00eb pushtet?<\/p>\n<p>Harro interesin e shteti t\u00eb ruaj\u00eb t\u00eb pakt\u00ebn nj\u00eb cop\u00eb tok\u00eb q\u00eb do t\u00eb jet\u00eb e saj, q\u00eb Zoti mos e dh\u00ebnt\u00eb n\u00ebse duhet t\u00eb ngrej\u00eb \u00e7adra spitalore, ose n\u00ebse d\u00ebshiron t\u00eb zgjeroj\u00eb objektet e veta spitalore, t\u00eb nd\u00ebrtoj\u00eb nj\u00eb krah tjet\u00ebr spitalor. Megjith\u00ebse, nj\u00eb shtet an\u00ebtar i NATO-s duhet t\u00eb marr\u00eb parasysh gjithashtu sigurin\u00eb e objekteve strategjike. Harro dhe faktin q\u00eb godina e ish Spitalit Ushtarak mbrohet si monument arkitekturor. Le t\u00eb jet\u00eb ky shqet\u00ebsimi m\u00eb i vog\u00ebl, megjith\u00ebse nj\u00eb shtet normal do t\u00eb merrte parasysh edhe trash\u00ebgimin\u00eb kulturore. Por si mund t\u00eb mos ken\u00eb frik\u00eb p\u00ebr jet\u00ebn e tyre?\u00a0 Jam i bindur se atyre nuk u mungojn\u00eb parat\u00eb p\u00ebr t&#8217;u trajtuar jasht\u00eb vendit. Por \u00e7far\u00eb t\u00eb b\u00ebjm\u00eb kur nes\u00ebr mund t\u00eb p\u00ebsojn\u00eb papritmas nj\u00eb atak n\u00eb zem\u00ebr, nj\u00eb atak n\u00eb veshka, fshik\u00ebz\u00ebn e t\u00ebmthit, t\u00eb rr\u00ebzohen n\u00eb sht\u00ebpi, t\u00eb thyejn\u00eb ndonj\u00eb gj\u00eb n\u00eb rrug\u00eb, t\u00eb han\u00eb tep\u00ebr\u2026 Ku do t &#8216;i \u00e7ojn\u00eb kur t\u00eb ndjehen t\u00eb s\u00ebmur\u00eb? A do t\u00eb teleportohen jasht\u00eb vendit? A do t\u00eb trajtohen me hologram?<\/p>\n<p>Dhe ato banesa, me t\u00eb cilat qet\u00ebsojn\u00eb nd\u00ebrgjegjen e tyre se jan\u00eb p\u00ebr f\u00ebmij\u00ebt e tyre. A jan\u00eb t\u00eb vet\u00ebdijsh\u00ebm se p\u00ebr shkak t\u00eb korrupsionit t\u00eb tyre, f\u00ebmij\u00ebt e tyre do t\u00eb jetojn\u00eb gjithashtu n\u00eb nj\u00eb qytet ku nuk do t\u00eb jen\u00eb n\u00eb gjendje t\u00eb shp\u00ebtojn\u00eb prind\u00ebrit e tyre kur duhet t&#8217;i d\u00ebrgojn\u00eb n\u00eb spital?<\/p>\n<p><span class=\"dropcap color firstcharacter\">3<\/span> Por le trena, le spitalet\u2026 Zyra postare \u00ebsht\u00eb n\u00eb kaos me t\u00eb madh se hekurudhat. N\u00eb koh\u00ebt osmane, kur t\u00eb d\u00ebnuarit d\u00ebrgoheshin n\u00eb Anadoll, letrat mb\u00ebrrinin n\u00eb sht\u00ebpi. N\u00eb Maqedoni, me nj\u00eb skrining t\u00eb suksessh\u00ebm t\u00eb klaster\u00ebve t\u00eb BE-s\u00eb, as letrat nuk arrijn\u00eb p\u00ebr shkak t\u00eb korrupsionit.<\/p>\n<p>Dhe ambasadori i BE-s\u00eb David Gere tha vet\u00ebm jav\u00ebn e kaluar tre her\u00eb se nd\u00ebrtesa e djegur e Post\u00ebs n\u00eb qend\u00ebr t\u00eb Shkupit \u00ebsht\u00eb nj\u00eb monument kulture i mbrojtur, i vendosur n\u00eb list\u00ebn evropiane t\u00eb monumenteve t\u00eb rrezikuara dhe na k\u00ebrkon ta rinovojm\u00eb at\u00eb. Madje edhe UNESCO na \u00ebsht\u00eb p\u00ebrgj\u00ebruar p\u00ebr kaq vite q\u00eb ta shp\u00ebtojm\u00eb Ohrin me gjith\u00eb liqenin, por korrupsioni nuk na lejon.<\/p>\n<p>Habitem me k\u00ebmb\u00ebnguljen e ambasadorit europian. Kush t\u00eb mendon, n\u00eb k\u00ebt\u00eb Euro-moment historik, p\u00ebr nj\u00eb nd\u00ebrtes\u00eb zyre postare kur autoritetet qendrore dhe lokale jan\u00eb shum\u00eb t\u00eb z\u00ebna. Ngarkojn\u00eb sikur nuk do t\u00eb ket\u00eb t\u00eb nes\u00ebrme.<\/p>\n<p>&nbsp;<\/p>\n<p><em>P\u00ebrktheu: Fjolla Zllatku<\/em><\/p>\n\n<div style=\"font-size: 0px; height: 0px; line-height: 0px; margin: 0; padding: 0; clear: both;\"><\/div>","protected":false},"excerpt":{"rendered":"<p>Hiti im i jav\u00ebs \u00ebsht\u00eb se do t\u00eb nd\u00ebrtohet hekurudha me shpejt\u00ebsi t\u00eb lart\u00eb Shkup-Nish. Kryeministri Dimitar Kova\u00e7evski dhe Ministri [&hellip;]<\/p>\n","protected":false},"author":25,"featured_media":0,"comment_status":"closed","ping_status":"closed","sticky":false,"template":"","format":"standard","meta":{"_mo_disable_npp":"no","inline_featured_image":false},"categories":[1825],"tags":[],"imageURL":false,"thumbURL":false,"categoryNames":["DUA T\u00cb THEM"],"feature_caption":"","subtitle":"As hatrin s\u2019e prish, as pun\u00ebn s\u2019e b\u00ebn.","views":"46","source":"Shkup, (SAKAMDAKAZAM.MK)","yoast_head":"<!-- This site is optimized with the Yoast SEO Premium plugin v15.0 - https:\/\/yoast.com\/wordpress\/plugins\/seo\/ -->\n<title>NISH EKSPRES - \u0421\u0430\u043a\u0430\u043c \u0414\u0430 \u041a\u0430\u0436\u0430\u043c<\/title>\n<meta name=\"robots\" content=\"index, follow, max-snippet:-1, max-image-preview:large, max-video-preview:-1\" \/>\n<link rel=\"canonical\" href=\"https:\/\/sdk.mk\/index.php\/dua-te-them\/nish-ekspres-2\/\" \/>\n<meta property=\"og:locale\" content=\"mk_MK\" \/>\n<meta property=\"og:type\" content=\"article\" \/>\n<meta property=\"og:title\" content=\"NISH EKSPRES - \u0421\u0430\u043a\u0430\u043c \u0414\u0430 \u041a\u0430\u0436\u0430\u043c\" \/>\n<meta property=\"og:description\" content=\"Hiti im i jav\u00ebs \u00ebsht\u00eb se do t\u00eb nd\u00ebrtohet hekurudha me shpejt\u00ebsi t\u00eb lart\u00eb Shkup-Nish. Kryeministri Dimitar Kova\u00e7evski dhe Ministri [&hellip;]\" \/>\n<meta property=\"og:url\" content=\"https:\/\/sdk.mk\/index.php\/dua-te-them\/nish-ekspres-2\/\" \/>\n<meta property=\"og:site_name\" content=\"\u0421\u0430\u043a\u0430\u043c \u0414\u0430 \u041a\u0430\u0436\u0430\u043c\" \/>\n<meta property=\"article:published_time\" content=\"2023-11-20T17:47:35+00:00\" \/>\n<meta property=\"og:image\" content=\"https:\/\/sdk.mk\/wp-content\/uploads\/2015\/12\/goran-mihailovski2.jpg\" \/>\n\t<meta property=\"og:image:width\" content=\"400\" \/>\n\t<meta property=\"og:image:height\" content=\"313\" \/>\n<meta property=\"fb:app_id\" content=\"2407985809428537\" \/>\n<meta name=\"twitter:card\" content=\"summary\" \/>\n<script type=\"application\/ld+json\" class=\"yoast-schema-graph\">{\"@context\":\"https:\/\/schema.org\",\"@graph\":[{\"@type\":\"WebSite\",\"@id\":\"https:\/\/sdk.mk\/#website\",\"url\":\"https:\/\/sdk.mk\/\",\"name\":\"\\u0421\\u0430\\u043a\\u0430\\u043c \\u0414\\u0430 \\u041a\\u0430\\u0436\\u0430\\u043c\",\"description\":\"\\u0417\\u0430 \\u0441\\u043b\\u043e\\u0431\\u043e\\u0434\\u043e\\u0443\\u043c\\u043d\\u0438\",\"potentialAction\":[{\"@type\":\"SearchAction\",\"target\":\"https:\/\/sdk.mk\/?s={search_term_string}\",\"query-input\":\"required name=search_term_string\"}],\"inLanguage\":\"mk-MK\"},{\"@type\":\"WebPage\",\"@id\":\"https:\/\/sdk.mk\/index.php\/dua-te-them\/nish-ekspres-2\/#webpage\",\"url\":\"https:\/\/sdk.mk\/index.php\/dua-te-them\/nish-ekspres-2\/\",\"name\":\"NISH EKSPRES - \\u0421\\u0430\\u043a\\u0430\\u043c \\u0414\\u0430 \\u041a\\u0430\\u0436\\u0430\\u043c\",\"isPartOf\":{\"@id\":\"https:\/\/sdk.mk\/#website\"},\"datePublished\":\"2023-11-20T17:47:35+00:00\",\"dateModified\":\"2023-11-20T17:47:35+00:00\",\"author\":{\"@id\":\"https:\/\/sdk.mk\/#\/schema\/person\/737021aeacbe893f7e2c347186c5c7a1\"},\"inLanguage\":\"mk-MK\",\"potentialAction\":[{\"@type\":\"ReadAction\",\"target\":[\"https:\/\/sdk.mk\/index.php\/dua-te-them\/nish-ekspres-2\/\"]}]},{\"@type\":\"Person\",\"@id\":\"https:\/\/sdk.mk\/#\/schema\/person\/737021aeacbe893f7e2c347186c5c7a1\",\"name\":\"\\u0424\\u0458\\u043e\\u043b\\u0430 \\u0417\\u043b\\u0430\\u0442\\u043a\\u0443\"}]}<\/script>\n<!-- \/ Yoast SEO Premium plugin. -->","_links":{"self":[{"href":"https:\/\/sdk.mk\/index.php\/wp-json\/wp\/v2\/posts\/208440"}],"collection":[{"href":"https:\/\/sdk.mk\/index.php\/wp-json\/wp\/v2\/posts"}],"about":[{"href":"https:\/\/sdk.mk\/index.php\/wp-json\/wp\/v2\/types\/post"}],"author":[{"embeddable":true,"href":"https:\/\/sdk.mk\/index.php\/wp-json\/wp\/v2\/users\/25"}],"replies":[{"embeddable":true,"href":"https:\/\/sdk.mk\/index.php\/wp-json\/wp\/v2\/comments?post=208440"}],"version-history":[{"count":0,"href":"https:\/\/sdk.mk\/index.php\/wp-json\/wp\/v2\/posts\/208440\/revisions"}],"wp:attachment":[{"href":"https:\/\/sdk.mk\/index.php\/wp-json\/wp\/v2\/media?parent=208440"}],"wp:term":[{"taxonomy":"category","embeddable":true,"href":"https:\/\/sdk.mk\/index.php\/wp-json\/wp\/v2\/categories?post=208440"},{"taxonomy":"post_tag","embeddable":true,"href":"https:\/\/sdk.mk\/index.php\/wp-json\/wp\/v2\/tags?post=208440"}],"curies":[{"name":"wp","href":"https:\/\/api.w.org\/{rel}","templated":true}]}}