{"id":208914,"date":"2023-11-27T12:03:55","date_gmt":"2023-11-27T11:03:55","guid":{"rendered":"https:\/\/sdk.mk\/?p=208914"},"modified":"2023-11-27T12:03:55","modified_gmt":"2023-11-27T11:03:55","slug":"te-perzene-nga-shtepia","status":"publish","type":"post","link":"https:\/\/sdk.mk\/index.php\/dua-te-them\/te-perzene-nga-shtepia\/","title":{"rendered":"T\u00cb P\u00cbRZ\u00cbN\u00cb NGA SHT\u00cbPIA"},"content":{"rendered":"<div class=\"f52428582a4b906b2d2e2a7d733c7d27\" data-index=\"7\" style=\"float: none; margin:10px 0 10px 0; text-align:center;\">\n<!-- MSP Ads Asynchronous JS Tag - Generated with Revive Adserver v5.4.1 -->\r\n<ins data-revive-zoneid=\"167\" data-revive-id=\"060fdb01f6430ec164d3519234aa4967\"><\/ins>\r\n<script async src=\"\/\/panel.ads.com.mk\/www\/delivery\/asyncjs.php\"><\/script>\n<\/div>\n<p><span class=\"dropcap color firstcharacter\">1 <\/span>Me rastisi q\u00eb t\u00eb takohem me maqedonas jasht\u00eb shtetit q\u00eb n\u00eb dekad\u00ebn e fundit kishin ikur nga shteti i tyre. B\u00ebhet fjal\u00eb p\u00ebr njer\u00ebz p\u00ebr t\u00eb cil\u00ebt e di se n\u00eb Maqedoni kan\u00eb pasur nj\u00eb karrier\u00eb super t\u00eb suksesshme, e megjithat\u00eb jan\u00eb larguar. B\u00ebnim muhabet: Si \u00ebsht\u00eb k\u00ebtu? Si ia keni dal\u00eb deri m\u00eb tani? Si \u00ebsht\u00eb familja juaj, po f\u00ebmij\u00ebt e ju m\u00ebsojn\u00eb, si i keni prind\u00ebrit, miqt\u00eb, e mbani lidhje me miqt\u00eb\u2026E si p\u00ebrfundim i k\u00ebsaj bisede t\u00eb thjesht\u00eb p\u00ebr gj\u00ebra t\u00eb p\u00ebrditshm\u00ebris\u00eb, dikush e thot\u00eb fjalin\u00eb: N\u00eb fakt, shteti m\u00eb p\u00ebrzuri.<br \/>\nSa fjali e thjesht\u00eb dhe e sakt\u00eb \u2013 Shteti m\u00eb p\u00ebrzuri.<\/p>\n<p>Mendoj se nuk jemi t\u00eb vet\u00ebdijsh\u00ebm p\u00ebr pesh\u00ebn e humbjes p\u00ebr t\u00eb gjith\u00eb ne q\u00eb kemi mbetur t\u00eb jetojm\u00eb n\u00eb Maqedoni kur bashk\u00ebqytetar\u00ebt tan\u00eb n\u00eb vitet e tyre m\u00eb t\u00eb pjekura t\u00eb jet\u00ebs, at\u00ebher\u00eb kur mund t\u2019i ofrojn\u00eb m\u00eb s\u00eb humti shoq\u00ebris\u00eb, vendosin t\u00eb largohen dhe t\u00eb japin kontribut tek zhvillimi i disa shteteve t\u00eb huaja. Shp\u00ebrngulen me gjith\u00eb familjet e tyre, vazhdojn\u00eb me arsimimin e tyre, me studimet, fillojn\u00eb jet\u00ebn e tyre nga e para. Po ju flas p\u00ebr njer\u00ebz t\u00eb cil\u00ebt n\u00eb Maqedoni tashm\u00eb kan\u00eb pasur nj\u00eb karrier\u00eb p\u00ebr t\u2019u lakmuar dhe kan\u00eb l\u00ebn\u00eb gjurm\u00eb n\u00eb profesionet e tyre. Kan\u00eb pasur pun\u00eb t\u00eb mire, banesa, nj\u00eb rreth t\u00eb madh t\u00eb miqve, arg\u00ebtim, kafene, pushime, fundjava, status tshoq\u00ebror\u2026Thua me vete &#8211; asgj\u00eb s\u2019u ka munguar.<\/p>\n<p>Por u ka munguar drejt\u00ebsia. Nuk kan\u00eb qen\u00eb t\u00eb gash\u00ebm t\u00eb b\u00ebjn\u00eb kompromis me parimet e tyre. Kan\u00eb kuptuar situat\u00ebn dhe n\u00eb nj\u00eb moment t\u00eb jet\u00ebs kan\u00eb marr\u00eb vendimin p\u00ebr t\u2019ia nisur nga e para. Kur me padrejt\u00ebsi t\u00eb marrin paqen, i thua vetes se \u00ebsht\u00eb m\u00eb mire t\u00eb humas\u00ebsh disa muaj apo vite t\u00eb jet\u00ebs, sesa t\u00eb gjitha vitet e mbetura t\u00eb saj. Gjith\u00e7ka mund t\u00eb t\u00eb marrin, por mendjen, jo. Edhe po t\u00eb ta marrin nj\u00eb laps, ti do t\u00eb gdhend\u00ebsh t\u00eb ri.<\/p>\n<p><span class=\"dropcap color firstcharacter\">2 <\/span>\u00cbsht\u00eb e njohur th\u00ebnia popullore: Erdh\u00ebn budallenjt\u00eb, i p\u00ebrzun\u00eb t\u00eb men\u00e7urit. Por kjo th\u00ebnie nuk \u00ebsht\u00eb tamam e q\u00eblluar p\u00ebr k\u00ebt\u00eb koh\u00eb. Sepse ata q\u00eb i p\u00ebrz\u00ebn\u00eb t\u00eb men\u00e7urit nga Maqedonia nuk jan\u00eb fare budallenj. M\u00eb par\u00eb do t\u00eb kisha th\u00ebn\u00eb se jan\u00eb dhunues.<\/p>\n<p>Erdh\u00ebn dhunuesit, i p\u00ebrzun\u00eb paq\u00ebsor\u00ebt.<\/p>\n<p>Erdh\u00ebn t\u00eb pandershmit, i p\u00ebrzun\u00eb t\u00eb ndershmit.<\/p>\n<p>Erdh\u00ebn t\u00eb paaft\u00ebt, i p\u00ebrzun\u00eb t\u00eb aft\u00ebt.<\/p>\n<p>Erdh\u00ebn qaraman\u00ebt, i p\u00ebrzun\u00eb njer\u00ebzit me integritet.<\/p>\n<p>Jopun\u00ebtor\u00ebt p\u00ebrparojn\u00eb, pun\u00ebtor\u00ebt mbesin mbrapa.<\/p>\n<p>T\u00eb korruptuarit k\u00ebnaqen, t\u00eb ndershmit vuajn\u00eb.<\/p>\n<p>Ata q\u00eb nuk paguajn\u00eb shp\u00ebrblehen, ata q\u00eb paguajn\u00eb d\u00ebnohen.<\/p>\n<p>Mediokr\u00ebt mahniten n\u00eb glamurin e hajdut\u00ebve dhe i ngren\u00eb dhunuesit dhe \u201cveprat e tyre t\u00eb guximshme\u201d.<\/p>\n<p>Konsiderohen t\u00eb men\u00e7ur ata q\u00eb arrit\u00ebn t\u2019i shkat\u00ebrrojn\u00eb institucionet.<\/p>\n<p>\u00cbsht\u00eb shkat\u00ebrruar rendi shtet\u00ebror.<\/p>\n<p>Rendin na e krijojn\u00eb ata q\u00eb e rr\u00ebnojn\u00eb.<\/p>\n<p><span class=\"dropcap color firstcharacter\">3<\/span> M\u00eb pik\u00ebllon fakti se ky shtet i ka p\u00ebrz\u00ebn\u00eb njer\u00ebzit me t\u00eb cil\u00ebt mund t\u00eb krenohej,\u00a0 ata q\u00eb mund ta ndihmonin t\u00eb b\u00ebhet shtet normal. Kur ata t\u00eb arrijn\u00eb ndonj\u00eb sukses bot\u00ebror, k\u00ebta k\u00ebtu, q\u00eb jan\u00eb fajtor\u00eb p\u00ebr ikjen e tyre, do t\u00eb krenohen \u2013 hej, tan\u00ebt jan\u00eb ata. Pse nuk kthehen at\u00ebher\u00eb?<br \/>\nSe shum\u00eb shpejt do t\u2019i shkelin ngaq\u00eb sukssesi i tyre u pengon t\u00eb paaft\u00ebve.<br \/>\nP\u00ebr m\u00eb shum\u00eb se 32 vjet shkruaj p\u00ebr k\u00ebto padrejt\u00ebsi. E n\u00eb k\u00ebt\u00eb mosh\u00eb profesionale shpesh her\u00eb pyes veten: A gabuam q\u00eb mbet\u00ebm? Apo po gabojm\u00eb q\u00eb nuk k\u00ebrkojm\u00eb rrug\u00ebdalje p\u00ebr f\u00ebmij\u00ebt, q\u00eb t\u00eb marrin rrug\u00ebn me koh\u00eb?<\/p>\n<p>&nbsp;<\/p>\n<p><strong><em>P\u00ebrktheu: Fjolla Zllatku <\/em><\/strong><\/p>\n\n<div style=\"font-size: 0px; height: 0px; line-height: 0px; margin: 0; padding: 0; clear: both;\"><\/div>","protected":false},"excerpt":{"rendered":"<p>Me rastisi q\u00eb t\u00eb takohem me maqedonas jasht\u00eb shtetit q\u00eb n\u00eb dekad\u00ebn e fundit kishin ikur nga shteti i tyre. [&hellip;]<\/p>\n","protected":false},"author":25,"featured_media":0,"comment_status":"closed","ping_status":"closed","sticky":false,"template":"","format":"standard","meta":{"_mo_disable_npp":"no","inline_featured_image":false},"categories":[1825],"tags":[],"imageURL":false,"thumbURL":false,"categoryNames":["DUA T\u00cb THEM"],"feature_caption":"","subtitle":"A gabuam q\u00eb mbet\u00ebm? Apo po gabojm\u00eb q\u00eb nuk k\u00ebrkojm\u00eb rrug\u00ebdalje p\u00ebr f\u00ebmij\u00ebt, q\u00eb t\u00eb marrin rrug\u00ebn me koh\u00eb? ","views":"84","source":"Shkup, (SAKAMDAKAZAM.MK) ","yoast_head":"<!-- This site is optimized with the Yoast SEO Premium plugin v15.0 - https:\/\/yoast.com\/wordpress\/plugins\/seo\/ -->\n<title>T\u00cb P\u00cbRZ\u00cbN\u00cb NGA SHT\u00cbPIA - \u0421\u0430\u043a\u0430\u043c \u0414\u0430 \u041a\u0430\u0436\u0430\u043c<\/title>\n<meta name=\"robots\" content=\"index, follow, max-snippet:-1, max-image-preview:large, max-video-preview:-1\" \/>\n<link rel=\"canonical\" href=\"https:\/\/sdk.mk\/index.php\/dua-te-them\/te-perzene-nga-shtepia\/\" \/>\n<meta property=\"og:locale\" content=\"mk_MK\" \/>\n<meta property=\"og:type\" content=\"article\" \/>\n<meta property=\"og:title\" content=\"T\u00cb P\u00cbRZ\u00cbN\u00cb NGA SHT\u00cbPIA - \u0421\u0430\u043a\u0430\u043c \u0414\u0430 \u041a\u0430\u0436\u0430\u043c\" \/>\n<meta property=\"og:description\" content=\"Me rastisi q\u00eb t\u00eb takohem me maqedonas jasht\u00eb shtetit q\u00eb n\u00eb dekad\u00ebn e fundit kishin ikur nga shteti i tyre. [&hellip;]\" \/>\n<meta property=\"og:url\" content=\"https:\/\/sdk.mk\/index.php\/dua-te-them\/te-perzene-nga-shtepia\/\" \/>\n<meta property=\"og:site_name\" content=\"\u0421\u0430\u043a\u0430\u043c \u0414\u0430 \u041a\u0430\u0436\u0430\u043c\" \/>\n<meta property=\"article:published_time\" content=\"2023-11-27T11:03:55+00:00\" \/>\n<meta property=\"og:image\" content=\"https:\/\/sdk.mk\/wp-content\/uploads\/2015\/12\/goran-mihailovski2.jpg\" \/>\n\t<meta property=\"og:image:width\" content=\"400\" \/>\n\t<meta property=\"og:image:height\" content=\"313\" \/>\n<meta property=\"fb:app_id\" content=\"2407985809428537\" \/>\n<meta name=\"twitter:card\" content=\"summary\" \/>\n<script type=\"application\/ld+json\" class=\"yoast-schema-graph\">{\"@context\":\"https:\/\/schema.org\",\"@graph\":[{\"@type\":\"WebSite\",\"@id\":\"https:\/\/sdk.mk\/#website\",\"url\":\"https:\/\/sdk.mk\/\",\"name\":\"\\u0421\\u0430\\u043a\\u0430\\u043c \\u0414\\u0430 \\u041a\\u0430\\u0436\\u0430\\u043c\",\"description\":\"\\u0417\\u0430 \\u0441\\u043b\\u043e\\u0431\\u043e\\u0434\\u043e\\u0443\\u043c\\u043d\\u0438\",\"potentialAction\":[{\"@type\":\"SearchAction\",\"target\":\"https:\/\/sdk.mk\/?s={search_term_string}\",\"query-input\":\"required name=search_term_string\"}],\"inLanguage\":\"mk-MK\"},{\"@type\":\"WebPage\",\"@id\":\"https:\/\/sdk.mk\/index.php\/dua-te-them\/te-perzene-nga-shtepia\/#webpage\",\"url\":\"https:\/\/sdk.mk\/index.php\/dua-te-them\/te-perzene-nga-shtepia\/\",\"name\":\"T\\u00cb P\\u00cbRZ\\u00cbN\\u00cb NGA SHT\\u00cbPIA - \\u0421\\u0430\\u043a\\u0430\\u043c \\u0414\\u0430 \\u041a\\u0430\\u0436\\u0430\\u043c\",\"isPartOf\":{\"@id\":\"https:\/\/sdk.mk\/#website\"},\"datePublished\":\"2023-11-27T11:03:55+00:00\",\"dateModified\":\"2023-11-27T11:03:55+00:00\",\"author\":{\"@id\":\"https:\/\/sdk.mk\/#\/schema\/person\/737021aeacbe893f7e2c347186c5c7a1\"},\"inLanguage\":\"mk-MK\",\"potentialAction\":[{\"@type\":\"ReadAction\",\"target\":[\"https:\/\/sdk.mk\/index.php\/dua-te-them\/te-perzene-nga-shtepia\/\"]}]},{\"@type\":\"Person\",\"@id\":\"https:\/\/sdk.mk\/#\/schema\/person\/737021aeacbe893f7e2c347186c5c7a1\",\"name\":\"\\u0424\\u0458\\u043e\\u043b\\u0430 \\u0417\\u043b\\u0430\\u0442\\u043a\\u0443\"}]}<\/script>\n<!-- \/ Yoast SEO Premium plugin. -->","_links":{"self":[{"href":"https:\/\/sdk.mk\/index.php\/wp-json\/wp\/v2\/posts\/208914"}],"collection":[{"href":"https:\/\/sdk.mk\/index.php\/wp-json\/wp\/v2\/posts"}],"about":[{"href":"https:\/\/sdk.mk\/index.php\/wp-json\/wp\/v2\/types\/post"}],"author":[{"embeddable":true,"href":"https:\/\/sdk.mk\/index.php\/wp-json\/wp\/v2\/users\/25"}],"replies":[{"embeddable":true,"href":"https:\/\/sdk.mk\/index.php\/wp-json\/wp\/v2\/comments?post=208914"}],"version-history":[{"count":0,"href":"https:\/\/sdk.mk\/index.php\/wp-json\/wp\/v2\/posts\/208914\/revisions"}],"wp:attachment":[{"href":"https:\/\/sdk.mk\/index.php\/wp-json\/wp\/v2\/media?parent=208914"}],"wp:term":[{"taxonomy":"category","embeddable":true,"href":"https:\/\/sdk.mk\/index.php\/wp-json\/wp\/v2\/categories?post=208914"},{"taxonomy":"post_tag","embeddable":true,"href":"https:\/\/sdk.mk\/index.php\/wp-json\/wp\/v2\/tags?post=208914"}],"curies":[{"name":"wp","href":"https:\/\/api.w.org\/{rel}","templated":true}]}}