{"id":210477,"date":"2023-12-18T13:08:40","date_gmt":"2023-12-18T12:08:40","guid":{"rendered":"https:\/\/sdk.mk\/?p=210477"},"modified":"2023-12-18T13:08:40","modified_gmt":"2023-12-18T12:08:40","slug":"kafja-e-orbanit","status":"publish","type":"post","link":"https:\/\/sdk.mk\/index.php\/dua-te-them\/kafja-e-orbanit\/","title":{"rendered":"KAFJA E ORBANIT"},"content":{"rendered":"<div class=\"f52428582a4b906b2d2e2a7d733c7d27\" data-index=\"7\" style=\"float: none; margin:10px 0 10px 0; text-align:center;\">\n<!-- MSP Ads Asynchronous JS Tag - Generated with Revive Adserver v5.4.1 -->\r\n<ins data-revive-zoneid=\"167\" data-revive-id=\"060fdb01f6430ec164d3519234aa4967\"><\/ins>\r\n<script async src=\"\/\/panel.ads.com.mk\/www\/delivery\/asyncjs.php\"><\/script>\n<\/div>\n<p><span class=\"dropcap color firstcharacter\">1<\/span> Dometh\u00ebn\u00eb, Ukraina q\u00eb \u00ebsht\u00eb n\u00eb luft\u00eb me Rusin\u00eb dhe Moldova q\u00eb nuk ka kontroll mbi gjith\u00eb territorin mund t\u00eb filloj\u00eb negociata pa kushte me BE-n\u00eb por Maqedonia pa bullgar\u00ebt n\u00eb Kushtetut\u00eb nuk mundet. Jo se i kam inat ukrainasit dhe moldavian\u00ebt. N\u00eb fund t\u00eb fundit, mire e kemi ne k\u00ebshtu, me negociata t\u00eb bllokuara, vet\u00ebm luft\u00eb le t\u00eb mos ket\u00eb.<br \/>\nAma, sa mesazh t\u00eb bukur q\u00eb d\u00ebrgoi Bashkimi Evropian deri te publiku maqedonas: Kur ju shtynim t\u00eb nd\u00ebrroni emrin, ju g\u00ebnjyem se do t\u2019i fillonit negociatat. Por nuk kemi ne faj q\u00eb na besuat. E, kemi edhe m\u00eb pak faj se keni nj\u00eb qeveri q\u00eb n\u00eb m\u00ebnyr\u00ebn m\u00eb t\u00eb p\u00ebrbuzur pranoi q\u00eb kusht p\u00ebr fillimin e negociatave t\u00eb jet\u00eb di\u00e7ka p\u00ebr t\u00eb cil\u00ebn nuk ishte e sigurt\u00eb se do t\u00eb p\u00ebrmbushet \u2013 edhe nj\u00eb ndryshim tjet\u00ebr t\u00eb Kushtetut\u00ebs. Tani p\u00ebr m\u00eb tep\u00ebr na thon\u00eb: Vet\u00eb e vendos\u00ebt kushtin. Korniz\u00eb m\u00eb t\u00eb mir\u00eb negociuese se kjo nuk do t\u00eb keni. Qeveria juaj e n\u00ebnshkroi.<\/p>\n<p>Dhe k\u00ebshtu. Dometh\u00ebn\u00eb, mund t\u00eb votoht nj\u00eb vendim nj\u00ebz\u00ebri edhe kur ndonj\u00eb shtet k\u00ebrc\u00ebnohet me veto. Ja, k\u00ebt\u00eb her\u00eb n\u00eb Bruksel Sholci ka mundur t\u2019i thot\u00eb Orbanit, hajde tash ti dil t\u00eb pish kafe, p\u00ebr 26 shtete, do t\u00eb votojm\u00eb nj\u00ebz\u00ebri p\u00ebr negociata me Ukrain\u00ebn. Vet\u00eb shpejtuan t\u00eb mashtrohen me p\u00ebrbuzje. Obobo, se mos na hidh\u00ebrohen bullgar\u00ebt. Obobo, se mos e ofendojm\u00eb Makronin. Nd\u00ebrsa, n\u00eb sht\u00ebpi na u hidh\u00ebruan, shum\u00eb u b\u00ebhet von\u00eb atyre.<\/p>\n<p>T\u00eb gjith\u00eb q\u00eb u than\u00eb q\u00eb nga dita e par\u00eb se propozimi francez \u00ebsht\u00eb thjesht i pazbatuesh\u00ebm, u etiketuan si antievropian\u00eb.<\/p>\n<p>As BE-ja nuk \u00ebsht\u00eb fajtore q\u00eb kemi qeveri q\u00eb kapet p\u00ebr at\u00eb q\u00eb mendon se do t\u00eb jet\u00eb puna m\u00eb e leht\u00eb\u00a0 -do t\u00eb flasim p\u00ebr BE-n\u00eb, do t\u00eb premtojm\u00eb t\u00eb ardhme n\u00eb BE, do t\u00eb tregojm\u00eb histori n\u00ebp\u00ebr tubime, do t\u00eb fotografohemi n\u00eb Bruksel, do t\u00eb blejm\u00eb deputet\u00eb, do t\u00eb shantazhojm\u00eb kund\u00ebrshtar\u00ebt, nd\u00ebrsa p\u00ebr pun\u00ebn m\u00eb t\u00eb v\u00ebshtir\u00eb as q\u00eb ka menduar t\u00eb kapet. P\u00ebr shembull, t\u00eb luftoj\u00eb kund\u00ebr korrupsionit. Jo vet\u00ebm q\u00eb nuk u kap p\u00ebr k\u00ebt\u00eb gj\u00eb. Por edhe dalldisi me vjedhje.<\/p>\n<p>Qeveria lunate vet\u00ebm n\u00eb kart\u00ebn e BE-s\u00eb dhe futjen e bullgar\u00ebve n\u00eb Kushtetut\u00eb. E tani? \u00c7far\u00eb b\u00ebjm\u00eb? Shtat\u00eb vjet kaluan dhe akoma nuk jan\u00eb vet\u00ebdij\u00ebsuar se e kan\u00eb humbur shansin q\u00eb ua kemi dh\u00ebn\u00eb p\u00ebr t\u00eb krijuar nj\u00eb shtet normal. Nd\u00ebrkoh\u00eb q\u00eb flisnin p\u00ebr vlera evropiane mendonin vet\u00ebm p\u00ebr parat\u00eb evropiane dhe llogaritnin provizionet. Dhe hajde tani, do t\u00eb k\u00ebrkojm\u00eb armiq. Fuqi t\u00eb err\u00ebta.<\/p>\n<p>U dham\u00eb shtat\u00eb vjet nga jet\u00ebt tona q\u00eb t\u00eb b\u00ebj\u00eb shtet t\u00eb hajrit, qeveria na solli n\u00eb derexhe q\u00eb e ardhmja e shtetit ton\u00eb t\u00eb varet nga ndonj\u00eb ndryshim i Kushtetut\u00ebs lidhur me ndonj\u00eb t\u00eb ardhme t\u00eb imagjinuar n\u00eb BE.<\/p>\n<p>Kurse fakti q\u00eb n\u00eb Bruksel nga viti 2005 na tregojn\u00eb gj\u00ebegj\u00ebza se a do t\u00eb na pranojn\u00eb n\u00eb BE varet vet\u00ebm prej nesh, le t\u2019ua tregojn\u00eb k\u00ebto gj\u00ebra kanddateve m\u00eb t\u00eb reja t\u00eb BE-s\u00eb, derisa i mban akoma entuziazmi. Se a do t\u00eb na pranojn\u00eb n\u00eb BE nuk varet prej nesh. Varet prej 27 shteteve me 27 intersa. P\u00ebr fat Brintania e madhe doli nga BE-ja, p\u00ebrndryshe do t\u00eb ishin 28. Por se a do t\u00eb b\u00ebjm\u00eb shtet normal kjo varet prej nesh. Shtet ku vler\u00ebsohet ndershm\u00ebria, aft\u00ebsia, shtet q\u00eb jep mund\u00ebsi t\u00eb barabarta p\u00ebr secilin, pa dallim etnik, partie, jopartie, p\u00ebrkat\u00ebsie dhe shtet q\u00eb n\u00eb m\u00ebnyr\u00eb joselektive d\u00ebnon p\u00ebr krim dhe korrupsion. Vet\u00ebm kjo gj\u00eb t\u00eb duhet.<\/p>\n<p>BE-ja e mbaroi pun\u00ebn me kafen e Orbanit. Qeveria jon\u00eb n\u00eb sht\u00ebpi nuk e mbaroi pun\u00ebn.<\/p>\n<p><span style=\"font-size: 10.5pt;font-family: 'Arial','sans-serif';color: #333333\"><span class=\"dropcap color firstcharacter\">\u00a02<\/span> Sinqerisht, pas 30 vjet\u00ebve \u00ebnd\u00ebrrimi p\u00ebr BE-n\u00eb, shkrimi p\u00ebr BE-n\u00eb dhe zhg\u00ebnjimi nga BE-ja, mua BE-ja nuk m\u00eb shqet\u00ebson m\u00eb. Shqet\u00ebsimi im kryesor \u00ebsht\u00eb se si politikan\u00ebt nuk i marrin seriozisht qytetar\u00ebt. Cila do t\u00eb jet\u00eb tema e zgjedhjeve n\u00eb pranver\u00eb? Fronti evropian kund\u00ebr frontit rus? Nj\u00ebra pal\u00eb do t\u00eb flasim p\u00ebr fuqit\u00eb e err\u00ebta, kurse tjetra p\u00ebr tradhtar\u00eb?<br \/>\nK\u00ebto jan\u00eb zakonisht fjal\u00eb boshe. Largim nga tema reale. Kurse tema reale \u00ebsht\u00eb diagonza \u2013 epidemia e korrupsionit, si\u00e7 e dha ambasadorja amerikane Anxhela Ageler.<\/span><\/p>\n<p style=\"margin: 0in;margin-bottom: .0001pt;background: white\"><span style=\"font-size: 10.5pt;font-family: 'Arial','sans-serif';color: #333333\">\u00a0<\/span><span style=\"font-size: 10.5pt;font-family: 'Arial','sans-serif';color: #333333\">Dimensionet e k\u00ebsaj epidemie u b\u00ebn\u00eb k\u00ebrc\u00ebnuese p\u00ebr jet\u00ebn e shtetit. Kjo \u00ebsht\u00eb e dukshme edhe me rastin e fundit t\u00eb rr\u00ebnimit t\u00eb \u00e7arshis\u00eb s\u00eb vjet\u00ebr t\u00eb Shkupit nga shoqata dashakeqe e krijuar p\u00ebr t\u00eb shkat\u00ebrruar trashgimit\u00eb kulturore p\u00ebr p\u00ebrfitim parash. Nuk b\u00ebhet fjal\u00eb p\u00ebr ushtar\u00eb t\u00eb zakonsh\u00ebm partiak\u00eb, p\u00ebr ngjit\u00ebs t\u00eb posterave t\u00eb p\u00ebrparuar me referent\u00eb p\u00ebr \u00e7far\u00ebdolloj gj\u00ebje, t\u00eb vendosur aty vet\u00ebm p\u00ebr t\u00eb marr\u00eb rrog\u00eb, dhe q\u00eb t\u00eb jen\u00eb besnik\u00eb ndaj liderit. K\u00ebto jan\u00eb persona me profesion. T\u00eb dyshuar p\u00ebr nj\u00eb drejtor t\u00eb tanish\u00ebm dhe tre drejtor\u00eb t\u00eb kaluar t\u00eb institucionve. Dhe at\u00eb jo institucione \u00e7far\u00ebdo, por t\u00eb nj\u00eb qendre konzervatore, Drejtoria p\u00ebr mbrojtjen e trash\u00ebgimis\u00eb kulturore, Kadastri dhe Nd\u00ebrmarrja p\u00ebr pron\u00eb shtet\u00ebrore afaritste dhe banimi. Ne u kemi dh\u00ebn\u00eb rrog\u00eb q\u00eb t\u00eb na e mbrojn\u00eb trash\u00ebgimin kulturore. Kurse ata p\u00ebr ekstra profit, e kan\u00eb shkat\u00ebrruar trash\u00ebgimin\u00eb kulturore. <\/span><\/p>\n<p style=\"background: white;margin: 0in 0in 20.4pt 0in\"><span style=\"font-size: 10.5pt;font-family: 'Arial','sans-serif';color: #333333\">Qeveria n\u00eb vend q\u00eb ta shuaj\u00eb epidemin\u00eb, edhe m\u00eb shum\u00eb i dha hov me ndryshimet e Kodit penal me t\u00eb cilin i zvog\u00ebloi d\u00ebnimet p\u00ebr funskionar\u00ebt q\u00eb t\u2019u vjet\u00ebrohen m\u00eb shpejt veprat. E tani n\u00eb Kuvend \u00ebsht\u00eb propozuar edhe nj\u00eb ligj i ri p\u00ebr edhe nj\u00eb legalizim tjet\u00ebr p\u00ebr t\u00eb gjith\u00eb, me plot kuptimin e fjal\u00ebs p\u00ebr t\u00eb gjitha nd\u00ebrtimet e paligjshme n\u00eb 11 vjet\u00ebt e fundit. <\/span><\/p>\n<p style=\"background: white;margin: 0in 0in 20.4pt 0in\"><span style=\"font-size: 10.5pt;font-family: 'Arial','sans-serif';color: #333333\">Kjo epidemi e korrupsionit po merr p\u00ebrmasat e nj\u00eb apokalipsi zombik.<\/span><\/p>\n<p><span class=\"dropcap color firstcharacter\">3 <\/span>N\u00eb nj\u00eb shtet q\u00eb \u00ebsht\u00eb para nj\u00eb apokalipsi zombik t\u00eb korrupsionit, ka edhe shembuj t\u00eb \u00e7uditsh\u00ebm t\u00eb demokracis\u00eb.<br \/>\nDymb\u00ebdhjet\u00eb dit\u00eb para se ta vras\u00eb 14 vje\u00e7aren Vanja, Ljup\u00e7o Palevski-Pall\u00e7o si kryetar i partis\u00eb s\u00eb re Desna ka ngritur iniciativ\u00eb n\u00eb Kuvend p\u00ebr nj\u00eb fare lloj referendumi. N\u00eb k\u00ebt\u00eb iniciativ\u00eb jan\u00eb n\u00ebnshkruar dhe dy bashk\u00ebpartiak\u00eb q\u00eb jan\u00eb n\u00eb paraburgim si bashk\u00ebpun\u00ebtor n\u00eb vrasjet p\u00ebr t\u00eb cilat \u00ebsht\u00eb i dyshuar Pall\u00e7o.<\/p>\n<p>Deputet\u00ebt do t\u00eb debatojn\u00eb p\u00ebr iniciativ\u00ebn e Pall\u00e7os m\u00eb 22 dhjetor. Dhe k\u00ebshtu, rregulli \u201cGjith\u00e7ka sipas ligjit, shef\u201d, mbylli nj\u00eb rreth.<\/p>\n<p><em><strong>P\u00ebrktheu: Fjolla Zllatku\u00a0<\/strong><\/em><\/p>\n\n<div style=\"font-size: 0px; height: 0px; line-height: 0px; margin: 0; padding: 0; clear: both;\"><\/div>","protected":false},"excerpt":{"rendered":"<p>Dometh\u00ebn\u00eb, Ukraina q\u00eb \u00ebsht\u00eb n\u00eb luft\u00eb me Rusin\u00eb dhe Moldova q\u00eb nuk ka kontroll mbi gjith\u00eb territorin mund t\u00eb filloj\u00eb [&hellip;]<\/p>\n","protected":false},"author":25,"featured_media":0,"comment_status":"closed","ping_status":"closed","sticky":false,"template":"","format":"standard","meta":{"_mo_disable_npp":"no","inline_featured_image":false},"categories":[1825],"tags":[],"imageURL":false,"thumbURL":false,"categoryNames":["DUA T\u00cb THEM"],"feature_caption":"","subtitle":"M\u00eb e keqja \u00ebsht\u00eb q\u00eb n\u00eb vend q\u00eb t\u00eb b\u00ebj\u00eb shtet t\u00eb hajrit, qeveria na solli n\u00eb nj\u00eb derexhe q\u00eb e ardhmja e shtetit ton\u00eb t\u00eb varet nga ndonj\u00eb ndryshim i Kushtetut\u00ebs lidhur me ndonj\u00eb t\u00eb ardhme t\u00eb imagjinuar n\u00eb BE. ","views":"51","source":"Shkup, (SAKAMDAKAZAM.MK) ","yoast_head":"<!-- This site is optimized with the Yoast SEO Premium plugin v15.0 - https:\/\/yoast.com\/wordpress\/plugins\/seo\/ -->\n<title>KAFJA E ORBANIT - \u0421\u0430\u043a\u0430\u043c \u0414\u0430 \u041a\u0430\u0436\u0430\u043c<\/title>\n<meta name=\"robots\" content=\"index, follow, max-snippet:-1, max-image-preview:large, max-video-preview:-1\" \/>\n<link rel=\"canonical\" href=\"https:\/\/sdk.mk\/index.php\/dua-te-them\/kafja-e-orbanit\/\" \/>\n<meta property=\"og:locale\" content=\"mk_MK\" \/>\n<meta property=\"og:type\" content=\"article\" \/>\n<meta property=\"og:title\" content=\"KAFJA E ORBANIT - \u0421\u0430\u043a\u0430\u043c \u0414\u0430 \u041a\u0430\u0436\u0430\u043c\" \/>\n<meta property=\"og:description\" content=\"Dometh\u00ebn\u00eb, Ukraina q\u00eb \u00ebsht\u00eb n\u00eb luft\u00eb me Rusin\u00eb dhe Moldova q\u00eb nuk ka kontroll mbi gjith\u00eb territorin mund t\u00eb filloj\u00eb [&hellip;]\" \/>\n<meta property=\"og:url\" content=\"https:\/\/sdk.mk\/index.php\/dua-te-them\/kafja-e-orbanit\/\" \/>\n<meta property=\"og:site_name\" content=\"\u0421\u0430\u043a\u0430\u043c \u0414\u0430 \u041a\u0430\u0436\u0430\u043c\" \/>\n<meta property=\"article:published_time\" content=\"2023-12-18T12:08:40+00:00\" \/>\n<meta property=\"og:image\" content=\"https:\/\/sdk.mk\/wp-content\/uploads\/2015\/12\/goran-mihailovski2.jpg\" \/>\n\t<meta property=\"og:image:width\" content=\"400\" \/>\n\t<meta property=\"og:image:height\" content=\"313\" \/>\n<meta property=\"fb:app_id\" content=\"2407985809428537\" \/>\n<meta name=\"twitter:card\" content=\"summary\" \/>\n<script type=\"application\/ld+json\" class=\"yoast-schema-graph\">{\"@context\":\"https:\/\/schema.org\",\"@graph\":[{\"@type\":\"WebSite\",\"@id\":\"https:\/\/sdk.mk\/#website\",\"url\":\"https:\/\/sdk.mk\/\",\"name\":\"\\u0421\\u0430\\u043a\\u0430\\u043c \\u0414\\u0430 \\u041a\\u0430\\u0436\\u0430\\u043c\",\"description\":\"\\u0417\\u0430 \\u0441\\u043b\\u043e\\u0431\\u043e\\u0434\\u043e\\u0443\\u043c\\u043d\\u0438\",\"potentialAction\":[{\"@type\":\"SearchAction\",\"target\":\"https:\/\/sdk.mk\/?s={search_term_string}\",\"query-input\":\"required name=search_term_string\"}],\"inLanguage\":\"mk-MK\"},{\"@type\":\"WebPage\",\"@id\":\"https:\/\/sdk.mk\/index.php\/dua-te-them\/kafja-e-orbanit\/#webpage\",\"url\":\"https:\/\/sdk.mk\/index.php\/dua-te-them\/kafja-e-orbanit\/\",\"name\":\"KAFJA E ORBANIT - \\u0421\\u0430\\u043a\\u0430\\u043c \\u0414\\u0430 \\u041a\\u0430\\u0436\\u0430\\u043c\",\"isPartOf\":{\"@id\":\"https:\/\/sdk.mk\/#website\"},\"datePublished\":\"2023-12-18T12:08:40+00:00\",\"dateModified\":\"2023-12-18T12:08:40+00:00\",\"author\":{\"@id\":\"https:\/\/sdk.mk\/#\/schema\/person\/737021aeacbe893f7e2c347186c5c7a1\"},\"inLanguage\":\"mk-MK\",\"potentialAction\":[{\"@type\":\"ReadAction\",\"target\":[\"https:\/\/sdk.mk\/index.php\/dua-te-them\/kafja-e-orbanit\/\"]}]},{\"@type\":\"Person\",\"@id\":\"https:\/\/sdk.mk\/#\/schema\/person\/737021aeacbe893f7e2c347186c5c7a1\",\"name\":\"\\u0424\\u0458\\u043e\\u043b\\u0430 \\u0417\\u043b\\u0430\\u0442\\u043a\\u0443\"}]}<\/script>\n<!-- \/ Yoast SEO Premium plugin. -->","_links":{"self":[{"href":"https:\/\/sdk.mk\/index.php\/wp-json\/wp\/v2\/posts\/210477"}],"collection":[{"href":"https:\/\/sdk.mk\/index.php\/wp-json\/wp\/v2\/posts"}],"about":[{"href":"https:\/\/sdk.mk\/index.php\/wp-json\/wp\/v2\/types\/post"}],"author":[{"embeddable":true,"href":"https:\/\/sdk.mk\/index.php\/wp-json\/wp\/v2\/users\/25"}],"replies":[{"embeddable":true,"href":"https:\/\/sdk.mk\/index.php\/wp-json\/wp\/v2\/comments?post=210477"}],"version-history":[{"count":0,"href":"https:\/\/sdk.mk\/index.php\/wp-json\/wp\/v2\/posts\/210477\/revisions"}],"wp:attachment":[{"href":"https:\/\/sdk.mk\/index.php\/wp-json\/wp\/v2\/media?parent=210477"}],"wp:term":[{"taxonomy":"category","embeddable":true,"href":"https:\/\/sdk.mk\/index.php\/wp-json\/wp\/v2\/categories?post=210477"},{"taxonomy":"post_tag","embeddable":true,"href":"https:\/\/sdk.mk\/index.php\/wp-json\/wp\/v2\/tags?post=210477"}],"curies":[{"name":"wp","href":"https:\/\/api.w.org\/{rel}","templated":true}]}}