{"id":212378,"date":"2024-01-15T11:15:00","date_gmt":"2024-01-15T10:15:00","guid":{"rendered":"https:\/\/sdk.mk\/?p=212378"},"modified":"2024-01-15T11:15:00","modified_gmt":"2024-01-15T10:15:00","slug":"harxhim-i-dyfishte","status":"publish","type":"post","link":"https:\/\/sdk.mk\/index.php\/dua-te-them\/harxhim-i-dyfishte\/","title":{"rendered":"HARXHIM I DYFISHT\u00cb"},"content":{"rendered":"<div class=\"f52428582a4b906b2d2e2a7d733c7d27\" data-index=\"7\" style=\"float: none; margin:10px 0 10px 0; text-align:center;\">\n<!-- MSP Ads Asynchronous JS Tag - Generated with Revive Adserver v5.4.1 -->\r\n<ins data-revive-zoneid=\"167\" data-revive-id=\"060fdb01f6430ec164d3519234aa4967\"><\/ins>\r\n<script async src=\"\/\/panel.ads.com.mk\/www\/delivery\/asyncjs.php\"><\/script>\n<\/div>\n<p><span class=\"dropcap color firstcharacter\"><strong><em>\u00a0<\/em><\/strong>1<\/span> P\u00ebr sulmin nga tet\u00eb sulmues n\u00eb MNAV, i udh\u00ebhequr nga shefi i deg\u00ebs s\u00eb BDI-s\u00eb n\u00eb \u00c7air Bekim Neziri, drejtori Fahrudin Hamidi thoshte se \u00ebsht\u00eb nj\u00eb grindje e thjesht\u00eb si\u00e7 ndodh n\u00eb \u00e7do firm\u00eb. M\u00eb pas, kryeministri Dimitar Kova\u00e7evski tha se \u201cM-NAV \u00ebsht\u00eb b\u00ebr\u00eb firm\u00eb familjare\u201d, sepse aty punon kryetari i Sindikat\u00ebs, v\u00ebllai i tij, e aty ka punuar edhe babai i tyre, e k\u00ebshtu ata \u201cjan\u00eb b\u00ebr\u00eb familje ku ka konflikte si\u00e7 zakonisht ndodh n\u00eb sht\u00ebpi\u201d.<br \/>\nE si zgjidhet problem me nepotiz\u00ebm n\u00eb Kontrollin e fluturimeve? Me rrahjen e kontrollor\u00ebve t\u00eb fluturimit n\u00eb nd\u00ebrtes\u00ebn e Kull\u00ebs s\u00eb kontrollit nd\u00ebrkoh\u00eb q\u00eb n\u00eb qiell fluturojn\u00eb 29 avion\u00eb.<\/p>\n<p>Normale ose jo, rrahja n\u00eb firm\u00eb, po edhe dhuna familjare d\u00ebnohet me ligji. Por, n\u00eb k\u00ebt\u00eb rast, kjo nuk \u00ebsht\u00eb as tem\u00eb bisede, sepse z\u00ebvend\u00ebs kryeminisrti Artan Grubi thot\u00eb se nuk ka pasur rrahje, nd\u00ebrsa Bekim Neziri as q\u00eb ka marr\u00eb pjes\u00eb n\u00eb mesele.<\/p>\n<p>Dometh\u00ebn\u00eb nga 4 janari, kur u paraqit nj\u00eb sulm dhunues n\u00eb M-NAV, e deri m\u00eb 9 janar kur Qeveria th\u00ebrriti seance p\u00ebr t\u2019i shkaruar drejtor\u00ebt e M-NAV, rrahja n\u00eb fillim u kthye n\u00eb grindje, pastaj n\u00eb konflikt familjar, e n\u00eb fund doli se nj\u00eb koleg pasja sjell\u00eb miq e familjar\u00eb n\u00eb vizit\u00eb t\u00eb miqve dhe familjar\u00ebve n\u00eb vendin e pun\u00ebs te Kontrolli i fluturimeve.<\/p>\n<p>Epo gjat\u00eb Krishtlindjes, ndodhin mrekullura. Nuk ka pasur sulm, nuk ka pasur rrahje.<\/p>\n<p>Edhe avioni mund t\u00eb bjer\u00eb, por BDI-ja s\u2019mund t\u00eb bjer\u00eb.<\/p>\n<p><span class=\"dropcap color firstcharacter\">2 <\/span>Andaj edhe ambasadori holandez Dirk Jan Kop ka shuar n\u00eb Re\u00e7ic\u00eb t\u00eb Vog\u00ebl tek Ali Ahmeti. Pasi, si\u00e7 thot\u00eb ministri p\u00ebr pun\u00eb t\u00eb jashtme Bujar Osmani, BDI-ja m\u00eb s\u00eb shumti flet p\u00ebr korrupsion.<br \/>\nBDI-ja me t\u00eb v\u00ebrtet\u00eb m\u00eb s\u00eb shumti flet p\u00ebr korrupsion. Merren vesh se si t\u00eb blejn\u00eb qendra tregtare, t\u00eb legalizojn\u00eb nd\u00ebrtime t\u00eb paligjsme n\u00eb parqet nacionale, t\u00eb ndryshojn\u00eb planet urbanistike t\u00eb nd\u00ebrtimeve banesore, t\u00eb blejn\u00eb hotele n\u00eb qendra t\u00eb skijimit, t\u00eb uzurpojn\u00eb plazhe dhe pasuri t\u00eb mbrojtura natyrale dhe nacionale\u2026<\/p>\n<p>E m\u00eb s\u00eb shumti flasin p\u00ebr korrupsion kur akuzojn\u00eb p\u00ebr antishqiptar\u00eb, n\u00ebse dikush v\u00eb n\u00eb pah korrupsion nga funksionar\u00eb dhe t\u00eb af\u00ebrm t\u00eb BDI-s\u00eb.<\/p>\n<p>K\u00ebshtu q\u00eb, ambasadori holandez duhet t\u2019i k\u00ebrkoj\u00eb falje BDI-s\u00eb p\u00ebr at\u00eb se e ka paralajm\u00ebruar liderin e saj p\u00ebr regresin n\u00eb aspekt t\u00eb proceseve t\u00eb eurointegrimit dhe p\u00ebr shtypjet e palejuara mbi kryetaren e Gjykat\u00ebs supreme. T\u00eb gjith\u00eb ne duhet t\u2019i k\u00ebrkojm\u00eb falje BDI-s\u00eb se ia kemi interpretuar kumtes\u00ebn nga ambasada holandeze n\u00eb lidhje me takimin n\u00eb Re\u00e7ic\u00eb t\u00eb Vog\u00ebl me kryetarin e subjektit m\u00eb t\u00eb ndersh\u00ebm politik n\u00eb bot\u00eb. E m\u00eb s\u00eb shumti duhet t\u00eb k\u00ebrkojn\u00eb falje familjet shqiptare t\u00eb af\u00ebrmit e t\u00eb cilave vdiq\u00ebn n\u00eb katastrofat e nxitura nga korrupsioni i funksionar\u00ebve t\u00eb BDI-s\u00eb.<\/p>\n<p><span class=\"dropcap color firstcharacter\">3 <\/span> Ambasadori holandez thot\u00eb se mund t\u00eb vihet re nj\u00eb regres n\u00eb procesin eurointegrues n\u00eb dy vitet e fundit.<br \/>\nKjo p\u00ebrkon me qeverisjen e Dimitar Kova\u00e7evskit, por edhe me veton bullgare, me t\u00eb cil\u00ebn mohohet ekzistenca e gjuh\u00ebs dhe kombit maqedonas q\u00eb e ka ngecur k\u00ebt\u00eb proces eurointegrues si edhe me propozimin francez q\u00eb e legjitimon at\u00eb mohim.<\/p>\n<p>M\u00eb kujtohet q\u00eb at\u00ebher\u00eb ambasadori holandez thoshte se vetoja \u00ebsht\u00eb nj\u00eb prej pengesave n\u00eb rrug\u00ebn e BE-s\u00eb. A thua se ne nuk e kemi ditur se me k\u00eb kemi pun\u00eb brenda shtetit. A thua se nuk e kemi ditur se ajo veto, e pastaj ai propzim francez, do t\u2019i ngecin eurointegrimet dhe se BE-ja n\u00eb vend q\u00eb ta stabilizoj\u00eb, do ta destabilizoj\u00eb Maqedonin\u00eb. Jo vet\u00ebm brenda shtetit, por edhe ambasador\u00ebt e huaj i quanin antievropian\u00eb t\u00eb gjith\u00eb ata q\u00eb thoshin se pranimi i kushtit bullgar p\u00ebr fillimin e negociatave \u00ebsht\u00eb thjesht i paq\u00ebndruesh\u00ebm sepse, p\u00ebrve\u00e7 p\u00ebrbuzjes s\u00eb gjuh\u00ebs dhe kombit maqedonas, l\u00eb hap\u00ebsir\u00eb q\u00eb n\u00eb shtet t\u00eb sundoj\u00eb korrupsioni, e jo drejt\u00ebsia.<\/p>\n<p>Nuk e themi k\u00ebt\u00eb p\u00ebr inat. Por, flisnim p\u00ebr eksperienc\u00ebn. Sepse e kemi ditur se \u00e7far\u00eb na pret.<br \/>\nT\u00eb nj\u00ebjt\u00ebn gj\u00eb e kaluam me Nikolla Gruevskin pas vitit 2008, kur e fituam veton greke p\u00ebr NATO. Kur pa se reformat nuk jan\u00eb t\u00eb r\u00ebnd\u00ebsishme, se \u00e7far\u00ebdo q\u00eb t\u00eb b\u00ebj\u00eb Qeveria nuk ka r\u00ebnd\u00ebsi, iu p\u00ebrvesh\u00ebn vjedhjes dhe rob\u00ebrimit t\u00eb shtetit duke krijuar regjim.<\/p>\n<p><span class=\"dropcap color firstcharacter\">4 <\/span> Kjo q\u00eb po nddoh me ndryshimin e let\u00ebrnjoftimeve, patentave t\u00eb shoferit dhe pasaportave nuk tregon vet\u00ebm nj\u00eb paaft\u00ebsi epike dhe nj\u00eb kaos n\u00eb institucionet shtet\u00ebrore, por edhe m\u00eb tep\u00ebr e tregon mosshqet\u00ebsimin epik t\u00eb stetit dhe t\u00eb funksionar\u00ebve shtet\u00ebrore ndaj qytetar\u00ebve t\u00eb tyre. Madje m\u00eb duket se \u00ebsht\u00eb di\u00e7ka edhe m\u00eb e pashpres\u00eb. T\u00eb ishte vet\u00ebm p\u00ebr at\u00eb se nuk u b\u00ebhet von\u00eb qytetar\u00ebve. Nuk u b\u00ebhet von\u00eb p\u00ebr asgj\u00eb.<br \/>\nPasi, n\u00ebse do t\u00eb t\u00eb b\u00ebhej von\u00eb si funksionar shtet\u00ebror, do t\u00eb shihje t\u00eb gjeje ndonj\u00eb zgjidhjet. Pasi problemi nuk zgjidhet vet\u00eb. P\u00ebrkundrazi, komplikohet.<\/p>\n<p>Mir\u00eb q\u00eb si qeveri nga 2019 e di se afati p\u00ebr ndryshimin e dokumenteve personale \u00ebsht\u00eb deri n\u00eb shkurt 2024, mir\u00eb q\u00eb qytetar\u00ebt kan\u00eb paguar p\u00ebr dokumentet e vjetra afati i t\u00eb cilave nuk ka kaluar, mir\u00eb q\u00eb b\u00ebjn\u00eb harxhim t\u00eb dyfisht\u00eb dhe prap\u00eb u duhet t\u00eb pagujan\u00eb p\u00ebr dokumentet e reja, mir\u00eb q\u00eb rrihen se kush t\u00eb fotografohet i pari, e pastaj rrihen edhe m\u00eb shum\u00eb, edhe do t\u00eb vdesin duke pritur me or\u00ebt p\u00ebr t\u2019i marr\u00eb dokumentetet e reja, por funksionar\u00ebt ende b\u00ebjn\u00eb shaka. Presidenti Stevo Pendarovski thot\u00eb Qeveria t\u00eb mendoj\u00eb se si ta zgjas\u00eb afatin e dokumenteve pa \u201cE veriut\u201d, kuse kryeministrit Dimitar Kova\u00e7evski i p\u00ebrshtatet q\u00eb ai t\u00eb thot\u00eb, sepse ai ka marr\u00eb pjes\u00eb n\u00eb nd\u00ebrtimin e marr\u00ebveshjes s\u00eb Presp\u00ebs, q\u00eb ai t\u2019i lajm\u00ebrohet presidenes greke q\u00eb ta bind\u00eb Greqin\u00eb q\u00eb t\u00eb mos na hidh\u00ebrohet, n\u00ebse edhe k\u00ebt\u00eb ver\u00eb nisim p\u00ebr Halkidiki me emrin e vjet\u00ebr n\u00eb pasaporta.<\/p>\n<p>\u00c7far\u00eb shakara t\u00eb zgjuara t\u00eb funksonar\u00ebve m\u00eb t\u00eb lart\u00eb shtet\u00ebror\u00eb, detyra e t\u00eb cil\u00ebve ka qen\u00eb t\u00eb mos lejojn\u00eb q\u00eb ky problem t\u00eb krijohet, mbi t\u00eb gjitha. Dhe \u00e7far\u00eb do t\u2019i tregoj\u00eb Pendarovski grekes. Shihni, administara jon\u00eb \u00ebsht\u00eb e vog\u00ebl n\u00eb num\u00ebr, e \u00ebsht\u00eb dashur t\u00eb shkojn\u00eb n\u00eb pushim dim\u00ebror dhe ja, ne kemi mb\u00ebritur q\u00eb t\u2019i nd\u00ebrrojm\u00eb pasaportat. E ne henez tash do t\u00eb b\u00ebjm\u00eb t\u00eb men\u00e7urit e do t\u00eb zihemi se kush \u00ebsht\u00eb fajtor q\u00eb nuk jemi t\u00eb aft\u00eb t\u00eb organizohemi.<\/p>\n<p>L\u00ebre Greqin\u00eb, po njer\u00ebzit kan\u00eb dal\u00eb mendsh se se n\u00ebse nuk nd\u00ebrrohen letrat e njoftimit deri m\u00eb 12 shkurt, nuk do t\u00eb mund t\u00eb nxjerrin para nga banka. Kurse ministri p\u00ebr pun\u00eb t\u00eb brendshme Oliver Spasovski tha se me letrat e njoftimt pa \u201ce veriut\u201d do t\u00eb mund t\u00eb votohet n\u00eb zgjedhjet parlamentare dhe presidentciale n\u00eb prill dhe maj.<\/p>\n<p>Epo edhe at\u00eb t\u00eb na b\u00ebjn\u00eb. T\u00eb mos mund t\u2019i marrim parat\u00eb. Por t\u00eb mund t\u2019i votojm\u00eb. E ata t\u00eb shpresojn\u00eb p\u00ebr fitore.<\/p>\n<p><span class=\"dropcap color firstcharacter\">5<\/span> Presidenti Stevo Pendarovski n\u00eb nj\u00eb TV intervist\u00eb, n\u00eb kontekstin e luft\u00ebs kunder korrupsionit dhe gjyq\u00ebsis\u00eb s\u00eb korruptuar, fliste edhe p\u00ebr listat e zeza t\u00eb SHBA-s\u00eb, e tha: \u201cNuk \u00ebsht\u00eb e nj\u00ebjt\u00eb q\u00eb Amerika t\u00eb mendoj\u00eb dhe t\u00eb mos mendoj\u00eb p\u00ebr sundimin e s\u00eb drejt\u00ebs, dhe ambasadores amerikane personalisht i thash\u00eb se duhet t\u00eb vazdojn\u00eb n\u00eb at\u00eb drejtim\u201d.<br \/>\nShum\u00eb mir\u00eb q\u00eb Pendarovski e ka inkurajuar ambasadoren amerikane t\u00eb SHBA-s\u00eb q\u00eb t\u00eb vazhdoj\u00eb n\u00eb luft\u00eb kund\u00ebr korrupsionit n\u00eb Maqedoni. Sikur edhe atyre q\u00eb duhet t\u00eb p\u00ebrndjekin korupsionin n\u00eb Maqedoni t\u2019u interesonte kjo, do t\u00eb ishim partner edhe m\u00eb strategjik p\u00ebr SHBA-n\u00eb.<\/p>\n<p><span class=\"dropcap color firstcharacter\">6 <\/span>Djali i Mijallkovit i ka bler\u00eb banesat e Mijallkovit t\u00eb konfiskuara me aktgjykmin p\u00ebr rastin \u201cPerandoria\u201d. Dhe t\u00eb gjith\u00eb \u00e7uditen se si ka mundur Mijallkovi t\u2019i blej\u00eb banesat e Mijallkovit?<br \/>\nNuk e di se kujt mund t\u2019i vij\u00eb \u00e7udi kjo, p\u00ebrve\u00e7 atyre q\u00eb dje kan\u00eb r\u00ebn\u00eb nga Marsi n\u00eb Maqedoni.<\/p>\n<p>Mua nuk m\u00eb \u00e7udit q\u00eb i ka bler\u00eb. Por m\u00eb \u00e7udit q\u00eb, n\u00ebse kthehet VMRO-ja n\u00eb qeveri Mijallkovit do t\u2019i paguajm\u00eb d\u00ebmshp\u00ebrmblim p\u00ebr harxhimin e dyfisht\u00eb.<\/p>\n\n<div style=\"font-size: 0px; height: 0px; line-height: 0px; margin: 0; padding: 0; clear: both;\"><\/div>","protected":false},"excerpt":{"rendered":"<p>P\u00ebr sulmin nga tet\u00eb sulmues n\u00eb MNAV, i udh\u00ebhequr nga shefi i deg\u00ebs s\u00eb BDI-s\u00eb n\u00eb \u00c7air Bekim Neziri, drejtori [&hellip;]<\/p>\n","protected":false},"author":25,"featured_media":0,"comment_status":"closed","ping_status":"closed","sticky":false,"template":"","format":"standard","meta":{"_mo_disable_npp":"no","inline_featured_image":false},"categories":[1825],"tags":[],"imageURL":false,"thumbURL":false,"categoryNames":["DUA T\u00cb THEM"],"feature_caption":"","subtitle":"Edhe avioni mund t\u00eb bjer\u00eb, por BDI-ja s\u2019mund t\u00eb bjer\u00eb. ","views":"47","source":"Shkup, (SAKAMDAKAZAM.MK) ","yoast_head":"<!-- This site is optimized with the Yoast SEO Premium plugin v15.0 - https:\/\/yoast.com\/wordpress\/plugins\/seo\/ -->\n<title>HARXHIM I DYFISHT\u00cb - \u0421\u0430\u043a\u0430\u043c \u0414\u0430 \u041a\u0430\u0436\u0430\u043c<\/title>\n<meta name=\"robots\" content=\"index, follow, max-snippet:-1, max-image-preview:large, max-video-preview:-1\" \/>\n<link rel=\"canonical\" href=\"https:\/\/sdk.mk\/index.php\/dua-te-them\/harxhim-i-dyfishte\/\" \/>\n<meta property=\"og:locale\" content=\"mk_MK\" \/>\n<meta property=\"og:type\" content=\"article\" \/>\n<meta property=\"og:title\" content=\"HARXHIM I DYFISHT\u00cb - \u0421\u0430\u043a\u0430\u043c \u0414\u0430 \u041a\u0430\u0436\u0430\u043c\" \/>\n<meta property=\"og:description\" content=\"P\u00ebr sulmin nga tet\u00eb sulmues n\u00eb MNAV, i udh\u00ebhequr nga shefi i deg\u00ebs s\u00eb BDI-s\u00eb n\u00eb \u00c7air Bekim Neziri, drejtori [&hellip;]\" \/>\n<meta property=\"og:url\" content=\"https:\/\/sdk.mk\/index.php\/dua-te-them\/harxhim-i-dyfishte\/\" \/>\n<meta property=\"og:site_name\" content=\"\u0421\u0430\u043a\u0430\u043c \u0414\u0430 \u041a\u0430\u0436\u0430\u043c\" \/>\n<meta property=\"article:published_time\" content=\"2024-01-15T10:15:00+00:00\" \/>\n<meta property=\"og:image\" content=\"https:\/\/sdk.mk\/wp-content\/uploads\/2015\/12\/goran-mihailovski2.jpg\" \/>\n\t<meta property=\"og:image:width\" content=\"400\" \/>\n\t<meta property=\"og:image:height\" content=\"313\" \/>\n<meta property=\"fb:app_id\" content=\"2407985809428537\" \/>\n<meta name=\"twitter:card\" content=\"summary\" \/>\n<script type=\"application\/ld+json\" class=\"yoast-schema-graph\">{\"@context\":\"https:\/\/schema.org\",\"@graph\":[{\"@type\":\"WebSite\",\"@id\":\"https:\/\/sdk.mk\/#website\",\"url\":\"https:\/\/sdk.mk\/\",\"name\":\"\\u0421\\u0430\\u043a\\u0430\\u043c \\u0414\\u0430 \\u041a\\u0430\\u0436\\u0430\\u043c\",\"description\":\"\\u0417\\u0430 \\u0441\\u043b\\u043e\\u0431\\u043e\\u0434\\u043e\\u0443\\u043c\\u043d\\u0438\",\"potentialAction\":[{\"@type\":\"SearchAction\",\"target\":\"https:\/\/sdk.mk\/?s={search_term_string}\",\"query-input\":\"required name=search_term_string\"}],\"inLanguage\":\"mk-MK\"},{\"@type\":\"WebPage\",\"@id\":\"https:\/\/sdk.mk\/index.php\/dua-te-them\/harxhim-i-dyfishte\/#webpage\",\"url\":\"https:\/\/sdk.mk\/index.php\/dua-te-them\/harxhim-i-dyfishte\/\",\"name\":\"HARXHIM I DYFISHT\\u00cb - \\u0421\\u0430\\u043a\\u0430\\u043c \\u0414\\u0430 \\u041a\\u0430\\u0436\\u0430\\u043c\",\"isPartOf\":{\"@id\":\"https:\/\/sdk.mk\/#website\"},\"datePublished\":\"2024-01-15T10:15:00+00:00\",\"dateModified\":\"2024-01-15T10:15:00+00:00\",\"author\":{\"@id\":\"https:\/\/sdk.mk\/#\/schema\/person\/737021aeacbe893f7e2c347186c5c7a1\"},\"inLanguage\":\"mk-MK\",\"potentialAction\":[{\"@type\":\"ReadAction\",\"target\":[\"https:\/\/sdk.mk\/index.php\/dua-te-them\/harxhim-i-dyfishte\/\"]}]},{\"@type\":\"Person\",\"@id\":\"https:\/\/sdk.mk\/#\/schema\/person\/737021aeacbe893f7e2c347186c5c7a1\",\"name\":\"\\u0424\\u0458\\u043e\\u043b\\u0430 \\u0417\\u043b\\u0430\\u0442\\u043a\\u0443\"}]}<\/script>\n<!-- \/ Yoast SEO Premium plugin. -->","_links":{"self":[{"href":"https:\/\/sdk.mk\/index.php\/wp-json\/wp\/v2\/posts\/212378"}],"collection":[{"href":"https:\/\/sdk.mk\/index.php\/wp-json\/wp\/v2\/posts"}],"about":[{"href":"https:\/\/sdk.mk\/index.php\/wp-json\/wp\/v2\/types\/post"}],"author":[{"embeddable":true,"href":"https:\/\/sdk.mk\/index.php\/wp-json\/wp\/v2\/users\/25"}],"replies":[{"embeddable":true,"href":"https:\/\/sdk.mk\/index.php\/wp-json\/wp\/v2\/comments?post=212378"}],"version-history":[{"count":0,"href":"https:\/\/sdk.mk\/index.php\/wp-json\/wp\/v2\/posts\/212378\/revisions"}],"wp:attachment":[{"href":"https:\/\/sdk.mk\/index.php\/wp-json\/wp\/v2\/media?parent=212378"}],"wp:term":[{"taxonomy":"category","embeddable":true,"href":"https:\/\/sdk.mk\/index.php\/wp-json\/wp\/v2\/categories?post=212378"},{"taxonomy":"post_tag","embeddable":true,"href":"https:\/\/sdk.mk\/index.php\/wp-json\/wp\/v2\/tags?post=212378"}],"curies":[{"name":"wp","href":"https:\/\/api.w.org\/{rel}","templated":true}]}}